{"id":5876,"date":"2022-06-28T10:56:41","date_gmt":"2022-06-28T08:56:41","guid":{"rendered":"https:\/\/www.asajacyl.com\/soria\/?p=5876"},"modified":"2022-07-15T18:58:48","modified_gmt":"2022-07-15T16:58:48","slug":"varapalo-al-girasol-en-la-nueva-pac","status":"publish","type":"post","link":"https:\/\/www.asajacyl.com\/soria\/asaja-soria-informa\/varapalo-al-girasol-en-la-nueva-pac","title":{"rendered":"Varapalo al girasol en la nueva PAC"},"content":{"rendered":"\n<h1><strong>ASAJA Soria demanda un Plan Agroambiental para este cultivo<\/strong><\/h1>\n<p>Seg\u00fan inform\u00f3 en el d\u00eda de ayer la Secretar\u00eda General del Ministerio de Agricultura, MAPA, a las Comunidades Aut\u00f3nomas, la Comisi\u00f3n Europea no ha aceptado la propuesta de Espa\u00f1a de incluir el girasol y la colza dentro del llamado paquete proteico.<\/p>\n<p>ASAJA Soria recuerda que en la PAC actual el cultivo del girasol, junto a otras oleaginosas, est\u00e1n incluidos en este paquete de cultivos susceptibles de percibir una ayuda asociada a los cultivos proteicos, si bien en menor intensidad que leguminosas o proteaginosas. Adem\u00e1s, el cultivo del girasol tiene un tope de hect\u00e1reas a partir de la cuales ya no se percibe esta ayuda; este tope es de 50 hect\u00e1reas.<\/p>\n<p>En el proceso actual de negociaci\u00f3n de la nueva PAC entre Espa\u00f1a y la UE en torno a la materializaci\u00f3n de nuestro Plan Estrat\u00e9gico Nacional, que en resumen es el compendio de objetivos y medidas para alcanzarlos en el marco de la PAC, el girasol ha pasado de ser un cultivo que nadie discut\u00eda deb\u00eda estar dentro del paquete proteico e incluso se le iba a eliminar el tope de hect\u00e1reas mencionado a quedar fuera de estas ayudas asociadas, como le ocurre al cereal, por ejemplo.<\/p>\n<p>Ante semejante varapalo, el plan del Ministerio ser\u00e1 repartir los 45 millones de euros previstos para este cultivo dentro de la Ayuda a la Renta para la Sostenibilidad en aquellas regiones girasoleras.<\/p>\n<p>Ante esta situaci\u00f3n ASAJA Soria cree que este cambio para este cultivo tan importante para la provincia trae la diluci\u00f3n de estas ayudas en regiones agrarias muy grandes entre agricultores que no ponen girasol y los que vienen poni\u00e9ndolo, de tal modo que el cultivo quedar\u00e1 sin incentivo alguno.<\/p>\n<p>La situaci\u00f3n coyuntural derivada de la guerra de Ucrania se est\u00e1 dejando notar pero ASAJA Soria lamenta que esto lleve a tomar decisiones de las que lamentarse m\u00e1s adelante, ya que la nueva PAC se extender\u00e1 en principio hasta 2027.<\/p>\n<p>Por ello ASAJA Soria reclama un Plan Agroambiental para este cultivo en nuestra provincia, un cultivo que adem\u00e1s de ser una importante alternativa agron\u00f3mica es el \u00fanico verde en verano en nuestros secanos para protecci\u00f3n de la biodiversidad.<\/p>\n","protected":false},"excerpt":{"rendered":"<p>ASAJA Soria demanda un Plan Agroambiental para este cultivo Seg\u00fan inform\u00f3 en el d\u00eda de ayer la Secretar\u00eda General del Ministerio de Agricultura, MAPA, a las Comunidades Aut\u00f3nomas, la Comisi\u00f3n Europea no ha aceptado la propuesta de Espa\u00f1a de incluir el girasol y la colza dentro del llamado paquete proteico. ASAJA Soria recuerda que en [&hellip;]<\/p>\n","protected":false},"author":12,"featured_media":5458,"comment_status":"open","ping_status":"open","sticky":false,"template":"","format":"standard","meta":{"footnotes":""},"categories":[10,25],"tags":[],"yoast_head":"<!-- This site is optimized with the Yoast SEO plugin v24.5 - https:\/\/yoast.com\/wordpress\/plugins\/seo\/ -->\n<title>Varapalo al girasol en la nueva PAC - ASAJA Soria<\/title>\n<meta name=\"description\" content=\"ASAJA Soria demanda un Plan Agroambiental para este cultivo Seg\u00fan inform\u00f3 en el d\u00eda de ayer la Secretar\u00eda General del Ministerio de Agricultura, MAPA, a\" \/>\n<meta name=\"robots\" content=\"index, follow, max-snippet:-1, max-image-preview:large, max-video-preview:-1\" \/>\n<link rel=\"canonical\" href=\"https:\/\/www.asajacyl.com\/soria\/asaja-soria-informa\/varapalo-al-girasol-en-la-nueva-pac\" \/>\n<meta property=\"og:locale\" content=\"es_ES\" \/>\n<meta property=\"og:type\" content=\"article\" \/>\n<meta property=\"og:title\" content=\"Varapalo al girasol en la nueva PAC - ASAJA Soria\" \/>\n<meta property=\"og:description\" content=\"ASAJA Soria demanda un Plan Agroambiental para este cultivo Seg\u00fan inform\u00f3 en el d\u00eda de ayer la Secretar\u00eda General del Ministerio de Agricultura, MAPA, a\" \/>\n<meta property=\"og:url\" content=\"https:\/\/www.asajacyl.com\/soria\/asaja-soria-informa\/varapalo-al-girasol-en-la-nueva-pac\" \/>\n<meta property=\"og:site_name\" content=\"ASAJA Soria\" \/>\n<meta property=\"article:published_time\" content=\"2022-06-28T08:56:41+00:00\" \/>\n<meta property=\"article:modified_time\" content=\"2022-07-15T16:58:48+00:00\" \/>\n<meta property=\"og:image\" content=\"https:\/\/www.asajacyl.com\/soria\/wp-content\/uploads\/sites\/9\/2022\/03\/IMG_3292.jpg\" \/>\n\t<meta property=\"og:image:width\" content=\"1875\" \/>\n\t<meta property=\"og:image:height\" content=\"2500\" \/>\n\t<meta property=\"og:image:type\" content=\"image\/jpeg\" \/>\n<meta name=\"author\" content=\"Juan Ignacio Prieto Nieto\" \/>\n<meta name=\"twitter:card\" content=\"summary_large_image\" \/>\n<meta name=\"twitter:label1\" content=\"Escrito por\" \/>\n\t<meta name=\"twitter:data1\" content=\"Juan Ignacio Prieto Nieto\" \/>\n\t<meta name=\"twitter:label2\" content=\"Tiempo de lectura\" \/>\n\t<meta name=\"twitter:data2\" content=\"2 minutos\" \/>\n<script type=\"application\/ld+json\" class=\"yoast-schema-graph\">{\"@context\":\"https:\/\/schema.org\",\"@graph\":[{\"@type\":\"WebPage\",\"@id\":\"https:\/\/www.asajacyl.com\/soria\/asaja-soria-informa\/varapalo-al-girasol-en-la-nueva-pac\",\"url\":\"https:\/\/www.asajacyl.com\/soria\/asaja-soria-informa\/varapalo-al-girasol-en-la-nueva-pac\",\"name\":\"Varapalo al girasol en la nueva PAC - ASAJA Soria\",\"isPartOf\":{\"@id\":\"https:\/\/www.asajacyl.com\/soria\/#website\"},\"primaryImageOfPage\":{\"@id\":\"https:\/\/www.asajacyl.com\/soria\/asaja-soria-informa\/varapalo-al-girasol-en-la-nueva-pac#primaryimage\"},\"image\":{\"@id\":\"https:\/\/www.asajacyl.com\/soria\/asaja-soria-informa\/varapalo-al-girasol-en-la-nueva-pac#primaryimage\"},\"thumbnailUrl\":\"https:\/\/www.asajacyl.com\/soria\/wp-content\/uploads\/sites\/9\/2022\/03\/IMG_3292.jpg\",\"datePublished\":\"2022-06-28T08:56:41+00:00\",\"dateModified\":\"2022-07-15T16:58:48+00:00\",\"author\":{\"@id\":\"https:\/\/www.asajacyl.com\/soria\/#\/schema\/person\/fd3081c40255119ce8133b87e6aedfab\"},\"description\":\"ASAJA Soria demanda un Plan Agroambiental para este cultivo Seg\u00fan inform\u00f3 en el d\u00eda de ayer la Secretar\u00eda General del Ministerio de Agricultura, MAPA, a\",\"breadcrumb\":{\"@id\":\"https:\/\/www.asajacyl.com\/soria\/asaja-soria-informa\/varapalo-al-girasol-en-la-nueva-pac#breadcrumb\"},\"inLanguage\":\"es\",\"potentialAction\":[{\"@type\":\"ReadAction\",\"target\":[\"https:\/\/www.asajacyl.com\/soria\/asaja-soria-informa\/varapalo-al-girasol-en-la-nueva-pac\"]}]},{\"@type\":\"ImageObject\",\"inLanguage\":\"es\",\"@id\":\"https:\/\/www.asajacyl.com\/soria\/asaja-soria-informa\/varapalo-al-girasol-en-la-nueva-pac#primaryimage\",\"url\":\"https:\/\/www.asajacyl.com\/soria\/wp-content\/uploads\/sites\/9\/2022\/03\/IMG_3292.jpg\",\"contentUrl\":\"https:\/\/www.asajacyl.com\/soria\/wp-content\/uploads\/sites\/9\/2022\/03\/IMG_3292.jpg\",\"width\":1875,\"height\":2500},{\"@type\":\"BreadcrumbList\",\"@id\":\"https:\/\/www.asajacyl.com\/soria\/asaja-soria-informa\/varapalo-al-girasol-en-la-nueva-pac#breadcrumb\",\"itemListElement\":[{\"@type\":\"ListItem\",\"position\":1,\"name\":\"Portada\",\"item\":\"https:\/\/www.asajacyl.com\/soria\/\"},{\"@type\":\"ListItem\",\"position\":2,\"name\":\"Varapalo al girasol en la nueva PAC\"}]},{\"@type\":\"WebSite\",\"@id\":\"https:\/\/www.asajacyl.com\/soria\/#website\",\"url\":\"https:\/\/www.asajacyl.com\/soria\/\",\"name\":\"ASAJA Soria\",\"description\":\"Otro sitio m\u00e1s de Provincias ASAJA Castilla y Le\u00f3n\",\"potentialAction\":[{\"@type\":\"SearchAction\",\"target\":{\"@type\":\"EntryPoint\",\"urlTemplate\":\"https:\/\/www.asajacyl.com\/soria\/?s={search_term_string}\"},\"query-input\":{\"@type\":\"PropertyValueSpecification\",\"valueRequired\":true,\"valueName\":\"search_term_string\"}}],\"inLanguage\":\"es\"},{\"@type\":\"Person\",\"@id\":\"https:\/\/www.asajacyl.com\/soria\/#\/schema\/person\/fd3081c40255119ce8133b87e6aedfab\",\"name\":\"Juan Ignacio Prieto Nieto\",\"image\":{\"@type\":\"ImageObject\",\"inLanguage\":\"es\",\"@id\":\"https:\/\/www.asajacyl.com\/soria\/#\/schema\/person\/image\/\",\"url\":\"https:\/\/secure.gravatar.com\/avatar\/8266b36e4d9001acb4700699a2468dc8?s=96&d=mm&r=g\",\"contentUrl\":\"https:\/\/secure.gravatar.com\/avatar\/8266b36e4d9001acb4700699a2468dc8?s=96&d=mm&r=g\",\"caption\":\"Juan Ignacio Prieto Nieto\"},\"url\":\"https:\/\/www.asajacyl.com\/soria\/author\/juanfranciscoby\"}]}<\/script>\n<!-- \/ Yoast SEO plugin. -->","yoast_head_json":{"title":"Varapalo al girasol en la nueva PAC - ASAJA Soria","description":"ASAJA Soria demanda un Plan Agroambiental para este cultivo Seg\u00fan inform\u00f3 en el d\u00eda de ayer la Secretar\u00eda General del Ministerio de Agricultura, MAPA, a","robots":{"index":"index","follow":"follow","max-snippet":"max-snippet:-1","max-image-preview":"max-image-preview:large","max-video-preview":"max-video-preview:-1"},"canonical":"https:\/\/www.asajacyl.com\/soria\/asaja-soria-informa\/varapalo-al-girasol-en-la-nueva-pac","og_locale":"es_ES","og_type":"article","og_title":"Varapalo al girasol en la nueva PAC - ASAJA Soria","og_description":"ASAJA Soria demanda un Plan Agroambiental para este cultivo Seg\u00fan inform\u00f3 en el d\u00eda de ayer la Secretar\u00eda General del Ministerio de Agricultura, MAPA, a","og_url":"https:\/\/www.asajacyl.com\/soria\/asaja-soria-informa\/varapalo-al-girasol-en-la-nueva-pac","og_site_name":"ASAJA Soria","article_published_time":"2022-06-28T08:56:41+00:00","article_modified_time":"2022-07-15T16:58:48+00:00","og_image":[{"width":1875,"height":2500,"url":"https:\/\/www.asajacyl.com\/soria\/wp-content\/uploads\/sites\/9\/2022\/03\/IMG_3292.jpg","type":"image\/jpeg"}],"author":"Juan Ignacio Prieto Nieto","twitter_card":"summary_large_image","twitter_misc":{"Escrito por":"Juan Ignacio Prieto Nieto","Tiempo de lectura":"2 minutos"},"schema":{"@context":"https:\/\/schema.org","@graph":[{"@type":"WebPage","@id":"https:\/\/www.asajacyl.com\/soria\/asaja-soria-informa\/varapalo-al-girasol-en-la-nueva-pac","url":"https:\/\/www.asajacyl.com\/soria\/asaja-soria-informa\/varapalo-al-girasol-en-la-nueva-pac","name":"Varapalo al girasol en la nueva PAC - ASAJA Soria","isPartOf":{"@id":"https:\/\/www.asajacyl.com\/soria\/#website"},"primaryImageOfPage":{"@id":"https:\/\/www.asajacyl.com\/soria\/asaja-soria-informa\/varapalo-al-girasol-en-la-nueva-pac#primaryimage"},"image":{"@id":"https:\/\/www.asajacyl.com\/soria\/asaja-soria-informa\/varapalo-al-girasol-en-la-nueva-pac#primaryimage"},"thumbnailUrl":"https:\/\/www.asajacyl.com\/soria\/wp-content\/uploads\/sites\/9\/2022\/03\/IMG_3292.jpg","datePublished":"2022-06-28T08:56:41+00:00","dateModified":"2022-07-15T16:58:48+00:00","author":{"@id":"https:\/\/www.asajacyl.com\/soria\/#\/schema\/person\/fd3081c40255119ce8133b87e6aedfab"},"description":"ASAJA Soria demanda un Plan Agroambiental para este cultivo Seg\u00fan inform\u00f3 en el d\u00eda de ayer la Secretar\u00eda General del Ministerio de Agricultura, MAPA, a","breadcrumb":{"@id":"https:\/\/www.asajacyl.com\/soria\/asaja-soria-informa\/varapalo-al-girasol-en-la-nueva-pac#breadcrumb"},"inLanguage":"es","potentialAction":[{"@type":"ReadAction","target":["https:\/\/www.asajacyl.com\/soria\/asaja-soria-informa\/varapalo-al-girasol-en-la-nueva-pac"]}]},{"@type":"ImageObject","inLanguage":"es","@id":"https:\/\/www.asajacyl.com\/soria\/asaja-soria-informa\/varapalo-al-girasol-en-la-nueva-pac#primaryimage","url":"https:\/\/www.asajacyl.com\/soria\/wp-content\/uploads\/sites\/9\/2022\/03\/IMG_3292.jpg","contentUrl":"https:\/\/www.asajacyl.com\/soria\/wp-content\/uploads\/sites\/9\/2022\/03\/IMG_3292.jpg","width":1875,"height":2500},{"@type":"BreadcrumbList","@id":"https:\/\/www.asajacyl.com\/soria\/asaja-soria-informa\/varapalo-al-girasol-en-la-nueva-pac#breadcrumb","itemListElement":[{"@type":"ListItem","position":1,"name":"Portada","item":"https:\/\/www.asajacyl.com\/soria\/"},{"@type":"ListItem","position":2,"name":"Varapalo al girasol en la nueva PAC"}]},{"@type":"WebSite","@id":"https:\/\/www.asajacyl.com\/soria\/#website","url":"https:\/\/www.asajacyl.com\/soria\/","name":"ASAJA Soria","description":"Otro sitio m\u00e1s de Provincias ASAJA Castilla y Le\u00f3n","potentialAction":[{"@type":"SearchAction","target":{"@type":"EntryPoint","urlTemplate":"https:\/\/www.asajacyl.com\/soria\/?s={search_term_string}"},"query-input":{"@type":"PropertyValueSpecification","valueRequired":true,"valueName":"search_term_string"}}],"inLanguage":"es"},{"@type":"Person","@id":"https:\/\/www.asajacyl.com\/soria\/#\/schema\/person\/fd3081c40255119ce8133b87e6aedfab","name":"Juan Ignacio Prieto Nieto","image":{"@type":"ImageObject","inLanguage":"es","@id":"https:\/\/www.asajacyl.com\/soria\/#\/schema\/person\/image\/","url":"https:\/\/secure.gravatar.com\/avatar\/8266b36e4d9001acb4700699a2468dc8?s=96&d=mm&r=g","contentUrl":"https:\/\/secure.gravatar.com\/avatar\/8266b36e4d9001acb4700699a2468dc8?s=96&d=mm&r=g","caption":"Juan Ignacio Prieto Nieto"},"url":"https:\/\/www.asajacyl.com\/soria\/author\/juanfranciscoby"}]}},"_links":{"self":[{"href":"https:\/\/www.asajacyl.com\/soria\/wp-json\/wp\/v2\/posts\/5876"}],"collection":[{"href":"https:\/\/www.asajacyl.com\/soria\/wp-json\/wp\/v2\/posts"}],"about":[{"href":"https:\/\/www.asajacyl.com\/soria\/wp-json\/wp\/v2\/types\/post"}],"author":[{"embeddable":true,"href":"https:\/\/www.asajacyl.com\/soria\/wp-json\/wp\/v2\/users\/12"}],"replies":[{"embeddable":true,"href":"https:\/\/www.asajacyl.com\/soria\/wp-json\/wp\/v2\/comments?post=5876"}],"version-history":[{"count":1,"href":"https:\/\/www.asajacyl.com\/soria\/wp-json\/wp\/v2\/posts\/5876\/revisions"}],"predecessor-version":[{"id":5877,"href":"https:\/\/www.asajacyl.com\/soria\/wp-json\/wp\/v2\/posts\/5876\/revisions\/5877"}],"wp:featuredmedia":[{"embeddable":true,"href":"https:\/\/www.asajacyl.com\/soria\/wp-json\/wp\/v2\/media\/5458"}],"wp:attachment":[{"href":"https:\/\/www.asajacyl.com\/soria\/wp-json\/wp\/v2\/media?parent=5876"}],"wp:term":[{"taxonomy":"category","embeddable":true,"href":"https:\/\/www.asajacyl.com\/soria\/wp-json\/wp\/v2\/categories?post=5876"},{"taxonomy":"post_tag","embeddable":true,"href":"https:\/\/www.asajacyl.com\/soria\/wp-json\/wp\/v2\/tags?post=5876"}],"curies":[{"name":"wp","href":"https:\/\/api.w.org\/{rel}","templated":true}]}}