{"id":5881,"date":"2022-07-14T08:47:32","date_gmt":"2022-07-14T06:47:32","guid":{"rendered":"https:\/\/www.asajacyl.com\/soria\/?p=5881"},"modified":"2022-07-14T08:47:33","modified_gmt":"2022-07-14T06:47:33","slug":"el-constitucional-anula-la-ley-de-castilla-y-leon-que-permitia-cazar-lobos","status":"publish","type":"post","link":"https:\/\/www.asajacyl.com\/soria\/asaja-soria-informa\/el-constitucional-anula-la-ley-de-castilla-y-leon-que-permitia-cazar-lobos","title":{"rendered":"El Constitucional anula la ley de Castilla y Le\u00f3n que permit\u00eda cazar lobos"},"content":{"rendered":"\n<p>El Tribunal Constitucional ha decidido anular los art\u00edculos de la Ley de Castilla y Le\u00f3n que permiten cazar lobos al norte del r\u00edo Duero por recreo o deporte. Seg\u00fan avanzan fuentes del tribunal de garant\u00edas a elDiario.es, los magistrados han anulado los art\u00edculos de la norma que incluyen al lobo en la lista de especies cineg\u00e9ticas de caza mayor. La decisi\u00f3n no ha sido un\u00e1nime y ha contado con dos votos particulares contrarios.\u00a0<\/p>\n","protected":false},"excerpt":{"rendered":"<p>El Tribunal Constitucional ha decidido anular los art\u00edculos de la Ley de Castilla y Le\u00f3n que permiten cazar lobos al norte del r\u00edo Duero por recreo o deporte. Seg\u00fan avanzan fuentes del tribunal de garant\u00edas a elDiario.es, los magistrados han anulado los art\u00edculos de la norma que incluyen al lobo en la lista de especies [&hellip;]<\/p>\n","protected":false},"author":12,"featured_media":5882,"comment_status":"open","ping_status":"open","sticky":false,"template":"","format":"standard","meta":{"footnotes":""},"categories":[10,25],"tags":[],"yoast_head":"<!-- This site is optimized with the Yoast SEO plugin v24.5 - https:\/\/yoast.com\/wordpress\/plugins\/seo\/ -->\n<title>El Constitucional anula la ley de Castilla y Le\u00f3n que permit\u00eda cazar lobos - ASAJA Soria<\/title>\n<meta name=\"description\" content=\"El Tribunal Constitucional ha decidido anular los art\u00edculos de la Ley de Castilla y Le\u00f3n que permiten cazar lobos al norte del r\u00edo Duero por recreo o\" \/>\n<meta name=\"robots\" content=\"index, follow, max-snippet:-1, max-image-preview:large, max-video-preview:-1\" \/>\n<link rel=\"canonical\" href=\"https:\/\/www.asajacyl.com\/soria\/asaja-soria-informa\/el-constitucional-anula-la-ley-de-castilla-y-leon-que-permitia-cazar-lobos\" \/>\n<meta property=\"og:locale\" content=\"es_ES\" \/>\n<meta property=\"og:type\" content=\"article\" \/>\n<meta property=\"og:title\" content=\"El Constitucional anula la ley de Castilla y Le\u00f3n que permit\u00eda cazar lobos - ASAJA Soria\" \/>\n<meta property=\"og:description\" content=\"El Tribunal Constitucional ha decidido anular los art\u00edculos de la Ley de Castilla y Le\u00f3n que permiten cazar lobos al norte del r\u00edo Duero por recreo o\" \/>\n<meta property=\"og:url\" content=\"https:\/\/www.asajacyl.com\/soria\/asaja-soria-informa\/el-constitucional-anula-la-ley-de-castilla-y-leon-que-permitia-cazar-lobos\" \/>\n<meta property=\"og:site_name\" content=\"ASAJA Soria\" \/>\n<meta property=\"article:published_time\" content=\"2022-07-14T06:47:32+00:00\" \/>\n<meta property=\"article:modified_time\" content=\"2022-07-14T06:47:33+00:00\" \/>\n<meta property=\"og:image\" content=\"https:\/\/www.asajacyl.com\/soria\/wp-content\/uploads\/sites\/9\/2022\/07\/foto-lobo-valberzoso-1024x760-1.jpg\" \/>\n\t<meta property=\"og:image:width\" content=\"1024\" \/>\n\t<meta property=\"og:image:height\" content=\"760\" \/>\n\t<meta property=\"og:image:type\" content=\"image\/jpeg\" \/>\n<meta name=\"author\" content=\"Juan Ignacio Prieto Nieto\" \/>\n<meta name=\"twitter:card\" content=\"summary_large_image\" \/>\n<meta name=\"twitter:label1\" content=\"Escrito por\" \/>\n\t<meta name=\"twitter:data1\" content=\"Juan Ignacio Prieto Nieto\" \/>\n\t<meta name=\"twitter:label2\" content=\"Tiempo de lectura\" \/>\n\t<meta name=\"twitter:data2\" content=\"1 minuto\" \/>\n<script type=\"application\/ld+json\" class=\"yoast-schema-graph\">{\"@context\":\"https:\/\/schema.org\",\"@graph\":[{\"@type\":\"WebPage\",\"@id\":\"https:\/\/www.asajacyl.com\/soria\/asaja-soria-informa\/el-constitucional-anula-la-ley-de-castilla-y-leon-que-permitia-cazar-lobos\",\"url\":\"https:\/\/www.asajacyl.com\/soria\/asaja-soria-informa\/el-constitucional-anula-la-ley-de-castilla-y-leon-que-permitia-cazar-lobos\",\"name\":\"El Constitucional anula la ley de Castilla y Le\u00f3n que permit\u00eda cazar lobos - ASAJA Soria\",\"isPartOf\":{\"@id\":\"https:\/\/www.asajacyl.com\/soria\/#website\"},\"primaryImageOfPage\":{\"@id\":\"https:\/\/www.asajacyl.com\/soria\/asaja-soria-informa\/el-constitucional-anula-la-ley-de-castilla-y-leon-que-permitia-cazar-lobos#primaryimage\"},\"image\":{\"@id\":\"https:\/\/www.asajacyl.com\/soria\/asaja-soria-informa\/el-constitucional-anula-la-ley-de-castilla-y-leon-que-permitia-cazar-lobos#primaryimage\"},\"thumbnailUrl\":\"https:\/\/www.asajacyl.com\/soria\/wp-content\/uploads\/sites\/9\/2022\/07\/foto-lobo-valberzoso-1024x760-1.jpg\",\"datePublished\":\"2022-07-14T06:47:32+00:00\",\"dateModified\":\"2022-07-14T06:47:33+00:00\",\"author\":{\"@id\":\"https:\/\/www.asajacyl.com\/soria\/#\/schema\/person\/fd3081c40255119ce8133b87e6aedfab\"},\"description\":\"El Tribunal Constitucional ha decidido anular los art\u00edculos de la Ley de Castilla y Le\u00f3n que permiten cazar lobos al norte del r\u00edo Duero por recreo o\",\"breadcrumb\":{\"@id\":\"https:\/\/www.asajacyl.com\/soria\/asaja-soria-informa\/el-constitucional-anula-la-ley-de-castilla-y-leon-que-permitia-cazar-lobos#breadcrumb\"},\"inLanguage\":\"es\",\"potentialAction\":[{\"@type\":\"ReadAction\",\"target\":[\"https:\/\/www.asajacyl.com\/soria\/asaja-soria-informa\/el-constitucional-anula-la-ley-de-castilla-y-leon-que-permitia-cazar-lobos\"]}]},{\"@type\":\"ImageObject\",\"inLanguage\":\"es\",\"@id\":\"https:\/\/www.asajacyl.com\/soria\/asaja-soria-informa\/el-constitucional-anula-la-ley-de-castilla-y-leon-que-permitia-cazar-lobos#primaryimage\",\"url\":\"https:\/\/www.asajacyl.com\/soria\/wp-content\/uploads\/sites\/9\/2022\/07\/foto-lobo-valberzoso-1024x760-1.jpg\",\"contentUrl\":\"https:\/\/www.asajacyl.com\/soria\/wp-content\/uploads\/sites\/9\/2022\/07\/foto-lobo-valberzoso-1024x760-1.jpg\",\"width\":1024,\"height\":760},{\"@type\":\"BreadcrumbList\",\"@id\":\"https:\/\/www.asajacyl.com\/soria\/asaja-soria-informa\/el-constitucional-anula-la-ley-de-castilla-y-leon-que-permitia-cazar-lobos#breadcrumb\",\"itemListElement\":[{\"@type\":\"ListItem\",\"position\":1,\"name\":\"Portada\",\"item\":\"https:\/\/www.asajacyl.com\/soria\/\"},{\"@type\":\"ListItem\",\"position\":2,\"name\":\"El Constitucional anula la ley de Castilla y Le\u00f3n que permit\u00eda cazar lobos\"}]},{\"@type\":\"WebSite\",\"@id\":\"https:\/\/www.asajacyl.com\/soria\/#website\",\"url\":\"https:\/\/www.asajacyl.com\/soria\/\",\"name\":\"ASAJA Soria\",\"description\":\"Otro sitio m\u00e1s de Provincias ASAJA Castilla y Le\u00f3n\",\"potentialAction\":[{\"@type\":\"SearchAction\",\"target\":{\"@type\":\"EntryPoint\",\"urlTemplate\":\"https:\/\/www.asajacyl.com\/soria\/?s={search_term_string}\"},\"query-input\":{\"@type\":\"PropertyValueSpecification\",\"valueRequired\":true,\"valueName\":\"search_term_string\"}}],\"inLanguage\":\"es\"},{\"@type\":\"Person\",\"@id\":\"https:\/\/www.asajacyl.com\/soria\/#\/schema\/person\/fd3081c40255119ce8133b87e6aedfab\",\"name\":\"Juan Ignacio Prieto Nieto\",\"image\":{\"@type\":\"ImageObject\",\"inLanguage\":\"es\",\"@id\":\"https:\/\/www.asajacyl.com\/soria\/#\/schema\/person\/image\/\",\"url\":\"https:\/\/secure.gravatar.com\/avatar\/8266b36e4d9001acb4700699a2468dc8?s=96&d=mm&r=g\",\"contentUrl\":\"https:\/\/secure.gravatar.com\/avatar\/8266b36e4d9001acb4700699a2468dc8?s=96&d=mm&r=g\",\"caption\":\"Juan Ignacio Prieto Nieto\"},\"url\":\"https:\/\/www.asajacyl.com\/soria\/author\/juanfranciscoby\"}]}<\/script>\n<!-- \/ Yoast SEO plugin. -->","yoast_head_json":{"title":"El Constitucional anula la ley de Castilla y Le\u00f3n que permit\u00eda cazar lobos - ASAJA Soria","description":"El Tribunal Constitucional ha decidido anular los art\u00edculos de la Ley de Castilla y Le\u00f3n que permiten cazar lobos al norte del r\u00edo Duero por recreo o","robots":{"index":"index","follow":"follow","max-snippet":"max-snippet:-1","max-image-preview":"max-image-preview:large","max-video-preview":"max-video-preview:-1"},"canonical":"https:\/\/www.asajacyl.com\/soria\/asaja-soria-informa\/el-constitucional-anula-la-ley-de-castilla-y-leon-que-permitia-cazar-lobos","og_locale":"es_ES","og_type":"article","og_title":"El Constitucional anula la ley de Castilla y Le\u00f3n que permit\u00eda cazar lobos - ASAJA Soria","og_description":"El Tribunal Constitucional ha decidido anular los art\u00edculos de la Ley de Castilla y Le\u00f3n que permiten cazar lobos al norte del r\u00edo Duero por recreo o","og_url":"https:\/\/www.asajacyl.com\/soria\/asaja-soria-informa\/el-constitucional-anula-la-ley-de-castilla-y-leon-que-permitia-cazar-lobos","og_site_name":"ASAJA Soria","article_published_time":"2022-07-14T06:47:32+00:00","article_modified_time":"2022-07-14T06:47:33+00:00","og_image":[{"width":1024,"height":760,"url":"https:\/\/www.asajacyl.com\/soria\/wp-content\/uploads\/sites\/9\/2022\/07\/foto-lobo-valberzoso-1024x760-1.jpg","type":"image\/jpeg"}],"author":"Juan Ignacio Prieto Nieto","twitter_card":"summary_large_image","twitter_misc":{"Escrito por":"Juan Ignacio Prieto Nieto","Tiempo de lectura":"1 minuto"},"schema":{"@context":"https:\/\/schema.org","@graph":[{"@type":"WebPage","@id":"https:\/\/www.asajacyl.com\/soria\/asaja-soria-informa\/el-constitucional-anula-la-ley-de-castilla-y-leon-que-permitia-cazar-lobos","url":"https:\/\/www.asajacyl.com\/soria\/asaja-soria-informa\/el-constitucional-anula-la-ley-de-castilla-y-leon-que-permitia-cazar-lobos","name":"El Constitucional anula la ley de Castilla y Le\u00f3n que permit\u00eda cazar lobos - ASAJA Soria","isPartOf":{"@id":"https:\/\/www.asajacyl.com\/soria\/#website"},"primaryImageOfPage":{"@id":"https:\/\/www.asajacyl.com\/soria\/asaja-soria-informa\/el-constitucional-anula-la-ley-de-castilla-y-leon-que-permitia-cazar-lobos#primaryimage"},"image":{"@id":"https:\/\/www.asajacyl.com\/soria\/asaja-soria-informa\/el-constitucional-anula-la-ley-de-castilla-y-leon-que-permitia-cazar-lobos#primaryimage"},"thumbnailUrl":"https:\/\/www.asajacyl.com\/soria\/wp-content\/uploads\/sites\/9\/2022\/07\/foto-lobo-valberzoso-1024x760-1.jpg","datePublished":"2022-07-14T06:47:32+00:00","dateModified":"2022-07-14T06:47:33+00:00","author":{"@id":"https:\/\/www.asajacyl.com\/soria\/#\/schema\/person\/fd3081c40255119ce8133b87e6aedfab"},"description":"El Tribunal Constitucional ha decidido anular los art\u00edculos de la Ley de Castilla y Le\u00f3n que permiten cazar lobos al norte del r\u00edo Duero por recreo o","breadcrumb":{"@id":"https:\/\/www.asajacyl.com\/soria\/asaja-soria-informa\/el-constitucional-anula-la-ley-de-castilla-y-leon-que-permitia-cazar-lobos#breadcrumb"},"inLanguage":"es","potentialAction":[{"@type":"ReadAction","target":["https:\/\/www.asajacyl.com\/soria\/asaja-soria-informa\/el-constitucional-anula-la-ley-de-castilla-y-leon-que-permitia-cazar-lobos"]}]},{"@type":"ImageObject","inLanguage":"es","@id":"https:\/\/www.asajacyl.com\/soria\/asaja-soria-informa\/el-constitucional-anula-la-ley-de-castilla-y-leon-que-permitia-cazar-lobos#primaryimage","url":"https:\/\/www.asajacyl.com\/soria\/wp-content\/uploads\/sites\/9\/2022\/07\/foto-lobo-valberzoso-1024x760-1.jpg","contentUrl":"https:\/\/www.asajacyl.com\/soria\/wp-content\/uploads\/sites\/9\/2022\/07\/foto-lobo-valberzoso-1024x760-1.jpg","width":1024,"height":760},{"@type":"BreadcrumbList","@id":"https:\/\/www.asajacyl.com\/soria\/asaja-soria-informa\/el-constitucional-anula-la-ley-de-castilla-y-leon-que-permitia-cazar-lobos#breadcrumb","itemListElement":[{"@type":"ListItem","position":1,"name":"Portada","item":"https:\/\/www.asajacyl.com\/soria\/"},{"@type":"ListItem","position":2,"name":"El Constitucional anula la ley de Castilla y Le\u00f3n que permit\u00eda cazar lobos"}]},{"@type":"WebSite","@id":"https:\/\/www.asajacyl.com\/soria\/#website","url":"https:\/\/www.asajacyl.com\/soria\/","name":"ASAJA Soria","description":"Otro sitio m\u00e1s de Provincias ASAJA Castilla y Le\u00f3n","potentialAction":[{"@type":"SearchAction","target":{"@type":"EntryPoint","urlTemplate":"https:\/\/www.asajacyl.com\/soria\/?s={search_term_string}"},"query-input":{"@type":"PropertyValueSpecification","valueRequired":true,"valueName":"search_term_string"}}],"inLanguage":"es"},{"@type":"Person","@id":"https:\/\/www.asajacyl.com\/soria\/#\/schema\/person\/fd3081c40255119ce8133b87e6aedfab","name":"Juan Ignacio Prieto Nieto","image":{"@type":"ImageObject","inLanguage":"es","@id":"https:\/\/www.asajacyl.com\/soria\/#\/schema\/person\/image\/","url":"https:\/\/secure.gravatar.com\/avatar\/8266b36e4d9001acb4700699a2468dc8?s=96&d=mm&r=g","contentUrl":"https:\/\/secure.gravatar.com\/avatar\/8266b36e4d9001acb4700699a2468dc8?s=96&d=mm&r=g","caption":"Juan Ignacio Prieto Nieto"},"url":"https:\/\/www.asajacyl.com\/soria\/author\/juanfranciscoby"}]}},"_links":{"self":[{"href":"https:\/\/www.asajacyl.com\/soria\/wp-json\/wp\/v2\/posts\/5881"}],"collection":[{"href":"https:\/\/www.asajacyl.com\/soria\/wp-json\/wp\/v2\/posts"}],"about":[{"href":"https:\/\/www.asajacyl.com\/soria\/wp-json\/wp\/v2\/types\/post"}],"author":[{"embeddable":true,"href":"https:\/\/www.asajacyl.com\/soria\/wp-json\/wp\/v2\/users\/12"}],"replies":[{"embeddable":true,"href":"https:\/\/www.asajacyl.com\/soria\/wp-json\/wp\/v2\/comments?post=5881"}],"version-history":[{"count":1,"href":"https:\/\/www.asajacyl.com\/soria\/wp-json\/wp\/v2\/posts\/5881\/revisions"}],"predecessor-version":[{"id":5883,"href":"https:\/\/www.asajacyl.com\/soria\/wp-json\/wp\/v2\/posts\/5881\/revisions\/5883"}],"wp:featuredmedia":[{"embeddable":true,"href":"https:\/\/www.asajacyl.com\/soria\/wp-json\/wp\/v2\/media\/5882"}],"wp:attachment":[{"href":"https:\/\/www.asajacyl.com\/soria\/wp-json\/wp\/v2\/media?parent=5881"}],"wp:term":[{"taxonomy":"category","embeddable":true,"href":"https:\/\/www.asajacyl.com\/soria\/wp-json\/wp\/v2\/categories?post=5881"},{"taxonomy":"post_tag","embeddable":true,"href":"https:\/\/www.asajacyl.com\/soria\/wp-json\/wp\/v2\/tags?post=5881"}],"curies":[{"name":"wp","href":"https:\/\/api.w.org\/{rel}","templated":true}]}}