{"id":5884,"date":"2022-07-14T08:50:05","date_gmt":"2022-07-14T06:50:05","guid":{"rendered":"https:\/\/www.asajacyl.com\/soria\/?p=5884"},"modified":"2022-07-14T08:55:24","modified_gmt":"2022-07-14T06:55:24","slug":"articulo-de-opinion-revista-147-asaja-soria","status":"publish","type":"post","link":"https:\/\/www.asajacyl.com\/soria\/asaja-soria-informa\/articulo-de-opinion-revista-147-asaja-soria","title":{"rendered":"ART\u00cdCULO DE OPINI\u00d3N REVISTA 147 ASAJA SORIA"},"content":{"rendered":"\n<p>No s\u00e9 d\u00f3nde le\u00ed unas frases que creo que le pueden servir a nuestra vicepresidenta ahora que me va a relevar en el Comit\u00e9 Ejecutivo nacional de ASAJA: \u201cCada d\u00eda es un nuevo comienzo. Tr\u00e1talo de esa manera. Al\u00e9jate de lo que pudo haber sido y busca lo que puede ser\u201d. En el campo hay mucho por lo que trabajar y siempre hay que tratar de mejorar y tener una vocal\u00eda de ASAJA Soria en Madrid y por extensi\u00f3n en Bruselas es muy importante para organizaciones como la nuestra. Estoy seguro de que Ana lo va a hacer muy bien, y que va a contar no solamente con mi apoyo, por descontado, sino del resto de la junta directiva, de los t\u00e9cnicos de ASAJA y de los socios en general.<\/p>\n<p>Lo que ya no pinta tan bien es la cosecha. En la visita a los campos de ensayo de Almaz\u00e1n del 21 de junio ya pudimos ver los estragos que genera la sequ\u00eda en las producciones. A esto hay que a\u00f1adir el desaforado precio de los insumos; especialmente el del gas\u00f3leo, por lo que protestamos en\u00e9rgicamente el 23 a las puertas de la Compa\u00f1\u00eda Log\u00edstica de Hidrocarburos en Valladolid. Con este panorama del cereal en las fincas, imaginemos a otro sector econ\u00f3mico soportando esta situaci\u00f3n extrema, y es que el precio del gas\u00f3leo agr\u00edcola el a\u00f1o pasado por estas fechas se encontraba a 0,83 euros\/litro, a la mitad que en la actualidad. La espiral de subida es imparable, ya que en el mes de febrero la cotizaci\u00f3n media estaba en 0,84 euros\/litro, pero en abril ya se ha pagaba a 1,43 euros\/litro. Lo cierto es que la situaci\u00f3n actual no se puede aguantar por mucho tiempo m\u00e1s. Hace 15 d\u00edas ya lo dec\u00eda el presidente regional de ASAJA. Donaciano comentaba unas cifras ante los medios que entiende toda la sociedad: \u201cLlenar el tractor cuesta 600 euros al d\u00eda y las cosechadoras 1.600 todos los d\u00edas. Es una barbaridad, insostenible, y esto no lo aguanta el campo\u201d.<\/p>\n<p>El sector agroalimentario atraviesa actualmente un momento extremadamente delicado ante la brutal subida de costes de producci\u00f3n. Piensos, combustibles y tarifas el\u00e9ctricas est\u00e1n por las nubes, sin olvidar por supuesto el hachazo al bolsillo que lideran tambi\u00e9n los fertilizantes, con incrementos que se multiplican por tres en medio a\u00f1o. Con este valor desproporcionado de los insumos, la sequ\u00eda que estamos padeciendo no ha hecho m\u00e1s que empeorar las cosas con una cosecha de cereal que en t\u00e9rminos de cantidad y calidad ser\u00e1 mala. Y no podemos olvidar que el sector ganadero es uno de los m\u00e1s perjudicados porque hay que tener en cuenta que la falta de lluvias provoca que no haya pastos, el poco forraje que hay es caro, m\u00e1s el encarecimiento derivado de la subida de las tarifas el\u00e9ctricas. El sector est\u00e1 acostumbrado a los problemas procedentes de la meteorolog\u00eda, pero en el campo de Soria no vale con pensar en poner parches con ayudas espor\u00e1dicas. Hay que sentarse entre todos y afrontar un an\u00e1lisis de la situaci\u00f3n y ver qu\u00e9 se pude hacer y qu\u00e9 no debe hacerse. Ya no sirven excusas sobre la inflaci\u00f3n y guerras, que no las vamos a negar tampoco, pero hay una situaci\u00f3n grav\u00edsima de falta de rentabilidad. Si las cuentas no salen ni remotamente estamos poniendo en peligro lo m\u00e1s importante que todos y todas hacemos todos los d\u00edas: la alimentaci\u00f3n. Ah\u00ed es nada\u2026<\/p>\n<p>Paso a otro tema m\u00e1s agradable para acabar este art\u00edculo y aprovecho para dar las gracias a los compa\u00f1eros de ASAJA en La Rioja, por su colaboraci\u00f3n y compa\u00f1\u00eda en el viaje anual de nuestra asamblea, que esta vez tuvo como destino esa estupenda tierra vecina.<\/p>\n<p>CARMELO G\u00d3MEZ SANZ<\/p>\n<p>PRESIDENTE DE ASAJA SORIA<\/p>\n","protected":false},"excerpt":{"rendered":"<p>No s\u00e9 d\u00f3nde le\u00ed unas frases que creo que le pueden servir a nuestra vicepresidenta ahora que me va a relevar en el Comit\u00e9 Ejecutivo nacional de ASAJA: \u201cCada d\u00eda es un nuevo comienzo. Tr\u00e1talo de esa manera. Al\u00e9jate de lo que pudo haber sido y busca lo que puede ser\u201d. En el campo hay [&hellip;]<\/p>\n","protected":false},"author":12,"featured_media":5845,"comment_status":"open","ping_status":"open","sticky":false,"template":"","format":"standard","meta":{"footnotes":""},"categories":[10,28],"tags":[],"yoast_head":"<!-- This site is optimized with the Yoast SEO plugin v24.5 - https:\/\/yoast.com\/wordpress\/plugins\/seo\/ -->\n<title>ART\u00cdCULO DE OPINI\u00d3N REVISTA 147 ASAJA SORIA - ASAJA Soria<\/title>\n<meta name=\"description\" content=\"No s\u00e9 d\u00f3nde le\u00ed unas frases que creo que le pueden servir a nuestra vicepresidenta ahora que me va a relevar en el Comit\u00e9 Ejecutivo nacional de ASAJA:\" \/>\n<meta name=\"robots\" content=\"index, follow, max-snippet:-1, max-image-preview:large, max-video-preview:-1\" \/>\n<link rel=\"canonical\" href=\"https:\/\/www.asajacyl.com\/soria\/asaja-soria-informa\/articulo-de-opinion-revista-147-asaja-soria\" \/>\n<meta property=\"og:locale\" content=\"es_ES\" \/>\n<meta property=\"og:type\" content=\"article\" \/>\n<meta property=\"og:title\" content=\"ART\u00cdCULO DE OPINI\u00d3N REVISTA 147 ASAJA SORIA - ASAJA Soria\" \/>\n<meta property=\"og:description\" content=\"No s\u00e9 d\u00f3nde le\u00ed unas frases que creo que le pueden servir a nuestra vicepresidenta ahora que me va a relevar en el Comit\u00e9 Ejecutivo nacional de ASAJA:\" \/>\n<meta property=\"og:url\" content=\"https:\/\/www.asajacyl.com\/soria\/asaja-soria-informa\/articulo-de-opinion-revista-147-asaja-soria\" \/>\n<meta property=\"og:site_name\" content=\"ASAJA Soria\" \/>\n<meta property=\"article:published_time\" content=\"2022-07-14T06:50:05+00:00\" \/>\n<meta property=\"article:modified_time\" content=\"2022-07-14T06:55:24+00:00\" \/>\n<meta property=\"og:image\" content=\"https:\/\/www.asajacyl.com\/soria\/wp-content\/uploads\/sites\/9\/2022\/06\/IMG_4723.jpg\" \/>\n\t<meta property=\"og:image:width\" content=\"2500\" \/>\n\t<meta property=\"og:image:height\" content=\"1875\" \/>\n\t<meta property=\"og:image:type\" content=\"image\/jpeg\" \/>\n<meta name=\"author\" content=\"Juan Ignacio Prieto Nieto\" \/>\n<meta name=\"twitter:card\" content=\"summary_large_image\" \/>\n<meta name=\"twitter:label1\" content=\"Escrito por\" \/>\n\t<meta name=\"twitter:data1\" content=\"Juan Ignacio Prieto Nieto\" \/>\n\t<meta name=\"twitter:label2\" content=\"Tiempo de lectura\" \/>\n\t<meta name=\"twitter:data2\" content=\"3 minutos\" \/>\n<script type=\"application\/ld+json\" class=\"yoast-schema-graph\">{\"@context\":\"https:\/\/schema.org\",\"@graph\":[{\"@type\":\"WebPage\",\"@id\":\"https:\/\/www.asajacyl.com\/soria\/asaja-soria-informa\/articulo-de-opinion-revista-147-asaja-soria\",\"url\":\"https:\/\/www.asajacyl.com\/soria\/asaja-soria-informa\/articulo-de-opinion-revista-147-asaja-soria\",\"name\":\"ART\u00cdCULO DE OPINI\u00d3N REVISTA 147 ASAJA SORIA - ASAJA Soria\",\"isPartOf\":{\"@id\":\"https:\/\/www.asajacyl.com\/soria\/#website\"},\"primaryImageOfPage\":{\"@id\":\"https:\/\/www.asajacyl.com\/soria\/asaja-soria-informa\/articulo-de-opinion-revista-147-asaja-soria#primaryimage\"},\"image\":{\"@id\":\"https:\/\/www.asajacyl.com\/soria\/asaja-soria-informa\/articulo-de-opinion-revista-147-asaja-soria#primaryimage\"},\"thumbnailUrl\":\"https:\/\/www.asajacyl.com\/soria\/wp-content\/uploads\/sites\/9\/2022\/06\/IMG_4723.jpg\",\"datePublished\":\"2022-07-14T06:50:05+00:00\",\"dateModified\":\"2022-07-14T06:55:24+00:00\",\"author\":{\"@id\":\"https:\/\/www.asajacyl.com\/soria\/#\/schema\/person\/fd3081c40255119ce8133b87e6aedfab\"},\"description\":\"No s\u00e9 d\u00f3nde le\u00ed unas frases que creo que le pueden servir a nuestra vicepresidenta ahora que me va a relevar en el Comit\u00e9 Ejecutivo nacional de ASAJA:\",\"breadcrumb\":{\"@id\":\"https:\/\/www.asajacyl.com\/soria\/asaja-soria-informa\/articulo-de-opinion-revista-147-asaja-soria#breadcrumb\"},\"inLanguage\":\"es\",\"potentialAction\":[{\"@type\":\"ReadAction\",\"target\":[\"https:\/\/www.asajacyl.com\/soria\/asaja-soria-informa\/articulo-de-opinion-revista-147-asaja-soria\"]}]},{\"@type\":\"ImageObject\",\"inLanguage\":\"es\",\"@id\":\"https:\/\/www.asajacyl.com\/soria\/asaja-soria-informa\/articulo-de-opinion-revista-147-asaja-soria#primaryimage\",\"url\":\"https:\/\/www.asajacyl.com\/soria\/wp-content\/uploads\/sites\/9\/2022\/06\/IMG_4723.jpg\",\"contentUrl\":\"https:\/\/www.asajacyl.com\/soria\/wp-content\/uploads\/sites\/9\/2022\/06\/IMG_4723.jpg\",\"width\":2500,\"height\":1875},{\"@type\":\"BreadcrumbList\",\"@id\":\"https:\/\/www.asajacyl.com\/soria\/asaja-soria-informa\/articulo-de-opinion-revista-147-asaja-soria#breadcrumb\",\"itemListElement\":[{\"@type\":\"ListItem\",\"position\":1,\"name\":\"Portada\",\"item\":\"https:\/\/www.asajacyl.com\/soria\/\"},{\"@type\":\"ListItem\",\"position\":2,\"name\":\"ART\u00cdCULO DE OPINI\u00d3N REVISTA 147 ASAJA SORIA\"}]},{\"@type\":\"WebSite\",\"@id\":\"https:\/\/www.asajacyl.com\/soria\/#website\",\"url\":\"https:\/\/www.asajacyl.com\/soria\/\",\"name\":\"ASAJA Soria\",\"description\":\"Otro sitio m\u00e1s de Provincias ASAJA Castilla y Le\u00f3n\",\"potentialAction\":[{\"@type\":\"SearchAction\",\"target\":{\"@type\":\"EntryPoint\",\"urlTemplate\":\"https:\/\/www.asajacyl.com\/soria\/?s={search_term_string}\"},\"query-input\":{\"@type\":\"PropertyValueSpecification\",\"valueRequired\":true,\"valueName\":\"search_term_string\"}}],\"inLanguage\":\"es\"},{\"@type\":\"Person\",\"@id\":\"https:\/\/www.asajacyl.com\/soria\/#\/schema\/person\/fd3081c40255119ce8133b87e6aedfab\",\"name\":\"Juan Ignacio Prieto Nieto\",\"image\":{\"@type\":\"ImageObject\",\"inLanguage\":\"es\",\"@id\":\"https:\/\/www.asajacyl.com\/soria\/#\/schema\/person\/image\/\",\"url\":\"https:\/\/secure.gravatar.com\/avatar\/8266b36e4d9001acb4700699a2468dc8?s=96&d=mm&r=g\",\"contentUrl\":\"https:\/\/secure.gravatar.com\/avatar\/8266b36e4d9001acb4700699a2468dc8?s=96&d=mm&r=g\",\"caption\":\"Juan Ignacio Prieto Nieto\"},\"url\":\"https:\/\/www.asajacyl.com\/soria\/author\/juanfranciscoby\"}]}<\/script>\n<!-- \/ Yoast SEO plugin. -->","yoast_head_json":{"title":"ART\u00cdCULO DE OPINI\u00d3N REVISTA 147 ASAJA SORIA - ASAJA Soria","description":"No s\u00e9 d\u00f3nde le\u00ed unas frases que creo que le pueden servir a nuestra vicepresidenta ahora que me va a relevar en el Comit\u00e9 Ejecutivo nacional de ASAJA:","robots":{"index":"index","follow":"follow","max-snippet":"max-snippet:-1","max-image-preview":"max-image-preview:large","max-video-preview":"max-video-preview:-1"},"canonical":"https:\/\/www.asajacyl.com\/soria\/asaja-soria-informa\/articulo-de-opinion-revista-147-asaja-soria","og_locale":"es_ES","og_type":"article","og_title":"ART\u00cdCULO DE OPINI\u00d3N REVISTA 147 ASAJA SORIA - ASAJA Soria","og_description":"No s\u00e9 d\u00f3nde le\u00ed unas frases que creo que le pueden servir a nuestra vicepresidenta ahora que me va a relevar en el Comit\u00e9 Ejecutivo nacional de ASAJA:","og_url":"https:\/\/www.asajacyl.com\/soria\/asaja-soria-informa\/articulo-de-opinion-revista-147-asaja-soria","og_site_name":"ASAJA Soria","article_published_time":"2022-07-14T06:50:05+00:00","article_modified_time":"2022-07-14T06:55:24+00:00","og_image":[{"width":2500,"height":1875,"url":"https:\/\/www.asajacyl.com\/soria\/wp-content\/uploads\/sites\/9\/2022\/06\/IMG_4723.jpg","type":"image\/jpeg"}],"author":"Juan Ignacio Prieto Nieto","twitter_card":"summary_large_image","twitter_misc":{"Escrito por":"Juan Ignacio Prieto Nieto","Tiempo de lectura":"3 minutos"},"schema":{"@context":"https:\/\/schema.org","@graph":[{"@type":"WebPage","@id":"https:\/\/www.asajacyl.com\/soria\/asaja-soria-informa\/articulo-de-opinion-revista-147-asaja-soria","url":"https:\/\/www.asajacyl.com\/soria\/asaja-soria-informa\/articulo-de-opinion-revista-147-asaja-soria","name":"ART\u00cdCULO DE OPINI\u00d3N REVISTA 147 ASAJA SORIA - ASAJA Soria","isPartOf":{"@id":"https:\/\/www.asajacyl.com\/soria\/#website"},"primaryImageOfPage":{"@id":"https:\/\/www.asajacyl.com\/soria\/asaja-soria-informa\/articulo-de-opinion-revista-147-asaja-soria#primaryimage"},"image":{"@id":"https:\/\/www.asajacyl.com\/soria\/asaja-soria-informa\/articulo-de-opinion-revista-147-asaja-soria#primaryimage"},"thumbnailUrl":"https:\/\/www.asajacyl.com\/soria\/wp-content\/uploads\/sites\/9\/2022\/06\/IMG_4723.jpg","datePublished":"2022-07-14T06:50:05+00:00","dateModified":"2022-07-14T06:55:24+00:00","author":{"@id":"https:\/\/www.asajacyl.com\/soria\/#\/schema\/person\/fd3081c40255119ce8133b87e6aedfab"},"description":"No s\u00e9 d\u00f3nde le\u00ed unas frases que creo que le pueden servir a nuestra vicepresidenta ahora que me va a relevar en el Comit\u00e9 Ejecutivo nacional de ASAJA:","breadcrumb":{"@id":"https:\/\/www.asajacyl.com\/soria\/asaja-soria-informa\/articulo-de-opinion-revista-147-asaja-soria#breadcrumb"},"inLanguage":"es","potentialAction":[{"@type":"ReadAction","target":["https:\/\/www.asajacyl.com\/soria\/asaja-soria-informa\/articulo-de-opinion-revista-147-asaja-soria"]}]},{"@type":"ImageObject","inLanguage":"es","@id":"https:\/\/www.asajacyl.com\/soria\/asaja-soria-informa\/articulo-de-opinion-revista-147-asaja-soria#primaryimage","url":"https:\/\/www.asajacyl.com\/soria\/wp-content\/uploads\/sites\/9\/2022\/06\/IMG_4723.jpg","contentUrl":"https:\/\/www.asajacyl.com\/soria\/wp-content\/uploads\/sites\/9\/2022\/06\/IMG_4723.jpg","width":2500,"height":1875},{"@type":"BreadcrumbList","@id":"https:\/\/www.asajacyl.com\/soria\/asaja-soria-informa\/articulo-de-opinion-revista-147-asaja-soria#breadcrumb","itemListElement":[{"@type":"ListItem","position":1,"name":"Portada","item":"https:\/\/www.asajacyl.com\/soria\/"},{"@type":"ListItem","position":2,"name":"ART\u00cdCULO DE OPINI\u00d3N REVISTA 147 ASAJA SORIA"}]},{"@type":"WebSite","@id":"https:\/\/www.asajacyl.com\/soria\/#website","url":"https:\/\/www.asajacyl.com\/soria\/","name":"ASAJA Soria","description":"Otro sitio m\u00e1s de Provincias ASAJA Castilla y Le\u00f3n","potentialAction":[{"@type":"SearchAction","target":{"@type":"EntryPoint","urlTemplate":"https:\/\/www.asajacyl.com\/soria\/?s={search_term_string}"},"query-input":{"@type":"PropertyValueSpecification","valueRequired":true,"valueName":"search_term_string"}}],"inLanguage":"es"},{"@type":"Person","@id":"https:\/\/www.asajacyl.com\/soria\/#\/schema\/person\/fd3081c40255119ce8133b87e6aedfab","name":"Juan Ignacio Prieto Nieto","image":{"@type":"ImageObject","inLanguage":"es","@id":"https:\/\/www.asajacyl.com\/soria\/#\/schema\/person\/image\/","url":"https:\/\/secure.gravatar.com\/avatar\/8266b36e4d9001acb4700699a2468dc8?s=96&d=mm&r=g","contentUrl":"https:\/\/secure.gravatar.com\/avatar\/8266b36e4d9001acb4700699a2468dc8?s=96&d=mm&r=g","caption":"Juan Ignacio Prieto Nieto"},"url":"https:\/\/www.asajacyl.com\/soria\/author\/juanfranciscoby"}]}},"_links":{"self":[{"href":"https:\/\/www.asajacyl.com\/soria\/wp-json\/wp\/v2\/posts\/5884"}],"collection":[{"href":"https:\/\/www.asajacyl.com\/soria\/wp-json\/wp\/v2\/posts"}],"about":[{"href":"https:\/\/www.asajacyl.com\/soria\/wp-json\/wp\/v2\/types\/post"}],"author":[{"embeddable":true,"href":"https:\/\/www.asajacyl.com\/soria\/wp-json\/wp\/v2\/users\/12"}],"replies":[{"embeddable":true,"href":"https:\/\/www.asajacyl.com\/soria\/wp-json\/wp\/v2\/comments?post=5884"}],"version-history":[{"count":2,"href":"https:\/\/www.asajacyl.com\/soria\/wp-json\/wp\/v2\/posts\/5884\/revisions"}],"predecessor-version":[{"id":5886,"href":"https:\/\/www.asajacyl.com\/soria\/wp-json\/wp\/v2\/posts\/5884\/revisions\/5886"}],"wp:featuredmedia":[{"embeddable":true,"href":"https:\/\/www.asajacyl.com\/soria\/wp-json\/wp\/v2\/media\/5845"}],"wp:attachment":[{"href":"https:\/\/www.asajacyl.com\/soria\/wp-json\/wp\/v2\/media?parent=5884"}],"wp:term":[{"taxonomy":"category","embeddable":true,"href":"https:\/\/www.asajacyl.com\/soria\/wp-json\/wp\/v2\/categories?post=5884"},{"taxonomy":"post_tag","embeddable":true,"href":"https:\/\/www.asajacyl.com\/soria\/wp-json\/wp\/v2\/tags?post=5884"}],"curies":[{"name":"wp","href":"https:\/\/api.w.org\/{rel}","templated":true}]}}