{"id":5887,"date":"2022-07-15T13:42:21","date_gmt":"2022-07-15T11:42:21","guid":{"rendered":"https:\/\/www.asajacyl.com\/soria\/?p=5887"},"modified":"2022-07-15T18:54:11","modified_gmt":"2022-07-15T16:54:11","slug":"asaja-soria-enfadada-por-la-prohibicion-de-cosechar-a-partir-de-este-fin-de-semana","status":"publish","type":"post","link":"https:\/\/www.asajacyl.com\/soria\/asaja-soria-informa\/asaja-soria-enfadada-por-la-prohibicion-de-cosechar-a-partir-de-este-fin-de-semana","title":{"rendered":"ASAJA Soria, enfadada por la prohibici\u00f3n de cosechar a partir de este fin de semana"},"content":{"rendered":"\n<h2><em>La Organizaci\u00f3n considera que las operaciones de recolecci\u00f3n son una actividad que muchos no pueden demorar<\/em><\/h2>\n<p>Hace unos minutos la Direcci\u00f3n General de Patrimonio Natural y Pol\u00edtica Forestal de la Consejer\u00eda de Medio Ambiente ha dictado una resoluci\u00f3n por la que se declara la situaci\u00f3n de alarma por riesgo meteorol\u00f3gico de incendios forestales, situaci\u00f3n que ya estaba declarada a lo largo de esta semana pasada, pero que como novedad incluye ahora las restricciones del cosechado.<\/p>\n<p>En concreto, la prohibici\u00f3n es para los trabajos con maquinaria que puede generar chispas o deflagraciones en monte o en la franja de 400 metros que lo circunda, como son cosechadoras, empacadoras, desbrozadores, etc\u00e9tera, del 16 a 19 de julio.<\/p>\n<p>ASAJA Soria, como siempre, ha mantenido que es imposible no asumir el riesgo que supone la cosecha del cereal en plena \u00e9poca estival, pues no hay otro modo de hacerlo, de tal modo que se debe anteponer la producci\u00f3n de alimentos a la hora de valorar la asunci\u00f3n de estos insoslayables riesgos.<\/p>\n<p>Precisamente por este motivo ASAJA hace hincapi\u00e9 en que la obligaci\u00f3n de que est\u00e9n siempre presentes dos personas en las operaciones de la siega para aminorar el riesgo algunos profesionales no la pueden llevar a cabo hasta el fin de semana pues dependen de terceras personas. Y nadie paga al agricultor este sobrecoste a\u00f1adido.<\/p>\n<p>Tambi\u00e9n destaca que las m\u00e1quinas est\u00e1n contratadas y no disponen de tiempo ilimitado, por lo que no se pueden detener las operaciones de cosecha en estas explotaciones.<\/p>\n<p>Adem\u00e1s, la organizaci\u00f3n profesional agraria destaca que las condiciones meteorol\u00f3gicas son similares a las de la semana pasada y se pregunta qu\u00e9 diferencia hay entre el martes o el viernes de esta semana y el fin de semana.<\/p>\n<p>Adem\u00e1s, ASAJA Soria considera que estas restricciones criminalizan a nuestro sector al prohibir su actividad en el monte y en la franja de los 400 metros, a pesar de que el agricultor pone siempre el m\u00e1ximo cuidado, pero no se proh\u00edba (ya que solo se recomienda) evitar hacer actividades de ocio o circular con veh\u00edculos a motor por el monte y sus inmediaciones, que tan graves incendios han ocasionado en numerosas ocasiones.<\/p>\n<p>ASAJA Soria pide sea reconsiderada la decisi\u00f3n y no se restrinjan las operaciones vinculadas a la siega.<\/p>\n<p>ASAJA reconoce estar hasta el gorro porque esto es un ejemplo m\u00e1s de que las instituciones se pasan al sector agrario por el arco del triunfo; anteponiendo otras cuestiones por encima de la producci\u00f3n de alimentos. A lo largo de toda la historia de la humanidad nunca el sector agrario ha contado con menos respaldo, apostilla ASAJA.<\/p>\n","protected":false},"excerpt":{"rendered":"<p>La Organizaci\u00f3n considera que las operaciones de recolecci\u00f3n son una actividad que muchos no pueden demorar Hace unos minutos la Direcci\u00f3n General de Patrimonio Natural y Pol\u00edtica Forestal de la Consejer\u00eda de Medio Ambiente ha dictado una resoluci\u00f3n por la que se declara la situaci\u00f3n de alarma por riesgo meteorol\u00f3gico de incendios forestales, situaci\u00f3n que [&hellip;]<\/p>\n","protected":false},"author":12,"featured_media":5888,"comment_status":"open","ping_status":"open","sticky":false,"template":"","format":"standard","meta":{"footnotes":""},"categories":[10,25],"tags":[],"yoast_head":"<!-- This site is optimized with the Yoast SEO plugin v24.5 - https:\/\/yoast.com\/wordpress\/plugins\/seo\/ -->\n<title>ASAJA Soria, enfadada por la prohibici\u00f3n de cosechar a partir de este fin de semana - ASAJA Soria<\/title>\n<meta name=\"description\" content=\"La Organizaci\u00f3n considera que las operaciones de recolecci\u00f3n son una actividad que muchos no pueden demorar Hace unos minutos la Direcci\u00f3n General de\" \/>\n<meta name=\"robots\" content=\"index, follow, max-snippet:-1, max-image-preview:large, max-video-preview:-1\" \/>\n<link rel=\"canonical\" href=\"https:\/\/www.asajacyl.com\/soria\/asaja-soria-informa\/asaja-soria-enfadada-por-la-prohibicion-de-cosechar-a-partir-de-este-fin-de-semana\" \/>\n<meta property=\"og:locale\" content=\"es_ES\" \/>\n<meta property=\"og:type\" content=\"article\" \/>\n<meta property=\"og:title\" content=\"ASAJA Soria, enfadada por la prohibici\u00f3n de cosechar a partir de este fin de semana - ASAJA Soria\" \/>\n<meta property=\"og:description\" content=\"La Organizaci\u00f3n considera que las operaciones de recolecci\u00f3n son una actividad que muchos no pueden demorar Hace unos minutos la Direcci\u00f3n General de\" \/>\n<meta property=\"og:url\" content=\"https:\/\/www.asajacyl.com\/soria\/asaja-soria-informa\/asaja-soria-enfadada-por-la-prohibicion-de-cosechar-a-partir-de-este-fin-de-semana\" \/>\n<meta property=\"og:site_name\" content=\"ASAJA Soria\" \/>\n<meta property=\"article:published_time\" content=\"2022-07-15T11:42:21+00:00\" \/>\n<meta property=\"article:modified_time\" content=\"2022-07-15T16:54:11+00:00\" \/>\n<meta property=\"og:image\" content=\"https:\/\/www.asajacyl.com\/soria\/wp-content\/uploads\/sites\/9\/2022\/07\/foto-cosecha-1024x768.jpg\" \/>\n\t<meta property=\"og:image:width\" content=\"1024\" \/>\n\t<meta property=\"og:image:height\" content=\"768\" \/>\n\t<meta property=\"og:image:type\" content=\"image\/jpeg\" \/>\n<meta name=\"author\" content=\"Juan Ignacio Prieto Nieto\" \/>\n<meta name=\"twitter:card\" content=\"summary_large_image\" \/>\n<meta name=\"twitter:label1\" content=\"Escrito por\" \/>\n\t<meta name=\"twitter:data1\" content=\"Juan Ignacio Prieto Nieto\" \/>\n\t<meta name=\"twitter:label2\" content=\"Tiempo de lectura\" \/>\n\t<meta name=\"twitter:data2\" content=\"2 minutos\" \/>\n<script type=\"application\/ld+json\" class=\"yoast-schema-graph\">{\"@context\":\"https:\/\/schema.org\",\"@graph\":[{\"@type\":\"WebPage\",\"@id\":\"https:\/\/www.asajacyl.com\/soria\/asaja-soria-informa\/asaja-soria-enfadada-por-la-prohibicion-de-cosechar-a-partir-de-este-fin-de-semana\",\"url\":\"https:\/\/www.asajacyl.com\/soria\/asaja-soria-informa\/asaja-soria-enfadada-por-la-prohibicion-de-cosechar-a-partir-de-este-fin-de-semana\",\"name\":\"ASAJA Soria, enfadada por la prohibici\u00f3n de cosechar a partir de este fin de semana - ASAJA Soria\",\"isPartOf\":{\"@id\":\"https:\/\/www.asajacyl.com\/soria\/#website\"},\"primaryImageOfPage\":{\"@id\":\"https:\/\/www.asajacyl.com\/soria\/asaja-soria-informa\/asaja-soria-enfadada-por-la-prohibicion-de-cosechar-a-partir-de-este-fin-de-semana#primaryimage\"},\"image\":{\"@id\":\"https:\/\/www.asajacyl.com\/soria\/asaja-soria-informa\/asaja-soria-enfadada-por-la-prohibicion-de-cosechar-a-partir-de-este-fin-de-semana#primaryimage\"},\"thumbnailUrl\":\"https:\/\/www.asajacyl.com\/soria\/wp-content\/uploads\/sites\/9\/2022\/07\/foto-cosecha.jpg\",\"datePublished\":\"2022-07-15T11:42:21+00:00\",\"dateModified\":\"2022-07-15T16:54:11+00:00\",\"author\":{\"@id\":\"https:\/\/www.asajacyl.com\/soria\/#\/schema\/person\/fd3081c40255119ce8133b87e6aedfab\"},\"description\":\"La Organizaci\u00f3n considera que las operaciones de recolecci\u00f3n son una actividad que muchos no pueden demorar Hace unos minutos la Direcci\u00f3n General de\",\"breadcrumb\":{\"@id\":\"https:\/\/www.asajacyl.com\/soria\/asaja-soria-informa\/asaja-soria-enfadada-por-la-prohibicion-de-cosechar-a-partir-de-este-fin-de-semana#breadcrumb\"},\"inLanguage\":\"es\",\"potentialAction\":[{\"@type\":\"ReadAction\",\"target\":[\"https:\/\/www.asajacyl.com\/soria\/asaja-soria-informa\/asaja-soria-enfadada-por-la-prohibicion-de-cosechar-a-partir-de-este-fin-de-semana\"]}]},{\"@type\":\"ImageObject\",\"inLanguage\":\"es\",\"@id\":\"https:\/\/www.asajacyl.com\/soria\/asaja-soria-informa\/asaja-soria-enfadada-por-la-prohibicion-de-cosechar-a-partir-de-este-fin-de-semana#primaryimage\",\"url\":\"https:\/\/www.asajacyl.com\/soria\/wp-content\/uploads\/sites\/9\/2022\/07\/foto-cosecha.jpg\",\"contentUrl\":\"https:\/\/www.asajacyl.com\/soria\/wp-content\/uploads\/sites\/9\/2022\/07\/foto-cosecha.jpg\",\"width\":2304,\"height\":1728},{\"@type\":\"BreadcrumbList\",\"@id\":\"https:\/\/www.asajacyl.com\/soria\/asaja-soria-informa\/asaja-soria-enfadada-por-la-prohibicion-de-cosechar-a-partir-de-este-fin-de-semana#breadcrumb\",\"itemListElement\":[{\"@type\":\"ListItem\",\"position\":1,\"name\":\"Portada\",\"item\":\"https:\/\/www.asajacyl.com\/soria\/\"},{\"@type\":\"ListItem\",\"position\":2,\"name\":\"ASAJA Soria, enfadada por la prohibici\u00f3n de cosechar a partir de este fin de semana\"}]},{\"@type\":\"WebSite\",\"@id\":\"https:\/\/www.asajacyl.com\/soria\/#website\",\"url\":\"https:\/\/www.asajacyl.com\/soria\/\",\"name\":\"ASAJA Soria\",\"description\":\"Otro sitio m\u00e1s de Provincias ASAJA Castilla y Le\u00f3n\",\"potentialAction\":[{\"@type\":\"SearchAction\",\"target\":{\"@type\":\"EntryPoint\",\"urlTemplate\":\"https:\/\/www.asajacyl.com\/soria\/?s={search_term_string}\"},\"query-input\":{\"@type\":\"PropertyValueSpecification\",\"valueRequired\":true,\"valueName\":\"search_term_string\"}}],\"inLanguage\":\"es\"},{\"@type\":\"Person\",\"@id\":\"https:\/\/www.asajacyl.com\/soria\/#\/schema\/person\/fd3081c40255119ce8133b87e6aedfab\",\"name\":\"Juan Ignacio Prieto Nieto\",\"image\":{\"@type\":\"ImageObject\",\"inLanguage\":\"es\",\"@id\":\"https:\/\/www.asajacyl.com\/soria\/#\/schema\/person\/image\/\",\"url\":\"https:\/\/secure.gravatar.com\/avatar\/8266b36e4d9001acb4700699a2468dc8?s=96&d=mm&r=g\",\"contentUrl\":\"https:\/\/secure.gravatar.com\/avatar\/8266b36e4d9001acb4700699a2468dc8?s=96&d=mm&r=g\",\"caption\":\"Juan Ignacio Prieto Nieto\"},\"url\":\"https:\/\/www.asajacyl.com\/soria\/author\/juanfranciscoby\"}]}<\/script>\n<!-- \/ Yoast SEO plugin. -->","yoast_head_json":{"title":"ASAJA Soria, enfadada por la prohibici\u00f3n de cosechar a partir de este fin de semana - ASAJA Soria","description":"La Organizaci\u00f3n considera que las operaciones de recolecci\u00f3n son una actividad que muchos no pueden demorar Hace unos minutos la Direcci\u00f3n General de","robots":{"index":"index","follow":"follow","max-snippet":"max-snippet:-1","max-image-preview":"max-image-preview:large","max-video-preview":"max-video-preview:-1"},"canonical":"https:\/\/www.asajacyl.com\/soria\/asaja-soria-informa\/asaja-soria-enfadada-por-la-prohibicion-de-cosechar-a-partir-de-este-fin-de-semana","og_locale":"es_ES","og_type":"article","og_title":"ASAJA Soria, enfadada por la prohibici\u00f3n de cosechar a partir de este fin de semana - ASAJA Soria","og_description":"La Organizaci\u00f3n considera que las operaciones de recolecci\u00f3n son una actividad que muchos no pueden demorar Hace unos minutos la Direcci\u00f3n General de","og_url":"https:\/\/www.asajacyl.com\/soria\/asaja-soria-informa\/asaja-soria-enfadada-por-la-prohibicion-de-cosechar-a-partir-de-este-fin-de-semana","og_site_name":"ASAJA Soria","article_published_time":"2022-07-15T11:42:21+00:00","article_modified_time":"2022-07-15T16:54:11+00:00","og_image":[{"width":1024,"height":768,"url":"https:\/\/www.asajacyl.com\/soria\/wp-content\/uploads\/sites\/9\/2022\/07\/foto-cosecha-1024x768.jpg","type":"image\/jpeg"}],"author":"Juan Ignacio Prieto Nieto","twitter_card":"summary_large_image","twitter_misc":{"Escrito por":"Juan Ignacio Prieto Nieto","Tiempo de lectura":"2 minutos"},"schema":{"@context":"https:\/\/schema.org","@graph":[{"@type":"WebPage","@id":"https:\/\/www.asajacyl.com\/soria\/asaja-soria-informa\/asaja-soria-enfadada-por-la-prohibicion-de-cosechar-a-partir-de-este-fin-de-semana","url":"https:\/\/www.asajacyl.com\/soria\/asaja-soria-informa\/asaja-soria-enfadada-por-la-prohibicion-de-cosechar-a-partir-de-este-fin-de-semana","name":"ASAJA Soria, enfadada por la prohibici\u00f3n de cosechar a partir de este fin de semana - ASAJA Soria","isPartOf":{"@id":"https:\/\/www.asajacyl.com\/soria\/#website"},"primaryImageOfPage":{"@id":"https:\/\/www.asajacyl.com\/soria\/asaja-soria-informa\/asaja-soria-enfadada-por-la-prohibicion-de-cosechar-a-partir-de-este-fin-de-semana#primaryimage"},"image":{"@id":"https:\/\/www.asajacyl.com\/soria\/asaja-soria-informa\/asaja-soria-enfadada-por-la-prohibicion-de-cosechar-a-partir-de-este-fin-de-semana#primaryimage"},"thumbnailUrl":"https:\/\/www.asajacyl.com\/soria\/wp-content\/uploads\/sites\/9\/2022\/07\/foto-cosecha.jpg","datePublished":"2022-07-15T11:42:21+00:00","dateModified":"2022-07-15T16:54:11+00:00","author":{"@id":"https:\/\/www.asajacyl.com\/soria\/#\/schema\/person\/fd3081c40255119ce8133b87e6aedfab"},"description":"La Organizaci\u00f3n considera que las operaciones de recolecci\u00f3n son una actividad que muchos no pueden demorar Hace unos minutos la Direcci\u00f3n General de","breadcrumb":{"@id":"https:\/\/www.asajacyl.com\/soria\/asaja-soria-informa\/asaja-soria-enfadada-por-la-prohibicion-de-cosechar-a-partir-de-este-fin-de-semana#breadcrumb"},"inLanguage":"es","potentialAction":[{"@type":"ReadAction","target":["https:\/\/www.asajacyl.com\/soria\/asaja-soria-informa\/asaja-soria-enfadada-por-la-prohibicion-de-cosechar-a-partir-de-este-fin-de-semana"]}]},{"@type":"ImageObject","inLanguage":"es","@id":"https:\/\/www.asajacyl.com\/soria\/asaja-soria-informa\/asaja-soria-enfadada-por-la-prohibicion-de-cosechar-a-partir-de-este-fin-de-semana#primaryimage","url":"https:\/\/www.asajacyl.com\/soria\/wp-content\/uploads\/sites\/9\/2022\/07\/foto-cosecha.jpg","contentUrl":"https:\/\/www.asajacyl.com\/soria\/wp-content\/uploads\/sites\/9\/2022\/07\/foto-cosecha.jpg","width":2304,"height":1728},{"@type":"BreadcrumbList","@id":"https:\/\/www.asajacyl.com\/soria\/asaja-soria-informa\/asaja-soria-enfadada-por-la-prohibicion-de-cosechar-a-partir-de-este-fin-de-semana#breadcrumb","itemListElement":[{"@type":"ListItem","position":1,"name":"Portada","item":"https:\/\/www.asajacyl.com\/soria\/"},{"@type":"ListItem","position":2,"name":"ASAJA Soria, enfadada por la prohibici\u00f3n de cosechar a partir de este fin de semana"}]},{"@type":"WebSite","@id":"https:\/\/www.asajacyl.com\/soria\/#website","url":"https:\/\/www.asajacyl.com\/soria\/","name":"ASAJA Soria","description":"Otro sitio m\u00e1s de Provincias ASAJA Castilla y Le\u00f3n","potentialAction":[{"@type":"SearchAction","target":{"@type":"EntryPoint","urlTemplate":"https:\/\/www.asajacyl.com\/soria\/?s={search_term_string}"},"query-input":{"@type":"PropertyValueSpecification","valueRequired":true,"valueName":"search_term_string"}}],"inLanguage":"es"},{"@type":"Person","@id":"https:\/\/www.asajacyl.com\/soria\/#\/schema\/person\/fd3081c40255119ce8133b87e6aedfab","name":"Juan Ignacio Prieto Nieto","image":{"@type":"ImageObject","inLanguage":"es","@id":"https:\/\/www.asajacyl.com\/soria\/#\/schema\/person\/image\/","url":"https:\/\/secure.gravatar.com\/avatar\/8266b36e4d9001acb4700699a2468dc8?s=96&d=mm&r=g","contentUrl":"https:\/\/secure.gravatar.com\/avatar\/8266b36e4d9001acb4700699a2468dc8?s=96&d=mm&r=g","caption":"Juan Ignacio Prieto Nieto"},"url":"https:\/\/www.asajacyl.com\/soria\/author\/juanfranciscoby"}]}},"_links":{"self":[{"href":"https:\/\/www.asajacyl.com\/soria\/wp-json\/wp\/v2\/posts\/5887"}],"collection":[{"href":"https:\/\/www.asajacyl.com\/soria\/wp-json\/wp\/v2\/posts"}],"about":[{"href":"https:\/\/www.asajacyl.com\/soria\/wp-json\/wp\/v2\/types\/post"}],"author":[{"embeddable":true,"href":"https:\/\/www.asajacyl.com\/soria\/wp-json\/wp\/v2\/users\/12"}],"replies":[{"embeddable":true,"href":"https:\/\/www.asajacyl.com\/soria\/wp-json\/wp\/v2\/comments?post=5887"}],"version-history":[{"count":3,"href":"https:\/\/www.asajacyl.com\/soria\/wp-json\/wp\/v2\/posts\/5887\/revisions"}],"predecessor-version":[{"id":5892,"href":"https:\/\/www.asajacyl.com\/soria\/wp-json\/wp\/v2\/posts\/5887\/revisions\/5892"}],"wp:featuredmedia":[{"embeddable":true,"href":"https:\/\/www.asajacyl.com\/soria\/wp-json\/wp\/v2\/media\/5888"}],"wp:attachment":[{"href":"https:\/\/www.asajacyl.com\/soria\/wp-json\/wp\/v2\/media?parent=5887"}],"wp:term":[{"taxonomy":"category","embeddable":true,"href":"https:\/\/www.asajacyl.com\/soria\/wp-json\/wp\/v2\/categories?post=5887"},{"taxonomy":"post_tag","embeddable":true,"href":"https:\/\/www.asajacyl.com\/soria\/wp-json\/wp\/v2\/tags?post=5887"}],"curies":[{"name":"wp","href":"https:\/\/api.w.org\/{rel}","templated":true}]}}