{"id":5894,"date":"2022-07-15T18:57:11","date_gmt":"2022-07-15T16:57:11","guid":{"rendered":"https:\/\/www.asajacyl.com\/soria\/?p=5894"},"modified":"2022-07-19T09:43:51","modified_gmt":"2022-07-19T07:43:51","slug":"asaja-soria-estudia-emprender-acciones-contra-la-resolucion-de-la-junta-de-prohibir-las-labores-de-cosecha-del-16-al-19-de-julio","status":"publish","type":"post","link":"https:\/\/www.asajacyl.com\/soria\/asaja-soria-informa\/asaja-soria-estudia-emprender-acciones-contra-la-resolucion-de-la-junta-de-prohibir-las-labores-de-cosecha-del-16-al-19-de-julio","title":{"rendered":"ASAJA Soria emprende acciones contra la resoluci\u00f3n de la Junta de prohibir las labores de cosecha del 16 al 19 de julio"},"content":{"rendered":"\n<p><em>La decisi\u00f3n, tomada por unanimidad de la junta directiva, podr\u00eda ser un contencioso administrativo y reclamar los da\u00f1os que supone la parada de la actividad <\/em><\/p>\n<p>La Direcci\u00f3n General de Patrimonio Natural y Pol\u00edtica Forestal de la Consejer\u00eda de Medio Ambiente ha dictado esta ma\u00f1ana una resoluci\u00f3n por la que se declara la situaci\u00f3n de alarma por riesgo meteorol\u00f3gico de incendios forestales, situaci\u00f3n que ya estaba declarada a lo largo de esta semana pasada, pero que como novedad incluye ahora las restricciones del cosechado desde el 16 hasta el 19 de julio.<\/p>\n<p>Inmediatamente, ASAJA Soria pidi\u00f3 que fuera reconsiderada la decisi\u00f3n y no se restringieran las operaciones vinculadas a la siega, y a la vez la junta directiva de la organizaci\u00f3n profesional agraria ha decidido por unanimidad estudiar acciones legales contra esta resoluci\u00f3n, tanto un proceso contencioso administrativo contra esa decisi\u00f3n como la reclamaci\u00f3n de los da\u00f1os que supone la parada de la actividad en las explotaciones de todos los agricultores de la provincia.<\/p>\n","protected":false},"excerpt":{"rendered":"<p>La decisi\u00f3n, tomada por unanimidad de la junta directiva, podr\u00eda ser un contencioso administrativo y reclamar los da\u00f1os que supone la parada de la actividad La Direcci\u00f3n General de Patrimonio Natural y Pol\u00edtica Forestal de la Consejer\u00eda de Medio Ambiente ha dictado esta ma\u00f1ana una resoluci\u00f3n por la que se declara la situaci\u00f3n de alarma [&hellip;]<\/p>\n","protected":false},"author":12,"featured_media":4502,"comment_status":"open","ping_status":"open","sticky":false,"template":"","format":"standard","meta":{"footnotes":""},"categories":[10,25],"tags":[],"yoast_head":"<!-- This site is optimized with the Yoast SEO plugin v24.5 - https:\/\/yoast.com\/wordpress\/plugins\/seo\/ -->\n<title>ASAJA Soria emprende acciones contra la resoluci\u00f3n de la Junta de prohibir las labores de cosecha del 16 al 19 de julio - ASAJA Soria<\/title>\n<meta name=\"description\" content=\"La decisi\u00f3n, tomada por unanimidad de la junta directiva, podr\u00eda ser un contencioso administrativo y reclamar los da\u00f1os que supone la parada de la\" \/>\n<meta name=\"robots\" content=\"index, follow, max-snippet:-1, max-image-preview:large, max-video-preview:-1\" \/>\n<link rel=\"canonical\" href=\"https:\/\/www.asajacyl.com\/soria\/asaja-soria-informa\/asaja-soria-estudia-emprender-acciones-contra-la-resolucion-de-la-junta-de-prohibir-las-labores-de-cosecha-del-16-al-19-de-julio\" \/>\n<meta property=\"og:locale\" content=\"es_ES\" \/>\n<meta property=\"og:type\" content=\"article\" \/>\n<meta property=\"og:title\" content=\"ASAJA Soria emprende acciones contra la resoluci\u00f3n de la Junta de prohibir las labores de cosecha del 16 al 19 de julio - ASAJA Soria\" \/>\n<meta property=\"og:description\" content=\"La decisi\u00f3n, tomada por unanimidad de la junta directiva, podr\u00eda ser un contencioso administrativo y reclamar los da\u00f1os que supone la parada de la\" \/>\n<meta property=\"og:url\" content=\"https:\/\/www.asajacyl.com\/soria\/asaja-soria-informa\/asaja-soria-estudia-emprender-acciones-contra-la-resolucion-de-la-junta-de-prohibir-las-labores-de-cosecha-del-16-al-19-de-julio\" \/>\n<meta property=\"og:site_name\" content=\"ASAJA Soria\" \/>\n<meta property=\"article:published_time\" content=\"2022-07-15T16:57:11+00:00\" \/>\n<meta property=\"article:modified_time\" content=\"2022-07-19T07:43:51+00:00\" \/>\n<meta property=\"og:image\" content=\"https:\/\/www.asajacyl.com\/soria\/wp-content\/uploads\/sites\/9\/2021\/05\/YEPA3505-cosecha.jpg\" \/>\n\t<meta property=\"og:image:width\" content=\"1600\" \/>\n\t<meta property=\"og:image:height\" content=\"898\" \/>\n\t<meta property=\"og:image:type\" content=\"image\/jpeg\" \/>\n<meta name=\"author\" content=\"Juan Ignacio Prieto Nieto\" \/>\n<meta name=\"twitter:card\" content=\"summary_large_image\" \/>\n<meta name=\"twitter:label1\" content=\"Escrito por\" \/>\n\t<meta name=\"twitter:data1\" content=\"Juan Ignacio Prieto Nieto\" \/>\n\t<meta name=\"twitter:label2\" content=\"Tiempo de lectura\" \/>\n\t<meta name=\"twitter:data2\" content=\"1 minuto\" \/>\n<script type=\"application\/ld+json\" class=\"yoast-schema-graph\">{\"@context\":\"https:\/\/schema.org\",\"@graph\":[{\"@type\":\"WebPage\",\"@id\":\"https:\/\/www.asajacyl.com\/soria\/asaja-soria-informa\/asaja-soria-estudia-emprender-acciones-contra-la-resolucion-de-la-junta-de-prohibir-las-labores-de-cosecha-del-16-al-19-de-julio\",\"url\":\"https:\/\/www.asajacyl.com\/soria\/asaja-soria-informa\/asaja-soria-estudia-emprender-acciones-contra-la-resolucion-de-la-junta-de-prohibir-las-labores-de-cosecha-del-16-al-19-de-julio\",\"name\":\"ASAJA Soria emprende acciones contra la resoluci\u00f3n de la Junta de prohibir las labores de cosecha del 16 al 19 de julio - ASAJA Soria\",\"isPartOf\":{\"@id\":\"https:\/\/www.asajacyl.com\/soria\/#website\"},\"primaryImageOfPage\":{\"@id\":\"https:\/\/www.asajacyl.com\/soria\/asaja-soria-informa\/asaja-soria-estudia-emprender-acciones-contra-la-resolucion-de-la-junta-de-prohibir-las-labores-de-cosecha-del-16-al-19-de-julio#primaryimage\"},\"image\":{\"@id\":\"https:\/\/www.asajacyl.com\/soria\/asaja-soria-informa\/asaja-soria-estudia-emprender-acciones-contra-la-resolucion-de-la-junta-de-prohibir-las-labores-de-cosecha-del-16-al-19-de-julio#primaryimage\"},\"thumbnailUrl\":\"https:\/\/www.asajacyl.com\/soria\/wp-content\/uploads\/sites\/9\/2021\/05\/YEPA3505-cosecha.jpg\",\"datePublished\":\"2022-07-15T16:57:11+00:00\",\"dateModified\":\"2022-07-19T07:43:51+00:00\",\"author\":{\"@id\":\"https:\/\/www.asajacyl.com\/soria\/#\/schema\/person\/fd3081c40255119ce8133b87e6aedfab\"},\"description\":\"La decisi\u00f3n, tomada por unanimidad de la junta directiva, podr\u00eda ser un contencioso administrativo y reclamar los da\u00f1os que supone la parada de la\",\"breadcrumb\":{\"@id\":\"https:\/\/www.asajacyl.com\/soria\/asaja-soria-informa\/asaja-soria-estudia-emprender-acciones-contra-la-resolucion-de-la-junta-de-prohibir-las-labores-de-cosecha-del-16-al-19-de-julio#breadcrumb\"},\"inLanguage\":\"es\",\"potentialAction\":[{\"@type\":\"ReadAction\",\"target\":[\"https:\/\/www.asajacyl.com\/soria\/asaja-soria-informa\/asaja-soria-estudia-emprender-acciones-contra-la-resolucion-de-la-junta-de-prohibir-las-labores-de-cosecha-del-16-al-19-de-julio\"]}]},{\"@type\":\"ImageObject\",\"inLanguage\":\"es\",\"@id\":\"https:\/\/www.asajacyl.com\/soria\/asaja-soria-informa\/asaja-soria-estudia-emprender-acciones-contra-la-resolucion-de-la-junta-de-prohibir-las-labores-de-cosecha-del-16-al-19-de-julio#primaryimage\",\"url\":\"https:\/\/www.asajacyl.com\/soria\/wp-content\/uploads\/sites\/9\/2021\/05\/YEPA3505-cosecha.jpg\",\"contentUrl\":\"https:\/\/www.asajacyl.com\/soria\/wp-content\/uploads\/sites\/9\/2021\/05\/YEPA3505-cosecha.jpg\",\"width\":1600,\"height\":898},{\"@type\":\"BreadcrumbList\",\"@id\":\"https:\/\/www.asajacyl.com\/soria\/asaja-soria-informa\/asaja-soria-estudia-emprender-acciones-contra-la-resolucion-de-la-junta-de-prohibir-las-labores-de-cosecha-del-16-al-19-de-julio#breadcrumb\",\"itemListElement\":[{\"@type\":\"ListItem\",\"position\":1,\"name\":\"Portada\",\"item\":\"https:\/\/www.asajacyl.com\/soria\/\"},{\"@type\":\"ListItem\",\"position\":2,\"name\":\"ASAJA Soria emprende acciones contra la resoluci\u00f3n de la Junta de prohibir las labores de cosecha del 16 al 19 de julio\"}]},{\"@type\":\"WebSite\",\"@id\":\"https:\/\/www.asajacyl.com\/soria\/#website\",\"url\":\"https:\/\/www.asajacyl.com\/soria\/\",\"name\":\"ASAJA Soria\",\"description\":\"Otro sitio m\u00e1s de Provincias ASAJA Castilla y Le\u00f3n\",\"potentialAction\":[{\"@type\":\"SearchAction\",\"target\":{\"@type\":\"EntryPoint\",\"urlTemplate\":\"https:\/\/www.asajacyl.com\/soria\/?s={search_term_string}\"},\"query-input\":{\"@type\":\"PropertyValueSpecification\",\"valueRequired\":true,\"valueName\":\"search_term_string\"}}],\"inLanguage\":\"es\"},{\"@type\":\"Person\",\"@id\":\"https:\/\/www.asajacyl.com\/soria\/#\/schema\/person\/fd3081c40255119ce8133b87e6aedfab\",\"name\":\"Juan Ignacio Prieto Nieto\",\"image\":{\"@type\":\"ImageObject\",\"inLanguage\":\"es\",\"@id\":\"https:\/\/www.asajacyl.com\/soria\/#\/schema\/person\/image\/\",\"url\":\"https:\/\/secure.gravatar.com\/avatar\/8266b36e4d9001acb4700699a2468dc8?s=96&d=mm&r=g\",\"contentUrl\":\"https:\/\/secure.gravatar.com\/avatar\/8266b36e4d9001acb4700699a2468dc8?s=96&d=mm&r=g\",\"caption\":\"Juan Ignacio Prieto Nieto\"},\"url\":\"https:\/\/www.asajacyl.com\/soria\/author\/juanfranciscoby\"}]}<\/script>\n<!-- \/ Yoast SEO plugin. -->","yoast_head_json":{"title":"ASAJA Soria emprende acciones contra la resoluci\u00f3n de la Junta de prohibir las labores de cosecha del 16 al 19 de julio - ASAJA Soria","description":"La decisi\u00f3n, tomada por unanimidad de la junta directiva, podr\u00eda ser un contencioso administrativo y reclamar los da\u00f1os que supone la parada de la","robots":{"index":"index","follow":"follow","max-snippet":"max-snippet:-1","max-image-preview":"max-image-preview:large","max-video-preview":"max-video-preview:-1"},"canonical":"https:\/\/www.asajacyl.com\/soria\/asaja-soria-informa\/asaja-soria-estudia-emprender-acciones-contra-la-resolucion-de-la-junta-de-prohibir-las-labores-de-cosecha-del-16-al-19-de-julio","og_locale":"es_ES","og_type":"article","og_title":"ASAJA Soria emprende acciones contra la resoluci\u00f3n de la Junta de prohibir las labores de cosecha del 16 al 19 de julio - ASAJA Soria","og_description":"La decisi\u00f3n, tomada por unanimidad de la junta directiva, podr\u00eda ser un contencioso administrativo y reclamar los da\u00f1os que supone la parada de la","og_url":"https:\/\/www.asajacyl.com\/soria\/asaja-soria-informa\/asaja-soria-estudia-emprender-acciones-contra-la-resolucion-de-la-junta-de-prohibir-las-labores-de-cosecha-del-16-al-19-de-julio","og_site_name":"ASAJA Soria","article_published_time":"2022-07-15T16:57:11+00:00","article_modified_time":"2022-07-19T07:43:51+00:00","og_image":[{"width":1600,"height":898,"url":"https:\/\/www.asajacyl.com\/soria\/wp-content\/uploads\/sites\/9\/2021\/05\/YEPA3505-cosecha.jpg","type":"image\/jpeg"}],"author":"Juan Ignacio Prieto Nieto","twitter_card":"summary_large_image","twitter_misc":{"Escrito por":"Juan Ignacio Prieto Nieto","Tiempo de lectura":"1 minuto"},"schema":{"@context":"https:\/\/schema.org","@graph":[{"@type":"WebPage","@id":"https:\/\/www.asajacyl.com\/soria\/asaja-soria-informa\/asaja-soria-estudia-emprender-acciones-contra-la-resolucion-de-la-junta-de-prohibir-las-labores-de-cosecha-del-16-al-19-de-julio","url":"https:\/\/www.asajacyl.com\/soria\/asaja-soria-informa\/asaja-soria-estudia-emprender-acciones-contra-la-resolucion-de-la-junta-de-prohibir-las-labores-de-cosecha-del-16-al-19-de-julio","name":"ASAJA Soria emprende acciones contra la resoluci\u00f3n de la Junta de prohibir las labores de cosecha del 16 al 19 de julio - ASAJA Soria","isPartOf":{"@id":"https:\/\/www.asajacyl.com\/soria\/#website"},"primaryImageOfPage":{"@id":"https:\/\/www.asajacyl.com\/soria\/asaja-soria-informa\/asaja-soria-estudia-emprender-acciones-contra-la-resolucion-de-la-junta-de-prohibir-las-labores-de-cosecha-del-16-al-19-de-julio#primaryimage"},"image":{"@id":"https:\/\/www.asajacyl.com\/soria\/asaja-soria-informa\/asaja-soria-estudia-emprender-acciones-contra-la-resolucion-de-la-junta-de-prohibir-las-labores-de-cosecha-del-16-al-19-de-julio#primaryimage"},"thumbnailUrl":"https:\/\/www.asajacyl.com\/soria\/wp-content\/uploads\/sites\/9\/2021\/05\/YEPA3505-cosecha.jpg","datePublished":"2022-07-15T16:57:11+00:00","dateModified":"2022-07-19T07:43:51+00:00","author":{"@id":"https:\/\/www.asajacyl.com\/soria\/#\/schema\/person\/fd3081c40255119ce8133b87e6aedfab"},"description":"La decisi\u00f3n, tomada por unanimidad de la junta directiva, podr\u00eda ser un contencioso administrativo y reclamar los da\u00f1os que supone la parada de la","breadcrumb":{"@id":"https:\/\/www.asajacyl.com\/soria\/asaja-soria-informa\/asaja-soria-estudia-emprender-acciones-contra-la-resolucion-de-la-junta-de-prohibir-las-labores-de-cosecha-del-16-al-19-de-julio#breadcrumb"},"inLanguage":"es","potentialAction":[{"@type":"ReadAction","target":["https:\/\/www.asajacyl.com\/soria\/asaja-soria-informa\/asaja-soria-estudia-emprender-acciones-contra-la-resolucion-de-la-junta-de-prohibir-las-labores-de-cosecha-del-16-al-19-de-julio"]}]},{"@type":"ImageObject","inLanguage":"es","@id":"https:\/\/www.asajacyl.com\/soria\/asaja-soria-informa\/asaja-soria-estudia-emprender-acciones-contra-la-resolucion-de-la-junta-de-prohibir-las-labores-de-cosecha-del-16-al-19-de-julio#primaryimage","url":"https:\/\/www.asajacyl.com\/soria\/wp-content\/uploads\/sites\/9\/2021\/05\/YEPA3505-cosecha.jpg","contentUrl":"https:\/\/www.asajacyl.com\/soria\/wp-content\/uploads\/sites\/9\/2021\/05\/YEPA3505-cosecha.jpg","width":1600,"height":898},{"@type":"BreadcrumbList","@id":"https:\/\/www.asajacyl.com\/soria\/asaja-soria-informa\/asaja-soria-estudia-emprender-acciones-contra-la-resolucion-de-la-junta-de-prohibir-las-labores-de-cosecha-del-16-al-19-de-julio#breadcrumb","itemListElement":[{"@type":"ListItem","position":1,"name":"Portada","item":"https:\/\/www.asajacyl.com\/soria\/"},{"@type":"ListItem","position":2,"name":"ASAJA Soria emprende acciones contra la resoluci\u00f3n de la Junta de prohibir las labores de cosecha del 16 al 19 de julio"}]},{"@type":"WebSite","@id":"https:\/\/www.asajacyl.com\/soria\/#website","url":"https:\/\/www.asajacyl.com\/soria\/","name":"ASAJA Soria","description":"Otro sitio m\u00e1s de Provincias ASAJA Castilla y Le\u00f3n","potentialAction":[{"@type":"SearchAction","target":{"@type":"EntryPoint","urlTemplate":"https:\/\/www.asajacyl.com\/soria\/?s={search_term_string}"},"query-input":{"@type":"PropertyValueSpecification","valueRequired":true,"valueName":"search_term_string"}}],"inLanguage":"es"},{"@type":"Person","@id":"https:\/\/www.asajacyl.com\/soria\/#\/schema\/person\/fd3081c40255119ce8133b87e6aedfab","name":"Juan Ignacio Prieto Nieto","image":{"@type":"ImageObject","inLanguage":"es","@id":"https:\/\/www.asajacyl.com\/soria\/#\/schema\/person\/image\/","url":"https:\/\/secure.gravatar.com\/avatar\/8266b36e4d9001acb4700699a2468dc8?s=96&d=mm&r=g","contentUrl":"https:\/\/secure.gravatar.com\/avatar\/8266b36e4d9001acb4700699a2468dc8?s=96&d=mm&r=g","caption":"Juan Ignacio Prieto Nieto"},"url":"https:\/\/www.asajacyl.com\/soria\/author\/juanfranciscoby"}]}},"_links":{"self":[{"href":"https:\/\/www.asajacyl.com\/soria\/wp-json\/wp\/v2\/posts\/5894"}],"collection":[{"href":"https:\/\/www.asajacyl.com\/soria\/wp-json\/wp\/v2\/posts"}],"about":[{"href":"https:\/\/www.asajacyl.com\/soria\/wp-json\/wp\/v2\/types\/post"}],"author":[{"embeddable":true,"href":"https:\/\/www.asajacyl.com\/soria\/wp-json\/wp\/v2\/users\/12"}],"replies":[{"embeddable":true,"href":"https:\/\/www.asajacyl.com\/soria\/wp-json\/wp\/v2\/comments?post=5894"}],"version-history":[{"count":10,"href":"https:\/\/www.asajacyl.com\/soria\/wp-json\/wp\/v2\/posts\/5894\/revisions"}],"predecessor-version":[{"id":5907,"href":"https:\/\/www.asajacyl.com\/soria\/wp-json\/wp\/v2\/posts\/5894\/revisions\/5907"}],"wp:featuredmedia":[{"embeddable":true,"href":"https:\/\/www.asajacyl.com\/soria\/wp-json\/wp\/v2\/media\/4502"}],"wp:attachment":[{"href":"https:\/\/www.asajacyl.com\/soria\/wp-json\/wp\/v2\/media?parent=5894"}],"wp:term":[{"taxonomy":"category","embeddable":true,"href":"https:\/\/www.asajacyl.com\/soria\/wp-json\/wp\/v2\/categories?post=5894"},{"taxonomy":"post_tag","embeddable":true,"href":"https:\/\/www.asajacyl.com\/soria\/wp-json\/wp\/v2\/tags?post=5894"}],"curies":[{"name":"wp","href":"https:\/\/api.w.org\/{rel}","templated":true}]}}