{"id":5909,"date":"2022-07-19T09:43:26","date_gmt":"2022-07-19T07:43:26","guid":{"rendered":"https:\/\/www.asajacyl.com\/soria\/?p=5909"},"modified":"2022-07-22T22:04:31","modified_gmt":"2022-07-22T20:04:31","slug":"asaja-soria-impugnara-la-resolucion-que-prohibia-la-cosecha","status":"publish","type":"post","link":"https:\/\/www.asajacyl.com\/soria\/asaja-soria-informa\/asaja-soria-impugnara-la-resolucion-que-prohibia-la-cosecha","title":{"rendered":"ASAJA Soria impugnar\u00e1 la resoluci\u00f3n que prohib\u00eda la cosecha"},"content":{"rendered":"\n<h2><em>La Organizaci\u00f3n coordinar\u00e1 adem\u00e1s las reclamaciones de responsabilidad patrimonial ante la Junta por los da\u00f1os y perjuicios que la decisi\u00f3n haya podido causar<\/em><\/h2>\n<p style=\"text-align: justify\">La semana pasada la Direcci\u00f3n General de Patrimonio Natural y Pol\u00edtica Forestal de la Consejer\u00eda de Medio Ambiente dict\u00f3 una resoluci\u00f3n por la que se declaraba la situaci\u00f3n de alarma por riesgo meteorol\u00f3gico de incendios forestales, que inclu\u00eda las restricciones del cosechado del 16 a 19 de julio.<\/p>\n<p style=\"text-align: justify\">ASAJA Soria, desde el primer momento, se opuso a esta restricci\u00f3n y pidi\u00f3 que no se prohibieran las operaciones vinculadas a la siega. Adem\u00e1s, considera que se han vulnerado derechos fundamentales como el del trabajo y el de libertad de movilidad, al imponerse una prohibici\u00f3n que no deber\u00eda haber pasado de recomendaci\u00f3n de m\u00e1ximas precauciones; medidas que siempre entran dentro de la rutina habitual de la recolecci\u00f3n en el verano por parte de los agricultores.<\/p>\n<p style=\"text-align: justify\">La OPA ha decidido impugnar ante el Tribunal Superior de Justicia de Castilla y Le\u00f3n la resoluci\u00f3n, y a la vez coordinar\u00e1 las reclamaciones de responsabilidad patrimonial de todos los socios de ASAJA Soria por los da\u00f1os y perjuicios que la decisi\u00f3n haya podido causar.<\/p>\n<p style=\"text-align: justify\">Para esta acci\u00f3n conjunta ser\u00e1 imprescindible la recopilaci\u00f3n de todas las justificaciones o pruebas que demuestren la existencia de da\u00f1os, como p\u00e9rdida de cosecha por siniestros posteriores (pedrisco, incendio, caza\u2026), gastos en restauraci\u00f3n y hoteles de los profesionales contratados, as\u00ed como la maquinaria contratada que no dispone de tiempo ilimitado, seguridad social, etc\u00e9tera.<\/p>\n<p style=\"text-align: justify\">ASAJA Soria, como siempre, ha mantenido que es imposible no asumir el riesgo que supone la cosecha del cereal en plena \u00e9poca estival, pues no hay otro modo de hacerlo, de tal modo que se debe anteponer la producci\u00f3n de alimentos a la hora de valorar la asunci\u00f3n de estos insoslayables riesgos.<\/p>\n<p style=\"text-align: justify\">Adem\u00e1s, ASAJA Soria considera que estas restricciones criminalizan a nuestro sector al prohibir su actividad, a pesar de que el agricultor pone siempre el m\u00e1ximo cuidado, y a la vez no se proh\u00edba (ya que solo se recomienda) evitar hacer actividades de ocio o circular con veh\u00edculos a motor por el monte y sus inmediaciones, que tan graves incendios han ocasionado en numerosas ocasiones.<\/p>\n","protected":false},"excerpt":{"rendered":"<p>La Organizaci\u00f3n coordinar\u00e1 adem\u00e1s las reclamaciones de responsabilidad patrimonial ante la Junta por los da\u00f1os y perjuicios que la decisi\u00f3n haya podido causar La semana pasada la Direcci\u00f3n General de Patrimonio Natural y Pol\u00edtica Forestal de la Consejer\u00eda de Medio Ambiente dict\u00f3 una resoluci\u00f3n por la que se declaraba la situaci\u00f3n de alarma por riesgo [&hellip;]<\/p>\n","protected":false},"author":12,"featured_media":5910,"comment_status":"open","ping_status":"open","sticky":false,"template":"","format":"standard","meta":{"footnotes":""},"categories":[10,25],"tags":[],"yoast_head":"<!-- This site is optimized with the Yoast SEO plugin v24.5 - https:\/\/yoast.com\/wordpress\/plugins\/seo\/ -->\n<title>ASAJA Soria impugnar\u00e1 la resoluci\u00f3n que prohib\u00eda la cosecha - ASAJA Soria<\/title>\n<meta name=\"description\" content=\"La Organizaci\u00f3n coordinar\u00e1 adem\u00e1s las reclamaciones de responsabilidad patrimonial ante la Junta por los da\u00f1os y perjuicios que la decisi\u00f3n haya podido\" \/>\n<meta name=\"robots\" content=\"index, follow, max-snippet:-1, max-image-preview:large, max-video-preview:-1\" \/>\n<link rel=\"canonical\" href=\"https:\/\/www.asajacyl.com\/soria\/asaja-soria-informa\/asaja-soria-impugnara-la-resolucion-que-prohibia-la-cosecha\" \/>\n<meta property=\"og:locale\" content=\"es_ES\" \/>\n<meta property=\"og:type\" content=\"article\" \/>\n<meta property=\"og:title\" content=\"ASAJA Soria impugnar\u00e1 la resoluci\u00f3n que prohib\u00eda la cosecha - ASAJA Soria\" \/>\n<meta property=\"og:description\" content=\"La Organizaci\u00f3n coordinar\u00e1 adem\u00e1s las reclamaciones de responsabilidad patrimonial ante la Junta por los da\u00f1os y perjuicios que la decisi\u00f3n haya podido\" \/>\n<meta property=\"og:url\" content=\"https:\/\/www.asajacyl.com\/soria\/asaja-soria-informa\/asaja-soria-impugnara-la-resolucion-que-prohibia-la-cosecha\" \/>\n<meta property=\"og:site_name\" content=\"ASAJA Soria\" \/>\n<meta property=\"article:published_time\" content=\"2022-07-19T07:43:26+00:00\" \/>\n<meta property=\"article:modified_time\" content=\"2022-07-22T20:04:31+00:00\" \/>\n<meta property=\"og:image\" content=\"https:\/\/www.asajacyl.com\/soria\/wp-content\/uploads\/sites\/9\/2022\/07\/cosechadora-2.jpg\" \/>\n\t<meta property=\"og:image:width\" content=\"2500\" \/>\n\t<meta property=\"og:image:height\" content=\"1849\" \/>\n\t<meta property=\"og:image:type\" content=\"image\/jpeg\" \/>\n<meta name=\"author\" content=\"Juan Ignacio Prieto Nieto\" \/>\n<meta name=\"twitter:card\" content=\"summary_large_image\" \/>\n<meta name=\"twitter:label1\" content=\"Escrito por\" \/>\n\t<meta name=\"twitter:data1\" content=\"Juan Ignacio Prieto Nieto\" \/>\n\t<meta name=\"twitter:label2\" content=\"Tiempo de lectura\" \/>\n\t<meta name=\"twitter:data2\" content=\"2 minutos\" \/>\n<script type=\"application\/ld+json\" class=\"yoast-schema-graph\">{\"@context\":\"https:\/\/schema.org\",\"@graph\":[{\"@type\":\"WebPage\",\"@id\":\"https:\/\/www.asajacyl.com\/soria\/asaja-soria-informa\/asaja-soria-impugnara-la-resolucion-que-prohibia-la-cosecha\",\"url\":\"https:\/\/www.asajacyl.com\/soria\/asaja-soria-informa\/asaja-soria-impugnara-la-resolucion-que-prohibia-la-cosecha\",\"name\":\"ASAJA Soria impugnar\u00e1 la resoluci\u00f3n que prohib\u00eda la cosecha - ASAJA Soria\",\"isPartOf\":{\"@id\":\"https:\/\/www.asajacyl.com\/soria\/#website\"},\"primaryImageOfPage\":{\"@id\":\"https:\/\/www.asajacyl.com\/soria\/asaja-soria-informa\/asaja-soria-impugnara-la-resolucion-que-prohibia-la-cosecha#primaryimage\"},\"image\":{\"@id\":\"https:\/\/www.asajacyl.com\/soria\/asaja-soria-informa\/asaja-soria-impugnara-la-resolucion-que-prohibia-la-cosecha#primaryimage\"},\"thumbnailUrl\":\"https:\/\/www.asajacyl.com\/soria\/wp-content\/uploads\/sites\/9\/2022\/07\/cosechadora-2.jpg\",\"datePublished\":\"2022-07-19T07:43:26+00:00\",\"dateModified\":\"2022-07-22T20:04:31+00:00\",\"author\":{\"@id\":\"https:\/\/www.asajacyl.com\/soria\/#\/schema\/person\/fd3081c40255119ce8133b87e6aedfab\"},\"description\":\"La Organizaci\u00f3n coordinar\u00e1 adem\u00e1s las reclamaciones de responsabilidad patrimonial ante la Junta por los da\u00f1os y perjuicios que la decisi\u00f3n haya podido\",\"breadcrumb\":{\"@id\":\"https:\/\/www.asajacyl.com\/soria\/asaja-soria-informa\/asaja-soria-impugnara-la-resolucion-que-prohibia-la-cosecha#breadcrumb\"},\"inLanguage\":\"es\",\"potentialAction\":[{\"@type\":\"ReadAction\",\"target\":[\"https:\/\/www.asajacyl.com\/soria\/asaja-soria-informa\/asaja-soria-impugnara-la-resolucion-que-prohibia-la-cosecha\"]}]},{\"@type\":\"ImageObject\",\"inLanguage\":\"es\",\"@id\":\"https:\/\/www.asajacyl.com\/soria\/asaja-soria-informa\/asaja-soria-impugnara-la-resolucion-que-prohibia-la-cosecha#primaryimage\",\"url\":\"https:\/\/www.asajacyl.com\/soria\/wp-content\/uploads\/sites\/9\/2022\/07\/cosechadora-2.jpg\",\"contentUrl\":\"https:\/\/www.asajacyl.com\/soria\/wp-content\/uploads\/sites\/9\/2022\/07\/cosechadora-2.jpg\",\"width\":2500,\"height\":1849},{\"@type\":\"BreadcrumbList\",\"@id\":\"https:\/\/www.asajacyl.com\/soria\/asaja-soria-informa\/asaja-soria-impugnara-la-resolucion-que-prohibia-la-cosecha#breadcrumb\",\"itemListElement\":[{\"@type\":\"ListItem\",\"position\":1,\"name\":\"Portada\",\"item\":\"https:\/\/www.asajacyl.com\/soria\/\"},{\"@type\":\"ListItem\",\"position\":2,\"name\":\"ASAJA Soria impugnar\u00e1 la resoluci\u00f3n que prohib\u00eda la cosecha\"}]},{\"@type\":\"WebSite\",\"@id\":\"https:\/\/www.asajacyl.com\/soria\/#website\",\"url\":\"https:\/\/www.asajacyl.com\/soria\/\",\"name\":\"ASAJA Soria\",\"description\":\"Otro sitio m\u00e1s de Provincias ASAJA Castilla y Le\u00f3n\",\"potentialAction\":[{\"@type\":\"SearchAction\",\"target\":{\"@type\":\"EntryPoint\",\"urlTemplate\":\"https:\/\/www.asajacyl.com\/soria\/?s={search_term_string}\"},\"query-input\":{\"@type\":\"PropertyValueSpecification\",\"valueRequired\":true,\"valueName\":\"search_term_string\"}}],\"inLanguage\":\"es\"},{\"@type\":\"Person\",\"@id\":\"https:\/\/www.asajacyl.com\/soria\/#\/schema\/person\/fd3081c40255119ce8133b87e6aedfab\",\"name\":\"Juan Ignacio Prieto Nieto\",\"image\":{\"@type\":\"ImageObject\",\"inLanguage\":\"es\",\"@id\":\"https:\/\/www.asajacyl.com\/soria\/#\/schema\/person\/image\/\",\"url\":\"https:\/\/secure.gravatar.com\/avatar\/8266b36e4d9001acb4700699a2468dc8?s=96&d=mm&r=g\",\"contentUrl\":\"https:\/\/secure.gravatar.com\/avatar\/8266b36e4d9001acb4700699a2468dc8?s=96&d=mm&r=g\",\"caption\":\"Juan Ignacio Prieto Nieto\"},\"url\":\"https:\/\/www.asajacyl.com\/soria\/author\/juanfranciscoby\"}]}<\/script>\n<!-- \/ Yoast SEO plugin. -->","yoast_head_json":{"title":"ASAJA Soria impugnar\u00e1 la resoluci\u00f3n que prohib\u00eda la cosecha - ASAJA Soria","description":"La Organizaci\u00f3n coordinar\u00e1 adem\u00e1s las reclamaciones de responsabilidad patrimonial ante la Junta por los da\u00f1os y perjuicios que la decisi\u00f3n haya podido","robots":{"index":"index","follow":"follow","max-snippet":"max-snippet:-1","max-image-preview":"max-image-preview:large","max-video-preview":"max-video-preview:-1"},"canonical":"https:\/\/www.asajacyl.com\/soria\/asaja-soria-informa\/asaja-soria-impugnara-la-resolucion-que-prohibia-la-cosecha","og_locale":"es_ES","og_type":"article","og_title":"ASAJA Soria impugnar\u00e1 la resoluci\u00f3n que prohib\u00eda la cosecha - ASAJA Soria","og_description":"La Organizaci\u00f3n coordinar\u00e1 adem\u00e1s las reclamaciones de responsabilidad patrimonial ante la Junta por los da\u00f1os y perjuicios que la decisi\u00f3n haya podido","og_url":"https:\/\/www.asajacyl.com\/soria\/asaja-soria-informa\/asaja-soria-impugnara-la-resolucion-que-prohibia-la-cosecha","og_site_name":"ASAJA Soria","article_published_time":"2022-07-19T07:43:26+00:00","article_modified_time":"2022-07-22T20:04:31+00:00","og_image":[{"width":2500,"height":1849,"url":"https:\/\/www.asajacyl.com\/soria\/wp-content\/uploads\/sites\/9\/2022\/07\/cosechadora-2.jpg","type":"image\/jpeg"}],"author":"Juan Ignacio Prieto Nieto","twitter_card":"summary_large_image","twitter_misc":{"Escrito por":"Juan Ignacio Prieto Nieto","Tiempo de lectura":"2 minutos"},"schema":{"@context":"https:\/\/schema.org","@graph":[{"@type":"WebPage","@id":"https:\/\/www.asajacyl.com\/soria\/asaja-soria-informa\/asaja-soria-impugnara-la-resolucion-que-prohibia-la-cosecha","url":"https:\/\/www.asajacyl.com\/soria\/asaja-soria-informa\/asaja-soria-impugnara-la-resolucion-que-prohibia-la-cosecha","name":"ASAJA Soria impugnar\u00e1 la resoluci\u00f3n que prohib\u00eda la cosecha - ASAJA Soria","isPartOf":{"@id":"https:\/\/www.asajacyl.com\/soria\/#website"},"primaryImageOfPage":{"@id":"https:\/\/www.asajacyl.com\/soria\/asaja-soria-informa\/asaja-soria-impugnara-la-resolucion-que-prohibia-la-cosecha#primaryimage"},"image":{"@id":"https:\/\/www.asajacyl.com\/soria\/asaja-soria-informa\/asaja-soria-impugnara-la-resolucion-que-prohibia-la-cosecha#primaryimage"},"thumbnailUrl":"https:\/\/www.asajacyl.com\/soria\/wp-content\/uploads\/sites\/9\/2022\/07\/cosechadora-2.jpg","datePublished":"2022-07-19T07:43:26+00:00","dateModified":"2022-07-22T20:04:31+00:00","author":{"@id":"https:\/\/www.asajacyl.com\/soria\/#\/schema\/person\/fd3081c40255119ce8133b87e6aedfab"},"description":"La Organizaci\u00f3n coordinar\u00e1 adem\u00e1s las reclamaciones de responsabilidad patrimonial ante la Junta por los da\u00f1os y perjuicios que la decisi\u00f3n haya podido","breadcrumb":{"@id":"https:\/\/www.asajacyl.com\/soria\/asaja-soria-informa\/asaja-soria-impugnara-la-resolucion-que-prohibia-la-cosecha#breadcrumb"},"inLanguage":"es","potentialAction":[{"@type":"ReadAction","target":["https:\/\/www.asajacyl.com\/soria\/asaja-soria-informa\/asaja-soria-impugnara-la-resolucion-que-prohibia-la-cosecha"]}]},{"@type":"ImageObject","inLanguage":"es","@id":"https:\/\/www.asajacyl.com\/soria\/asaja-soria-informa\/asaja-soria-impugnara-la-resolucion-que-prohibia-la-cosecha#primaryimage","url":"https:\/\/www.asajacyl.com\/soria\/wp-content\/uploads\/sites\/9\/2022\/07\/cosechadora-2.jpg","contentUrl":"https:\/\/www.asajacyl.com\/soria\/wp-content\/uploads\/sites\/9\/2022\/07\/cosechadora-2.jpg","width":2500,"height":1849},{"@type":"BreadcrumbList","@id":"https:\/\/www.asajacyl.com\/soria\/asaja-soria-informa\/asaja-soria-impugnara-la-resolucion-que-prohibia-la-cosecha#breadcrumb","itemListElement":[{"@type":"ListItem","position":1,"name":"Portada","item":"https:\/\/www.asajacyl.com\/soria\/"},{"@type":"ListItem","position":2,"name":"ASAJA Soria impugnar\u00e1 la resoluci\u00f3n que prohib\u00eda la cosecha"}]},{"@type":"WebSite","@id":"https:\/\/www.asajacyl.com\/soria\/#website","url":"https:\/\/www.asajacyl.com\/soria\/","name":"ASAJA Soria","description":"Otro sitio m\u00e1s de Provincias ASAJA Castilla y Le\u00f3n","potentialAction":[{"@type":"SearchAction","target":{"@type":"EntryPoint","urlTemplate":"https:\/\/www.asajacyl.com\/soria\/?s={search_term_string}"},"query-input":{"@type":"PropertyValueSpecification","valueRequired":true,"valueName":"search_term_string"}}],"inLanguage":"es"},{"@type":"Person","@id":"https:\/\/www.asajacyl.com\/soria\/#\/schema\/person\/fd3081c40255119ce8133b87e6aedfab","name":"Juan Ignacio Prieto Nieto","image":{"@type":"ImageObject","inLanguage":"es","@id":"https:\/\/www.asajacyl.com\/soria\/#\/schema\/person\/image\/","url":"https:\/\/secure.gravatar.com\/avatar\/8266b36e4d9001acb4700699a2468dc8?s=96&d=mm&r=g","contentUrl":"https:\/\/secure.gravatar.com\/avatar\/8266b36e4d9001acb4700699a2468dc8?s=96&d=mm&r=g","caption":"Juan Ignacio Prieto Nieto"},"url":"https:\/\/www.asajacyl.com\/soria\/author\/juanfranciscoby"}]}},"_links":{"self":[{"href":"https:\/\/www.asajacyl.com\/soria\/wp-json\/wp\/v2\/posts\/5909"}],"collection":[{"href":"https:\/\/www.asajacyl.com\/soria\/wp-json\/wp\/v2\/posts"}],"about":[{"href":"https:\/\/www.asajacyl.com\/soria\/wp-json\/wp\/v2\/types\/post"}],"author":[{"embeddable":true,"href":"https:\/\/www.asajacyl.com\/soria\/wp-json\/wp\/v2\/users\/12"}],"replies":[{"embeddable":true,"href":"https:\/\/www.asajacyl.com\/soria\/wp-json\/wp\/v2\/comments?post=5909"}],"version-history":[{"count":1,"href":"https:\/\/www.asajacyl.com\/soria\/wp-json\/wp\/v2\/posts\/5909\/revisions"}],"predecessor-version":[{"id":5911,"href":"https:\/\/www.asajacyl.com\/soria\/wp-json\/wp\/v2\/posts\/5909\/revisions\/5911"}],"wp:featuredmedia":[{"embeddable":true,"href":"https:\/\/www.asajacyl.com\/soria\/wp-json\/wp\/v2\/media\/5910"}],"wp:attachment":[{"href":"https:\/\/www.asajacyl.com\/soria\/wp-json\/wp\/v2\/media?parent=5909"}],"wp:term":[{"taxonomy":"category","embeddable":true,"href":"https:\/\/www.asajacyl.com\/soria\/wp-json\/wp\/v2\/categories?post=5909"},{"taxonomy":"post_tag","embeddable":true,"href":"https:\/\/www.asajacyl.com\/soria\/wp-json\/wp\/v2\/tags?post=5909"}],"curies":[{"name":"wp","href":"https:\/\/api.w.org\/{rel}","templated":true}]}}