{"id":5912,"date":"2022-07-19T14:37:08","date_gmt":"2022-07-19T12:37:08","guid":{"rendered":"https:\/\/www.asajacyl.com\/soria\/?p=5912"},"modified":"2022-07-22T21:45:40","modified_gmt":"2022-07-22T19:45:40","slug":"la-junta-flexibiliza-las-restricciones-para-la-recoleccion-del-cereal","status":"publish","type":"post","link":"https:\/\/www.asajacyl.com\/soria\/asaja-soria-informa\/la-junta-flexibiliza-las-restricciones-para-la-recoleccion-del-cereal","title":{"rendered":"La Junta flexibiliza las restricciones para la recolecci\u00f3n del cereal"},"content":{"rendered":"\n<h2><em>Se podr\u00e1 cosechar de las 7 de la tarde a las 12 del mediod\u00eda <\/em><\/h2>\n<p style=\"text-align: justify\">La J<span style=\"color: #1e1e1e;background: white\">unta de Castilla y Le\u00f3n flexibiliza las restricciones para cosechar cereal en Castilla y Le\u00f3n a partir de ma\u00f1ana mi\u00e9rcoles 20 de julio. El Gobierno regional permitir\u00e1 cosechar en zonas de menos de 400 metros de montes desde las 19:00 horas hasta las 12:00 horas del mediod\u00eda del d\u00eda siguiente. Esta situaci\u00f3n de alarma se alargar\u00e1 hasta el 24 de julio.<\/span><\/p>\n<p style=\"text-align: justify\"><span style=\"color: #1e1e1e;background: white\">Durante estos d\u00edas, se han sucedido los contactos de ASAJA con la administraci\u00f3n para evitar que siguieran id\u00e9nticas restricciones. Finalmente, las limitaciones no van a ser tan estrictas, y se ha conseguido que los agricultores puedan cosechar en esa franja que va desde las 7 de la tarde hasta las 12 del mediod\u00eda; como siempre, con <\/span>las m\u00e1ximas precauciones que est\u00e1n dentro de la rutina habitual de la recolecci\u00f3n en el verano.<\/p>\n<p style=\"text-align: justify\">Pese a ello, ASAJA Soria continuar\u00e1 con su decisi\u00f3n de impugnar ante el Tribunal Superior de Justicia de Castilla y Le\u00f3n la resoluci\u00f3n anterior que prohibi\u00f3 la cosecha del 16 al 19 de julio, y a la vez coordinar\u00e1 las reclamaciones de responsabilidad patrimonial de todos los socios de la organizaci\u00f3n profesional agraria por los da\u00f1os y perjuicios que la decisi\u00f3n les haya podido causar.<\/p>\n","protected":false},"excerpt":{"rendered":"<p>Se podr\u00e1 cosechar de las 7 de la tarde a las 12 del mediod\u00eda La Junta de Castilla y Le\u00f3n flexibiliza las restricciones para cosechar cereal en Castilla y Le\u00f3n a partir de ma\u00f1ana mi\u00e9rcoles 20 de julio. El Gobierno regional permitir\u00e1 cosechar en zonas de menos de 400 metros de montes desde las 19:00 [&hellip;]<\/p>\n","protected":false},"author":12,"featured_media":5888,"comment_status":"open","ping_status":"open","sticky":false,"template":"","format":"standard","meta":{"footnotes":""},"categories":[10,25],"tags":[],"yoast_head":"<!-- This site is optimized with the Yoast SEO plugin v24.5 - https:\/\/yoast.com\/wordpress\/plugins\/seo\/ -->\n<title>La Junta flexibiliza las restricciones para la recolecci\u00f3n del cereal - ASAJA Soria<\/title>\n<meta name=\"description\" content=\"Se podr\u00e1 cosechar de las 7 de la tarde a las 12 del mediod\u00eda La Junta de Castilla y Le\u00f3n flexibiliza las restricciones para cosechar cereal en Castilla y\" \/>\n<meta name=\"robots\" content=\"index, follow, max-snippet:-1, max-image-preview:large, max-video-preview:-1\" \/>\n<link rel=\"canonical\" href=\"https:\/\/www.asajacyl.com\/soria\/asaja-soria-informa\/la-junta-flexibiliza-las-restricciones-para-la-recoleccion-del-cereal\" \/>\n<meta property=\"og:locale\" content=\"es_ES\" \/>\n<meta property=\"og:type\" content=\"article\" \/>\n<meta property=\"og:title\" content=\"La Junta flexibiliza las restricciones para la recolecci\u00f3n del cereal - ASAJA Soria\" \/>\n<meta property=\"og:description\" content=\"Se podr\u00e1 cosechar de las 7 de la tarde a las 12 del mediod\u00eda La Junta de Castilla y Le\u00f3n flexibiliza las restricciones para cosechar cereal en Castilla y\" \/>\n<meta property=\"og:url\" content=\"https:\/\/www.asajacyl.com\/soria\/asaja-soria-informa\/la-junta-flexibiliza-las-restricciones-para-la-recoleccion-del-cereal\" \/>\n<meta property=\"og:site_name\" content=\"ASAJA Soria\" \/>\n<meta property=\"article:published_time\" content=\"2022-07-19T12:37:08+00:00\" \/>\n<meta property=\"article:modified_time\" content=\"2022-07-22T19:45:40+00:00\" \/>\n<meta property=\"og:image\" content=\"https:\/\/www.asajacyl.com\/soria\/wp-content\/uploads\/sites\/9\/2022\/07\/foto-cosecha-1024x768.jpg\" \/>\n\t<meta property=\"og:image:width\" content=\"1024\" \/>\n\t<meta property=\"og:image:height\" content=\"768\" \/>\n\t<meta property=\"og:image:type\" content=\"image\/jpeg\" \/>\n<meta name=\"author\" content=\"Juan Ignacio Prieto Nieto\" \/>\n<meta name=\"twitter:card\" content=\"summary_large_image\" \/>\n<meta name=\"twitter:label1\" content=\"Escrito por\" \/>\n\t<meta name=\"twitter:data1\" content=\"Juan Ignacio Prieto Nieto\" \/>\n\t<meta name=\"twitter:label2\" content=\"Tiempo de lectura\" \/>\n\t<meta name=\"twitter:data2\" content=\"1 minuto\" \/>\n<script type=\"application\/ld+json\" class=\"yoast-schema-graph\">{\"@context\":\"https:\/\/schema.org\",\"@graph\":[{\"@type\":\"WebPage\",\"@id\":\"https:\/\/www.asajacyl.com\/soria\/asaja-soria-informa\/la-junta-flexibiliza-las-restricciones-para-la-recoleccion-del-cereal\",\"url\":\"https:\/\/www.asajacyl.com\/soria\/asaja-soria-informa\/la-junta-flexibiliza-las-restricciones-para-la-recoleccion-del-cereal\",\"name\":\"La Junta flexibiliza las restricciones para la recolecci\u00f3n del cereal - ASAJA Soria\",\"isPartOf\":{\"@id\":\"https:\/\/www.asajacyl.com\/soria\/#website\"},\"primaryImageOfPage\":{\"@id\":\"https:\/\/www.asajacyl.com\/soria\/asaja-soria-informa\/la-junta-flexibiliza-las-restricciones-para-la-recoleccion-del-cereal#primaryimage\"},\"image\":{\"@id\":\"https:\/\/www.asajacyl.com\/soria\/asaja-soria-informa\/la-junta-flexibiliza-las-restricciones-para-la-recoleccion-del-cereal#primaryimage\"},\"thumbnailUrl\":\"https:\/\/www.asajacyl.com\/soria\/wp-content\/uploads\/sites\/9\/2022\/07\/foto-cosecha.jpg\",\"datePublished\":\"2022-07-19T12:37:08+00:00\",\"dateModified\":\"2022-07-22T19:45:40+00:00\",\"author\":{\"@id\":\"https:\/\/www.asajacyl.com\/soria\/#\/schema\/person\/fd3081c40255119ce8133b87e6aedfab\"},\"description\":\"Se podr\u00e1 cosechar de las 7 de la tarde a las 12 del mediod\u00eda La Junta de Castilla y Le\u00f3n flexibiliza las restricciones para cosechar cereal en Castilla y\",\"breadcrumb\":{\"@id\":\"https:\/\/www.asajacyl.com\/soria\/asaja-soria-informa\/la-junta-flexibiliza-las-restricciones-para-la-recoleccion-del-cereal#breadcrumb\"},\"inLanguage\":\"es\",\"potentialAction\":[{\"@type\":\"ReadAction\",\"target\":[\"https:\/\/www.asajacyl.com\/soria\/asaja-soria-informa\/la-junta-flexibiliza-las-restricciones-para-la-recoleccion-del-cereal\"]}]},{\"@type\":\"ImageObject\",\"inLanguage\":\"es\",\"@id\":\"https:\/\/www.asajacyl.com\/soria\/asaja-soria-informa\/la-junta-flexibiliza-las-restricciones-para-la-recoleccion-del-cereal#primaryimage\",\"url\":\"https:\/\/www.asajacyl.com\/soria\/wp-content\/uploads\/sites\/9\/2022\/07\/foto-cosecha.jpg\",\"contentUrl\":\"https:\/\/www.asajacyl.com\/soria\/wp-content\/uploads\/sites\/9\/2022\/07\/foto-cosecha.jpg\",\"width\":2304,\"height\":1728},{\"@type\":\"BreadcrumbList\",\"@id\":\"https:\/\/www.asajacyl.com\/soria\/asaja-soria-informa\/la-junta-flexibiliza-las-restricciones-para-la-recoleccion-del-cereal#breadcrumb\",\"itemListElement\":[{\"@type\":\"ListItem\",\"position\":1,\"name\":\"Portada\",\"item\":\"https:\/\/www.asajacyl.com\/soria\/\"},{\"@type\":\"ListItem\",\"position\":2,\"name\":\"La Junta flexibiliza las restricciones para la recolecci\u00f3n del cereal\"}]},{\"@type\":\"WebSite\",\"@id\":\"https:\/\/www.asajacyl.com\/soria\/#website\",\"url\":\"https:\/\/www.asajacyl.com\/soria\/\",\"name\":\"ASAJA Soria\",\"description\":\"Otro sitio m\u00e1s de Provincias ASAJA Castilla y Le\u00f3n\",\"potentialAction\":[{\"@type\":\"SearchAction\",\"target\":{\"@type\":\"EntryPoint\",\"urlTemplate\":\"https:\/\/www.asajacyl.com\/soria\/?s={search_term_string}\"},\"query-input\":{\"@type\":\"PropertyValueSpecification\",\"valueRequired\":true,\"valueName\":\"search_term_string\"}}],\"inLanguage\":\"es\"},{\"@type\":\"Person\",\"@id\":\"https:\/\/www.asajacyl.com\/soria\/#\/schema\/person\/fd3081c40255119ce8133b87e6aedfab\",\"name\":\"Juan Ignacio Prieto Nieto\",\"image\":{\"@type\":\"ImageObject\",\"inLanguage\":\"es\",\"@id\":\"https:\/\/www.asajacyl.com\/soria\/#\/schema\/person\/image\/\",\"url\":\"https:\/\/secure.gravatar.com\/avatar\/8266b36e4d9001acb4700699a2468dc8?s=96&d=mm&r=g\",\"contentUrl\":\"https:\/\/secure.gravatar.com\/avatar\/8266b36e4d9001acb4700699a2468dc8?s=96&d=mm&r=g\",\"caption\":\"Juan Ignacio Prieto Nieto\"},\"url\":\"https:\/\/www.asajacyl.com\/soria\/author\/juanfranciscoby\"}]}<\/script>\n<!-- \/ Yoast SEO plugin. -->","yoast_head_json":{"title":"La Junta flexibiliza las restricciones para la recolecci\u00f3n del cereal - ASAJA Soria","description":"Se podr\u00e1 cosechar de las 7 de la tarde a las 12 del mediod\u00eda La Junta de Castilla y Le\u00f3n flexibiliza las restricciones para cosechar cereal en Castilla y","robots":{"index":"index","follow":"follow","max-snippet":"max-snippet:-1","max-image-preview":"max-image-preview:large","max-video-preview":"max-video-preview:-1"},"canonical":"https:\/\/www.asajacyl.com\/soria\/asaja-soria-informa\/la-junta-flexibiliza-las-restricciones-para-la-recoleccion-del-cereal","og_locale":"es_ES","og_type":"article","og_title":"La Junta flexibiliza las restricciones para la recolecci\u00f3n del cereal - ASAJA Soria","og_description":"Se podr\u00e1 cosechar de las 7 de la tarde a las 12 del mediod\u00eda La Junta de Castilla y Le\u00f3n flexibiliza las restricciones para cosechar cereal en Castilla y","og_url":"https:\/\/www.asajacyl.com\/soria\/asaja-soria-informa\/la-junta-flexibiliza-las-restricciones-para-la-recoleccion-del-cereal","og_site_name":"ASAJA Soria","article_published_time":"2022-07-19T12:37:08+00:00","article_modified_time":"2022-07-22T19:45:40+00:00","og_image":[{"width":1024,"height":768,"url":"https:\/\/www.asajacyl.com\/soria\/wp-content\/uploads\/sites\/9\/2022\/07\/foto-cosecha-1024x768.jpg","type":"image\/jpeg"}],"author":"Juan Ignacio Prieto Nieto","twitter_card":"summary_large_image","twitter_misc":{"Escrito por":"Juan Ignacio Prieto Nieto","Tiempo de lectura":"1 minuto"},"schema":{"@context":"https:\/\/schema.org","@graph":[{"@type":"WebPage","@id":"https:\/\/www.asajacyl.com\/soria\/asaja-soria-informa\/la-junta-flexibiliza-las-restricciones-para-la-recoleccion-del-cereal","url":"https:\/\/www.asajacyl.com\/soria\/asaja-soria-informa\/la-junta-flexibiliza-las-restricciones-para-la-recoleccion-del-cereal","name":"La Junta flexibiliza las restricciones para la recolecci\u00f3n del cereal - ASAJA Soria","isPartOf":{"@id":"https:\/\/www.asajacyl.com\/soria\/#website"},"primaryImageOfPage":{"@id":"https:\/\/www.asajacyl.com\/soria\/asaja-soria-informa\/la-junta-flexibiliza-las-restricciones-para-la-recoleccion-del-cereal#primaryimage"},"image":{"@id":"https:\/\/www.asajacyl.com\/soria\/asaja-soria-informa\/la-junta-flexibiliza-las-restricciones-para-la-recoleccion-del-cereal#primaryimage"},"thumbnailUrl":"https:\/\/www.asajacyl.com\/soria\/wp-content\/uploads\/sites\/9\/2022\/07\/foto-cosecha.jpg","datePublished":"2022-07-19T12:37:08+00:00","dateModified":"2022-07-22T19:45:40+00:00","author":{"@id":"https:\/\/www.asajacyl.com\/soria\/#\/schema\/person\/fd3081c40255119ce8133b87e6aedfab"},"description":"Se podr\u00e1 cosechar de las 7 de la tarde a las 12 del mediod\u00eda La Junta de Castilla y Le\u00f3n flexibiliza las restricciones para cosechar cereal en Castilla y","breadcrumb":{"@id":"https:\/\/www.asajacyl.com\/soria\/asaja-soria-informa\/la-junta-flexibiliza-las-restricciones-para-la-recoleccion-del-cereal#breadcrumb"},"inLanguage":"es","potentialAction":[{"@type":"ReadAction","target":["https:\/\/www.asajacyl.com\/soria\/asaja-soria-informa\/la-junta-flexibiliza-las-restricciones-para-la-recoleccion-del-cereal"]}]},{"@type":"ImageObject","inLanguage":"es","@id":"https:\/\/www.asajacyl.com\/soria\/asaja-soria-informa\/la-junta-flexibiliza-las-restricciones-para-la-recoleccion-del-cereal#primaryimage","url":"https:\/\/www.asajacyl.com\/soria\/wp-content\/uploads\/sites\/9\/2022\/07\/foto-cosecha.jpg","contentUrl":"https:\/\/www.asajacyl.com\/soria\/wp-content\/uploads\/sites\/9\/2022\/07\/foto-cosecha.jpg","width":2304,"height":1728},{"@type":"BreadcrumbList","@id":"https:\/\/www.asajacyl.com\/soria\/asaja-soria-informa\/la-junta-flexibiliza-las-restricciones-para-la-recoleccion-del-cereal#breadcrumb","itemListElement":[{"@type":"ListItem","position":1,"name":"Portada","item":"https:\/\/www.asajacyl.com\/soria\/"},{"@type":"ListItem","position":2,"name":"La Junta flexibiliza las restricciones para la recolecci\u00f3n del cereal"}]},{"@type":"WebSite","@id":"https:\/\/www.asajacyl.com\/soria\/#website","url":"https:\/\/www.asajacyl.com\/soria\/","name":"ASAJA Soria","description":"Otro sitio m\u00e1s de Provincias ASAJA Castilla y Le\u00f3n","potentialAction":[{"@type":"SearchAction","target":{"@type":"EntryPoint","urlTemplate":"https:\/\/www.asajacyl.com\/soria\/?s={search_term_string}"},"query-input":{"@type":"PropertyValueSpecification","valueRequired":true,"valueName":"search_term_string"}}],"inLanguage":"es"},{"@type":"Person","@id":"https:\/\/www.asajacyl.com\/soria\/#\/schema\/person\/fd3081c40255119ce8133b87e6aedfab","name":"Juan Ignacio Prieto Nieto","image":{"@type":"ImageObject","inLanguage":"es","@id":"https:\/\/www.asajacyl.com\/soria\/#\/schema\/person\/image\/","url":"https:\/\/secure.gravatar.com\/avatar\/8266b36e4d9001acb4700699a2468dc8?s=96&d=mm&r=g","contentUrl":"https:\/\/secure.gravatar.com\/avatar\/8266b36e4d9001acb4700699a2468dc8?s=96&d=mm&r=g","caption":"Juan Ignacio Prieto Nieto"},"url":"https:\/\/www.asajacyl.com\/soria\/author\/juanfranciscoby"}]}},"_links":{"self":[{"href":"https:\/\/www.asajacyl.com\/soria\/wp-json\/wp\/v2\/posts\/5912"}],"collection":[{"href":"https:\/\/www.asajacyl.com\/soria\/wp-json\/wp\/v2\/posts"}],"about":[{"href":"https:\/\/www.asajacyl.com\/soria\/wp-json\/wp\/v2\/types\/post"}],"author":[{"embeddable":true,"href":"https:\/\/www.asajacyl.com\/soria\/wp-json\/wp\/v2\/users\/12"}],"replies":[{"embeddable":true,"href":"https:\/\/www.asajacyl.com\/soria\/wp-json\/wp\/v2\/comments?post=5912"}],"version-history":[{"count":1,"href":"https:\/\/www.asajacyl.com\/soria\/wp-json\/wp\/v2\/posts\/5912\/revisions"}],"predecessor-version":[{"id":5913,"href":"https:\/\/www.asajacyl.com\/soria\/wp-json\/wp\/v2\/posts\/5912\/revisions\/5913"}],"wp:featuredmedia":[{"embeddable":true,"href":"https:\/\/www.asajacyl.com\/soria\/wp-json\/wp\/v2\/media\/5888"}],"wp:attachment":[{"href":"https:\/\/www.asajacyl.com\/soria\/wp-json\/wp\/v2\/media?parent=5912"}],"wp:term":[{"taxonomy":"category","embeddable":true,"href":"https:\/\/www.asajacyl.com\/soria\/wp-json\/wp\/v2\/categories?post=5912"},{"taxonomy":"post_tag","embeddable":true,"href":"https:\/\/www.asajacyl.com\/soria\/wp-json\/wp\/v2\/tags?post=5912"}],"curies":[{"name":"wp","href":"https:\/\/api.w.org\/{rel}","templated":true}]}}