{"id":5935,"date":"2022-07-28T13:56:46","date_gmt":"2022-07-28T11:56:46","guid":{"rendered":"https:\/\/www.asajacyl.com\/soria\/?p=5935"},"modified":"2022-07-28T13:59:40","modified_gmt":"2022-07-28T11:59:40","slug":"asaja-convoca-sendos-concursos-de-pintura-y-fotografia-para-ninos-y-jovenes","status":"publish","type":"post","link":"https:\/\/www.asajacyl.com\/soria\/asaja-soria-informa\/asaja-convoca-sendos-concursos-de-pintura-y-fotografia-para-ninos-y-jovenes","title":{"rendered":"Recta final para los concursos de pintura y fotograf\u00eda para ni\u00f1os y j\u00f3venes"},"content":{"rendered":"\n<h2>Hasta el pr\u00f3ximo 9 de septiembre est\u00e1 abierto el plazo de presentaci\u00f3n de trabajos para los dos concursos dirigidos a ni\u00f1os y j\u00f3venes que cada a\u00f1o organiza ASAJA de Castilla y Le\u00f3n. Con estos concursos, que cuentan con la colaboraci\u00f3n de la Fundaci\u00f3n De Castilla y Le\u00f3n, ASAJA quiere implicar a los m\u00e1s j\u00f3venes en la construcci\u00f3n del futuro de nuestros pueblos, para que valoren todo lo bueno que atesora el mundo rural.<\/h2>\n<p>Como es habitual, el plazo de los concursos coincide con los meses de verano, cuando m\u00e1s juventud se re\u00fane en los pueblos, sumando a los ni\u00f1os y j\u00f3venes que tienen en el medio rural su residencia permanente otros muchos que pasan sus vacaciones con su familia en sus localidades de origen.<\/p>\n<p><img loading=\"lazy\" decoding=\"async\" class=\"size-medium wp-image-20468 alignright td-animation-stack-type0-2\" src=\"https:\/\/www.asajacyl.com\/wp-content\/uploads\/2022\/06\/concursos-2022-269x300.jpg\" alt=\"\" width=\"269\" height=\"300\" \/>As\u00ed, se convoca el concurso de pintura \u201cAs\u00ed es mi pueblo\u201d\u00a0<strong>para ni\u00f1os de hasta 12 a\u00f1os, que este a\u00f1o cumple su XXIV edici\u00f3n<\/strong>. Con este certamen se pretende que los peque\u00f1os muestren sobre el papel el d\u00eda a d\u00eda de los pueblos y campos de Castilla y Le\u00f3n, dibujando motivos agrarios y ganaderos, paisajes, personas o cualquier otro aspecto de la vida rural.<\/p>\n<p>Por otra parte,\u00a0<strong>se convoca la XIV edici\u00f3n del concurso de fotograf\u00eda<\/strong>\u00a0\u201cMi pueblo, mi gente\u201d\u00a0<strong>para j\u00f3venes entre 13 y 17 a\u00f1os<\/strong>. El objetivo de este concurso es que los m\u00e1s j\u00f3venes muestren en fotograf\u00edas el d\u00eda a d\u00eda de los pueblos, \u2018capturando\u2019 con sus c\u00e1maras y m\u00f3viles tanto los campos y paisajes como las personas que en esos espacios viven y trabajan.<\/p>\n<p>El plazo de presentaci\u00f3n de los trabajos finalizar\u00e1 el viernes 9 de septiembre. Los sobres con los dibujos deben ser enviados a ASAJA de Castilla y Le\u00f3n (Calle H\u00edpica, n\u00ba1, entreplanta. Valladolid 47007), y en el concurso de fotograf\u00eda tienen que hacerse llegar a trav\u00e9s del correo electr\u00f3nico (concursos@asajacyl.com). El fallo se dar\u00e1 a conocer a trav\u00e9s del peri\u00f3dico de la organizaci\u00f3n agraria, en el cual se reproducir\u00e1n los trabajos premiados. Adem\u00e1s, todos los que env\u00eden sus dibujos o ideas recibir\u00e1n un detalle en agradecimiento a su participaci\u00f3n.<\/p>\n<p>\u00a0<\/p>\n<p><strong>XXIV Concurso de Pintura Infantil \u201cAs\u00ed es mi pueblo\u201d<\/strong><\/p>\n<ol>\n<li>Los trabajos mostrar\u00e1n el d\u00eda a d\u00eda de los campos y pueblos de Castilla y Le\u00f3n, ya sean motivos agrarios y ganadero o bien cualquier otro aspecto cotidiano de la vida rural.<\/li>\n<li>La t\u00e9cnica ser\u00e1 libre, admiti\u00e9ndose cualquier tipo de dibujo, pintura o t\u00e9cnicas como el collage u otras. El soporte elegido ser\u00e1 papel o cart\u00f3n con las medidas de un A4 (un folio normal).<\/li>\n<li>Se establecen tres categor\u00edas. La primera ser\u00e1 para ni\u00f1os y ni\u00f1as de hasta 5 a\u00f1os; la segunda de 6 a 9 a\u00f1os, y la tercera de 10 a 12 a\u00f1os de edad.<\/li>\n<li>El fallo del concurso se dar\u00e1 a conocer en el peri\u00f3dico Campo Regional, en el que se reproducir\u00e1n los mejores trabajos.<\/li>\n<li>Premios:<\/li>\n<\/ol>\n<p>Hasta 5 a\u00f1os<\/p>\n<p>1\u00ba Tablet educativo y material de pintura<\/p>\n<p>2\u00ba Material de pintura, juego y libros<\/p>\n<p>De 6 a 9 a\u00f1os<\/p>\n<p>1\u00ba Reloj inteligente (smartwatch) y material de pintura<\/p>\n<p>2\u00ba Material de pintura, juego y libros<\/p>\n<p>De 10 a 12 a\u00f1os<\/p>\n<p>1\u00ba Reloj inteligente (smartwatch) y material de pintura<\/p>\n<p>2\u00ba Material de pintura, juego y libros<\/p>\n<p><strong>Los trabajos, junto con el\u00a0<u>nombre, direcci\u00f3n, edad y tel\u00e9fono<\/u>\u00a0del concursante, hay que enviarlos antes del\u00a0<u>9<\/u><\/strong><strong><u>\u00a0de septiembre de 2022<\/u>\u00a0a ASAJA de Castilla y Le\u00f3n \/ Concurso de Pintura. Calle H\u00edpica, n\u00ba 1, entreplanta. Valladolid \u2013 47.007.<\/strong><\/p>\n<p><strong>\u00a0<\/strong><\/p>\n<p><strong>XIV Concurso de Fotograf\u00eda juvenil \u201cMi pueblo, mi gente\u201d<\/strong><\/p>\n<ol>\n<li>El objetivo de este concurso es que los m\u00e1s j\u00f3venes muestren en fotograf\u00edas diferentes aspectos de los pueblos en los que residen o veranean. Queremos que los j\u00f3venes capten esas im\u00e1genes de los pueblos y gentes de Castilla y Le\u00f3n, reflejando tanto a los paisajes como a las personas que en esos espacios viven y trabajan.<\/li>\n<li>Se admitir\u00e1n tanto fotograf\u00edas sueltas como colecciones de fotograf\u00edas. Pueden enviarse las fotos tanto en papel como en formato digital.<\/li>\n<li>Podr\u00e1n concursar chicos y chicas que tengan entre 13 y 17 a\u00f1os de edad.<\/li>\n<li>El fallo del concurso se dar\u00e1 a conocer en el peri\u00f3dico Campo Regional, en el que se reproducir\u00e1n los mejores trabajos.<\/li>\n<li>Premios:<\/li>\n<\/ol>\n<p>Un premio \u00fanico de 200 euros<\/p>\n<p>Dos acc\u00e9sits de 120 euros<\/p>\n<p><strong>Las fotos, junto con el\u00a0<u>nombre, direcci\u00f3n, edad y tel\u00e9fono<\/u>\u00a0del concursante, hay que enviarlas antes del\u00a0<u>9<\/u><\/strong><strong><u>\u00a0de septiembre de 2022\u00a0<\/u>a ASAJA de Castilla y Le\u00f3n a trav\u00e9s del<\/strong><strong>\u00a0correo electr\u00f3nico\u00a0<u><a href=\"mailto:concursos@asajacyl.com\">concursos@asajacyl.com<\/a><\/u>.\u00a0<\/strong><\/p>\n<p>Aqu\u00ed tienes todos los detalles en un cartel:<\/p>\n<p><a href=\"https:\/\/www.asajacyl.com\/wp-content\/uploads\/2022\/06\/Concursos-2022-A3.pdf\">Concursos 2022 A3<\/a><\/p>\n","protected":false},"excerpt":{"rendered":"<p>Hasta el pr\u00f3ximo 9 de septiembre est\u00e1 abierto el plazo de presentaci\u00f3n de trabajos para los dos concursos dirigidos a ni\u00f1os y j\u00f3venes que cada a\u00f1o organiza ASAJA de Castilla y Le\u00f3n. Con estos concursos, que cuentan con la colaboraci\u00f3n de la Fundaci\u00f3n De Castilla y Le\u00f3n, ASAJA quiere implicar a los m\u00e1s j\u00f3venes en [&hellip;]<\/p>\n","protected":false},"author":12,"featured_media":4608,"comment_status":"open","ping_status":"open","sticky":false,"template":"","format":"standard","meta":{"footnotes":""},"categories":[10,25],"tags":[],"yoast_head":"<!-- This site is optimized with the Yoast SEO plugin v24.5 - https:\/\/yoast.com\/wordpress\/plugins\/seo\/ -->\n<title>Recta final para los concursos de pintura y fotograf\u00eda para ni\u00f1os y j\u00f3venes - ASAJA Soria<\/title>\n<meta name=\"description\" content=\"Hasta el pr\u00f3ximo 9 de septiembre est\u00e1 abierto el plazo de presentaci\u00f3n de trabajos para los dos concursos dirigidos a ni\u00f1os y j\u00f3venes que cada a\u00f1o\" \/>\n<meta name=\"robots\" content=\"index, follow, max-snippet:-1, max-image-preview:large, max-video-preview:-1\" \/>\n<link rel=\"canonical\" href=\"https:\/\/www.asajacyl.com\/soria\/asaja-soria-informa\/asaja-convoca-sendos-concursos-de-pintura-y-fotografia-para-ninos-y-jovenes\" \/>\n<meta property=\"og:locale\" content=\"es_ES\" \/>\n<meta property=\"og:type\" content=\"article\" \/>\n<meta property=\"og:title\" content=\"Recta final para los concursos de pintura y fotograf\u00eda para ni\u00f1os y j\u00f3venes - ASAJA Soria\" \/>\n<meta property=\"og:description\" content=\"Hasta el pr\u00f3ximo 9 de septiembre est\u00e1 abierto el plazo de presentaci\u00f3n de trabajos para los dos concursos dirigidos a ni\u00f1os y j\u00f3venes que cada a\u00f1o\" \/>\n<meta property=\"og:url\" content=\"https:\/\/www.asajacyl.com\/soria\/asaja-soria-informa\/asaja-convoca-sendos-concursos-de-pintura-y-fotografia-para-ninos-y-jovenes\" \/>\n<meta property=\"og:site_name\" content=\"ASAJA Soria\" \/>\n<meta property=\"article:published_time\" content=\"2022-07-28T11:56:46+00:00\" \/>\n<meta property=\"article:modified_time\" content=\"2022-07-28T11:59:40+00:00\" \/>\n<meta property=\"og:image\" content=\"https:\/\/www.asajacyl.com\/soria\/wp-content\/uploads\/sites\/9\/2021\/06\/ConcursosRedes2021.jpg\" \/>\n\t<meta property=\"og:image:width\" content=\"1080\" \/>\n\t<meta property=\"og:image:height\" content=\"1080\" \/>\n\t<meta property=\"og:image:type\" content=\"image\/jpeg\" \/>\n<meta name=\"author\" content=\"Juan Ignacio Prieto Nieto\" \/>\n<meta name=\"twitter:card\" content=\"summary_large_image\" \/>\n<meta name=\"twitter:label1\" content=\"Escrito por\" \/>\n\t<meta name=\"twitter:data1\" content=\"Juan Ignacio Prieto Nieto\" \/>\n\t<meta name=\"twitter:label2\" content=\"Tiempo de lectura\" \/>\n\t<meta name=\"twitter:data2\" content=\"4 minutos\" \/>\n<script type=\"application\/ld+json\" class=\"yoast-schema-graph\">{\"@context\":\"https:\/\/schema.org\",\"@graph\":[{\"@type\":\"WebPage\",\"@id\":\"https:\/\/www.asajacyl.com\/soria\/asaja-soria-informa\/asaja-convoca-sendos-concursos-de-pintura-y-fotografia-para-ninos-y-jovenes\",\"url\":\"https:\/\/www.asajacyl.com\/soria\/asaja-soria-informa\/asaja-convoca-sendos-concursos-de-pintura-y-fotografia-para-ninos-y-jovenes\",\"name\":\"Recta final para los concursos de pintura y fotograf\u00eda para ni\u00f1os y j\u00f3venes - ASAJA Soria\",\"isPartOf\":{\"@id\":\"https:\/\/www.asajacyl.com\/soria\/#website\"},\"primaryImageOfPage\":{\"@id\":\"https:\/\/www.asajacyl.com\/soria\/asaja-soria-informa\/asaja-convoca-sendos-concursos-de-pintura-y-fotografia-para-ninos-y-jovenes#primaryimage\"},\"image\":{\"@id\":\"https:\/\/www.asajacyl.com\/soria\/asaja-soria-informa\/asaja-convoca-sendos-concursos-de-pintura-y-fotografia-para-ninos-y-jovenes#primaryimage\"},\"thumbnailUrl\":\"https:\/\/www.asajacyl.com\/soria\/wp-content\/uploads\/sites\/9\/2021\/06\/ConcursosRedes2021.jpg\",\"datePublished\":\"2022-07-28T11:56:46+00:00\",\"dateModified\":\"2022-07-28T11:59:40+00:00\",\"author\":{\"@id\":\"https:\/\/www.asajacyl.com\/soria\/#\/schema\/person\/fd3081c40255119ce8133b87e6aedfab\"},\"description\":\"Hasta el pr\u00f3ximo 9 de septiembre est\u00e1 abierto el plazo de presentaci\u00f3n de trabajos para los dos concursos dirigidos a ni\u00f1os y j\u00f3venes que cada a\u00f1o\",\"breadcrumb\":{\"@id\":\"https:\/\/www.asajacyl.com\/soria\/asaja-soria-informa\/asaja-convoca-sendos-concursos-de-pintura-y-fotografia-para-ninos-y-jovenes#breadcrumb\"},\"inLanguage\":\"es\",\"potentialAction\":[{\"@type\":\"ReadAction\",\"target\":[\"https:\/\/www.asajacyl.com\/soria\/asaja-soria-informa\/asaja-convoca-sendos-concursos-de-pintura-y-fotografia-para-ninos-y-jovenes\"]}]},{\"@type\":\"ImageObject\",\"inLanguage\":\"es\",\"@id\":\"https:\/\/www.asajacyl.com\/soria\/asaja-soria-informa\/asaja-convoca-sendos-concursos-de-pintura-y-fotografia-para-ninos-y-jovenes#primaryimage\",\"url\":\"https:\/\/www.asajacyl.com\/soria\/wp-content\/uploads\/sites\/9\/2021\/06\/ConcursosRedes2021.jpg\",\"contentUrl\":\"https:\/\/www.asajacyl.com\/soria\/wp-content\/uploads\/sites\/9\/2021\/06\/ConcursosRedes2021.jpg\",\"width\":1080,\"height\":1080},{\"@type\":\"BreadcrumbList\",\"@id\":\"https:\/\/www.asajacyl.com\/soria\/asaja-soria-informa\/asaja-convoca-sendos-concursos-de-pintura-y-fotografia-para-ninos-y-jovenes#breadcrumb\",\"itemListElement\":[{\"@type\":\"ListItem\",\"position\":1,\"name\":\"Portada\",\"item\":\"https:\/\/www.asajacyl.com\/soria\/\"},{\"@type\":\"ListItem\",\"position\":2,\"name\":\"Recta final para los concursos de pintura y fotograf\u00eda para ni\u00f1os y j\u00f3venes\"}]},{\"@type\":\"WebSite\",\"@id\":\"https:\/\/www.asajacyl.com\/soria\/#website\",\"url\":\"https:\/\/www.asajacyl.com\/soria\/\",\"name\":\"ASAJA Soria\",\"description\":\"Otro sitio m\u00e1s de Provincias ASAJA Castilla y Le\u00f3n\",\"potentialAction\":[{\"@type\":\"SearchAction\",\"target\":{\"@type\":\"EntryPoint\",\"urlTemplate\":\"https:\/\/www.asajacyl.com\/soria\/?s={search_term_string}\"},\"query-input\":{\"@type\":\"PropertyValueSpecification\",\"valueRequired\":true,\"valueName\":\"search_term_string\"}}],\"inLanguage\":\"es\"},{\"@type\":\"Person\",\"@id\":\"https:\/\/www.asajacyl.com\/soria\/#\/schema\/person\/fd3081c40255119ce8133b87e6aedfab\",\"name\":\"Juan Ignacio Prieto Nieto\",\"image\":{\"@type\":\"ImageObject\",\"inLanguage\":\"es\",\"@id\":\"https:\/\/www.asajacyl.com\/soria\/#\/schema\/person\/image\/\",\"url\":\"https:\/\/secure.gravatar.com\/avatar\/8266b36e4d9001acb4700699a2468dc8?s=96&d=mm&r=g\",\"contentUrl\":\"https:\/\/secure.gravatar.com\/avatar\/8266b36e4d9001acb4700699a2468dc8?s=96&d=mm&r=g\",\"caption\":\"Juan Ignacio Prieto Nieto\"},\"url\":\"https:\/\/www.asajacyl.com\/soria\/author\/juanfranciscoby\"}]}<\/script>\n<!-- \/ Yoast SEO plugin. -->","yoast_head_json":{"title":"Recta final para los concursos de pintura y fotograf\u00eda para ni\u00f1os y j\u00f3venes - ASAJA Soria","description":"Hasta el pr\u00f3ximo 9 de septiembre est\u00e1 abierto el plazo de presentaci\u00f3n de trabajos para los dos concursos dirigidos a ni\u00f1os y j\u00f3venes que cada a\u00f1o","robots":{"index":"index","follow":"follow","max-snippet":"max-snippet:-1","max-image-preview":"max-image-preview:large","max-video-preview":"max-video-preview:-1"},"canonical":"https:\/\/www.asajacyl.com\/soria\/asaja-soria-informa\/asaja-convoca-sendos-concursos-de-pintura-y-fotografia-para-ninos-y-jovenes","og_locale":"es_ES","og_type":"article","og_title":"Recta final para los concursos de pintura y fotograf\u00eda para ni\u00f1os y j\u00f3venes - ASAJA Soria","og_description":"Hasta el pr\u00f3ximo 9 de septiembre est\u00e1 abierto el plazo de presentaci\u00f3n de trabajos para los dos concursos dirigidos a ni\u00f1os y j\u00f3venes que cada a\u00f1o","og_url":"https:\/\/www.asajacyl.com\/soria\/asaja-soria-informa\/asaja-convoca-sendos-concursos-de-pintura-y-fotografia-para-ninos-y-jovenes","og_site_name":"ASAJA Soria","article_published_time":"2022-07-28T11:56:46+00:00","article_modified_time":"2022-07-28T11:59:40+00:00","og_image":[{"width":1080,"height":1080,"url":"https:\/\/www.asajacyl.com\/soria\/wp-content\/uploads\/sites\/9\/2021\/06\/ConcursosRedes2021.jpg","type":"image\/jpeg"}],"author":"Juan Ignacio Prieto Nieto","twitter_card":"summary_large_image","twitter_misc":{"Escrito por":"Juan Ignacio Prieto Nieto","Tiempo de lectura":"4 minutos"},"schema":{"@context":"https:\/\/schema.org","@graph":[{"@type":"WebPage","@id":"https:\/\/www.asajacyl.com\/soria\/asaja-soria-informa\/asaja-convoca-sendos-concursos-de-pintura-y-fotografia-para-ninos-y-jovenes","url":"https:\/\/www.asajacyl.com\/soria\/asaja-soria-informa\/asaja-convoca-sendos-concursos-de-pintura-y-fotografia-para-ninos-y-jovenes","name":"Recta final para los concursos de pintura y fotograf\u00eda para ni\u00f1os y j\u00f3venes - ASAJA Soria","isPartOf":{"@id":"https:\/\/www.asajacyl.com\/soria\/#website"},"primaryImageOfPage":{"@id":"https:\/\/www.asajacyl.com\/soria\/asaja-soria-informa\/asaja-convoca-sendos-concursos-de-pintura-y-fotografia-para-ninos-y-jovenes#primaryimage"},"image":{"@id":"https:\/\/www.asajacyl.com\/soria\/asaja-soria-informa\/asaja-convoca-sendos-concursos-de-pintura-y-fotografia-para-ninos-y-jovenes#primaryimage"},"thumbnailUrl":"https:\/\/www.asajacyl.com\/soria\/wp-content\/uploads\/sites\/9\/2021\/06\/ConcursosRedes2021.jpg","datePublished":"2022-07-28T11:56:46+00:00","dateModified":"2022-07-28T11:59:40+00:00","author":{"@id":"https:\/\/www.asajacyl.com\/soria\/#\/schema\/person\/fd3081c40255119ce8133b87e6aedfab"},"description":"Hasta el pr\u00f3ximo 9 de septiembre est\u00e1 abierto el plazo de presentaci\u00f3n de trabajos para los dos concursos dirigidos a ni\u00f1os y j\u00f3venes que cada a\u00f1o","breadcrumb":{"@id":"https:\/\/www.asajacyl.com\/soria\/asaja-soria-informa\/asaja-convoca-sendos-concursos-de-pintura-y-fotografia-para-ninos-y-jovenes#breadcrumb"},"inLanguage":"es","potentialAction":[{"@type":"ReadAction","target":["https:\/\/www.asajacyl.com\/soria\/asaja-soria-informa\/asaja-convoca-sendos-concursos-de-pintura-y-fotografia-para-ninos-y-jovenes"]}]},{"@type":"ImageObject","inLanguage":"es","@id":"https:\/\/www.asajacyl.com\/soria\/asaja-soria-informa\/asaja-convoca-sendos-concursos-de-pintura-y-fotografia-para-ninos-y-jovenes#primaryimage","url":"https:\/\/www.asajacyl.com\/soria\/wp-content\/uploads\/sites\/9\/2021\/06\/ConcursosRedes2021.jpg","contentUrl":"https:\/\/www.asajacyl.com\/soria\/wp-content\/uploads\/sites\/9\/2021\/06\/ConcursosRedes2021.jpg","width":1080,"height":1080},{"@type":"BreadcrumbList","@id":"https:\/\/www.asajacyl.com\/soria\/asaja-soria-informa\/asaja-convoca-sendos-concursos-de-pintura-y-fotografia-para-ninos-y-jovenes#breadcrumb","itemListElement":[{"@type":"ListItem","position":1,"name":"Portada","item":"https:\/\/www.asajacyl.com\/soria\/"},{"@type":"ListItem","position":2,"name":"Recta final para los concursos de pintura y fotograf\u00eda para ni\u00f1os y j\u00f3venes"}]},{"@type":"WebSite","@id":"https:\/\/www.asajacyl.com\/soria\/#website","url":"https:\/\/www.asajacyl.com\/soria\/","name":"ASAJA Soria","description":"Otro sitio m\u00e1s de Provincias ASAJA Castilla y Le\u00f3n","potentialAction":[{"@type":"SearchAction","target":{"@type":"EntryPoint","urlTemplate":"https:\/\/www.asajacyl.com\/soria\/?s={search_term_string}"},"query-input":{"@type":"PropertyValueSpecification","valueRequired":true,"valueName":"search_term_string"}}],"inLanguage":"es"},{"@type":"Person","@id":"https:\/\/www.asajacyl.com\/soria\/#\/schema\/person\/fd3081c40255119ce8133b87e6aedfab","name":"Juan Ignacio Prieto Nieto","image":{"@type":"ImageObject","inLanguage":"es","@id":"https:\/\/www.asajacyl.com\/soria\/#\/schema\/person\/image\/","url":"https:\/\/secure.gravatar.com\/avatar\/8266b36e4d9001acb4700699a2468dc8?s=96&d=mm&r=g","contentUrl":"https:\/\/secure.gravatar.com\/avatar\/8266b36e4d9001acb4700699a2468dc8?s=96&d=mm&r=g","caption":"Juan Ignacio Prieto Nieto"},"url":"https:\/\/www.asajacyl.com\/soria\/author\/juanfranciscoby"}]}},"_links":{"self":[{"href":"https:\/\/www.asajacyl.com\/soria\/wp-json\/wp\/v2\/posts\/5935"}],"collection":[{"href":"https:\/\/www.asajacyl.com\/soria\/wp-json\/wp\/v2\/posts"}],"about":[{"href":"https:\/\/www.asajacyl.com\/soria\/wp-json\/wp\/v2\/types\/post"}],"author":[{"embeddable":true,"href":"https:\/\/www.asajacyl.com\/soria\/wp-json\/wp\/v2\/users\/12"}],"replies":[{"embeddable":true,"href":"https:\/\/www.asajacyl.com\/soria\/wp-json\/wp\/v2\/comments?post=5935"}],"version-history":[{"count":4,"href":"https:\/\/www.asajacyl.com\/soria\/wp-json\/wp\/v2\/posts\/5935\/revisions"}],"predecessor-version":[{"id":5940,"href":"https:\/\/www.asajacyl.com\/soria\/wp-json\/wp\/v2\/posts\/5935\/revisions\/5940"}],"wp:featuredmedia":[{"embeddable":true,"href":"https:\/\/www.asajacyl.com\/soria\/wp-json\/wp\/v2\/media\/4608"}],"wp:attachment":[{"href":"https:\/\/www.asajacyl.com\/soria\/wp-json\/wp\/v2\/media?parent=5935"}],"wp:term":[{"taxonomy":"category","embeddable":true,"href":"https:\/\/www.asajacyl.com\/soria\/wp-json\/wp\/v2\/categories?post=5935"},{"taxonomy":"post_tag","embeddable":true,"href":"https:\/\/www.asajacyl.com\/soria\/wp-json\/wp\/v2\/tags?post=5935"}],"curies":[{"name":"wp","href":"https:\/\/api.w.org\/{rel}","templated":true}]}}