{"id":5956,"date":"2022-08-05T13:17:00","date_gmt":"2022-08-05T11:17:00","guid":{"rendered":"https:\/\/www.asajacyl.com\/soria\/?p=5956"},"modified":"2022-08-05T13:17:02","modified_gmt":"2022-08-05T11:17:02","slug":"el-calor-extremo-adelantara-la-vendimia-en-la-ribera-del-duero","status":"publish","type":"post","link":"https:\/\/www.asajacyl.com\/soria\/asaja-soria-informa\/el-calor-extremo-adelantara-la-vendimia-en-la-ribera-del-duero","title":{"rendered":"El calor extremo adelantar\u00e1 la vendimia en la Ribera del Duero"},"content":{"rendered":"\n<p class=\"voc-paragraph\">La Ribera del Duero adelantar\u00e1 la vendimia a causa del calor extremo registrado este verano. Las altas temperaturas han acelerado la maduraci\u00f3n del fruto aunque, lejos de lo que pueda parecer, las olas de calor vividas han ralentizado un poco ese proceso ya que la planta, para protegerse, cierra su ciclo vegetativo dejando de hacer la fotos\u00edntesis.<\/p>\n<p class=\"voc-paragraph\">Aunque la vid es una planta que soporta bien las temperaturas extremas, lo que m\u00e1s preocupa en el campo es la sequ\u00eda. Hay cierto temor a que se prolongue a\u00fan m\u00e1s en el tiempo y que pueda mermar de forma importante la cosecha en kilos de uva recogidos y disparar los valores como el grado y el az\u00facar.<\/p>\n<p>Ahora, como puede leerse en burgosconecta.es, el sector apela de forma generalizada a la necesidad de que lleguen las precipitaciones. Esa lluvia tan anhelada que la vi\u00f1a sabe absorber r\u00e1pidamente, logrando recuperarse de forma inmediata y que su grano empiece a engordar, ganando peso y equilibrando sus valores. De momento, el fruto est\u00e1 enverando, ese cambio de color en las uvas que marca el inicio de su maduraci\u00f3n.<\/p>\n","protected":false},"excerpt":{"rendered":"<p>La Ribera del Duero adelantar\u00e1 la vendimia a causa del calor extremo registrado este verano. Las altas temperaturas han acelerado la maduraci\u00f3n del fruto aunque, lejos de lo que pueda parecer, las olas de calor vividas han ralentizado un poco ese proceso ya que la planta, para protegerse, cierra su ciclo vegetativo dejando de hacer [&hellip;]<\/p>\n","protected":false},"author":12,"featured_media":3090,"comment_status":"open","ping_status":"open","sticky":false,"template":"","format":"standard","meta":{"footnotes":""},"categories":[10,25],"tags":[],"yoast_head":"<!-- This site is optimized with the Yoast SEO plugin v24.5 - https:\/\/yoast.com\/wordpress\/plugins\/seo\/ -->\n<title>El calor extremo adelantar\u00e1 la vendimia en la Ribera del Duero - ASAJA Soria<\/title>\n<meta name=\"description\" content=\"La Ribera del Duero adelantar\u00e1 la vendimia a causa del calor extremo registrado este verano. Las altas temperaturas han acelerado la maduraci\u00f3n del fruto\" \/>\n<meta name=\"robots\" content=\"index, follow, max-snippet:-1, max-image-preview:large, max-video-preview:-1\" \/>\n<link rel=\"canonical\" href=\"https:\/\/www.asajacyl.com\/soria\/asaja-soria-informa\/el-calor-extremo-adelantara-la-vendimia-en-la-ribera-del-duero\" \/>\n<meta property=\"og:locale\" content=\"es_ES\" \/>\n<meta property=\"og:type\" content=\"article\" \/>\n<meta property=\"og:title\" content=\"El calor extremo adelantar\u00e1 la vendimia en la Ribera del Duero - ASAJA Soria\" \/>\n<meta property=\"og:description\" content=\"La Ribera del Duero adelantar\u00e1 la vendimia a causa del calor extremo registrado este verano. Las altas temperaturas han acelerado la maduraci\u00f3n del fruto\" \/>\n<meta property=\"og:url\" content=\"https:\/\/www.asajacyl.com\/soria\/asaja-soria-informa\/el-calor-extremo-adelantara-la-vendimia-en-la-ribera-del-duero\" \/>\n<meta property=\"og:site_name\" content=\"ASAJA Soria\" \/>\n<meta property=\"article:published_time\" content=\"2022-08-05T11:17:00+00:00\" \/>\n<meta property=\"article:modified_time\" content=\"2022-08-05T11:17:02+00:00\" \/>\n<meta property=\"og:image\" content=\"https:\/\/www.asajacyl.com\/soria\/wp-content\/uploads\/sites\/9\/2020\/04\/vines-1747224_1920.jpg\" \/>\n\t<meta property=\"og:image:width\" content=\"1920\" \/>\n\t<meta property=\"og:image:height\" content=\"1440\" \/>\n\t<meta property=\"og:image:type\" content=\"image\/jpeg\" \/>\n<meta name=\"author\" content=\"Juan Ignacio Prieto Nieto\" \/>\n<meta name=\"twitter:card\" content=\"summary_large_image\" \/>\n<meta name=\"twitter:label1\" content=\"Escrito por\" \/>\n\t<meta name=\"twitter:data1\" content=\"Juan Ignacio Prieto Nieto\" \/>\n\t<meta name=\"twitter:label2\" content=\"Tiempo de lectura\" \/>\n\t<meta name=\"twitter:data2\" content=\"1 minuto\" \/>\n<script type=\"application\/ld+json\" class=\"yoast-schema-graph\">{\"@context\":\"https:\/\/schema.org\",\"@graph\":[{\"@type\":\"WebPage\",\"@id\":\"https:\/\/www.asajacyl.com\/soria\/asaja-soria-informa\/el-calor-extremo-adelantara-la-vendimia-en-la-ribera-del-duero\",\"url\":\"https:\/\/www.asajacyl.com\/soria\/asaja-soria-informa\/el-calor-extremo-adelantara-la-vendimia-en-la-ribera-del-duero\",\"name\":\"El calor extremo adelantar\u00e1 la vendimia en la Ribera del Duero - ASAJA Soria\",\"isPartOf\":{\"@id\":\"https:\/\/www.asajacyl.com\/soria\/#website\"},\"primaryImageOfPage\":{\"@id\":\"https:\/\/www.asajacyl.com\/soria\/asaja-soria-informa\/el-calor-extremo-adelantara-la-vendimia-en-la-ribera-del-duero#primaryimage\"},\"image\":{\"@id\":\"https:\/\/www.asajacyl.com\/soria\/asaja-soria-informa\/el-calor-extremo-adelantara-la-vendimia-en-la-ribera-del-duero#primaryimage\"},\"thumbnailUrl\":\"https:\/\/www.asajacyl.com\/soria\/wp-content\/uploads\/sites\/9\/2020\/04\/vines-1747224_1920.jpg\",\"datePublished\":\"2022-08-05T11:17:00+00:00\",\"dateModified\":\"2022-08-05T11:17:02+00:00\",\"author\":{\"@id\":\"https:\/\/www.asajacyl.com\/soria\/#\/schema\/person\/fd3081c40255119ce8133b87e6aedfab\"},\"description\":\"La Ribera del Duero adelantar\u00e1 la vendimia a causa del calor extremo registrado este verano. Las altas temperaturas han acelerado la maduraci\u00f3n del fruto\",\"breadcrumb\":{\"@id\":\"https:\/\/www.asajacyl.com\/soria\/asaja-soria-informa\/el-calor-extremo-adelantara-la-vendimia-en-la-ribera-del-duero#breadcrumb\"},\"inLanguage\":\"es\",\"potentialAction\":[{\"@type\":\"ReadAction\",\"target\":[\"https:\/\/www.asajacyl.com\/soria\/asaja-soria-informa\/el-calor-extremo-adelantara-la-vendimia-en-la-ribera-del-duero\"]}]},{\"@type\":\"ImageObject\",\"inLanguage\":\"es\",\"@id\":\"https:\/\/www.asajacyl.com\/soria\/asaja-soria-informa\/el-calor-extremo-adelantara-la-vendimia-en-la-ribera-del-duero#primaryimage\",\"url\":\"https:\/\/www.asajacyl.com\/soria\/wp-content\/uploads\/sites\/9\/2020\/04\/vines-1747224_1920.jpg\",\"contentUrl\":\"https:\/\/www.asajacyl.com\/soria\/wp-content\/uploads\/sites\/9\/2020\/04\/vines-1747224_1920.jpg\",\"width\":1920,\"height\":1440},{\"@type\":\"BreadcrumbList\",\"@id\":\"https:\/\/www.asajacyl.com\/soria\/asaja-soria-informa\/el-calor-extremo-adelantara-la-vendimia-en-la-ribera-del-duero#breadcrumb\",\"itemListElement\":[{\"@type\":\"ListItem\",\"position\":1,\"name\":\"Portada\",\"item\":\"https:\/\/www.asajacyl.com\/soria\/\"},{\"@type\":\"ListItem\",\"position\":2,\"name\":\"El calor extremo adelantar\u00e1 la vendimia en la Ribera del Duero\"}]},{\"@type\":\"WebSite\",\"@id\":\"https:\/\/www.asajacyl.com\/soria\/#website\",\"url\":\"https:\/\/www.asajacyl.com\/soria\/\",\"name\":\"ASAJA Soria\",\"description\":\"Otro sitio m\u00e1s de Provincias ASAJA Castilla y Le\u00f3n\",\"potentialAction\":[{\"@type\":\"SearchAction\",\"target\":{\"@type\":\"EntryPoint\",\"urlTemplate\":\"https:\/\/www.asajacyl.com\/soria\/?s={search_term_string}\"},\"query-input\":{\"@type\":\"PropertyValueSpecification\",\"valueRequired\":true,\"valueName\":\"search_term_string\"}}],\"inLanguage\":\"es\"},{\"@type\":\"Person\",\"@id\":\"https:\/\/www.asajacyl.com\/soria\/#\/schema\/person\/fd3081c40255119ce8133b87e6aedfab\",\"name\":\"Juan Ignacio Prieto Nieto\",\"image\":{\"@type\":\"ImageObject\",\"inLanguage\":\"es\",\"@id\":\"https:\/\/www.asajacyl.com\/soria\/#\/schema\/person\/image\/\",\"url\":\"https:\/\/secure.gravatar.com\/avatar\/8266b36e4d9001acb4700699a2468dc8?s=96&d=mm&r=g\",\"contentUrl\":\"https:\/\/secure.gravatar.com\/avatar\/8266b36e4d9001acb4700699a2468dc8?s=96&d=mm&r=g\",\"caption\":\"Juan Ignacio Prieto Nieto\"},\"url\":\"https:\/\/www.asajacyl.com\/soria\/author\/juanfranciscoby\"}]}<\/script>\n<!-- \/ Yoast SEO plugin. -->","yoast_head_json":{"title":"El calor extremo adelantar\u00e1 la vendimia en la Ribera del Duero - ASAJA Soria","description":"La Ribera del Duero adelantar\u00e1 la vendimia a causa del calor extremo registrado este verano. Las altas temperaturas han acelerado la maduraci\u00f3n del fruto","robots":{"index":"index","follow":"follow","max-snippet":"max-snippet:-1","max-image-preview":"max-image-preview:large","max-video-preview":"max-video-preview:-1"},"canonical":"https:\/\/www.asajacyl.com\/soria\/asaja-soria-informa\/el-calor-extremo-adelantara-la-vendimia-en-la-ribera-del-duero","og_locale":"es_ES","og_type":"article","og_title":"El calor extremo adelantar\u00e1 la vendimia en la Ribera del Duero - ASAJA Soria","og_description":"La Ribera del Duero adelantar\u00e1 la vendimia a causa del calor extremo registrado este verano. Las altas temperaturas han acelerado la maduraci\u00f3n del fruto","og_url":"https:\/\/www.asajacyl.com\/soria\/asaja-soria-informa\/el-calor-extremo-adelantara-la-vendimia-en-la-ribera-del-duero","og_site_name":"ASAJA Soria","article_published_time":"2022-08-05T11:17:00+00:00","article_modified_time":"2022-08-05T11:17:02+00:00","og_image":[{"width":1920,"height":1440,"url":"https:\/\/www.asajacyl.com\/soria\/wp-content\/uploads\/sites\/9\/2020\/04\/vines-1747224_1920.jpg","type":"image\/jpeg"}],"author":"Juan Ignacio Prieto Nieto","twitter_card":"summary_large_image","twitter_misc":{"Escrito por":"Juan Ignacio Prieto Nieto","Tiempo de lectura":"1 minuto"},"schema":{"@context":"https:\/\/schema.org","@graph":[{"@type":"WebPage","@id":"https:\/\/www.asajacyl.com\/soria\/asaja-soria-informa\/el-calor-extremo-adelantara-la-vendimia-en-la-ribera-del-duero","url":"https:\/\/www.asajacyl.com\/soria\/asaja-soria-informa\/el-calor-extremo-adelantara-la-vendimia-en-la-ribera-del-duero","name":"El calor extremo adelantar\u00e1 la vendimia en la Ribera del Duero - ASAJA Soria","isPartOf":{"@id":"https:\/\/www.asajacyl.com\/soria\/#website"},"primaryImageOfPage":{"@id":"https:\/\/www.asajacyl.com\/soria\/asaja-soria-informa\/el-calor-extremo-adelantara-la-vendimia-en-la-ribera-del-duero#primaryimage"},"image":{"@id":"https:\/\/www.asajacyl.com\/soria\/asaja-soria-informa\/el-calor-extremo-adelantara-la-vendimia-en-la-ribera-del-duero#primaryimage"},"thumbnailUrl":"https:\/\/www.asajacyl.com\/soria\/wp-content\/uploads\/sites\/9\/2020\/04\/vines-1747224_1920.jpg","datePublished":"2022-08-05T11:17:00+00:00","dateModified":"2022-08-05T11:17:02+00:00","author":{"@id":"https:\/\/www.asajacyl.com\/soria\/#\/schema\/person\/fd3081c40255119ce8133b87e6aedfab"},"description":"La Ribera del Duero adelantar\u00e1 la vendimia a causa del calor extremo registrado este verano. Las altas temperaturas han acelerado la maduraci\u00f3n del fruto","breadcrumb":{"@id":"https:\/\/www.asajacyl.com\/soria\/asaja-soria-informa\/el-calor-extremo-adelantara-la-vendimia-en-la-ribera-del-duero#breadcrumb"},"inLanguage":"es","potentialAction":[{"@type":"ReadAction","target":["https:\/\/www.asajacyl.com\/soria\/asaja-soria-informa\/el-calor-extremo-adelantara-la-vendimia-en-la-ribera-del-duero"]}]},{"@type":"ImageObject","inLanguage":"es","@id":"https:\/\/www.asajacyl.com\/soria\/asaja-soria-informa\/el-calor-extremo-adelantara-la-vendimia-en-la-ribera-del-duero#primaryimage","url":"https:\/\/www.asajacyl.com\/soria\/wp-content\/uploads\/sites\/9\/2020\/04\/vines-1747224_1920.jpg","contentUrl":"https:\/\/www.asajacyl.com\/soria\/wp-content\/uploads\/sites\/9\/2020\/04\/vines-1747224_1920.jpg","width":1920,"height":1440},{"@type":"BreadcrumbList","@id":"https:\/\/www.asajacyl.com\/soria\/asaja-soria-informa\/el-calor-extremo-adelantara-la-vendimia-en-la-ribera-del-duero#breadcrumb","itemListElement":[{"@type":"ListItem","position":1,"name":"Portada","item":"https:\/\/www.asajacyl.com\/soria\/"},{"@type":"ListItem","position":2,"name":"El calor extremo adelantar\u00e1 la vendimia en la Ribera del Duero"}]},{"@type":"WebSite","@id":"https:\/\/www.asajacyl.com\/soria\/#website","url":"https:\/\/www.asajacyl.com\/soria\/","name":"ASAJA Soria","description":"Otro sitio m\u00e1s de Provincias ASAJA Castilla y Le\u00f3n","potentialAction":[{"@type":"SearchAction","target":{"@type":"EntryPoint","urlTemplate":"https:\/\/www.asajacyl.com\/soria\/?s={search_term_string}"},"query-input":{"@type":"PropertyValueSpecification","valueRequired":true,"valueName":"search_term_string"}}],"inLanguage":"es"},{"@type":"Person","@id":"https:\/\/www.asajacyl.com\/soria\/#\/schema\/person\/fd3081c40255119ce8133b87e6aedfab","name":"Juan Ignacio Prieto Nieto","image":{"@type":"ImageObject","inLanguage":"es","@id":"https:\/\/www.asajacyl.com\/soria\/#\/schema\/person\/image\/","url":"https:\/\/secure.gravatar.com\/avatar\/8266b36e4d9001acb4700699a2468dc8?s=96&d=mm&r=g","contentUrl":"https:\/\/secure.gravatar.com\/avatar\/8266b36e4d9001acb4700699a2468dc8?s=96&d=mm&r=g","caption":"Juan Ignacio Prieto Nieto"},"url":"https:\/\/www.asajacyl.com\/soria\/author\/juanfranciscoby"}]}},"_links":{"self":[{"href":"https:\/\/www.asajacyl.com\/soria\/wp-json\/wp\/v2\/posts\/5956"}],"collection":[{"href":"https:\/\/www.asajacyl.com\/soria\/wp-json\/wp\/v2\/posts"}],"about":[{"href":"https:\/\/www.asajacyl.com\/soria\/wp-json\/wp\/v2\/types\/post"}],"author":[{"embeddable":true,"href":"https:\/\/www.asajacyl.com\/soria\/wp-json\/wp\/v2\/users\/12"}],"replies":[{"embeddable":true,"href":"https:\/\/www.asajacyl.com\/soria\/wp-json\/wp\/v2\/comments?post=5956"}],"version-history":[{"count":1,"href":"https:\/\/www.asajacyl.com\/soria\/wp-json\/wp\/v2\/posts\/5956\/revisions"}],"predecessor-version":[{"id":5957,"href":"https:\/\/www.asajacyl.com\/soria\/wp-json\/wp\/v2\/posts\/5956\/revisions\/5957"}],"wp:featuredmedia":[{"embeddable":true,"href":"https:\/\/www.asajacyl.com\/soria\/wp-json\/wp\/v2\/media\/3090"}],"wp:attachment":[{"href":"https:\/\/www.asajacyl.com\/soria\/wp-json\/wp\/v2\/media?parent=5956"}],"wp:term":[{"taxonomy":"category","embeddable":true,"href":"https:\/\/www.asajacyl.com\/soria\/wp-json\/wp\/v2\/categories?post=5956"},{"taxonomy":"post_tag","embeddable":true,"href":"https:\/\/www.asajacyl.com\/soria\/wp-json\/wp\/v2\/tags?post=5956"}],"curies":[{"name":"wp","href":"https:\/\/api.w.org\/{rel}","templated":true}]}}