{"id":5969,"date":"2022-08-16T11:59:48","date_gmt":"2022-08-16T09:59:48","guid":{"rendered":"https:\/\/www.asajacyl.com\/soria\/?p=5969"},"modified":"2022-09-23T17:58:12","modified_gmt":"2022-09-23T15:58:12","slug":"asaja-soria-impugna-la-resolucion-que-prohibia-la-cosecha","status":"publish","type":"post","link":"https:\/\/www.asajacyl.com\/soria\/asaja-soria-informa\/asaja-soria-impugna-la-resolucion-que-prohibia-la-cosecha","title":{"rendered":"ASAJA Soria impugna la resoluci\u00f3n que prohib\u00eda la cosecha"},"content":{"rendered":"\n<h2><strong><em>La OPA ya ha registrado el recurso encaminado a defender el derecho a recoger el fruto del trabajo<\/em><\/strong><\/h2>\n<p>ASAJA Soria, dentro del plazo, acaba de presentar a trav\u00e9s del registro oficial el recurso con el que se da inicio al procedimiento de impugnaci\u00f3n del estado de alarma tal y como se hizo p\u00fablico por la Consejer\u00eda de Medio Ambiente y que conten\u00eda la prohibici\u00f3n del cosechado en el monte o en las parcelas aleda\u00f1as; que en esta provincia es pr\u00e1cticamente todo.<\/p>\n<p>El d\u00eda 15 de julio la Direcci\u00f3n General de Patrimonio Natural y Pol\u00edtica Forestal de la Consejer\u00eda de Medio Ambiente dict\u00f3 una resoluci\u00f3n por la que se declaraba la situaci\u00f3n de alarma por riesgo meteorol\u00f3gico de incendios forestales, que inclu\u00eda las restricciones del cosechado del 16 a 19 de julio.<\/p>\n<p>La junta directiva de ASAJA Soria, reunida el mismo d\u00eda 15 tan solo unas horas despu\u00e9s, se opuso a esta restricci\u00f3n y pidi\u00f3 que no se prohibieran las operaciones vinculadas a la siega. Adem\u00e1s, consideraba que se vulneraban derechos fundamentales como el del trabajo y el de libertad de movilidad, al imponerse una prohibici\u00f3n que no deber\u00eda haber pasado de recomendaci\u00f3n de m\u00e1ximas precauciones; medidas que siempre entran dentro de la rutina habitual de la recolecci\u00f3n en el verano por parte de los agricultores.<\/p>\n<p>A la vista de que p\u00fablicamente ni un solo partido pol\u00edtico espa\u00f1ol, castellano leon\u00e9s o provincial tomara parte o hiciera declaraciones para apoyar la idea de que el derecho del agricultor a recoger su fruto debe estar por delante del general ante el riesgo de incendios (declaraciones que al cierre de esta edici\u00f3n siguen sin efectuarse), deja a los tribunales como principal v\u00eda de acci\u00f3n sindical para defender lo que creemos nuestros derechos. Lo que no evita que sigamos apuntando en medios de comunicaci\u00f3n y en otros foros la insistencia en que este derecho debe prevalecer sobre el inter\u00e9s general. El bien com\u00fan a veces ha sido la excusa para cometer algunas de las mayores atrocidades de la humanidad.<\/p>\n<p>Por ello, la OPA decidi\u00f3 ese mismo d\u00eda impugnar, si es necesario, incluso ante el Tribunal Superior de Justicia de Castilla y Le\u00f3n la resoluci\u00f3n, y a la vez crey\u00f3 necesario poner en marcha la posibilidad legal de coordinar las reclamaciones de responsabilidad patrimonial -ante la administraci\u00f3n- de todos los socios de ASAJA Soria por los da\u00f1os y perjuicios que la decisi\u00f3n les haya podido causar por el retraso impuesto de la cosecha.<\/p>\n<p>Para esta acci\u00f3n conjunta, ASAJA considera imprescindible la recopilaci\u00f3n de todas las justificaciones o pruebas que demuestren la existencia de da\u00f1os, como p\u00e9rdida de cosecha por siniestros posteriores (entre otros, pedrisco, incendio y caza demorados por el retraso obligado en la cosecha), gastos en restauraci\u00f3n y hoteles de los profesionales contratados, as\u00ed como la maquinaria contratada que no dispone de tiempo ilimitado, seguridad social, etc\u00e9tera.<\/p>\n<p>ASAJA Soria, como siempre, ha mantenido que es imposible no asumir el riesgo que supone la cosecha del cereal en plena \u00e9poca estival, pues no hay otro modo de hacerlo. Adem\u00e1s de ser una necesidad vital e imprescindible para la supervivencia, la alimentaci\u00f3n tambi\u00e9n es bienestar, cultura y placer; de tal modo que se debe anteponer la producci\u00f3n de alimentos a la hora de valorar la asunci\u00f3n de estos insoslayables riesgos. Por ello tambi\u00e9n espera de las administraciones la cobertura y el apoyo ante la desgracia de un accidente, m\u00e1s que la pura prohibici\u00f3n y el arrinconamiento social de los agricultores, adem\u00e1s del mantenimiento de las infraestructuras y elementos de lucha contra incendios de su propiedad y competencia.<\/p>\n<p><img loading=\"lazy\" decoding=\"async\" class=\"aligncenter  wp-image-5970\" src=\"https:\/\/www.asajacyl.com\/soria\/wp-content\/uploads\/sites\/9\/2022\/08\/incendio-coche.jpg\" alt=\"\" width=\"487\" height=\"446\" srcset=\"https:\/\/www.asajacyl.com\/soria\/wp-content\/uploads\/sites\/9\/2022\/08\/incendio-coche.jpg 925w, https:\/\/www.asajacyl.com\/soria\/wp-content\/uploads\/sites\/9\/2022\/08\/incendio-coche-300x275.jpg 300w, https:\/\/www.asajacyl.com\/soria\/wp-content\/uploads\/sites\/9\/2022\/08\/incendio-coche-768x703.jpg 768w, https:\/\/www.asajacyl.com\/soria\/wp-content\/uploads\/sites\/9\/2022\/08\/incendio-coche-696x637.jpg 696w, https:\/\/www.asajacyl.com\/soria\/wp-content\/uploads\/sites\/9\/2022\/08\/incendio-coche-459x420.jpg 459w\" sizes=\"(max-width: 487px) 100vw, 487px\" \/><img loading=\"lazy\" decoding=\"async\" class=\"aligncenter  wp-image-5971\" src=\"https:\/\/www.asajacyl.com\/soria\/wp-content\/uploads\/sites\/9\/2022\/08\/la-palma.jpg\" alt=\"\" width=\"526\" height=\"540\" srcset=\"https:\/\/www.asajacyl.com\/soria\/wp-content\/uploads\/sites\/9\/2022\/08\/la-palma.jpg 691w, https:\/\/www.asajacyl.com\/soria\/wp-content\/uploads\/sites\/9\/2022\/08\/la-palma-292x300.jpg 292w, https:\/\/www.asajacyl.com\/soria\/wp-content\/uploads\/sites\/9\/2022\/08\/la-palma-409x420.jpg 409w, https:\/\/www.asajacyl.com\/soria\/wp-content\/uploads\/sites\/9\/2022\/08\/la-palma-356x364.jpg 356w\" sizes=\"(max-width: 526px) 100vw, 526px\" \/><em><strong>Durante todo el periodo de alerta y de alarma se han permitido otras actividades econ\u00f3micas o de ocio. Al parecer, se puede asumir el riesgo de coches circulando por zonas boscosas o de turistas disfrutando del monte; sin embargo al agricultor no se le permite recoger su cosecha. <\/strong><\/em>(Recortes del Diario La Informaci\u00f3n y del Diario Vasco).<\/p>\n<p>En este sentido, ASAJA Soria considera que estas restricciones criminalizan a nuestro sector al prohibir su actividad, a pesar de que el agricultor pone siempre el m\u00e1ximo cuidado. Y lo que es vergonzoso es que a la vez no se proh\u00edba (ya que solo se recomiende) evitar hacer actividades de ocio o circular con veh\u00edculos a motor por el monte y sus inmediaciones, que tan graves incendios han ocasionado. Para colmo, la consideraci\u00f3n de monte que hace la Consejer\u00eda de Medio Ambiente para estos casos y para otros es absolutamente desproporcionada e incompresible, al considerar que monte es cualquier cosa que no sea recinto agr\u00edcola o urbano. El Gobierno foral de Navarra, por ejemplo, distingue las restricciones a las parcelas conexas a masas forestales de m\u00e1s de 10 hect\u00e1reas de extensi\u00f3n.<\/p>\n<p><strong><em>El esfuerzo de todo un a\u00f1o, en vilo<\/em><\/strong><\/p>\n<p>La resoluci\u00f3n de prohibici\u00f3n desconocida tan solo hace unos a\u00f1os, por desgracia, se va generalizando en las \u00faltimas cosechas y extendi\u00e9ndose en el tiempo. Cuatro d\u00edas de prohibici\u00f3n completa son una barbaridad; cuesti\u00f3n que hace pensar que esto por efecto del cambio clim\u00e1tico ir\u00e1 a m\u00e1s pues como decimos el recurrir a la prohibici\u00f3n y al arrinconamiento social es m\u00e1s barato que mantener cortafuegos, los dispositivos oportunos y la limpieza de montes.<\/p>\n<p>Si esta situaci\u00f3n se va reproduciendo, hay que considerar que 2022 ha tenido un condicionante extraordinario y es una campa\u00f1a influida por la sequ\u00eda, que ha mermado producciones, y por la salida de la crisis de la pandemia y de la guerra de Ucrania, que ha tra\u00eddo un problema descomunal en los precios de los medios de producci\u00f3n y un desfase entre los precios de las indemnizaciones de los seguros agrarios y los reales en el campo. Si la prohibici\u00f3n argumentalmente va a ser lo mismo siempre, ahora no lo es la situaci\u00f3n coyuntural, exponiendo a la ruina segura a los agricultores ante siniestros no respaldados por la administraci\u00f3n asociados a la prohibici\u00f3n.<\/p>\n<p>Por eso la junta directiva de ASAJA Soria decidi\u00f3 poner en marcha el sistema jur\u00eddico para todos sus asociados de todos los da\u00f1os que se pudieran generar. No se entiende la prohibici\u00f3n, ni que puesto que se ahorran dinero utilizando esta sencilla v\u00eda la resoluci\u00f3n no garantice a la vez los ingresos de los agricultores, a los que se les expone a un gran riesgo de ruina total por la imposibilidad de acometer las labores para recoger sus cosechas.<\/p>\n<p>Seguimos esperando, en tanto se sustancia la contestaci\u00f3n al proceso iniciado por ASAJA Soria, que alg\u00fan partido pol\u00edtico en vez de hablar del sexo de los \u00e1ngeles y echarse las culpas mutuamente diga abiertamente que el derecho de los agricultores a recoger la cosecha (que es el fruto de su trabajo de todo un a\u00f1o, dos si el a\u00f1o anterior ha habido barbecho) y la producci\u00f3n de alimentos est\u00e1n por encima de la barata e insultante v\u00eda de prohibici\u00f3n para la protecci\u00f3n del supuesto bien com\u00fan.<\/p>\n<p>\u00a0<\/p>\n<p>\u00a0<\/p>\n<p>\u00a0<\/p>\n<p>\u00a0<\/p>\n<p>\u00a0<\/p>\n<p>\u00a0<\/p>\n","protected":false},"excerpt":{"rendered":"<p>La OPA ya ha registrado el recurso encaminado a defender el derecho a recoger el fruto del trabajo ASAJA Soria, dentro del plazo, acaba de presentar a trav\u00e9s del registro oficial el recurso con el que se da inicio al procedimiento de impugnaci\u00f3n del estado de alarma tal y como se hizo p\u00fablico por la [&hellip;]<\/p>\n","protected":false},"author":12,"featured_media":5977,"comment_status":"open","ping_status":"open","sticky":false,"template":"","format":"standard","meta":{"footnotes":""},"categories":[10,25],"tags":[],"yoast_head":"<!-- This site is optimized with the Yoast SEO plugin v24.5 - https:\/\/yoast.com\/wordpress\/plugins\/seo\/ -->\n<title>ASAJA Soria impugna la resoluci\u00f3n que prohib\u00eda la cosecha - ASAJA Soria<\/title>\n<meta name=\"description\" content=\"La OPA ya ha registrado el recurso encaminado a defender el derecho a recoger el fruto del trabajo ASAJA Soria, dentro del plazo, acaba de presentar a\" \/>\n<meta name=\"robots\" content=\"index, follow, max-snippet:-1, max-image-preview:large, max-video-preview:-1\" \/>\n<link rel=\"canonical\" href=\"https:\/\/www.asajacyl.com\/soria\/asaja-soria-informa\/asaja-soria-impugna-la-resolucion-que-prohibia-la-cosecha\" \/>\n<meta property=\"og:locale\" content=\"es_ES\" \/>\n<meta property=\"og:type\" content=\"article\" \/>\n<meta property=\"og:title\" content=\"ASAJA Soria impugna la resoluci\u00f3n que prohib\u00eda la cosecha - ASAJA Soria\" \/>\n<meta property=\"og:description\" content=\"La OPA ya ha registrado el recurso encaminado a defender el derecho a recoger el fruto del trabajo ASAJA Soria, dentro del plazo, acaba de presentar a\" \/>\n<meta property=\"og:url\" content=\"https:\/\/www.asajacyl.com\/soria\/asaja-soria-informa\/asaja-soria-impugna-la-resolucion-que-prohibia-la-cosecha\" \/>\n<meta property=\"og:site_name\" content=\"ASAJA Soria\" \/>\n<meta property=\"article:published_time\" content=\"2022-08-16T09:59:48+00:00\" \/>\n<meta property=\"article:modified_time\" content=\"2022-09-23T15:58:12+00:00\" \/>\n<meta property=\"og:image\" content=\"https:\/\/www.asajacyl.com\/soria\/wp-content\/uploads\/sites\/9\/2022\/08\/Captura-1.jpg\" \/>\n\t<meta property=\"og:image:width\" content=\"988\" \/>\n\t<meta property=\"og:image:height\" content=\"568\" \/>\n\t<meta property=\"og:image:type\" content=\"image\/jpeg\" \/>\n<meta name=\"author\" content=\"Juan Ignacio Prieto Nieto\" \/>\n<meta name=\"twitter:card\" content=\"summary_large_image\" \/>\n<meta name=\"twitter:label1\" content=\"Escrito por\" \/>\n\t<meta name=\"twitter:data1\" content=\"Juan Ignacio Prieto Nieto\" \/>\n\t<meta name=\"twitter:label2\" content=\"Tiempo de lectura\" \/>\n\t<meta name=\"twitter:data2\" content=\"6 minutos\" \/>\n<script type=\"application\/ld+json\" class=\"yoast-schema-graph\">{\"@context\":\"https:\/\/schema.org\",\"@graph\":[{\"@type\":\"WebPage\",\"@id\":\"https:\/\/www.asajacyl.com\/soria\/asaja-soria-informa\/asaja-soria-impugna-la-resolucion-que-prohibia-la-cosecha\",\"url\":\"https:\/\/www.asajacyl.com\/soria\/asaja-soria-informa\/asaja-soria-impugna-la-resolucion-que-prohibia-la-cosecha\",\"name\":\"ASAJA Soria impugna la resoluci\u00f3n que prohib\u00eda la cosecha - ASAJA Soria\",\"isPartOf\":{\"@id\":\"https:\/\/www.asajacyl.com\/soria\/#website\"},\"primaryImageOfPage\":{\"@id\":\"https:\/\/www.asajacyl.com\/soria\/asaja-soria-informa\/asaja-soria-impugna-la-resolucion-que-prohibia-la-cosecha#primaryimage\"},\"image\":{\"@id\":\"https:\/\/www.asajacyl.com\/soria\/asaja-soria-informa\/asaja-soria-impugna-la-resolucion-que-prohibia-la-cosecha#primaryimage\"},\"thumbnailUrl\":\"https:\/\/www.asajacyl.com\/soria\/wp-content\/uploads\/sites\/9\/2022\/08\/Captura-1.jpg\",\"datePublished\":\"2022-08-16T09:59:48+00:00\",\"dateModified\":\"2022-09-23T15:58:12+00:00\",\"author\":{\"@id\":\"https:\/\/www.asajacyl.com\/soria\/#\/schema\/person\/fd3081c40255119ce8133b87e6aedfab\"},\"description\":\"La OPA ya ha registrado el recurso encaminado a defender el derecho a recoger el fruto del trabajo ASAJA Soria, dentro del plazo, acaba de presentar a\",\"breadcrumb\":{\"@id\":\"https:\/\/www.asajacyl.com\/soria\/asaja-soria-informa\/asaja-soria-impugna-la-resolucion-que-prohibia-la-cosecha#breadcrumb\"},\"inLanguage\":\"es\",\"potentialAction\":[{\"@type\":\"ReadAction\",\"target\":[\"https:\/\/www.asajacyl.com\/soria\/asaja-soria-informa\/asaja-soria-impugna-la-resolucion-que-prohibia-la-cosecha\"]}]},{\"@type\":\"ImageObject\",\"inLanguage\":\"es\",\"@id\":\"https:\/\/www.asajacyl.com\/soria\/asaja-soria-informa\/asaja-soria-impugna-la-resolucion-que-prohibia-la-cosecha#primaryimage\",\"url\":\"https:\/\/www.asajacyl.com\/soria\/wp-content\/uploads\/sites\/9\/2022\/08\/Captura-1.jpg\",\"contentUrl\":\"https:\/\/www.asajacyl.com\/soria\/wp-content\/uploads\/sites\/9\/2022\/08\/Captura-1.jpg\",\"width\":988,\"height\":568},{\"@type\":\"BreadcrumbList\",\"@id\":\"https:\/\/www.asajacyl.com\/soria\/asaja-soria-informa\/asaja-soria-impugna-la-resolucion-que-prohibia-la-cosecha#breadcrumb\",\"itemListElement\":[{\"@type\":\"ListItem\",\"position\":1,\"name\":\"Portada\",\"item\":\"https:\/\/www.asajacyl.com\/soria\/\"},{\"@type\":\"ListItem\",\"position\":2,\"name\":\"ASAJA Soria impugna la resoluci\u00f3n que prohib\u00eda la cosecha\"}]},{\"@type\":\"WebSite\",\"@id\":\"https:\/\/www.asajacyl.com\/soria\/#website\",\"url\":\"https:\/\/www.asajacyl.com\/soria\/\",\"name\":\"ASAJA Soria\",\"description\":\"Otro sitio m\u00e1s de Provincias ASAJA Castilla y Le\u00f3n\",\"potentialAction\":[{\"@type\":\"SearchAction\",\"target\":{\"@type\":\"EntryPoint\",\"urlTemplate\":\"https:\/\/www.asajacyl.com\/soria\/?s={search_term_string}\"},\"query-input\":{\"@type\":\"PropertyValueSpecification\",\"valueRequired\":true,\"valueName\":\"search_term_string\"}}],\"inLanguage\":\"es\"},{\"@type\":\"Person\",\"@id\":\"https:\/\/www.asajacyl.com\/soria\/#\/schema\/person\/fd3081c40255119ce8133b87e6aedfab\",\"name\":\"Juan Ignacio Prieto Nieto\",\"image\":{\"@type\":\"ImageObject\",\"inLanguage\":\"es\",\"@id\":\"https:\/\/www.asajacyl.com\/soria\/#\/schema\/person\/image\/\",\"url\":\"https:\/\/secure.gravatar.com\/avatar\/8266b36e4d9001acb4700699a2468dc8?s=96&d=mm&r=g\",\"contentUrl\":\"https:\/\/secure.gravatar.com\/avatar\/8266b36e4d9001acb4700699a2468dc8?s=96&d=mm&r=g\",\"caption\":\"Juan Ignacio Prieto Nieto\"},\"url\":\"https:\/\/www.asajacyl.com\/soria\/author\/juanfranciscoby\"}]}<\/script>\n<!-- \/ Yoast SEO plugin. -->","yoast_head_json":{"title":"ASAJA Soria impugna la resoluci\u00f3n que prohib\u00eda la cosecha - ASAJA Soria","description":"La OPA ya ha registrado el recurso encaminado a defender el derecho a recoger el fruto del trabajo ASAJA Soria, dentro del plazo, acaba de presentar a","robots":{"index":"index","follow":"follow","max-snippet":"max-snippet:-1","max-image-preview":"max-image-preview:large","max-video-preview":"max-video-preview:-1"},"canonical":"https:\/\/www.asajacyl.com\/soria\/asaja-soria-informa\/asaja-soria-impugna-la-resolucion-que-prohibia-la-cosecha","og_locale":"es_ES","og_type":"article","og_title":"ASAJA Soria impugna la resoluci\u00f3n que prohib\u00eda la cosecha - ASAJA Soria","og_description":"La OPA ya ha registrado el recurso encaminado a defender el derecho a recoger el fruto del trabajo ASAJA Soria, dentro del plazo, acaba de presentar a","og_url":"https:\/\/www.asajacyl.com\/soria\/asaja-soria-informa\/asaja-soria-impugna-la-resolucion-que-prohibia-la-cosecha","og_site_name":"ASAJA Soria","article_published_time":"2022-08-16T09:59:48+00:00","article_modified_time":"2022-09-23T15:58:12+00:00","og_image":[{"width":988,"height":568,"url":"https:\/\/www.asajacyl.com\/soria\/wp-content\/uploads\/sites\/9\/2022\/08\/Captura-1.jpg","type":"image\/jpeg"}],"author":"Juan Ignacio Prieto Nieto","twitter_card":"summary_large_image","twitter_misc":{"Escrito por":"Juan Ignacio Prieto Nieto","Tiempo de lectura":"6 minutos"},"schema":{"@context":"https:\/\/schema.org","@graph":[{"@type":"WebPage","@id":"https:\/\/www.asajacyl.com\/soria\/asaja-soria-informa\/asaja-soria-impugna-la-resolucion-que-prohibia-la-cosecha","url":"https:\/\/www.asajacyl.com\/soria\/asaja-soria-informa\/asaja-soria-impugna-la-resolucion-que-prohibia-la-cosecha","name":"ASAJA Soria impugna la resoluci\u00f3n que prohib\u00eda la cosecha - ASAJA Soria","isPartOf":{"@id":"https:\/\/www.asajacyl.com\/soria\/#website"},"primaryImageOfPage":{"@id":"https:\/\/www.asajacyl.com\/soria\/asaja-soria-informa\/asaja-soria-impugna-la-resolucion-que-prohibia-la-cosecha#primaryimage"},"image":{"@id":"https:\/\/www.asajacyl.com\/soria\/asaja-soria-informa\/asaja-soria-impugna-la-resolucion-que-prohibia-la-cosecha#primaryimage"},"thumbnailUrl":"https:\/\/www.asajacyl.com\/soria\/wp-content\/uploads\/sites\/9\/2022\/08\/Captura-1.jpg","datePublished":"2022-08-16T09:59:48+00:00","dateModified":"2022-09-23T15:58:12+00:00","author":{"@id":"https:\/\/www.asajacyl.com\/soria\/#\/schema\/person\/fd3081c40255119ce8133b87e6aedfab"},"description":"La OPA ya ha registrado el recurso encaminado a defender el derecho a recoger el fruto del trabajo ASAJA Soria, dentro del plazo, acaba de presentar a","breadcrumb":{"@id":"https:\/\/www.asajacyl.com\/soria\/asaja-soria-informa\/asaja-soria-impugna-la-resolucion-que-prohibia-la-cosecha#breadcrumb"},"inLanguage":"es","potentialAction":[{"@type":"ReadAction","target":["https:\/\/www.asajacyl.com\/soria\/asaja-soria-informa\/asaja-soria-impugna-la-resolucion-que-prohibia-la-cosecha"]}]},{"@type":"ImageObject","inLanguage":"es","@id":"https:\/\/www.asajacyl.com\/soria\/asaja-soria-informa\/asaja-soria-impugna-la-resolucion-que-prohibia-la-cosecha#primaryimage","url":"https:\/\/www.asajacyl.com\/soria\/wp-content\/uploads\/sites\/9\/2022\/08\/Captura-1.jpg","contentUrl":"https:\/\/www.asajacyl.com\/soria\/wp-content\/uploads\/sites\/9\/2022\/08\/Captura-1.jpg","width":988,"height":568},{"@type":"BreadcrumbList","@id":"https:\/\/www.asajacyl.com\/soria\/asaja-soria-informa\/asaja-soria-impugna-la-resolucion-que-prohibia-la-cosecha#breadcrumb","itemListElement":[{"@type":"ListItem","position":1,"name":"Portada","item":"https:\/\/www.asajacyl.com\/soria\/"},{"@type":"ListItem","position":2,"name":"ASAJA Soria impugna la resoluci\u00f3n que prohib\u00eda la cosecha"}]},{"@type":"WebSite","@id":"https:\/\/www.asajacyl.com\/soria\/#website","url":"https:\/\/www.asajacyl.com\/soria\/","name":"ASAJA Soria","description":"Otro sitio m\u00e1s de Provincias ASAJA Castilla y Le\u00f3n","potentialAction":[{"@type":"SearchAction","target":{"@type":"EntryPoint","urlTemplate":"https:\/\/www.asajacyl.com\/soria\/?s={search_term_string}"},"query-input":{"@type":"PropertyValueSpecification","valueRequired":true,"valueName":"search_term_string"}}],"inLanguage":"es"},{"@type":"Person","@id":"https:\/\/www.asajacyl.com\/soria\/#\/schema\/person\/fd3081c40255119ce8133b87e6aedfab","name":"Juan Ignacio Prieto Nieto","image":{"@type":"ImageObject","inLanguage":"es","@id":"https:\/\/www.asajacyl.com\/soria\/#\/schema\/person\/image\/","url":"https:\/\/secure.gravatar.com\/avatar\/8266b36e4d9001acb4700699a2468dc8?s=96&d=mm&r=g","contentUrl":"https:\/\/secure.gravatar.com\/avatar\/8266b36e4d9001acb4700699a2468dc8?s=96&d=mm&r=g","caption":"Juan Ignacio Prieto Nieto"},"url":"https:\/\/www.asajacyl.com\/soria\/author\/juanfranciscoby"}]}},"_links":{"self":[{"href":"https:\/\/www.asajacyl.com\/soria\/wp-json\/wp\/v2\/posts\/5969"}],"collection":[{"href":"https:\/\/www.asajacyl.com\/soria\/wp-json\/wp\/v2\/posts"}],"about":[{"href":"https:\/\/www.asajacyl.com\/soria\/wp-json\/wp\/v2\/types\/post"}],"author":[{"embeddable":true,"href":"https:\/\/www.asajacyl.com\/soria\/wp-json\/wp\/v2\/users\/12"}],"replies":[{"embeddable":true,"href":"https:\/\/www.asajacyl.com\/soria\/wp-json\/wp\/v2\/comments?post=5969"}],"version-history":[{"count":1,"href":"https:\/\/www.asajacyl.com\/soria\/wp-json\/wp\/v2\/posts\/5969\/revisions"}],"predecessor-version":[{"id":5973,"href":"https:\/\/www.asajacyl.com\/soria\/wp-json\/wp\/v2\/posts\/5969\/revisions\/5973"}],"wp:featuredmedia":[{"embeddable":true,"href":"https:\/\/www.asajacyl.com\/soria\/wp-json\/wp\/v2\/media\/5977"}],"wp:attachment":[{"href":"https:\/\/www.asajacyl.com\/soria\/wp-json\/wp\/v2\/media?parent=5969"}],"wp:term":[{"taxonomy":"category","embeddable":true,"href":"https:\/\/www.asajacyl.com\/soria\/wp-json\/wp\/v2\/categories?post=5969"},{"taxonomy":"post_tag","embeddable":true,"href":"https:\/\/www.asajacyl.com\/soria\/wp-json\/wp\/v2\/tags?post=5969"}],"curies":[{"name":"wp","href":"https:\/\/api.w.org\/{rel}","templated":true}]}}