{"id":5978,"date":"2022-08-19T10:43:44","date_gmt":"2022-08-19T08:43:44","guid":{"rendered":"https:\/\/www.asajacyl.com\/soria\/?p=5978"},"modified":"2022-08-19T10:43:46","modified_gmt":"2022-08-19T08:43:46","slug":"la-superficie-de-cultivo-en-espana-se-mantuvo-sin-apenas-variacion-en-2021","status":"publish","type":"post","link":"https:\/\/www.asajacyl.com\/soria\/asaja-soria-informa\/la-superficie-de-cultivo-en-espana-se-mantuvo-sin-apenas-variacion-en-2021","title":{"rendered":"La superficie de cultivo en Espa\u00f1a se mantuvo sin apenas variaci\u00f3n en 2021"},"content":{"rendered":"\n<p>As\u00ed se puede leer en la Encuesta sobre Superficies y Rendimientos de Cultivo de Espa\u00f1a (Esyrce), y que recoge Efeagro.com. Los datos se basan en una investigaci\u00f3n en campo, en la que se toma desde 1990 informaci\u00f3n directamente a pie de parcela en una muestra georreferenciada del territorio nacional en los meses de mayo a septiembre.<\/p>\n<p><strong>TIERRA ARABLE<\/strong><\/p>\n<p>Seg\u00fan los resultados de 2021, la tierra arable, que incluye los cultivos herb\u00e1ceos y los barbechos, se redujo un 0,73 %.<br \/>En este \u00e1mbito, las\u00a0tierras cultivadas aumentaron un 1,18 %, una ligera subida de la superficie de cultivos herb\u00e1ceos (1,41 %),\u00a0frente a un descenso de las tierras dedicadas a barbechos (-6,61 %).<\/p>\n<p><br \/>Entre los herb\u00e1ceos, destaca el aumento de las hortalizas (casi un 9 % m\u00e1s de superficie que en el a\u00f1o 2020), mientras que en el grupo de tub\u00e9rculos se produjo un considerable descenso (-10,16 %), que en t\u00e9rminos absolutos supone algo m\u00e1s de 5.000 hect\u00e1reas de superficie menos que en el a\u00f1o anterior.<\/p>\n<p>Los cereales aumentaron un 1,78 % debido a la ampliaci\u00f3n en cerca de 200.000 hect\u00e1reas de trigo blando, al aumento de superficie de triticale y, tambi\u00e9n, al auge de la superficie de quinoa. En los cultivos industriales, la superficie cultivada descendi\u00f3 un 0,20 %.<\/p>\n<p>El cultivo con mayor superficie,\u00a0el girasol, descendi\u00f3 un 2,45 %\u00a0y las plantas forrajeras disminuyeron su superficie en un 2,09 %.<br \/><br \/><\/p>\n","protected":false},"excerpt":{"rendered":"<p>As\u00ed se puede leer en la Encuesta sobre Superficies y Rendimientos de Cultivo de Espa\u00f1a (Esyrce), y que recoge Efeagro.com. Los datos se basan en una investigaci\u00f3n en campo, en la que se toma desde 1990 informaci\u00f3n directamente a pie de parcela en una muestra georreferenciada del territorio nacional en los meses de mayo a [&hellip;]<\/p>\n","protected":false},"author":12,"featured_media":4686,"comment_status":"open","ping_status":"open","sticky":false,"template":"","format":"standard","meta":{"footnotes":""},"categories":[10,25],"tags":[],"yoast_head":"<!-- This site is optimized with the Yoast SEO plugin v24.5 - https:\/\/yoast.com\/wordpress\/plugins\/seo\/ -->\n<title>La superficie de cultivo en Espa\u00f1a se mantuvo sin apenas variaci\u00f3n en 2021 - ASAJA Soria<\/title>\n<meta name=\"description\" content=\"As\u00ed se puede leer en la Encuesta sobre Superficies y Rendimientos de Cultivo de Espa\u00f1a (Esyrce), y que recoge Efeagro.com. Los datos se basan en una\" \/>\n<meta name=\"robots\" content=\"index, follow, max-snippet:-1, max-image-preview:large, max-video-preview:-1\" \/>\n<link rel=\"canonical\" href=\"https:\/\/www.asajacyl.com\/soria\/asaja-soria-informa\/la-superficie-de-cultivo-en-espana-se-mantuvo-sin-apenas-variacion-en-2021\" \/>\n<meta property=\"og:locale\" content=\"es_ES\" \/>\n<meta property=\"og:type\" content=\"article\" \/>\n<meta property=\"og:title\" content=\"La superficie de cultivo en Espa\u00f1a se mantuvo sin apenas variaci\u00f3n en 2021 - ASAJA Soria\" \/>\n<meta property=\"og:description\" content=\"As\u00ed se puede leer en la Encuesta sobre Superficies y Rendimientos de Cultivo de Espa\u00f1a (Esyrce), y que recoge Efeagro.com. Los datos se basan en una\" \/>\n<meta property=\"og:url\" content=\"https:\/\/www.asajacyl.com\/soria\/asaja-soria-informa\/la-superficie-de-cultivo-en-espana-se-mantuvo-sin-apenas-variacion-en-2021\" \/>\n<meta property=\"og:site_name\" content=\"ASAJA Soria\" \/>\n<meta property=\"article:published_time\" content=\"2022-08-19T08:43:44+00:00\" \/>\n<meta property=\"article:modified_time\" content=\"2022-08-19T08:43:46+00:00\" \/>\n<meta property=\"og:image\" content=\"https:\/\/www.asajacyl.com\/soria\/wp-content\/uploads\/sites\/9\/2021\/07\/IMG_1280.jpg\" \/>\n\t<meta property=\"og:image:width\" content=\"2500\" \/>\n\t<meta property=\"og:image:height\" content=\"1875\" \/>\n\t<meta property=\"og:image:type\" content=\"image\/jpeg\" \/>\n<meta name=\"author\" content=\"Juan Ignacio Prieto Nieto\" \/>\n<meta name=\"twitter:card\" content=\"summary_large_image\" \/>\n<meta name=\"twitter:label1\" content=\"Escrito por\" \/>\n\t<meta name=\"twitter:data1\" content=\"Juan Ignacio Prieto Nieto\" \/>\n\t<meta name=\"twitter:label2\" content=\"Tiempo de lectura\" \/>\n\t<meta name=\"twitter:data2\" content=\"2 minutos\" \/>\n<script type=\"application\/ld+json\" class=\"yoast-schema-graph\">{\"@context\":\"https:\/\/schema.org\",\"@graph\":[{\"@type\":\"WebPage\",\"@id\":\"https:\/\/www.asajacyl.com\/soria\/asaja-soria-informa\/la-superficie-de-cultivo-en-espana-se-mantuvo-sin-apenas-variacion-en-2021\",\"url\":\"https:\/\/www.asajacyl.com\/soria\/asaja-soria-informa\/la-superficie-de-cultivo-en-espana-se-mantuvo-sin-apenas-variacion-en-2021\",\"name\":\"La superficie de cultivo en Espa\u00f1a se mantuvo sin apenas variaci\u00f3n en 2021 - ASAJA Soria\",\"isPartOf\":{\"@id\":\"https:\/\/www.asajacyl.com\/soria\/#website\"},\"primaryImageOfPage\":{\"@id\":\"https:\/\/www.asajacyl.com\/soria\/asaja-soria-informa\/la-superficie-de-cultivo-en-espana-se-mantuvo-sin-apenas-variacion-en-2021#primaryimage\"},\"image\":{\"@id\":\"https:\/\/www.asajacyl.com\/soria\/asaja-soria-informa\/la-superficie-de-cultivo-en-espana-se-mantuvo-sin-apenas-variacion-en-2021#primaryimage\"},\"thumbnailUrl\":\"https:\/\/www.asajacyl.com\/soria\/wp-content\/uploads\/sites\/9\/2021\/07\/IMG_1280.jpg\",\"datePublished\":\"2022-08-19T08:43:44+00:00\",\"dateModified\":\"2022-08-19T08:43:46+00:00\",\"author\":{\"@id\":\"https:\/\/www.asajacyl.com\/soria\/#\/schema\/person\/fd3081c40255119ce8133b87e6aedfab\"},\"description\":\"As\u00ed se puede leer en la Encuesta sobre Superficies y Rendimientos de Cultivo de Espa\u00f1a (Esyrce), y que recoge Efeagro.com. Los datos se basan en una\",\"breadcrumb\":{\"@id\":\"https:\/\/www.asajacyl.com\/soria\/asaja-soria-informa\/la-superficie-de-cultivo-en-espana-se-mantuvo-sin-apenas-variacion-en-2021#breadcrumb\"},\"inLanguage\":\"es\",\"potentialAction\":[{\"@type\":\"ReadAction\",\"target\":[\"https:\/\/www.asajacyl.com\/soria\/asaja-soria-informa\/la-superficie-de-cultivo-en-espana-se-mantuvo-sin-apenas-variacion-en-2021\"]}]},{\"@type\":\"ImageObject\",\"inLanguage\":\"es\",\"@id\":\"https:\/\/www.asajacyl.com\/soria\/asaja-soria-informa\/la-superficie-de-cultivo-en-espana-se-mantuvo-sin-apenas-variacion-en-2021#primaryimage\",\"url\":\"https:\/\/www.asajacyl.com\/soria\/wp-content\/uploads\/sites\/9\/2021\/07\/IMG_1280.jpg\",\"contentUrl\":\"https:\/\/www.asajacyl.com\/soria\/wp-content\/uploads\/sites\/9\/2021\/07\/IMG_1280.jpg\",\"width\":2500,\"height\":1875},{\"@type\":\"BreadcrumbList\",\"@id\":\"https:\/\/www.asajacyl.com\/soria\/asaja-soria-informa\/la-superficie-de-cultivo-en-espana-se-mantuvo-sin-apenas-variacion-en-2021#breadcrumb\",\"itemListElement\":[{\"@type\":\"ListItem\",\"position\":1,\"name\":\"Portada\",\"item\":\"https:\/\/www.asajacyl.com\/soria\/\"},{\"@type\":\"ListItem\",\"position\":2,\"name\":\"La superficie de cultivo en Espa\u00f1a se mantuvo sin apenas variaci\u00f3n en 2021\"}]},{\"@type\":\"WebSite\",\"@id\":\"https:\/\/www.asajacyl.com\/soria\/#website\",\"url\":\"https:\/\/www.asajacyl.com\/soria\/\",\"name\":\"ASAJA Soria\",\"description\":\"Otro sitio m\u00e1s de Provincias ASAJA Castilla y Le\u00f3n\",\"potentialAction\":[{\"@type\":\"SearchAction\",\"target\":{\"@type\":\"EntryPoint\",\"urlTemplate\":\"https:\/\/www.asajacyl.com\/soria\/?s={search_term_string}\"},\"query-input\":{\"@type\":\"PropertyValueSpecification\",\"valueRequired\":true,\"valueName\":\"search_term_string\"}}],\"inLanguage\":\"es\"},{\"@type\":\"Person\",\"@id\":\"https:\/\/www.asajacyl.com\/soria\/#\/schema\/person\/fd3081c40255119ce8133b87e6aedfab\",\"name\":\"Juan Ignacio Prieto Nieto\",\"image\":{\"@type\":\"ImageObject\",\"inLanguage\":\"es\",\"@id\":\"https:\/\/www.asajacyl.com\/soria\/#\/schema\/person\/image\/\",\"url\":\"https:\/\/secure.gravatar.com\/avatar\/8266b36e4d9001acb4700699a2468dc8?s=96&d=mm&r=g\",\"contentUrl\":\"https:\/\/secure.gravatar.com\/avatar\/8266b36e4d9001acb4700699a2468dc8?s=96&d=mm&r=g\",\"caption\":\"Juan Ignacio Prieto Nieto\"},\"url\":\"https:\/\/www.asajacyl.com\/soria\/author\/juanfranciscoby\"}]}<\/script>\n<!-- \/ Yoast SEO plugin. -->","yoast_head_json":{"title":"La superficie de cultivo en Espa\u00f1a se mantuvo sin apenas variaci\u00f3n en 2021 - ASAJA Soria","description":"As\u00ed se puede leer en la Encuesta sobre Superficies y Rendimientos de Cultivo de Espa\u00f1a (Esyrce), y que recoge Efeagro.com. Los datos se basan en una","robots":{"index":"index","follow":"follow","max-snippet":"max-snippet:-1","max-image-preview":"max-image-preview:large","max-video-preview":"max-video-preview:-1"},"canonical":"https:\/\/www.asajacyl.com\/soria\/asaja-soria-informa\/la-superficie-de-cultivo-en-espana-se-mantuvo-sin-apenas-variacion-en-2021","og_locale":"es_ES","og_type":"article","og_title":"La superficie de cultivo en Espa\u00f1a se mantuvo sin apenas variaci\u00f3n en 2021 - ASAJA Soria","og_description":"As\u00ed se puede leer en la Encuesta sobre Superficies y Rendimientos de Cultivo de Espa\u00f1a (Esyrce), y que recoge Efeagro.com. Los datos se basan en una","og_url":"https:\/\/www.asajacyl.com\/soria\/asaja-soria-informa\/la-superficie-de-cultivo-en-espana-se-mantuvo-sin-apenas-variacion-en-2021","og_site_name":"ASAJA Soria","article_published_time":"2022-08-19T08:43:44+00:00","article_modified_time":"2022-08-19T08:43:46+00:00","og_image":[{"width":2500,"height":1875,"url":"https:\/\/www.asajacyl.com\/soria\/wp-content\/uploads\/sites\/9\/2021\/07\/IMG_1280.jpg","type":"image\/jpeg"}],"author":"Juan Ignacio Prieto Nieto","twitter_card":"summary_large_image","twitter_misc":{"Escrito por":"Juan Ignacio Prieto Nieto","Tiempo de lectura":"2 minutos"},"schema":{"@context":"https:\/\/schema.org","@graph":[{"@type":"WebPage","@id":"https:\/\/www.asajacyl.com\/soria\/asaja-soria-informa\/la-superficie-de-cultivo-en-espana-se-mantuvo-sin-apenas-variacion-en-2021","url":"https:\/\/www.asajacyl.com\/soria\/asaja-soria-informa\/la-superficie-de-cultivo-en-espana-se-mantuvo-sin-apenas-variacion-en-2021","name":"La superficie de cultivo en Espa\u00f1a se mantuvo sin apenas variaci\u00f3n en 2021 - ASAJA Soria","isPartOf":{"@id":"https:\/\/www.asajacyl.com\/soria\/#website"},"primaryImageOfPage":{"@id":"https:\/\/www.asajacyl.com\/soria\/asaja-soria-informa\/la-superficie-de-cultivo-en-espana-se-mantuvo-sin-apenas-variacion-en-2021#primaryimage"},"image":{"@id":"https:\/\/www.asajacyl.com\/soria\/asaja-soria-informa\/la-superficie-de-cultivo-en-espana-se-mantuvo-sin-apenas-variacion-en-2021#primaryimage"},"thumbnailUrl":"https:\/\/www.asajacyl.com\/soria\/wp-content\/uploads\/sites\/9\/2021\/07\/IMG_1280.jpg","datePublished":"2022-08-19T08:43:44+00:00","dateModified":"2022-08-19T08:43:46+00:00","author":{"@id":"https:\/\/www.asajacyl.com\/soria\/#\/schema\/person\/fd3081c40255119ce8133b87e6aedfab"},"description":"As\u00ed se puede leer en la Encuesta sobre Superficies y Rendimientos de Cultivo de Espa\u00f1a (Esyrce), y que recoge Efeagro.com. Los datos se basan en una","breadcrumb":{"@id":"https:\/\/www.asajacyl.com\/soria\/asaja-soria-informa\/la-superficie-de-cultivo-en-espana-se-mantuvo-sin-apenas-variacion-en-2021#breadcrumb"},"inLanguage":"es","potentialAction":[{"@type":"ReadAction","target":["https:\/\/www.asajacyl.com\/soria\/asaja-soria-informa\/la-superficie-de-cultivo-en-espana-se-mantuvo-sin-apenas-variacion-en-2021"]}]},{"@type":"ImageObject","inLanguage":"es","@id":"https:\/\/www.asajacyl.com\/soria\/asaja-soria-informa\/la-superficie-de-cultivo-en-espana-se-mantuvo-sin-apenas-variacion-en-2021#primaryimage","url":"https:\/\/www.asajacyl.com\/soria\/wp-content\/uploads\/sites\/9\/2021\/07\/IMG_1280.jpg","contentUrl":"https:\/\/www.asajacyl.com\/soria\/wp-content\/uploads\/sites\/9\/2021\/07\/IMG_1280.jpg","width":2500,"height":1875},{"@type":"BreadcrumbList","@id":"https:\/\/www.asajacyl.com\/soria\/asaja-soria-informa\/la-superficie-de-cultivo-en-espana-se-mantuvo-sin-apenas-variacion-en-2021#breadcrumb","itemListElement":[{"@type":"ListItem","position":1,"name":"Portada","item":"https:\/\/www.asajacyl.com\/soria\/"},{"@type":"ListItem","position":2,"name":"La superficie de cultivo en Espa\u00f1a se mantuvo sin apenas variaci\u00f3n en 2021"}]},{"@type":"WebSite","@id":"https:\/\/www.asajacyl.com\/soria\/#website","url":"https:\/\/www.asajacyl.com\/soria\/","name":"ASAJA Soria","description":"Otro sitio m\u00e1s de Provincias ASAJA Castilla y Le\u00f3n","potentialAction":[{"@type":"SearchAction","target":{"@type":"EntryPoint","urlTemplate":"https:\/\/www.asajacyl.com\/soria\/?s={search_term_string}"},"query-input":{"@type":"PropertyValueSpecification","valueRequired":true,"valueName":"search_term_string"}}],"inLanguage":"es"},{"@type":"Person","@id":"https:\/\/www.asajacyl.com\/soria\/#\/schema\/person\/fd3081c40255119ce8133b87e6aedfab","name":"Juan Ignacio Prieto Nieto","image":{"@type":"ImageObject","inLanguage":"es","@id":"https:\/\/www.asajacyl.com\/soria\/#\/schema\/person\/image\/","url":"https:\/\/secure.gravatar.com\/avatar\/8266b36e4d9001acb4700699a2468dc8?s=96&d=mm&r=g","contentUrl":"https:\/\/secure.gravatar.com\/avatar\/8266b36e4d9001acb4700699a2468dc8?s=96&d=mm&r=g","caption":"Juan Ignacio Prieto Nieto"},"url":"https:\/\/www.asajacyl.com\/soria\/author\/juanfranciscoby"}]}},"_links":{"self":[{"href":"https:\/\/www.asajacyl.com\/soria\/wp-json\/wp\/v2\/posts\/5978"}],"collection":[{"href":"https:\/\/www.asajacyl.com\/soria\/wp-json\/wp\/v2\/posts"}],"about":[{"href":"https:\/\/www.asajacyl.com\/soria\/wp-json\/wp\/v2\/types\/post"}],"author":[{"embeddable":true,"href":"https:\/\/www.asajacyl.com\/soria\/wp-json\/wp\/v2\/users\/12"}],"replies":[{"embeddable":true,"href":"https:\/\/www.asajacyl.com\/soria\/wp-json\/wp\/v2\/comments?post=5978"}],"version-history":[{"count":1,"href":"https:\/\/www.asajacyl.com\/soria\/wp-json\/wp\/v2\/posts\/5978\/revisions"}],"predecessor-version":[{"id":5979,"href":"https:\/\/www.asajacyl.com\/soria\/wp-json\/wp\/v2\/posts\/5978\/revisions\/5979"}],"wp:featuredmedia":[{"embeddable":true,"href":"https:\/\/www.asajacyl.com\/soria\/wp-json\/wp\/v2\/media\/4686"}],"wp:attachment":[{"href":"https:\/\/www.asajacyl.com\/soria\/wp-json\/wp\/v2\/media?parent=5978"}],"wp:term":[{"taxonomy":"category","embeddable":true,"href":"https:\/\/www.asajacyl.com\/soria\/wp-json\/wp\/v2\/categories?post=5978"},{"taxonomy":"post_tag","embeddable":true,"href":"https:\/\/www.asajacyl.com\/soria\/wp-json\/wp\/v2\/tags?post=5978"}],"curies":[{"name":"wp","href":"https:\/\/api.w.org\/{rel}","templated":true}]}}