{"id":6016,"date":"2022-08-30T10:03:12","date_gmt":"2022-08-30T08:03:12","guid":{"rendered":"https:\/\/www.asajacyl.com\/soria\/?p=6016"},"modified":"2022-08-30T10:03:13","modified_gmt":"2022-08-30T08:03:13","slug":"luis-planas-la-ue-debe-garantizar-la-autonomia-alimentaria-y-el-abastecimiento-a-los-ciudadanos","status":"publish","type":"post","link":"https:\/\/www.asajacyl.com\/soria\/asaja-soria-informa\/luis-planas-la-ue-debe-garantizar-la-autonomia-alimentaria-y-el-abastecimiento-a-los-ciudadanos","title":{"rendered":"Luis Planas: \u00abLa UE debe garantizar la autonom\u00eda alimentaria y el abastecimiento a los ciudadanos\u00bb"},"content":{"rendered":"\n<p>El ministro de Agricultura, Pesca y Alimentaci\u00f3n, Luis Planas, ha mantenido esta semana una reuni\u00f3n con el ministro de Agricultura y Soberan\u00eda Alimentaria de Francia, Marc Fesneau, en la que han abordado los problemas que atraviesa el sector agrario por la sequ\u00eda y el encarecimiento de los precios, entre otros asuntos.<\/p>\n<p>El ministro Luis Planas ha enfatizado en que \u00abdebemos trabajar en el seno de la Uni\u00f3n Europea (UE) para garantizar la autonom\u00eda alimentaria en la Uni\u00f3n Europea y buscar soluciones conjuntas a problemas globales\u00bb, en un contexto internacional complejo que afecta a la producci\u00f3n agraria por las consecuencias econ\u00f3micas y sociales de la invasi\u00f3n rusa de Ucrania, as\u00ed como por el cambio clim\u00e1tico.<\/p>\n<p>Las altas temperaturas registradas en Europa durante este verano y las escasas precipitaciones han originado ya una reducci\u00f3n en la cosecha de cereales y tiene incidencia en otras producciones. Todo ello, unido a los precios del petr\u00f3leo y el elevado precio del gas, genera una gran incertidumbre en los mercados y la consiguiente volatilidad de las cotizaciones.<\/p>\n<p>Por ello, tanto la Comisi\u00f3n Europea como los Estados miembros tienen que trabajar unidos, \u00abcomo se ha hecho hasta ahora\u00bb, y habilitar mecanismos de ayuda al sector para asegurar la viabilidad del sector y que el abastecimiento a los ciudadanos est\u00e9 garantizado.<\/p>\n<p>Planas ha expresado el compromiso de ambos pa\u00edses de seguir trabajando para lograr la autonom\u00eda de la Uni\u00f3n Europea en la producci\u00f3n de fertilizantes, ya que son un \u00abelemento clave para nuestra agricultura y ganader\u00eda\u00bb, opini\u00f3n compartida por el ministro franc\u00e9s.<\/p>\n<p>Asimismo, se ha referido a los efectos de la sequ\u00eda, que afecta seriamente al 47% del territorio de la Uni\u00f3n Europea (seg\u00fan un informe de la Comisi\u00f3n Europea). A este respecto, Planas ha recordado que el Gobierno de Espa\u00f1a convoc\u00f3 el pasado 4 marzo la mesa de la sequ\u00eda tras la que se han impulsado \u00abmedidas eficaces de respuesta\u00bb que a\u00fan siguen vigentes, como bonificaciones fiscales, medidas sociales y de liquidez, as\u00ed como el impulso de obras hidr\u00e1ulicas. Un paquete valorado en 450 millones de euros.<\/p>\n<p>En la reuni\u00f3n, como se puede leer en la web extremadura7dias.com, se han intercambiado puntos de vista sobre la propuesta de reglamento de uso sostenible de productos fitosanitarios, que la Comisi\u00f3n Europea public\u00f3 en junio de este a\u00f1o. El ministro entiende que \u00abdebemos progresar en el uso sostenible de la utilizaci\u00f3n de los productos fitosanitarios\u00bb, pero de forma que los agricultores puedan disponer de sustancias alternativas y que se tenga en cuenta el principio de reciprocidad.<\/p>\n","protected":false},"excerpt":{"rendered":"<p>El ministro de Agricultura, Pesca y Alimentaci\u00f3n, Luis Planas, ha mantenido esta semana una reuni\u00f3n con el ministro de Agricultura y Soberan\u00eda Alimentaria de Francia, Marc Fesneau, en la que han abordado los problemas que atraviesa el sector agrario por la sequ\u00eda y el encarecimiento de los precios, entre otros asuntos. El ministro Luis Planas [&hellip;]<\/p>\n","protected":false},"author":12,"featured_media":6017,"comment_status":"open","ping_status":"open","sticky":false,"template":"","format":"standard","meta":{"footnotes":""},"categories":[10,25],"tags":[],"yoast_head":"<!-- This site is optimized with the Yoast SEO plugin v24.5 - https:\/\/yoast.com\/wordpress\/plugins\/seo\/ -->\n<title>Luis Planas: &quot;La UE debe garantizar la autonom\u00eda alimentaria y el abastecimiento a los ciudadanos&quot; - ASAJA Soria<\/title>\n<meta name=\"description\" content=\"El ministro de Agricultura, Pesca y Alimentaci\u00f3n, Luis Planas, ha mantenido esta semana una reuni\u00f3n con el ministro de Agricultura y Soberan\u00eda Alimentaria\" \/>\n<meta name=\"robots\" content=\"index, follow, max-snippet:-1, max-image-preview:large, max-video-preview:-1\" \/>\n<link rel=\"canonical\" href=\"https:\/\/www.asajacyl.com\/soria\/asaja-soria-informa\/luis-planas-la-ue-debe-garantizar-la-autonomia-alimentaria-y-el-abastecimiento-a-los-ciudadanos\" \/>\n<meta property=\"og:locale\" content=\"es_ES\" \/>\n<meta property=\"og:type\" content=\"article\" \/>\n<meta property=\"og:title\" content=\"Luis Planas: &quot;La UE debe garantizar la autonom\u00eda alimentaria y el abastecimiento a los ciudadanos&quot; - ASAJA Soria\" \/>\n<meta property=\"og:description\" content=\"El ministro de Agricultura, Pesca y Alimentaci\u00f3n, Luis Planas, ha mantenido esta semana una reuni\u00f3n con el ministro de Agricultura y Soberan\u00eda Alimentaria\" \/>\n<meta property=\"og:url\" content=\"https:\/\/www.asajacyl.com\/soria\/asaja-soria-informa\/luis-planas-la-ue-debe-garantizar-la-autonomia-alimentaria-y-el-abastecimiento-a-los-ciudadanos\" \/>\n<meta property=\"og:site_name\" content=\"ASAJA Soria\" \/>\n<meta property=\"article:published_time\" content=\"2022-08-30T08:03:12+00:00\" \/>\n<meta property=\"article:modified_time\" content=\"2022-08-30T08:03:13+00:00\" \/>\n<meta property=\"og:image\" content=\"https:\/\/www.asajacyl.com\/soria\/wp-content\/uploads\/sites\/9\/2022\/08\/140120-Planas.jpg\" \/>\n\t<meta property=\"og:image:width\" content=\"720\" \/>\n\t<meta property=\"og:image:height\" content=\"480\" \/>\n\t<meta property=\"og:image:type\" content=\"image\/jpeg\" \/>\n<meta name=\"author\" content=\"Juan Ignacio Prieto Nieto\" \/>\n<meta name=\"twitter:card\" content=\"summary_large_image\" \/>\n<meta name=\"twitter:label1\" content=\"Escrito por\" \/>\n\t<meta name=\"twitter:data1\" content=\"Juan Ignacio Prieto Nieto\" \/>\n\t<meta name=\"twitter:label2\" content=\"Tiempo de lectura\" \/>\n\t<meta name=\"twitter:data2\" content=\"2 minutos\" \/>\n<script type=\"application\/ld+json\" class=\"yoast-schema-graph\">{\"@context\":\"https:\/\/schema.org\",\"@graph\":[{\"@type\":\"WebPage\",\"@id\":\"https:\/\/www.asajacyl.com\/soria\/asaja-soria-informa\/luis-planas-la-ue-debe-garantizar-la-autonomia-alimentaria-y-el-abastecimiento-a-los-ciudadanos\",\"url\":\"https:\/\/www.asajacyl.com\/soria\/asaja-soria-informa\/luis-planas-la-ue-debe-garantizar-la-autonomia-alimentaria-y-el-abastecimiento-a-los-ciudadanos\",\"name\":\"Luis Planas: \\\"La UE debe garantizar la autonom\u00eda alimentaria y el abastecimiento a los ciudadanos\\\" - ASAJA Soria\",\"isPartOf\":{\"@id\":\"https:\/\/www.asajacyl.com\/soria\/#website\"},\"primaryImageOfPage\":{\"@id\":\"https:\/\/www.asajacyl.com\/soria\/asaja-soria-informa\/luis-planas-la-ue-debe-garantizar-la-autonomia-alimentaria-y-el-abastecimiento-a-los-ciudadanos#primaryimage\"},\"image\":{\"@id\":\"https:\/\/www.asajacyl.com\/soria\/asaja-soria-informa\/luis-planas-la-ue-debe-garantizar-la-autonomia-alimentaria-y-el-abastecimiento-a-los-ciudadanos#primaryimage\"},\"thumbnailUrl\":\"https:\/\/www.asajacyl.com\/soria\/wp-content\/uploads\/sites\/9\/2022\/08\/140120-Planas.jpg\",\"datePublished\":\"2022-08-30T08:03:12+00:00\",\"dateModified\":\"2022-08-30T08:03:13+00:00\",\"author\":{\"@id\":\"https:\/\/www.asajacyl.com\/soria\/#\/schema\/person\/fd3081c40255119ce8133b87e6aedfab\"},\"description\":\"El ministro de Agricultura, Pesca y Alimentaci\u00f3n, Luis Planas, ha mantenido esta semana una reuni\u00f3n con el ministro de Agricultura y Soberan\u00eda Alimentaria\",\"breadcrumb\":{\"@id\":\"https:\/\/www.asajacyl.com\/soria\/asaja-soria-informa\/luis-planas-la-ue-debe-garantizar-la-autonomia-alimentaria-y-el-abastecimiento-a-los-ciudadanos#breadcrumb\"},\"inLanguage\":\"es\",\"potentialAction\":[{\"@type\":\"ReadAction\",\"target\":[\"https:\/\/www.asajacyl.com\/soria\/asaja-soria-informa\/luis-planas-la-ue-debe-garantizar-la-autonomia-alimentaria-y-el-abastecimiento-a-los-ciudadanos\"]}]},{\"@type\":\"ImageObject\",\"inLanguage\":\"es\",\"@id\":\"https:\/\/www.asajacyl.com\/soria\/asaja-soria-informa\/luis-planas-la-ue-debe-garantizar-la-autonomia-alimentaria-y-el-abastecimiento-a-los-ciudadanos#primaryimage\",\"url\":\"https:\/\/www.asajacyl.com\/soria\/wp-content\/uploads\/sites\/9\/2022\/08\/140120-Planas.jpg\",\"contentUrl\":\"https:\/\/www.asajacyl.com\/soria\/wp-content\/uploads\/sites\/9\/2022\/08\/140120-Planas.jpg\",\"width\":720,\"height\":480},{\"@type\":\"BreadcrumbList\",\"@id\":\"https:\/\/www.asajacyl.com\/soria\/asaja-soria-informa\/luis-planas-la-ue-debe-garantizar-la-autonomia-alimentaria-y-el-abastecimiento-a-los-ciudadanos#breadcrumb\",\"itemListElement\":[{\"@type\":\"ListItem\",\"position\":1,\"name\":\"Portada\",\"item\":\"https:\/\/www.asajacyl.com\/soria\/\"},{\"@type\":\"ListItem\",\"position\":2,\"name\":\"Luis Planas: \u00abLa UE debe garantizar la autonom\u00eda alimentaria y el abastecimiento a los ciudadanos\u00bb\"}]},{\"@type\":\"WebSite\",\"@id\":\"https:\/\/www.asajacyl.com\/soria\/#website\",\"url\":\"https:\/\/www.asajacyl.com\/soria\/\",\"name\":\"ASAJA Soria\",\"description\":\"Otro sitio m\u00e1s de Provincias ASAJA Castilla y Le\u00f3n\",\"potentialAction\":[{\"@type\":\"SearchAction\",\"target\":{\"@type\":\"EntryPoint\",\"urlTemplate\":\"https:\/\/www.asajacyl.com\/soria\/?s={search_term_string}\"},\"query-input\":{\"@type\":\"PropertyValueSpecification\",\"valueRequired\":true,\"valueName\":\"search_term_string\"}}],\"inLanguage\":\"es\"},{\"@type\":\"Person\",\"@id\":\"https:\/\/www.asajacyl.com\/soria\/#\/schema\/person\/fd3081c40255119ce8133b87e6aedfab\",\"name\":\"Juan Ignacio Prieto Nieto\",\"image\":{\"@type\":\"ImageObject\",\"inLanguage\":\"es\",\"@id\":\"https:\/\/www.asajacyl.com\/soria\/#\/schema\/person\/image\/\",\"url\":\"https:\/\/secure.gravatar.com\/avatar\/8266b36e4d9001acb4700699a2468dc8?s=96&d=mm&r=g\",\"contentUrl\":\"https:\/\/secure.gravatar.com\/avatar\/8266b36e4d9001acb4700699a2468dc8?s=96&d=mm&r=g\",\"caption\":\"Juan Ignacio Prieto Nieto\"},\"url\":\"https:\/\/www.asajacyl.com\/soria\/author\/juanfranciscoby\"}]}<\/script>\n<!-- \/ Yoast SEO plugin. -->","yoast_head_json":{"title":"Luis Planas: \"La UE debe garantizar la autonom\u00eda alimentaria y el abastecimiento a los ciudadanos\" - ASAJA Soria","description":"El ministro de Agricultura, Pesca y Alimentaci\u00f3n, Luis Planas, ha mantenido esta semana una reuni\u00f3n con el ministro de Agricultura y Soberan\u00eda Alimentaria","robots":{"index":"index","follow":"follow","max-snippet":"max-snippet:-1","max-image-preview":"max-image-preview:large","max-video-preview":"max-video-preview:-1"},"canonical":"https:\/\/www.asajacyl.com\/soria\/asaja-soria-informa\/luis-planas-la-ue-debe-garantizar-la-autonomia-alimentaria-y-el-abastecimiento-a-los-ciudadanos","og_locale":"es_ES","og_type":"article","og_title":"Luis Planas: \"La UE debe garantizar la autonom\u00eda alimentaria y el abastecimiento a los ciudadanos\" - ASAJA Soria","og_description":"El ministro de Agricultura, Pesca y Alimentaci\u00f3n, Luis Planas, ha mantenido esta semana una reuni\u00f3n con el ministro de Agricultura y Soberan\u00eda Alimentaria","og_url":"https:\/\/www.asajacyl.com\/soria\/asaja-soria-informa\/luis-planas-la-ue-debe-garantizar-la-autonomia-alimentaria-y-el-abastecimiento-a-los-ciudadanos","og_site_name":"ASAJA Soria","article_published_time":"2022-08-30T08:03:12+00:00","article_modified_time":"2022-08-30T08:03:13+00:00","og_image":[{"width":720,"height":480,"url":"https:\/\/www.asajacyl.com\/soria\/wp-content\/uploads\/sites\/9\/2022\/08\/140120-Planas.jpg","type":"image\/jpeg"}],"author":"Juan Ignacio Prieto Nieto","twitter_card":"summary_large_image","twitter_misc":{"Escrito por":"Juan Ignacio Prieto Nieto","Tiempo de lectura":"2 minutos"},"schema":{"@context":"https:\/\/schema.org","@graph":[{"@type":"WebPage","@id":"https:\/\/www.asajacyl.com\/soria\/asaja-soria-informa\/luis-planas-la-ue-debe-garantizar-la-autonomia-alimentaria-y-el-abastecimiento-a-los-ciudadanos","url":"https:\/\/www.asajacyl.com\/soria\/asaja-soria-informa\/luis-planas-la-ue-debe-garantizar-la-autonomia-alimentaria-y-el-abastecimiento-a-los-ciudadanos","name":"Luis Planas: \"La UE debe garantizar la autonom\u00eda alimentaria y el abastecimiento a los ciudadanos\" - ASAJA Soria","isPartOf":{"@id":"https:\/\/www.asajacyl.com\/soria\/#website"},"primaryImageOfPage":{"@id":"https:\/\/www.asajacyl.com\/soria\/asaja-soria-informa\/luis-planas-la-ue-debe-garantizar-la-autonomia-alimentaria-y-el-abastecimiento-a-los-ciudadanos#primaryimage"},"image":{"@id":"https:\/\/www.asajacyl.com\/soria\/asaja-soria-informa\/luis-planas-la-ue-debe-garantizar-la-autonomia-alimentaria-y-el-abastecimiento-a-los-ciudadanos#primaryimage"},"thumbnailUrl":"https:\/\/www.asajacyl.com\/soria\/wp-content\/uploads\/sites\/9\/2022\/08\/140120-Planas.jpg","datePublished":"2022-08-30T08:03:12+00:00","dateModified":"2022-08-30T08:03:13+00:00","author":{"@id":"https:\/\/www.asajacyl.com\/soria\/#\/schema\/person\/fd3081c40255119ce8133b87e6aedfab"},"description":"El ministro de Agricultura, Pesca y Alimentaci\u00f3n, Luis Planas, ha mantenido esta semana una reuni\u00f3n con el ministro de Agricultura y Soberan\u00eda Alimentaria","breadcrumb":{"@id":"https:\/\/www.asajacyl.com\/soria\/asaja-soria-informa\/luis-planas-la-ue-debe-garantizar-la-autonomia-alimentaria-y-el-abastecimiento-a-los-ciudadanos#breadcrumb"},"inLanguage":"es","potentialAction":[{"@type":"ReadAction","target":["https:\/\/www.asajacyl.com\/soria\/asaja-soria-informa\/luis-planas-la-ue-debe-garantizar-la-autonomia-alimentaria-y-el-abastecimiento-a-los-ciudadanos"]}]},{"@type":"ImageObject","inLanguage":"es","@id":"https:\/\/www.asajacyl.com\/soria\/asaja-soria-informa\/luis-planas-la-ue-debe-garantizar-la-autonomia-alimentaria-y-el-abastecimiento-a-los-ciudadanos#primaryimage","url":"https:\/\/www.asajacyl.com\/soria\/wp-content\/uploads\/sites\/9\/2022\/08\/140120-Planas.jpg","contentUrl":"https:\/\/www.asajacyl.com\/soria\/wp-content\/uploads\/sites\/9\/2022\/08\/140120-Planas.jpg","width":720,"height":480},{"@type":"BreadcrumbList","@id":"https:\/\/www.asajacyl.com\/soria\/asaja-soria-informa\/luis-planas-la-ue-debe-garantizar-la-autonomia-alimentaria-y-el-abastecimiento-a-los-ciudadanos#breadcrumb","itemListElement":[{"@type":"ListItem","position":1,"name":"Portada","item":"https:\/\/www.asajacyl.com\/soria\/"},{"@type":"ListItem","position":2,"name":"Luis Planas: \u00abLa UE debe garantizar la autonom\u00eda alimentaria y el abastecimiento a los ciudadanos\u00bb"}]},{"@type":"WebSite","@id":"https:\/\/www.asajacyl.com\/soria\/#website","url":"https:\/\/www.asajacyl.com\/soria\/","name":"ASAJA Soria","description":"Otro sitio m\u00e1s de Provincias ASAJA Castilla y Le\u00f3n","potentialAction":[{"@type":"SearchAction","target":{"@type":"EntryPoint","urlTemplate":"https:\/\/www.asajacyl.com\/soria\/?s={search_term_string}"},"query-input":{"@type":"PropertyValueSpecification","valueRequired":true,"valueName":"search_term_string"}}],"inLanguage":"es"},{"@type":"Person","@id":"https:\/\/www.asajacyl.com\/soria\/#\/schema\/person\/fd3081c40255119ce8133b87e6aedfab","name":"Juan Ignacio Prieto Nieto","image":{"@type":"ImageObject","inLanguage":"es","@id":"https:\/\/www.asajacyl.com\/soria\/#\/schema\/person\/image\/","url":"https:\/\/secure.gravatar.com\/avatar\/8266b36e4d9001acb4700699a2468dc8?s=96&d=mm&r=g","contentUrl":"https:\/\/secure.gravatar.com\/avatar\/8266b36e4d9001acb4700699a2468dc8?s=96&d=mm&r=g","caption":"Juan Ignacio Prieto Nieto"},"url":"https:\/\/www.asajacyl.com\/soria\/author\/juanfranciscoby"}]}},"_links":{"self":[{"href":"https:\/\/www.asajacyl.com\/soria\/wp-json\/wp\/v2\/posts\/6016"}],"collection":[{"href":"https:\/\/www.asajacyl.com\/soria\/wp-json\/wp\/v2\/posts"}],"about":[{"href":"https:\/\/www.asajacyl.com\/soria\/wp-json\/wp\/v2\/types\/post"}],"author":[{"embeddable":true,"href":"https:\/\/www.asajacyl.com\/soria\/wp-json\/wp\/v2\/users\/12"}],"replies":[{"embeddable":true,"href":"https:\/\/www.asajacyl.com\/soria\/wp-json\/wp\/v2\/comments?post=6016"}],"version-history":[{"count":1,"href":"https:\/\/www.asajacyl.com\/soria\/wp-json\/wp\/v2\/posts\/6016\/revisions"}],"predecessor-version":[{"id":6018,"href":"https:\/\/www.asajacyl.com\/soria\/wp-json\/wp\/v2\/posts\/6016\/revisions\/6018"}],"wp:featuredmedia":[{"embeddable":true,"href":"https:\/\/www.asajacyl.com\/soria\/wp-json\/wp\/v2\/media\/6017"}],"wp:attachment":[{"href":"https:\/\/www.asajacyl.com\/soria\/wp-json\/wp\/v2\/media?parent=6016"}],"wp:term":[{"taxonomy":"category","embeddable":true,"href":"https:\/\/www.asajacyl.com\/soria\/wp-json\/wp\/v2\/categories?post=6016"},{"taxonomy":"post_tag","embeddable":true,"href":"https:\/\/www.asajacyl.com\/soria\/wp-json\/wp\/v2\/tags?post=6016"}],"curies":[{"name":"wp","href":"https:\/\/api.w.org\/{rel}","templated":true}]}}