{"id":6019,"date":"2022-08-30T14:36:15","date_gmt":"2022-08-30T12:36:15","guid":{"rendered":"https:\/\/www.asajacyl.com\/soria\/?p=6019"},"modified":"2022-08-30T14:38:25","modified_gmt":"2022-08-30T12:38:25","slug":"el-ministerio-de-agricultura-pesca-y-alimentacion-inicia-la-consulta-publica-para-aplicar-en-espana-las-excepciones-en-las-normas-de-condicionalidad-de-la-pac","status":"publish","type":"post","link":"https:\/\/www.asajacyl.com\/soria\/asaja-soria-informa\/el-ministerio-de-agricultura-pesca-y-alimentacion-inicia-la-consulta-publica-para-aplicar-en-espana-las-excepciones-en-las-normas-de-condicionalidad-de-la-pac","title":{"rendered":"El MAPA inicia la consulta p\u00fablica para aplicar en Espa\u00f1a las excepciones en las normas de condicionalidad de la PAC"},"content":{"rendered":"\n<p style=\"font-weight: 400\">El Ministerio de Agricultura, Pesca y Alimentaci\u00f3n ha iniciado el procedimiento de consulta p\u00fablica de la modificaci\u00f3n del proyecto de real decreto que permitir\u00e1 la aplicaci\u00f3n de las excepciones en las normas de condicionalidad de la Pol\u00edtica Agraria Com\u00fan (PAC), relativas a la diversificaci\u00f3n y rotaci\u00f3n de cultivos y al porcentaje de tierra de cultivo de cada explotaci\u00f3n que debe destinarse a superficie no productiva. \u00a0<\/p>\n<p style=\"font-weight: 400\">Esta modificaci\u00f3n permitir\u00e1 aplicar en Espa\u00f1a las excepciones que han sido autorizadas por la Comisi\u00f3n Europea para el a\u00f1o 2023, que tienen como objetivo incrementar la producci\u00f3n agr\u00edcola y aumentar as\u00ed la disponibilidad y asequibilidad de alimentos en la Uni\u00f3n Europea.<\/p>\n<p style=\"font-weight: 400\"><strong>ROTACI\u00d3N Y DIVERSIFICACI\u00d3N DE CULTIVOS<\/strong><\/p>\n<p style=\"font-weight: 400\">La modificaci\u00f3n del proyecto de real decreto establece que en el a\u00f1o 2023 no se aplicar\u00e1 en Espa\u00f1a la norma denominada \u201crotaci\u00f3n de tierras de cultivo excepto en cultivos bajo agua\u201d (BCAM 7). Mediante esta norma se establece que las explotaciones que cuenten con m\u00e1s de 10 hect\u00e1reas de tierra de cultivo deber\u00e1n realizar una rotaci\u00f3n de cultivos en todas las parcelas de la explotaci\u00f3n, excepto las parcelas cultivadas con cultivos plurianuales, al menos tras tres a\u00f1os.<\/p>\n<p style=\"font-weight: 400\">Adem\u00e1s, deber\u00e1n realizar una diversificaci\u00f3n de los cultivos mediante el cumplimiento de una serie de porcentajes en la superficie que puede ocupar el cultivo principal de la explotaci\u00f3n y el resto de cultivos de la misma.<\/p>\n<p style=\"font-weight: 400\">La excepci\u00f3n en la aplicaci\u00f3n de esta norma en el a\u00f1o 2023 supondr\u00e1 que, en las pr\u00f3ximas semanas, en la planificaci\u00f3n de sus cultivos para dicha campa\u00f1a, los agricultores no tendr\u00e1n obligaci\u00f3n de cumplir ni la norma relativa a la rotaci\u00f3n ni los porcentajes de diversificaci\u00f3n establecidos en esta BCAM. De esta manera, en las pr\u00f3ximas siembras pueden tomar sus decisiones de cultivo con la orientaci\u00f3n de maximizar la producci\u00f3n en funci\u00f3n de las necesidades del mercado.<\/p>\n<p style=\"font-weight: 400\"><strong>PORCENTAJE DE SUPERFICIE NO PRODUCTIVA<\/strong><\/p>\n<p style=\"font-weight: 400\">Respecto al porcentaje de superficie no productiva, se modifica para 2023 la norma que establece que para las explotaciones que tengan m\u00e1s de 10 hect\u00e1reas de tierra de cultivo, al menos el 4 % de dicha superficie deber\u00e1 destinarse a superficies y elementos no productivos como el barbecho, las franjas de protecci\u00f3n de los cauces, los lindes forestales o los elementos del paisaje (BCAM 8).<\/p>\n<p style=\"font-weight: 400\">Esta excepci\u00f3n va a suponer que en caso de que el agricultor decida cubrir ese 4 % de su tierra de cultivo con superficie de barbecho, podr\u00e1 excepcionalmente sembrar en la misma un cultivo destinado a la producci\u00f3n de alimentos, siempre que no se trate de ma\u00edz ni de soja, en base a lo establecido por el reglamento comunitario. Por tanto, la excepci\u00f3n a la norma BCAM 8 solamente se aplicar\u00e1 sobre las tierras que el agricultor hubiese previsto dejar en barbecho.<\/p>\n<p style=\"font-weight: 400\">Asimismo, el citado reglamento comunitario establece que las condiciones de admisibilidad para poder optar al cobro de las ayudas relativas a los ecorreg\u00edmenes y a las ayudas agroambientales de las intervenciones de desarrollo rural en 2023 no ser\u00e1n modificadas por la aplicaci\u00f3n de las citadas excepciones, por lo que dichas condiciones ser\u00e1n las que se han establecido en el Plan estrat\u00e9gico de la PAC presentado por Espa\u00f1a.<\/p>\n<p style=\"font-weight: 400\">La transposici\u00f3n de este reglamento comunitario a la legislaci\u00f3n espa\u00f1ola se va a realizar a trav\u00e9s de la modificaci\u00f3n del proyecto de real decreto para la aplicaci\u00f3n de la condicionalidad reforzada a partir de 2023, que en el pasado mes de julio sali\u00f3 a observaci\u00f3n p\u00fablica.<\/p>\n<p style=\"font-weight: 400\">El plazo para el env\u00edo de observaciones a esta modificaci\u00f3n comienza hoy y finaliza el pr\u00f3ximo 8 de septiembre, inclusive. El proyecto de norma se puede consultar en el siguiente enlace:<\/p>\n<p style=\"font-weight: 400\"><a href=\"https:\/\/www.mapa.gob.es\/es\/pac\/participacion-publica\/audiencia_dtu_rd_condicionalidad.aspx\">https:\/\/www.mapa.gob.es\/es\/pac\/participacion-publica\/audiencia_dtu_rd_condicionalidad.aspx<\/a><\/p>\n<p>FUENTE DE LA NOTICIA:<\/p>\n<p><a href=\"https:\/\/www.mapa.gob.es\/es\/prensa\/ultimas-noticias\/\"> https:\/\/www.mapa.gob.es\/<\/a><\/p>\n","protected":false},"excerpt":{"rendered":"<p>El Ministerio de Agricultura, Pesca y Alimentaci\u00f3n ha iniciado el procedimiento de consulta p\u00fablica de la modificaci\u00f3n del proyecto de real decreto que permitir\u00e1 la aplicaci\u00f3n de las excepciones en las normas de condicionalidad de la Pol\u00edtica Agraria Com\u00fan (PAC), relativas a la diversificaci\u00f3n y rotaci\u00f3n de cultivos y al porcentaje de tierra de cultivo [&hellip;]<\/p>\n","protected":false},"author":12,"featured_media":3448,"comment_status":"open","ping_status":"open","sticky":false,"template":"","format":"standard","meta":{"footnotes":""},"categories":[10,25],"tags":[],"yoast_head":"<!-- This site is optimized with the Yoast SEO plugin v24.5 - https:\/\/yoast.com\/wordpress\/plugins\/seo\/ -->\n<title>El MAPA inicia la consulta p\u00fablica para aplicar en Espa\u00f1a las excepciones en las normas de condicionalidad de la PAC - ASAJA Soria<\/title>\n<meta name=\"description\" content=\"El Ministerio de Agricultura, Pesca y Alimentaci\u00f3n ha iniciado el procedimiento de consulta p\u00fablica de la modificaci\u00f3n del proyecto de real decreto que\" \/>\n<meta name=\"robots\" content=\"index, follow, max-snippet:-1, max-image-preview:large, max-video-preview:-1\" \/>\n<link rel=\"canonical\" href=\"https:\/\/www.asajacyl.com\/soria\/asaja-soria-informa\/el-ministerio-de-agricultura-pesca-y-alimentacion-inicia-la-consulta-publica-para-aplicar-en-espana-las-excepciones-en-las-normas-de-condicionalidad-de-la-pac\" \/>\n<meta property=\"og:locale\" content=\"es_ES\" \/>\n<meta property=\"og:type\" content=\"article\" \/>\n<meta property=\"og:title\" content=\"El MAPA inicia la consulta p\u00fablica para aplicar en Espa\u00f1a las excepciones en las normas de condicionalidad de la PAC - ASAJA Soria\" \/>\n<meta property=\"og:description\" content=\"El Ministerio de Agricultura, Pesca y Alimentaci\u00f3n ha iniciado el procedimiento de consulta p\u00fablica de la modificaci\u00f3n del proyecto de real decreto que\" \/>\n<meta property=\"og:url\" content=\"https:\/\/www.asajacyl.com\/soria\/asaja-soria-informa\/el-ministerio-de-agricultura-pesca-y-alimentacion-inicia-la-consulta-publica-para-aplicar-en-espana-las-excepciones-en-las-normas-de-condicionalidad-de-la-pac\" \/>\n<meta property=\"og:site_name\" content=\"ASAJA Soria\" \/>\n<meta property=\"article:published_time\" content=\"2022-08-30T12:36:15+00:00\" \/>\n<meta property=\"article:modified_time\" content=\"2022-08-30T12:38:25+00:00\" \/>\n<meta property=\"og:image\" content=\"https:\/\/www.asajacyl.com\/soria\/wp-content\/uploads\/sites\/9\/2020\/07\/IMG_4785.jpg\" \/>\n\t<meta property=\"og:image:width\" content=\"2500\" \/>\n\t<meta property=\"og:image:height\" content=\"1875\" \/>\n\t<meta property=\"og:image:type\" content=\"image\/jpeg\" \/>\n<meta name=\"author\" content=\"Juan Ignacio Prieto Nieto\" \/>\n<meta name=\"twitter:card\" content=\"summary_large_image\" \/>\n<meta name=\"twitter:label1\" content=\"Escrito por\" \/>\n\t<meta name=\"twitter:data1\" content=\"Juan Ignacio Prieto Nieto\" \/>\n\t<meta name=\"twitter:label2\" content=\"Tiempo de lectura\" \/>\n\t<meta name=\"twitter:data2\" content=\"3 minutos\" \/>\n<script type=\"application\/ld+json\" class=\"yoast-schema-graph\">{\"@context\":\"https:\/\/schema.org\",\"@graph\":[{\"@type\":\"WebPage\",\"@id\":\"https:\/\/www.asajacyl.com\/soria\/asaja-soria-informa\/el-ministerio-de-agricultura-pesca-y-alimentacion-inicia-la-consulta-publica-para-aplicar-en-espana-las-excepciones-en-las-normas-de-condicionalidad-de-la-pac\",\"url\":\"https:\/\/www.asajacyl.com\/soria\/asaja-soria-informa\/el-ministerio-de-agricultura-pesca-y-alimentacion-inicia-la-consulta-publica-para-aplicar-en-espana-las-excepciones-en-las-normas-de-condicionalidad-de-la-pac\",\"name\":\"El MAPA inicia la consulta p\u00fablica para aplicar en Espa\u00f1a las excepciones en las normas de condicionalidad de la PAC - ASAJA Soria\",\"isPartOf\":{\"@id\":\"https:\/\/www.asajacyl.com\/soria\/#website\"},\"primaryImageOfPage\":{\"@id\":\"https:\/\/www.asajacyl.com\/soria\/asaja-soria-informa\/el-ministerio-de-agricultura-pesca-y-alimentacion-inicia-la-consulta-publica-para-aplicar-en-espana-las-excepciones-en-las-normas-de-condicionalidad-de-la-pac#primaryimage\"},\"image\":{\"@id\":\"https:\/\/www.asajacyl.com\/soria\/asaja-soria-informa\/el-ministerio-de-agricultura-pesca-y-alimentacion-inicia-la-consulta-publica-para-aplicar-en-espana-las-excepciones-en-las-normas-de-condicionalidad-de-la-pac#primaryimage\"},\"thumbnailUrl\":\"https:\/\/www.asajacyl.com\/soria\/wp-content\/uploads\/sites\/9\/2020\/07\/IMG_4785.jpg\",\"datePublished\":\"2022-08-30T12:36:15+00:00\",\"dateModified\":\"2022-08-30T12:38:25+00:00\",\"author\":{\"@id\":\"https:\/\/www.asajacyl.com\/soria\/#\/schema\/person\/fd3081c40255119ce8133b87e6aedfab\"},\"description\":\"El Ministerio de Agricultura, Pesca y Alimentaci\u00f3n ha iniciado el procedimiento de consulta p\u00fablica de la modificaci\u00f3n del proyecto de real decreto que\",\"breadcrumb\":{\"@id\":\"https:\/\/www.asajacyl.com\/soria\/asaja-soria-informa\/el-ministerio-de-agricultura-pesca-y-alimentacion-inicia-la-consulta-publica-para-aplicar-en-espana-las-excepciones-en-las-normas-de-condicionalidad-de-la-pac#breadcrumb\"},\"inLanguage\":\"es\",\"potentialAction\":[{\"@type\":\"ReadAction\",\"target\":[\"https:\/\/www.asajacyl.com\/soria\/asaja-soria-informa\/el-ministerio-de-agricultura-pesca-y-alimentacion-inicia-la-consulta-publica-para-aplicar-en-espana-las-excepciones-en-las-normas-de-condicionalidad-de-la-pac\"]}]},{\"@type\":\"ImageObject\",\"inLanguage\":\"es\",\"@id\":\"https:\/\/www.asajacyl.com\/soria\/asaja-soria-informa\/el-ministerio-de-agricultura-pesca-y-alimentacion-inicia-la-consulta-publica-para-aplicar-en-espana-las-excepciones-en-las-normas-de-condicionalidad-de-la-pac#primaryimage\",\"url\":\"https:\/\/www.asajacyl.com\/soria\/wp-content\/uploads\/sites\/9\/2020\/07\/IMG_4785.jpg\",\"contentUrl\":\"https:\/\/www.asajacyl.com\/soria\/wp-content\/uploads\/sites\/9\/2020\/07\/IMG_4785.jpg\",\"width\":2500,\"height\":1875},{\"@type\":\"BreadcrumbList\",\"@id\":\"https:\/\/www.asajacyl.com\/soria\/asaja-soria-informa\/el-ministerio-de-agricultura-pesca-y-alimentacion-inicia-la-consulta-publica-para-aplicar-en-espana-las-excepciones-en-las-normas-de-condicionalidad-de-la-pac#breadcrumb\",\"itemListElement\":[{\"@type\":\"ListItem\",\"position\":1,\"name\":\"Portada\",\"item\":\"https:\/\/www.asajacyl.com\/soria\/\"},{\"@type\":\"ListItem\",\"position\":2,\"name\":\"El MAPA inicia la consulta p\u00fablica para aplicar en Espa\u00f1a las excepciones en las normas de condicionalidad de la PAC\"}]},{\"@type\":\"WebSite\",\"@id\":\"https:\/\/www.asajacyl.com\/soria\/#website\",\"url\":\"https:\/\/www.asajacyl.com\/soria\/\",\"name\":\"ASAJA Soria\",\"description\":\"Otro sitio m\u00e1s de Provincias ASAJA Castilla y Le\u00f3n\",\"potentialAction\":[{\"@type\":\"SearchAction\",\"target\":{\"@type\":\"EntryPoint\",\"urlTemplate\":\"https:\/\/www.asajacyl.com\/soria\/?s={search_term_string}\"},\"query-input\":{\"@type\":\"PropertyValueSpecification\",\"valueRequired\":true,\"valueName\":\"search_term_string\"}}],\"inLanguage\":\"es\"},{\"@type\":\"Person\",\"@id\":\"https:\/\/www.asajacyl.com\/soria\/#\/schema\/person\/fd3081c40255119ce8133b87e6aedfab\",\"name\":\"Juan Ignacio Prieto Nieto\",\"image\":{\"@type\":\"ImageObject\",\"inLanguage\":\"es\",\"@id\":\"https:\/\/www.asajacyl.com\/soria\/#\/schema\/person\/image\/\",\"url\":\"https:\/\/secure.gravatar.com\/avatar\/8266b36e4d9001acb4700699a2468dc8?s=96&d=mm&r=g\",\"contentUrl\":\"https:\/\/secure.gravatar.com\/avatar\/8266b36e4d9001acb4700699a2468dc8?s=96&d=mm&r=g\",\"caption\":\"Juan Ignacio Prieto Nieto\"},\"url\":\"https:\/\/www.asajacyl.com\/soria\/author\/juanfranciscoby\"}]}<\/script>\n<!-- \/ Yoast SEO plugin. -->","yoast_head_json":{"title":"El MAPA inicia la consulta p\u00fablica para aplicar en Espa\u00f1a las excepciones en las normas de condicionalidad de la PAC - ASAJA Soria","description":"El Ministerio de Agricultura, Pesca y Alimentaci\u00f3n ha iniciado el procedimiento de consulta p\u00fablica de la modificaci\u00f3n del proyecto de real decreto que","robots":{"index":"index","follow":"follow","max-snippet":"max-snippet:-1","max-image-preview":"max-image-preview:large","max-video-preview":"max-video-preview:-1"},"canonical":"https:\/\/www.asajacyl.com\/soria\/asaja-soria-informa\/el-ministerio-de-agricultura-pesca-y-alimentacion-inicia-la-consulta-publica-para-aplicar-en-espana-las-excepciones-en-las-normas-de-condicionalidad-de-la-pac","og_locale":"es_ES","og_type":"article","og_title":"El MAPA inicia la consulta p\u00fablica para aplicar en Espa\u00f1a las excepciones en las normas de condicionalidad de la PAC - ASAJA Soria","og_description":"El Ministerio de Agricultura, Pesca y Alimentaci\u00f3n ha iniciado el procedimiento de consulta p\u00fablica de la modificaci\u00f3n del proyecto de real decreto que","og_url":"https:\/\/www.asajacyl.com\/soria\/asaja-soria-informa\/el-ministerio-de-agricultura-pesca-y-alimentacion-inicia-la-consulta-publica-para-aplicar-en-espana-las-excepciones-en-las-normas-de-condicionalidad-de-la-pac","og_site_name":"ASAJA Soria","article_published_time":"2022-08-30T12:36:15+00:00","article_modified_time":"2022-08-30T12:38:25+00:00","og_image":[{"width":2500,"height":1875,"url":"https:\/\/www.asajacyl.com\/soria\/wp-content\/uploads\/sites\/9\/2020\/07\/IMG_4785.jpg","type":"image\/jpeg"}],"author":"Juan Ignacio Prieto Nieto","twitter_card":"summary_large_image","twitter_misc":{"Escrito por":"Juan Ignacio Prieto Nieto","Tiempo de lectura":"3 minutos"},"schema":{"@context":"https:\/\/schema.org","@graph":[{"@type":"WebPage","@id":"https:\/\/www.asajacyl.com\/soria\/asaja-soria-informa\/el-ministerio-de-agricultura-pesca-y-alimentacion-inicia-la-consulta-publica-para-aplicar-en-espana-las-excepciones-en-las-normas-de-condicionalidad-de-la-pac","url":"https:\/\/www.asajacyl.com\/soria\/asaja-soria-informa\/el-ministerio-de-agricultura-pesca-y-alimentacion-inicia-la-consulta-publica-para-aplicar-en-espana-las-excepciones-en-las-normas-de-condicionalidad-de-la-pac","name":"El MAPA inicia la consulta p\u00fablica para aplicar en Espa\u00f1a las excepciones en las normas de condicionalidad de la PAC - ASAJA Soria","isPartOf":{"@id":"https:\/\/www.asajacyl.com\/soria\/#website"},"primaryImageOfPage":{"@id":"https:\/\/www.asajacyl.com\/soria\/asaja-soria-informa\/el-ministerio-de-agricultura-pesca-y-alimentacion-inicia-la-consulta-publica-para-aplicar-en-espana-las-excepciones-en-las-normas-de-condicionalidad-de-la-pac#primaryimage"},"image":{"@id":"https:\/\/www.asajacyl.com\/soria\/asaja-soria-informa\/el-ministerio-de-agricultura-pesca-y-alimentacion-inicia-la-consulta-publica-para-aplicar-en-espana-las-excepciones-en-las-normas-de-condicionalidad-de-la-pac#primaryimage"},"thumbnailUrl":"https:\/\/www.asajacyl.com\/soria\/wp-content\/uploads\/sites\/9\/2020\/07\/IMG_4785.jpg","datePublished":"2022-08-30T12:36:15+00:00","dateModified":"2022-08-30T12:38:25+00:00","author":{"@id":"https:\/\/www.asajacyl.com\/soria\/#\/schema\/person\/fd3081c40255119ce8133b87e6aedfab"},"description":"El Ministerio de Agricultura, Pesca y Alimentaci\u00f3n ha iniciado el procedimiento de consulta p\u00fablica de la modificaci\u00f3n del proyecto de real decreto que","breadcrumb":{"@id":"https:\/\/www.asajacyl.com\/soria\/asaja-soria-informa\/el-ministerio-de-agricultura-pesca-y-alimentacion-inicia-la-consulta-publica-para-aplicar-en-espana-las-excepciones-en-las-normas-de-condicionalidad-de-la-pac#breadcrumb"},"inLanguage":"es","potentialAction":[{"@type":"ReadAction","target":["https:\/\/www.asajacyl.com\/soria\/asaja-soria-informa\/el-ministerio-de-agricultura-pesca-y-alimentacion-inicia-la-consulta-publica-para-aplicar-en-espana-las-excepciones-en-las-normas-de-condicionalidad-de-la-pac"]}]},{"@type":"ImageObject","inLanguage":"es","@id":"https:\/\/www.asajacyl.com\/soria\/asaja-soria-informa\/el-ministerio-de-agricultura-pesca-y-alimentacion-inicia-la-consulta-publica-para-aplicar-en-espana-las-excepciones-en-las-normas-de-condicionalidad-de-la-pac#primaryimage","url":"https:\/\/www.asajacyl.com\/soria\/wp-content\/uploads\/sites\/9\/2020\/07\/IMG_4785.jpg","contentUrl":"https:\/\/www.asajacyl.com\/soria\/wp-content\/uploads\/sites\/9\/2020\/07\/IMG_4785.jpg","width":2500,"height":1875},{"@type":"BreadcrumbList","@id":"https:\/\/www.asajacyl.com\/soria\/asaja-soria-informa\/el-ministerio-de-agricultura-pesca-y-alimentacion-inicia-la-consulta-publica-para-aplicar-en-espana-las-excepciones-en-las-normas-de-condicionalidad-de-la-pac#breadcrumb","itemListElement":[{"@type":"ListItem","position":1,"name":"Portada","item":"https:\/\/www.asajacyl.com\/soria\/"},{"@type":"ListItem","position":2,"name":"El MAPA inicia la consulta p\u00fablica para aplicar en Espa\u00f1a las excepciones en las normas de condicionalidad de la PAC"}]},{"@type":"WebSite","@id":"https:\/\/www.asajacyl.com\/soria\/#website","url":"https:\/\/www.asajacyl.com\/soria\/","name":"ASAJA Soria","description":"Otro sitio m\u00e1s de Provincias ASAJA Castilla y Le\u00f3n","potentialAction":[{"@type":"SearchAction","target":{"@type":"EntryPoint","urlTemplate":"https:\/\/www.asajacyl.com\/soria\/?s={search_term_string}"},"query-input":{"@type":"PropertyValueSpecification","valueRequired":true,"valueName":"search_term_string"}}],"inLanguage":"es"},{"@type":"Person","@id":"https:\/\/www.asajacyl.com\/soria\/#\/schema\/person\/fd3081c40255119ce8133b87e6aedfab","name":"Juan Ignacio Prieto Nieto","image":{"@type":"ImageObject","inLanguage":"es","@id":"https:\/\/www.asajacyl.com\/soria\/#\/schema\/person\/image\/","url":"https:\/\/secure.gravatar.com\/avatar\/8266b36e4d9001acb4700699a2468dc8?s=96&d=mm&r=g","contentUrl":"https:\/\/secure.gravatar.com\/avatar\/8266b36e4d9001acb4700699a2468dc8?s=96&d=mm&r=g","caption":"Juan Ignacio Prieto Nieto"},"url":"https:\/\/www.asajacyl.com\/soria\/author\/juanfranciscoby"}]}},"_links":{"self":[{"href":"https:\/\/www.asajacyl.com\/soria\/wp-json\/wp\/v2\/posts\/6019"}],"collection":[{"href":"https:\/\/www.asajacyl.com\/soria\/wp-json\/wp\/v2\/posts"}],"about":[{"href":"https:\/\/www.asajacyl.com\/soria\/wp-json\/wp\/v2\/types\/post"}],"author":[{"embeddable":true,"href":"https:\/\/www.asajacyl.com\/soria\/wp-json\/wp\/v2\/users\/12"}],"replies":[{"embeddable":true,"href":"https:\/\/www.asajacyl.com\/soria\/wp-json\/wp\/v2\/comments?post=6019"}],"version-history":[{"count":2,"href":"https:\/\/www.asajacyl.com\/soria\/wp-json\/wp\/v2\/posts\/6019\/revisions"}],"predecessor-version":[{"id":6021,"href":"https:\/\/www.asajacyl.com\/soria\/wp-json\/wp\/v2\/posts\/6019\/revisions\/6021"}],"wp:featuredmedia":[{"embeddable":true,"href":"https:\/\/www.asajacyl.com\/soria\/wp-json\/wp\/v2\/media\/3448"}],"wp:attachment":[{"href":"https:\/\/www.asajacyl.com\/soria\/wp-json\/wp\/v2\/media?parent=6019"}],"wp:term":[{"taxonomy":"category","embeddable":true,"href":"https:\/\/www.asajacyl.com\/soria\/wp-json\/wp\/v2\/categories?post=6019"},{"taxonomy":"post_tag","embeddable":true,"href":"https:\/\/www.asajacyl.com\/soria\/wp-json\/wp\/v2\/tags?post=6019"}],"curies":[{"name":"wp","href":"https:\/\/api.w.org\/{rel}","templated":true}]}}