{"id":6053,"date":"2022-09-15T09:01:38","date_gmt":"2022-09-15T07:01:38","guid":{"rendered":"https:\/\/www.asajacyl.com\/soria\/?p=6053"},"modified":"2022-09-23T17:39:57","modified_gmt":"2022-09-23T15:39:57","slug":"acto-de-protesta-en-valladolid-el-proximo-23-de-septiembre-contra-los-altos-costes-de-produccion-que-sufre-el-sector-agrario","status":"publish","type":"post","link":"https:\/\/www.asajacyl.com\/soria\/asaja-soria-informa\/acto-de-protesta-en-valladolid-el-proximo-23-de-septiembre-contra-los-altos-costes-de-produccion-que-sufre-el-sector-agrario","title":{"rendered":"Autobuses de ASAJA para el acto de protesta en Valladolid el pr\u00f3ximo 23 de septiembre contra los altos costes de producci\u00f3n que sufre el sector agrario"},"content":{"rendered":"\n<h2><strong>Los interesados en participar pueden apuntarse en las oficinas de ASAJA en Soria, San Esteban de Gormaz y Almaz\u00e1n. Desplazamiento gratuito.<\/strong><\/h2>\n<p>Las organizaciones agrarias ASAJA y la Alianza han convocado una manifestaci\u00f3n de protesta por las calles de Valladolid el pr\u00f3ximo 23 de septiembre para reclamar soluciones a los alt\u00edsimos costes de producci\u00f3n que soportan los agricultores y ganaderos, y que ponen en peligro la presente campa\u00f1a.<\/p>\n<p>La subida escandalosa de los insumos de todo tipo (carburantes, abonos, fitosanitarios, semillas, piensos, electricidad, agua, pl\u00e1sticos\u2026) \u00a0est\u00e1 llevando al l\u00edmite a los agricultores y ganaderos con el riesgo real de que esta situaci\u00f3n provoque el desabastecimiento de alimentos en las superficies comerciales al no poder asumir las explotaciones familiares los elevad\u00edsimos gastos para ponerse a producir alimentos.<\/p>\n<p>Con este acto de protesta regional, bajo el lema:\u00a0<strong>`Si el campo no puede producir, la ciudad no podr\u00e1 comer\u00b4<\/strong>, ASAJA denunciar\u00e1 la crisis de rentabilidad que sufre actualmente el sector agrario y que no cuenta con precedentes similares.<\/p>\n<p>El viernes 23 de septiembre reclamaremos tanto a las puertas de la Delegaci\u00f3n del Gobierno como a las puertas de la Consejer\u00eda de Agricultura medidas de `choque\u00b4 por parte de ambas administraciones con car\u00e1cter de urgencia a nivel fiscal, econ\u00f3mico, normativo y en forma de ayudas directas, para amortiguar el coste de los insumos y la ca\u00edda de la producci\u00f3n por la meteorolog\u00eda, y por lo tanto para dar una salida al sector en una situaci\u00f3n tan delicada como la actual.<\/p>\n<p><strong>Los interesados en participar pueden apuntarse en las oficinas de ASAJA en Soria, San Esteban de Gormaz y Almaz\u00e1n.<\/strong><\/p>\n<p><img loading=\"lazy\" decoding=\"async\" class=\"wp-image-6054 alignnone\" src=\"https:\/\/www.asajacyl.com\/soria\/wp-content\/uploads\/sites\/9\/2022\/09\/Cotes-produccion-23-9-2022-003.jpg\" alt=\"\" width=\"864\" height=\"1222\" srcset=\"https:\/\/www.asajacyl.com\/soria\/wp-content\/uploads\/sites\/9\/2022\/09\/Cotes-produccion-23-9-2022-003.jpg 1240w, https:\/\/www.asajacyl.com\/soria\/wp-content\/uploads\/sites\/9\/2022\/09\/Cotes-produccion-23-9-2022-003-212x300.jpg 212w, https:\/\/www.asajacyl.com\/soria\/wp-content\/uploads\/sites\/9\/2022\/09\/Cotes-produccion-23-9-2022-003-724x1024.jpg 724w, https:\/\/www.asajacyl.com\/soria\/wp-content\/uploads\/sites\/9\/2022\/09\/Cotes-produccion-23-9-2022-003-768x1086.jpg 768w, https:\/\/www.asajacyl.com\/soria\/wp-content\/uploads\/sites\/9\/2022\/09\/Cotes-produccion-23-9-2022-003-1086x1536.jpg 1086w, https:\/\/www.asajacyl.com\/soria\/wp-content\/uploads\/sites\/9\/2022\/09\/Cotes-produccion-23-9-2022-003-696x985.jpg 696w, https:\/\/www.asajacyl.com\/soria\/wp-content\/uploads\/sites\/9\/2022\/09\/Cotes-produccion-23-9-2022-003-1068x1511.jpg 1068w, https:\/\/www.asajacyl.com\/soria\/wp-content\/uploads\/sites\/9\/2022\/09\/Cotes-produccion-23-9-2022-003-297x420.jpg 297w\" sizes=\"(max-width: 864px) 100vw, 864px\" \/><\/p>\n","protected":false},"excerpt":{"rendered":"<p>Los interesados en participar pueden apuntarse en las oficinas de ASAJA en Soria, San Esteban de Gormaz y Almaz\u00e1n. Desplazamiento gratuito. Las organizaciones agrarias ASAJA y la Alianza han convocado una manifestaci\u00f3n de protesta por las calles de Valladolid el pr\u00f3ximo 23 de septiembre para reclamar soluciones a los alt\u00edsimos costes de producci\u00f3n que soportan [&hellip;]<\/p>\n","protected":false},"author":12,"featured_media":6054,"comment_status":"open","ping_status":"open","sticky":false,"template":"","format":"standard","meta":{"footnotes":""},"categories":[10,25],"tags":[],"yoast_head":"<!-- This site is optimized with the Yoast SEO plugin v24.5 - https:\/\/yoast.com\/wordpress\/plugins\/seo\/ -->\n<title>Autobuses de ASAJA para el acto de protesta en Valladolid el pr\u00f3ximo 23 de septiembre contra los altos costes de producci\u00f3n que sufre el sector agrario - ASAJA Soria<\/title>\n<meta name=\"description\" content=\"Los interesados en participar pueden apuntarse en las oficinas de ASAJA en Soria, San Esteban de Gormaz y Almaz\u00e1n. Desplazamiento gratuito. Las\" \/>\n<meta name=\"robots\" content=\"index, follow, max-snippet:-1, max-image-preview:large, max-video-preview:-1\" \/>\n<link rel=\"canonical\" href=\"https:\/\/www.asajacyl.com\/soria\/asaja-soria-informa\/acto-de-protesta-en-valladolid-el-proximo-23-de-septiembre-contra-los-altos-costes-de-produccion-que-sufre-el-sector-agrario\" \/>\n<meta property=\"og:locale\" content=\"es_ES\" \/>\n<meta property=\"og:type\" content=\"article\" \/>\n<meta property=\"og:title\" content=\"Autobuses de ASAJA para el acto de protesta en Valladolid el pr\u00f3ximo 23 de septiembre contra los altos costes de producci\u00f3n que sufre el sector agrario - ASAJA Soria\" \/>\n<meta property=\"og:description\" content=\"Los interesados en participar pueden apuntarse en las oficinas de ASAJA en Soria, San Esteban de Gormaz y Almaz\u00e1n. Desplazamiento gratuito. Las\" \/>\n<meta property=\"og:url\" content=\"https:\/\/www.asajacyl.com\/soria\/asaja-soria-informa\/acto-de-protesta-en-valladolid-el-proximo-23-de-septiembre-contra-los-altos-costes-de-produccion-que-sufre-el-sector-agrario\" \/>\n<meta property=\"og:site_name\" content=\"ASAJA Soria\" \/>\n<meta property=\"article:published_time\" content=\"2022-09-15T07:01:38+00:00\" \/>\n<meta property=\"article:modified_time\" content=\"2022-09-23T15:39:57+00:00\" \/>\n<meta property=\"og:image\" content=\"https:\/\/www.asajacyl.com\/soria\/wp-content\/uploads\/sites\/9\/2022\/09\/Cotes-produccion-23-9-2022-003.jpg\" \/>\n\t<meta property=\"og:image:width\" content=\"1240\" \/>\n\t<meta property=\"og:image:height\" content=\"1754\" \/>\n\t<meta property=\"og:image:type\" content=\"image\/jpeg\" \/>\n<meta name=\"author\" content=\"Juan Ignacio Prieto Nieto\" \/>\n<meta name=\"twitter:card\" content=\"summary_large_image\" \/>\n<meta name=\"twitter:label1\" content=\"Escrito por\" \/>\n\t<meta name=\"twitter:data1\" content=\"Juan Ignacio Prieto Nieto\" \/>\n\t<meta name=\"twitter:label2\" content=\"Tiempo de lectura\" \/>\n\t<meta name=\"twitter:data2\" content=\"2 minutos\" \/>\n<script type=\"application\/ld+json\" class=\"yoast-schema-graph\">{\"@context\":\"https:\/\/schema.org\",\"@graph\":[{\"@type\":\"WebPage\",\"@id\":\"https:\/\/www.asajacyl.com\/soria\/asaja-soria-informa\/acto-de-protesta-en-valladolid-el-proximo-23-de-septiembre-contra-los-altos-costes-de-produccion-que-sufre-el-sector-agrario\",\"url\":\"https:\/\/www.asajacyl.com\/soria\/asaja-soria-informa\/acto-de-protesta-en-valladolid-el-proximo-23-de-septiembre-contra-los-altos-costes-de-produccion-que-sufre-el-sector-agrario\",\"name\":\"Autobuses de ASAJA para el acto de protesta en Valladolid el pr\u00f3ximo 23 de septiembre contra los altos costes de producci\u00f3n que sufre el sector agrario - ASAJA Soria\",\"isPartOf\":{\"@id\":\"https:\/\/www.asajacyl.com\/soria\/#website\"},\"primaryImageOfPage\":{\"@id\":\"https:\/\/www.asajacyl.com\/soria\/asaja-soria-informa\/acto-de-protesta-en-valladolid-el-proximo-23-de-septiembre-contra-los-altos-costes-de-produccion-que-sufre-el-sector-agrario#primaryimage\"},\"image\":{\"@id\":\"https:\/\/www.asajacyl.com\/soria\/asaja-soria-informa\/acto-de-protesta-en-valladolid-el-proximo-23-de-septiembre-contra-los-altos-costes-de-produccion-que-sufre-el-sector-agrario#primaryimage\"},\"thumbnailUrl\":\"https:\/\/www.asajacyl.com\/soria\/wp-content\/uploads\/sites\/9\/2022\/09\/Cotes-produccion-23-9-2022-003.jpg\",\"datePublished\":\"2022-09-15T07:01:38+00:00\",\"dateModified\":\"2022-09-23T15:39:57+00:00\",\"author\":{\"@id\":\"https:\/\/www.asajacyl.com\/soria\/#\/schema\/person\/fd3081c40255119ce8133b87e6aedfab\"},\"description\":\"Los interesados en participar pueden apuntarse en las oficinas de ASAJA en Soria, San Esteban de Gormaz y Almaz\u00e1n. Desplazamiento gratuito. Las\",\"breadcrumb\":{\"@id\":\"https:\/\/www.asajacyl.com\/soria\/asaja-soria-informa\/acto-de-protesta-en-valladolid-el-proximo-23-de-septiembre-contra-los-altos-costes-de-produccion-que-sufre-el-sector-agrario#breadcrumb\"},\"inLanguage\":\"es\",\"potentialAction\":[{\"@type\":\"ReadAction\",\"target\":[\"https:\/\/www.asajacyl.com\/soria\/asaja-soria-informa\/acto-de-protesta-en-valladolid-el-proximo-23-de-septiembre-contra-los-altos-costes-de-produccion-que-sufre-el-sector-agrario\"]}]},{\"@type\":\"ImageObject\",\"inLanguage\":\"es\",\"@id\":\"https:\/\/www.asajacyl.com\/soria\/asaja-soria-informa\/acto-de-protesta-en-valladolid-el-proximo-23-de-septiembre-contra-los-altos-costes-de-produccion-que-sufre-el-sector-agrario#primaryimage\",\"url\":\"https:\/\/www.asajacyl.com\/soria\/wp-content\/uploads\/sites\/9\/2022\/09\/Cotes-produccion-23-9-2022-003.jpg\",\"contentUrl\":\"https:\/\/www.asajacyl.com\/soria\/wp-content\/uploads\/sites\/9\/2022\/09\/Cotes-produccion-23-9-2022-003.jpg\",\"width\":1240,\"height\":1754},{\"@type\":\"BreadcrumbList\",\"@id\":\"https:\/\/www.asajacyl.com\/soria\/asaja-soria-informa\/acto-de-protesta-en-valladolid-el-proximo-23-de-septiembre-contra-los-altos-costes-de-produccion-que-sufre-el-sector-agrario#breadcrumb\",\"itemListElement\":[{\"@type\":\"ListItem\",\"position\":1,\"name\":\"Portada\",\"item\":\"https:\/\/www.asajacyl.com\/soria\/\"},{\"@type\":\"ListItem\",\"position\":2,\"name\":\"Autobuses de ASAJA para el acto de protesta en Valladolid el pr\u00f3ximo 23 de septiembre contra los altos costes de producci\u00f3n que sufre el sector agrario\"}]},{\"@type\":\"WebSite\",\"@id\":\"https:\/\/www.asajacyl.com\/soria\/#website\",\"url\":\"https:\/\/www.asajacyl.com\/soria\/\",\"name\":\"ASAJA Soria\",\"description\":\"Otro sitio m\u00e1s de Provincias ASAJA Castilla y Le\u00f3n\",\"potentialAction\":[{\"@type\":\"SearchAction\",\"target\":{\"@type\":\"EntryPoint\",\"urlTemplate\":\"https:\/\/www.asajacyl.com\/soria\/?s={search_term_string}\"},\"query-input\":{\"@type\":\"PropertyValueSpecification\",\"valueRequired\":true,\"valueName\":\"search_term_string\"}}],\"inLanguage\":\"es\"},{\"@type\":\"Person\",\"@id\":\"https:\/\/www.asajacyl.com\/soria\/#\/schema\/person\/fd3081c40255119ce8133b87e6aedfab\",\"name\":\"Juan Ignacio Prieto Nieto\",\"image\":{\"@type\":\"ImageObject\",\"inLanguage\":\"es\",\"@id\":\"https:\/\/www.asajacyl.com\/soria\/#\/schema\/person\/image\/\",\"url\":\"https:\/\/secure.gravatar.com\/avatar\/8266b36e4d9001acb4700699a2468dc8?s=96&d=mm&r=g\",\"contentUrl\":\"https:\/\/secure.gravatar.com\/avatar\/8266b36e4d9001acb4700699a2468dc8?s=96&d=mm&r=g\",\"caption\":\"Juan Ignacio Prieto Nieto\"},\"url\":\"https:\/\/www.asajacyl.com\/soria\/author\/juanfranciscoby\"}]}<\/script>\n<!-- \/ Yoast SEO plugin. -->","yoast_head_json":{"title":"Autobuses de ASAJA para el acto de protesta en Valladolid el pr\u00f3ximo 23 de septiembre contra los altos costes de producci\u00f3n que sufre el sector agrario - ASAJA Soria","description":"Los interesados en participar pueden apuntarse en las oficinas de ASAJA en Soria, San Esteban de Gormaz y Almaz\u00e1n. Desplazamiento gratuito. Las","robots":{"index":"index","follow":"follow","max-snippet":"max-snippet:-1","max-image-preview":"max-image-preview:large","max-video-preview":"max-video-preview:-1"},"canonical":"https:\/\/www.asajacyl.com\/soria\/asaja-soria-informa\/acto-de-protesta-en-valladolid-el-proximo-23-de-septiembre-contra-los-altos-costes-de-produccion-que-sufre-el-sector-agrario","og_locale":"es_ES","og_type":"article","og_title":"Autobuses de ASAJA para el acto de protesta en Valladolid el pr\u00f3ximo 23 de septiembre contra los altos costes de producci\u00f3n que sufre el sector agrario - ASAJA Soria","og_description":"Los interesados en participar pueden apuntarse en las oficinas de ASAJA en Soria, San Esteban de Gormaz y Almaz\u00e1n. Desplazamiento gratuito. Las","og_url":"https:\/\/www.asajacyl.com\/soria\/asaja-soria-informa\/acto-de-protesta-en-valladolid-el-proximo-23-de-septiembre-contra-los-altos-costes-de-produccion-que-sufre-el-sector-agrario","og_site_name":"ASAJA Soria","article_published_time":"2022-09-15T07:01:38+00:00","article_modified_time":"2022-09-23T15:39:57+00:00","og_image":[{"width":1240,"height":1754,"url":"https:\/\/www.asajacyl.com\/soria\/wp-content\/uploads\/sites\/9\/2022\/09\/Cotes-produccion-23-9-2022-003.jpg","type":"image\/jpeg"}],"author":"Juan Ignacio Prieto Nieto","twitter_card":"summary_large_image","twitter_misc":{"Escrito por":"Juan Ignacio Prieto Nieto","Tiempo de lectura":"2 minutos"},"schema":{"@context":"https:\/\/schema.org","@graph":[{"@type":"WebPage","@id":"https:\/\/www.asajacyl.com\/soria\/asaja-soria-informa\/acto-de-protesta-en-valladolid-el-proximo-23-de-septiembre-contra-los-altos-costes-de-produccion-que-sufre-el-sector-agrario","url":"https:\/\/www.asajacyl.com\/soria\/asaja-soria-informa\/acto-de-protesta-en-valladolid-el-proximo-23-de-septiembre-contra-los-altos-costes-de-produccion-que-sufre-el-sector-agrario","name":"Autobuses de ASAJA para el acto de protesta en Valladolid el pr\u00f3ximo 23 de septiembre contra los altos costes de producci\u00f3n que sufre el sector agrario - ASAJA Soria","isPartOf":{"@id":"https:\/\/www.asajacyl.com\/soria\/#website"},"primaryImageOfPage":{"@id":"https:\/\/www.asajacyl.com\/soria\/asaja-soria-informa\/acto-de-protesta-en-valladolid-el-proximo-23-de-septiembre-contra-los-altos-costes-de-produccion-que-sufre-el-sector-agrario#primaryimage"},"image":{"@id":"https:\/\/www.asajacyl.com\/soria\/asaja-soria-informa\/acto-de-protesta-en-valladolid-el-proximo-23-de-septiembre-contra-los-altos-costes-de-produccion-que-sufre-el-sector-agrario#primaryimage"},"thumbnailUrl":"https:\/\/www.asajacyl.com\/soria\/wp-content\/uploads\/sites\/9\/2022\/09\/Cotes-produccion-23-9-2022-003.jpg","datePublished":"2022-09-15T07:01:38+00:00","dateModified":"2022-09-23T15:39:57+00:00","author":{"@id":"https:\/\/www.asajacyl.com\/soria\/#\/schema\/person\/fd3081c40255119ce8133b87e6aedfab"},"description":"Los interesados en participar pueden apuntarse en las oficinas de ASAJA en Soria, San Esteban de Gormaz y Almaz\u00e1n. Desplazamiento gratuito. Las","breadcrumb":{"@id":"https:\/\/www.asajacyl.com\/soria\/asaja-soria-informa\/acto-de-protesta-en-valladolid-el-proximo-23-de-septiembre-contra-los-altos-costes-de-produccion-que-sufre-el-sector-agrario#breadcrumb"},"inLanguage":"es","potentialAction":[{"@type":"ReadAction","target":["https:\/\/www.asajacyl.com\/soria\/asaja-soria-informa\/acto-de-protesta-en-valladolid-el-proximo-23-de-septiembre-contra-los-altos-costes-de-produccion-que-sufre-el-sector-agrario"]}]},{"@type":"ImageObject","inLanguage":"es","@id":"https:\/\/www.asajacyl.com\/soria\/asaja-soria-informa\/acto-de-protesta-en-valladolid-el-proximo-23-de-septiembre-contra-los-altos-costes-de-produccion-que-sufre-el-sector-agrario#primaryimage","url":"https:\/\/www.asajacyl.com\/soria\/wp-content\/uploads\/sites\/9\/2022\/09\/Cotes-produccion-23-9-2022-003.jpg","contentUrl":"https:\/\/www.asajacyl.com\/soria\/wp-content\/uploads\/sites\/9\/2022\/09\/Cotes-produccion-23-9-2022-003.jpg","width":1240,"height":1754},{"@type":"BreadcrumbList","@id":"https:\/\/www.asajacyl.com\/soria\/asaja-soria-informa\/acto-de-protesta-en-valladolid-el-proximo-23-de-septiembre-contra-los-altos-costes-de-produccion-que-sufre-el-sector-agrario#breadcrumb","itemListElement":[{"@type":"ListItem","position":1,"name":"Portada","item":"https:\/\/www.asajacyl.com\/soria\/"},{"@type":"ListItem","position":2,"name":"Autobuses de ASAJA para el acto de protesta en Valladolid el pr\u00f3ximo 23 de septiembre contra los altos costes de producci\u00f3n que sufre el sector agrario"}]},{"@type":"WebSite","@id":"https:\/\/www.asajacyl.com\/soria\/#website","url":"https:\/\/www.asajacyl.com\/soria\/","name":"ASAJA Soria","description":"Otro sitio m\u00e1s de Provincias ASAJA Castilla y Le\u00f3n","potentialAction":[{"@type":"SearchAction","target":{"@type":"EntryPoint","urlTemplate":"https:\/\/www.asajacyl.com\/soria\/?s={search_term_string}"},"query-input":{"@type":"PropertyValueSpecification","valueRequired":true,"valueName":"search_term_string"}}],"inLanguage":"es"},{"@type":"Person","@id":"https:\/\/www.asajacyl.com\/soria\/#\/schema\/person\/fd3081c40255119ce8133b87e6aedfab","name":"Juan Ignacio Prieto Nieto","image":{"@type":"ImageObject","inLanguage":"es","@id":"https:\/\/www.asajacyl.com\/soria\/#\/schema\/person\/image\/","url":"https:\/\/secure.gravatar.com\/avatar\/8266b36e4d9001acb4700699a2468dc8?s=96&d=mm&r=g","contentUrl":"https:\/\/secure.gravatar.com\/avatar\/8266b36e4d9001acb4700699a2468dc8?s=96&d=mm&r=g","caption":"Juan Ignacio Prieto Nieto"},"url":"https:\/\/www.asajacyl.com\/soria\/author\/juanfranciscoby"}]}},"_links":{"self":[{"href":"https:\/\/www.asajacyl.com\/soria\/wp-json\/wp\/v2\/posts\/6053"}],"collection":[{"href":"https:\/\/www.asajacyl.com\/soria\/wp-json\/wp\/v2\/posts"}],"about":[{"href":"https:\/\/www.asajacyl.com\/soria\/wp-json\/wp\/v2\/types\/post"}],"author":[{"embeddable":true,"href":"https:\/\/www.asajacyl.com\/soria\/wp-json\/wp\/v2\/users\/12"}],"replies":[{"embeddable":true,"href":"https:\/\/www.asajacyl.com\/soria\/wp-json\/wp\/v2\/comments?post=6053"}],"version-history":[{"count":6,"href":"https:\/\/www.asajacyl.com\/soria\/wp-json\/wp\/v2\/posts\/6053\/revisions"}],"predecessor-version":[{"id":6062,"href":"https:\/\/www.asajacyl.com\/soria\/wp-json\/wp\/v2\/posts\/6053\/revisions\/6062"}],"wp:featuredmedia":[{"embeddable":true,"href":"https:\/\/www.asajacyl.com\/soria\/wp-json\/wp\/v2\/media\/6054"}],"wp:attachment":[{"href":"https:\/\/www.asajacyl.com\/soria\/wp-json\/wp\/v2\/media?parent=6053"}],"wp:term":[{"taxonomy":"category","embeddable":true,"href":"https:\/\/www.asajacyl.com\/soria\/wp-json\/wp\/v2\/categories?post=6053"},{"taxonomy":"post_tag","embeddable":true,"href":"https:\/\/www.asajacyl.com\/soria\/wp-json\/wp\/v2\/tags?post=6053"}],"curies":[{"name":"wp","href":"https:\/\/api.w.org\/{rel}","templated":true}]}}