{"id":6087,"date":"2022-09-27T12:05:39","date_gmt":"2022-09-27T10:05:39","guid":{"rendered":"https:\/\/www.asajacyl.com\/soria\/?p=6087"},"modified":"2022-09-27T12:35:15","modified_gmt":"2022-09-27T10:35:15","slug":"asaja-soria-celebra-en-almazan-una-jornada-sobre-la-mujer-rural","status":"publish","type":"post","link":"https:\/\/www.asajacyl.com\/soria\/asaja-soria-informa\/asaja-soria-celebra-en-almazan-una-jornada-sobre-la-mujer-rural","title":{"rendered":"ASAJA Soria celebra en Almaz\u00e1n una jornada sobre la mujer rural"},"content":{"rendered":"\n<h2><em>La actividad cont\u00f3 con la presencia del subdelegado del Gobierno y la vicepresidenta de la OPA<\/em><\/h2>\n<p>La Asociaci\u00f3n Agraria de J\u00f3venes Agricultores de Soria (ASAJA) ha celebrado esta ma\u00f1ana en el Centro Cultural Tirso de Molina de Almaz\u00e1n una jornada espec\u00edfica sobre la titularidad compartida de las explotaciones agrarias.<\/p>\n<p>\u00a0La actividad arranc\u00f3 con la bienvenida del subdelegado del Gobierno en Soria, Miguel Latorre Zubiri, quien puso en valor el trabajo y los proyectos de vida de las mujeres en nuestro medio rural y la imprescindible labor que realizan para mantener y revitalizar estos territorios. Tambi\u00e9n estuvo presente en la jornada la vicepresidenta de ASAJA Soria, Ana Pastor Soria, miembro de la asociaci\u00f3n estatal ASAJA Mujeres y m\u00e1xima representante de ASAJA Mujeres Castilla y Le\u00f3n.<\/p>\n<p><img loading=\"lazy\" decoding=\"async\" class=\"aligncenter size-full wp-image-6098\" src=\"https:\/\/www.asajacyl.com\/soria\/wp-content\/uploads\/sites\/9\/2022\/09\/IMG_5746.jpg\" alt=\"\" width=\"2500\" height=\"1875\" srcset=\"https:\/\/www.asajacyl.com\/soria\/wp-content\/uploads\/sites\/9\/2022\/09\/IMG_5746.jpg 2500w, https:\/\/www.asajacyl.com\/soria\/wp-content\/uploads\/sites\/9\/2022\/09\/IMG_5746-300x225.jpg 300w, https:\/\/www.asajacyl.com\/soria\/wp-content\/uploads\/sites\/9\/2022\/09\/IMG_5746-1024x768.jpg 1024w, https:\/\/www.asajacyl.com\/soria\/wp-content\/uploads\/sites\/9\/2022\/09\/IMG_5746-768x576.jpg 768w, https:\/\/www.asajacyl.com\/soria\/wp-content\/uploads\/sites\/9\/2022\/09\/IMG_5746-1536x1152.jpg 1536w, https:\/\/www.asajacyl.com\/soria\/wp-content\/uploads\/sites\/9\/2022\/09\/IMG_5746-2048x1536.jpg 2048w, https:\/\/www.asajacyl.com\/soria\/wp-content\/uploads\/sites\/9\/2022\/09\/IMG_5746-696x522.jpg 696w, https:\/\/www.asajacyl.com\/soria\/wp-content\/uploads\/sites\/9\/2022\/09\/IMG_5746-1068x801.jpg 1068w, https:\/\/www.asajacyl.com\/soria\/wp-content\/uploads\/sites\/9\/2022\/09\/IMG_5746-1920x1440.jpg 1920w, https:\/\/www.asajacyl.com\/soria\/wp-content\/uploads\/sites\/9\/2022\/09\/IMG_5746-560x420.jpg 560w, https:\/\/www.asajacyl.com\/soria\/wp-content\/uploads\/sites\/9\/2022\/09\/IMG_5746-80x60.jpg 80w\" sizes=\"(max-width: 2500px) 100vw, 2500px\" \/><\/p>\n<p>\u00a0A continuaci\u00f3n, fue Marta Poza Andaluz, de los servicios jur\u00eddicos de ASAJA Soria, quien expuso la base legal y las afectaciones en normativas generales y sectoriales del campo.<\/p>\n<p>\u00a0Posteriormente, Mar\u00eda \u00c1ngela Rodr\u00edguez Garc\u00eda, t\u00e9cnico de empleo de la Asociaci\u00f3n para el Desarrollo End\u00f3geno de Almaz\u00e1n y otros Municipios (ADEMA) ofreci\u00f3 una ponencia con el t\u00edtulo: \u201cLa Estrategia Mujer\u201d.<\/p>\n<p>\u00a0La iniciativa est\u00e1 financiada \u00edntegramente por el Ministerio de Agricultura, Pesca y Alimentaci\u00f3n.<\/p>\n<p>\u00a0ASAJA agradece la colaboraci\u00f3n de la Subdelegaci\u00f3n y la participaci\u00f3n personal del subdelegado.<\/p>\n<p><img loading=\"lazy\" decoding=\"async\" class=\"aligncenter size-full wp-image-6097\" src=\"https:\/\/www.asajacyl.com\/soria\/wp-content\/uploads\/sites\/9\/2022\/09\/IMG_5769.jpg\" alt=\"\" width=\"2500\" height=\"1895\" srcset=\"https:\/\/www.asajacyl.com\/soria\/wp-content\/uploads\/sites\/9\/2022\/09\/IMG_5769.jpg 2500w, https:\/\/www.asajacyl.com\/soria\/wp-content\/uploads\/sites\/9\/2022\/09\/IMG_5769-300x227.jpg 300w, https:\/\/www.asajacyl.com\/soria\/wp-content\/uploads\/sites\/9\/2022\/09\/IMG_5769-1024x776.jpg 1024w, https:\/\/www.asajacyl.com\/soria\/wp-content\/uploads\/sites\/9\/2022\/09\/IMG_5769-768x582.jpg 768w, https:\/\/www.asajacyl.com\/soria\/wp-content\/uploads\/sites\/9\/2022\/09\/IMG_5769-1536x1164.jpg 1536w, https:\/\/www.asajacyl.com\/soria\/wp-content\/uploads\/sites\/9\/2022\/09\/IMG_5769-2048x1552.jpg 2048w, https:\/\/www.asajacyl.com\/soria\/wp-content\/uploads\/sites\/9\/2022\/09\/IMG_5769-696x528.jpg 696w, https:\/\/www.asajacyl.com\/soria\/wp-content\/uploads\/sites\/9\/2022\/09\/IMG_5769-1068x810.jpg 1068w, https:\/\/www.asajacyl.com\/soria\/wp-content\/uploads\/sites\/9\/2022\/09\/IMG_5769-1920x1455.jpg 1920w, https:\/\/www.asajacyl.com\/soria\/wp-content\/uploads\/sites\/9\/2022\/09\/IMG_5769-554x420.jpg 554w, https:\/\/www.asajacyl.com\/soria\/wp-content\/uploads\/sites\/9\/2022\/09\/IMG_5769-80x60.jpg 80w\" sizes=\"(max-width: 2500px) 100vw, 2500px\" \/><\/p>\n<p>\u00a0<\/p>\n<h2>\u00a0<\/h2>\n","protected":false},"excerpt":{"rendered":"<p>La actividad cont\u00f3 con la presencia del subdelegado del Gobierno y la vicepresidenta de la OPA La Asociaci\u00f3n Agraria de J\u00f3venes Agricultores de Soria (ASAJA) ha celebrado esta ma\u00f1ana en el Centro Cultural Tirso de Molina de Almaz\u00e1n una jornada espec\u00edfica sobre la titularidad compartida de las explotaciones agrarias. \u00a0La actividad arranc\u00f3 con la bienvenida [&hellip;]<\/p>\n","protected":false},"author":12,"featured_media":6099,"comment_status":"open","ping_status":"open","sticky":false,"template":"","format":"standard","meta":{"footnotes":""},"categories":[10,25],"tags":[],"yoast_head":"<!-- This site is optimized with the Yoast SEO plugin v24.5 - https:\/\/yoast.com\/wordpress\/plugins\/seo\/ -->\n<title>ASAJA Soria celebra en Almaz\u00e1n una jornada sobre la mujer rural - ASAJA Soria<\/title>\n<meta name=\"description\" content=\"La actividad cont\u00f3 con la presencia del subdelegado del Gobierno y la vicepresidenta de la OPA La Asociaci\u00f3n Agraria de J\u00f3venes Agricultores de Soria\" \/>\n<meta name=\"robots\" content=\"index, follow, max-snippet:-1, max-image-preview:large, max-video-preview:-1\" \/>\n<link rel=\"canonical\" href=\"https:\/\/www.asajacyl.com\/soria\/asaja-soria-informa\/asaja-soria-celebra-en-almazan-una-jornada-sobre-la-mujer-rural\" \/>\n<meta property=\"og:locale\" content=\"es_ES\" \/>\n<meta property=\"og:type\" content=\"article\" \/>\n<meta property=\"og:title\" content=\"ASAJA Soria celebra en Almaz\u00e1n una jornada sobre la mujer rural - ASAJA Soria\" \/>\n<meta property=\"og:description\" content=\"La actividad cont\u00f3 con la presencia del subdelegado del Gobierno y la vicepresidenta de la OPA La Asociaci\u00f3n Agraria de J\u00f3venes Agricultores de Soria\" \/>\n<meta property=\"og:url\" content=\"https:\/\/www.asajacyl.com\/soria\/asaja-soria-informa\/asaja-soria-celebra-en-almazan-una-jornada-sobre-la-mujer-rural\" \/>\n<meta property=\"og:site_name\" content=\"ASAJA Soria\" \/>\n<meta property=\"article:published_time\" content=\"2022-09-27T10:05:39+00:00\" \/>\n<meta property=\"article:modified_time\" content=\"2022-09-27T10:35:15+00:00\" \/>\n<meta property=\"og:image\" content=\"https:\/\/www.asajacyl.com\/soria\/wp-content\/uploads\/sites\/9\/2022\/09\/IMG_5754.jpg\" \/>\n\t<meta property=\"og:image:width\" content=\"2500\" \/>\n\t<meta property=\"og:image:height\" content=\"1875\" \/>\n\t<meta property=\"og:image:type\" content=\"image\/jpeg\" \/>\n<meta name=\"author\" content=\"Juan Ignacio Prieto Nieto\" \/>\n<meta name=\"twitter:card\" content=\"summary_large_image\" \/>\n<meta name=\"twitter:label1\" content=\"Escrito por\" \/>\n\t<meta name=\"twitter:data1\" content=\"Juan Ignacio Prieto Nieto\" \/>\n\t<meta name=\"twitter:label2\" content=\"Tiempo de lectura\" \/>\n\t<meta name=\"twitter:data2\" content=\"2 minutos\" \/>\n<script type=\"application\/ld+json\" class=\"yoast-schema-graph\">{\"@context\":\"https:\/\/schema.org\",\"@graph\":[{\"@type\":\"WebPage\",\"@id\":\"https:\/\/www.asajacyl.com\/soria\/asaja-soria-informa\/asaja-soria-celebra-en-almazan-una-jornada-sobre-la-mujer-rural\",\"url\":\"https:\/\/www.asajacyl.com\/soria\/asaja-soria-informa\/asaja-soria-celebra-en-almazan-una-jornada-sobre-la-mujer-rural\",\"name\":\"ASAJA Soria celebra en Almaz\u00e1n una jornada sobre la mujer rural - ASAJA Soria\",\"isPartOf\":{\"@id\":\"https:\/\/www.asajacyl.com\/soria\/#website\"},\"primaryImageOfPage\":{\"@id\":\"https:\/\/www.asajacyl.com\/soria\/asaja-soria-informa\/asaja-soria-celebra-en-almazan-una-jornada-sobre-la-mujer-rural#primaryimage\"},\"image\":{\"@id\":\"https:\/\/www.asajacyl.com\/soria\/asaja-soria-informa\/asaja-soria-celebra-en-almazan-una-jornada-sobre-la-mujer-rural#primaryimage\"},\"thumbnailUrl\":\"https:\/\/www.asajacyl.com\/soria\/wp-content\/uploads\/sites\/9\/2022\/09\/IMG_5754.jpg\",\"datePublished\":\"2022-09-27T10:05:39+00:00\",\"dateModified\":\"2022-09-27T10:35:15+00:00\",\"author\":{\"@id\":\"https:\/\/www.asajacyl.com\/soria\/#\/schema\/person\/fd3081c40255119ce8133b87e6aedfab\"},\"description\":\"La actividad cont\u00f3 con la presencia del subdelegado del Gobierno y la vicepresidenta de la OPA La Asociaci\u00f3n Agraria de J\u00f3venes Agricultores de Soria\",\"breadcrumb\":{\"@id\":\"https:\/\/www.asajacyl.com\/soria\/asaja-soria-informa\/asaja-soria-celebra-en-almazan-una-jornada-sobre-la-mujer-rural#breadcrumb\"},\"inLanguage\":\"es\",\"potentialAction\":[{\"@type\":\"ReadAction\",\"target\":[\"https:\/\/www.asajacyl.com\/soria\/asaja-soria-informa\/asaja-soria-celebra-en-almazan-una-jornada-sobre-la-mujer-rural\"]}]},{\"@type\":\"ImageObject\",\"inLanguage\":\"es\",\"@id\":\"https:\/\/www.asajacyl.com\/soria\/asaja-soria-informa\/asaja-soria-celebra-en-almazan-una-jornada-sobre-la-mujer-rural#primaryimage\",\"url\":\"https:\/\/www.asajacyl.com\/soria\/wp-content\/uploads\/sites\/9\/2022\/09\/IMG_5754.jpg\",\"contentUrl\":\"https:\/\/www.asajacyl.com\/soria\/wp-content\/uploads\/sites\/9\/2022\/09\/IMG_5754.jpg\",\"width\":2500,\"height\":1875},{\"@type\":\"BreadcrumbList\",\"@id\":\"https:\/\/www.asajacyl.com\/soria\/asaja-soria-informa\/asaja-soria-celebra-en-almazan-una-jornada-sobre-la-mujer-rural#breadcrumb\",\"itemListElement\":[{\"@type\":\"ListItem\",\"position\":1,\"name\":\"Portada\",\"item\":\"https:\/\/www.asajacyl.com\/soria\/\"},{\"@type\":\"ListItem\",\"position\":2,\"name\":\"ASAJA Soria celebra en Almaz\u00e1n una jornada sobre la mujer rural\"}]},{\"@type\":\"WebSite\",\"@id\":\"https:\/\/www.asajacyl.com\/soria\/#website\",\"url\":\"https:\/\/www.asajacyl.com\/soria\/\",\"name\":\"ASAJA Soria\",\"description\":\"Otro sitio m\u00e1s de Provincias ASAJA Castilla y Le\u00f3n\",\"potentialAction\":[{\"@type\":\"SearchAction\",\"target\":{\"@type\":\"EntryPoint\",\"urlTemplate\":\"https:\/\/www.asajacyl.com\/soria\/?s={search_term_string}\"},\"query-input\":{\"@type\":\"PropertyValueSpecification\",\"valueRequired\":true,\"valueName\":\"search_term_string\"}}],\"inLanguage\":\"es\"},{\"@type\":\"Person\",\"@id\":\"https:\/\/www.asajacyl.com\/soria\/#\/schema\/person\/fd3081c40255119ce8133b87e6aedfab\",\"name\":\"Juan Ignacio Prieto Nieto\",\"image\":{\"@type\":\"ImageObject\",\"inLanguage\":\"es\",\"@id\":\"https:\/\/www.asajacyl.com\/soria\/#\/schema\/person\/image\/\",\"url\":\"https:\/\/secure.gravatar.com\/avatar\/8266b36e4d9001acb4700699a2468dc8?s=96&d=mm&r=g\",\"contentUrl\":\"https:\/\/secure.gravatar.com\/avatar\/8266b36e4d9001acb4700699a2468dc8?s=96&d=mm&r=g\",\"caption\":\"Juan Ignacio Prieto Nieto\"},\"url\":\"https:\/\/www.asajacyl.com\/soria\/author\/juanfranciscoby\"}]}<\/script>\n<!-- \/ Yoast SEO plugin. -->","yoast_head_json":{"title":"ASAJA Soria celebra en Almaz\u00e1n una jornada sobre la mujer rural - ASAJA Soria","description":"La actividad cont\u00f3 con la presencia del subdelegado del Gobierno y la vicepresidenta de la OPA La Asociaci\u00f3n Agraria de J\u00f3venes Agricultores de Soria","robots":{"index":"index","follow":"follow","max-snippet":"max-snippet:-1","max-image-preview":"max-image-preview:large","max-video-preview":"max-video-preview:-1"},"canonical":"https:\/\/www.asajacyl.com\/soria\/asaja-soria-informa\/asaja-soria-celebra-en-almazan-una-jornada-sobre-la-mujer-rural","og_locale":"es_ES","og_type":"article","og_title":"ASAJA Soria celebra en Almaz\u00e1n una jornada sobre la mujer rural - ASAJA Soria","og_description":"La actividad cont\u00f3 con la presencia del subdelegado del Gobierno y la vicepresidenta de la OPA La Asociaci\u00f3n Agraria de J\u00f3venes Agricultores de Soria","og_url":"https:\/\/www.asajacyl.com\/soria\/asaja-soria-informa\/asaja-soria-celebra-en-almazan-una-jornada-sobre-la-mujer-rural","og_site_name":"ASAJA Soria","article_published_time":"2022-09-27T10:05:39+00:00","article_modified_time":"2022-09-27T10:35:15+00:00","og_image":[{"width":2500,"height":1875,"url":"https:\/\/www.asajacyl.com\/soria\/wp-content\/uploads\/sites\/9\/2022\/09\/IMG_5754.jpg","type":"image\/jpeg"}],"author":"Juan Ignacio Prieto Nieto","twitter_card":"summary_large_image","twitter_misc":{"Escrito por":"Juan Ignacio Prieto Nieto","Tiempo de lectura":"2 minutos"},"schema":{"@context":"https:\/\/schema.org","@graph":[{"@type":"WebPage","@id":"https:\/\/www.asajacyl.com\/soria\/asaja-soria-informa\/asaja-soria-celebra-en-almazan-una-jornada-sobre-la-mujer-rural","url":"https:\/\/www.asajacyl.com\/soria\/asaja-soria-informa\/asaja-soria-celebra-en-almazan-una-jornada-sobre-la-mujer-rural","name":"ASAJA Soria celebra en Almaz\u00e1n una jornada sobre la mujer rural - ASAJA Soria","isPartOf":{"@id":"https:\/\/www.asajacyl.com\/soria\/#website"},"primaryImageOfPage":{"@id":"https:\/\/www.asajacyl.com\/soria\/asaja-soria-informa\/asaja-soria-celebra-en-almazan-una-jornada-sobre-la-mujer-rural#primaryimage"},"image":{"@id":"https:\/\/www.asajacyl.com\/soria\/asaja-soria-informa\/asaja-soria-celebra-en-almazan-una-jornada-sobre-la-mujer-rural#primaryimage"},"thumbnailUrl":"https:\/\/www.asajacyl.com\/soria\/wp-content\/uploads\/sites\/9\/2022\/09\/IMG_5754.jpg","datePublished":"2022-09-27T10:05:39+00:00","dateModified":"2022-09-27T10:35:15+00:00","author":{"@id":"https:\/\/www.asajacyl.com\/soria\/#\/schema\/person\/fd3081c40255119ce8133b87e6aedfab"},"description":"La actividad cont\u00f3 con la presencia del subdelegado del Gobierno y la vicepresidenta de la OPA La Asociaci\u00f3n Agraria de J\u00f3venes Agricultores de Soria","breadcrumb":{"@id":"https:\/\/www.asajacyl.com\/soria\/asaja-soria-informa\/asaja-soria-celebra-en-almazan-una-jornada-sobre-la-mujer-rural#breadcrumb"},"inLanguage":"es","potentialAction":[{"@type":"ReadAction","target":["https:\/\/www.asajacyl.com\/soria\/asaja-soria-informa\/asaja-soria-celebra-en-almazan-una-jornada-sobre-la-mujer-rural"]}]},{"@type":"ImageObject","inLanguage":"es","@id":"https:\/\/www.asajacyl.com\/soria\/asaja-soria-informa\/asaja-soria-celebra-en-almazan-una-jornada-sobre-la-mujer-rural#primaryimage","url":"https:\/\/www.asajacyl.com\/soria\/wp-content\/uploads\/sites\/9\/2022\/09\/IMG_5754.jpg","contentUrl":"https:\/\/www.asajacyl.com\/soria\/wp-content\/uploads\/sites\/9\/2022\/09\/IMG_5754.jpg","width":2500,"height":1875},{"@type":"BreadcrumbList","@id":"https:\/\/www.asajacyl.com\/soria\/asaja-soria-informa\/asaja-soria-celebra-en-almazan-una-jornada-sobre-la-mujer-rural#breadcrumb","itemListElement":[{"@type":"ListItem","position":1,"name":"Portada","item":"https:\/\/www.asajacyl.com\/soria\/"},{"@type":"ListItem","position":2,"name":"ASAJA Soria celebra en Almaz\u00e1n una jornada sobre la mujer rural"}]},{"@type":"WebSite","@id":"https:\/\/www.asajacyl.com\/soria\/#website","url":"https:\/\/www.asajacyl.com\/soria\/","name":"ASAJA Soria","description":"Otro sitio m\u00e1s de Provincias ASAJA Castilla y Le\u00f3n","potentialAction":[{"@type":"SearchAction","target":{"@type":"EntryPoint","urlTemplate":"https:\/\/www.asajacyl.com\/soria\/?s={search_term_string}"},"query-input":{"@type":"PropertyValueSpecification","valueRequired":true,"valueName":"search_term_string"}}],"inLanguage":"es"},{"@type":"Person","@id":"https:\/\/www.asajacyl.com\/soria\/#\/schema\/person\/fd3081c40255119ce8133b87e6aedfab","name":"Juan Ignacio Prieto Nieto","image":{"@type":"ImageObject","inLanguage":"es","@id":"https:\/\/www.asajacyl.com\/soria\/#\/schema\/person\/image\/","url":"https:\/\/secure.gravatar.com\/avatar\/8266b36e4d9001acb4700699a2468dc8?s=96&d=mm&r=g","contentUrl":"https:\/\/secure.gravatar.com\/avatar\/8266b36e4d9001acb4700699a2468dc8?s=96&d=mm&r=g","caption":"Juan Ignacio Prieto Nieto"},"url":"https:\/\/www.asajacyl.com\/soria\/author\/juanfranciscoby"}]}},"_links":{"self":[{"href":"https:\/\/www.asajacyl.com\/soria\/wp-json\/wp\/v2\/posts\/6087"}],"collection":[{"href":"https:\/\/www.asajacyl.com\/soria\/wp-json\/wp\/v2\/posts"}],"about":[{"href":"https:\/\/www.asajacyl.com\/soria\/wp-json\/wp\/v2\/types\/post"}],"author":[{"embeddable":true,"href":"https:\/\/www.asajacyl.com\/soria\/wp-json\/wp\/v2\/users\/12"}],"replies":[{"embeddable":true,"href":"https:\/\/www.asajacyl.com\/soria\/wp-json\/wp\/v2\/comments?post=6087"}],"version-history":[{"count":2,"href":"https:\/\/www.asajacyl.com\/soria\/wp-json\/wp\/v2\/posts\/6087\/revisions"}],"predecessor-version":[{"id":6100,"href":"https:\/\/www.asajacyl.com\/soria\/wp-json\/wp\/v2\/posts\/6087\/revisions\/6100"}],"wp:featuredmedia":[{"embeddable":true,"href":"https:\/\/www.asajacyl.com\/soria\/wp-json\/wp\/v2\/media\/6099"}],"wp:attachment":[{"href":"https:\/\/www.asajacyl.com\/soria\/wp-json\/wp\/v2\/media?parent=6087"}],"wp:term":[{"taxonomy":"category","embeddable":true,"href":"https:\/\/www.asajacyl.com\/soria\/wp-json\/wp\/v2\/categories?post=6087"},{"taxonomy":"post_tag","embeddable":true,"href":"https:\/\/www.asajacyl.com\/soria\/wp-json\/wp\/v2\/tags?post=6087"}],"curies":[{"name":"wp","href":"https:\/\/api.w.org\/{rel}","templated":true}]}}