{"id":6108,"date":"2022-10-05T09:03:58","date_gmt":"2022-10-05T07:03:58","guid":{"rendered":"https:\/\/www.asajacyl.com\/soria\/?p=6108"},"modified":"2022-10-05T09:03:59","modified_gmt":"2022-10-05T07:03:59","slug":"el-gobierno-rechaza-una-una-moratoria-a-la-aplicacion-de-los-eco-regimenes-de-la-pac-si-se-hace-no-se-pagaria-a-nadie","status":"publish","type":"post","link":"https:\/\/www.asajacyl.com\/soria\/asaja-soria-informa\/el-gobierno-rechaza-una-una-moratoria-a-la-aplicacion-de-los-eco-regimenes-de-la-pac-si-se-hace-no-se-pagaria-a-nadie","title":{"rendered":"El Gobierno rechaza una una moratoria a la aplicaci\u00f3n de los eco-reg\u00edmenes de la PAC: \u00abSi se hace no se pagar\u00eda a nadie\u00bb"},"content":{"rendered":"\n<p>El\u00a0ministro de Agricultura, Pesca y Alimentaci\u00f3n, Luis Planas, ya dej\u00f3 claro que\u00a0no se va a aplazar\u00a0la aplicaci\u00f3n de la nueva\u00a0PAC, pero ahora ha insistido el pasado viernes 30 en que si Espa\u00f1a pide una moratoria a la aplicaci\u00f3n de los eco-reg\u00edmenes\u00a0 \u00abse bloquea la aplicaci\u00f3n de la PAC y no se pagar\u00eda a nadie\u00bb, cuando adem\u00e1s ha destacado que esta cuesti\u00f3n \u00abno es verdad que sea un gasto\u00bb sino \u00abuna posibilidad suplementaria de fondos\u00bb.<\/p>\n<p>As\u00ed lo ha se\u00f1alado en una entrevista en\u00a0Canal Sur Radio, recogida por Europa Press, teniendo en cuenta que la petici\u00f3n de una moratoria a la aplicaci\u00f3n de los eco-reg\u00edmenes es una de las peticiones de parte del sector y de la consejera de Agricultura, Pesca, Agua y Desarrollo Rural, Carmen Crespo, al respecto porque, a su juicio, puede suponer un sobrecoste en este momento de alta inflaci\u00f3n\u00a0y elevados costes energ\u00e9ticos.<\/p>\n<p>En contra, Planas ha llamado a hacer \u00abmucho asesoramiento para aprovechar bien estos fondos\u00bb y ha instado a \u00abdejar los debates y a gestionar bien la PAC. En lugar de hablar, hay que ejecutar, y en vez de peticiones suplementarias, lo que se tiene que hacer es usarlo bien\u00bb, aunque ha reconocido que no quiere ser pol\u00e9mico.<\/p>\n","protected":false},"excerpt":{"rendered":"<p>El\u00a0ministro de Agricultura, Pesca y Alimentaci\u00f3n, Luis Planas, ya dej\u00f3 claro que\u00a0no se va a aplazar\u00a0la aplicaci\u00f3n de la nueva\u00a0PAC, pero ahora ha insistido el pasado viernes 30 en que si Espa\u00f1a pide una moratoria a la aplicaci\u00f3n de los eco-reg\u00edmenes\u00a0 \u00abse bloquea la aplicaci\u00f3n de la PAC y no se pagar\u00eda a nadie\u00bb, cuando [&hellip;]<\/p>\n","protected":false},"author":12,"featured_media":5910,"comment_status":"open","ping_status":"open","sticky":false,"template":"","format":"standard","meta":{"footnotes":""},"categories":[10,25],"tags":[],"yoast_head":"<!-- This site is optimized with the Yoast SEO plugin v24.5 - https:\/\/yoast.com\/wordpress\/plugins\/seo\/ -->\n<title>El Gobierno rechaza una una moratoria a la aplicaci\u00f3n de los eco-reg\u00edmenes de la PAC: \u00abSi se hace no se pagar\u00eda a nadie\u00bb - ASAJA Soria<\/title>\n<meta name=\"description\" content=\"El\u00a0ministro de Agricultura, Pesca y Alimentaci\u00f3n, Luis Planas, ya dej\u00f3 claro que\u00a0no se va a aplazar\u00a0la aplicaci\u00f3n de la nueva\u00a0PAC, pero ahora ha insistido\" \/>\n<meta name=\"robots\" content=\"index, follow, max-snippet:-1, max-image-preview:large, max-video-preview:-1\" \/>\n<link rel=\"canonical\" href=\"https:\/\/www.asajacyl.com\/soria\/asaja-soria-informa\/el-gobierno-rechaza-una-una-moratoria-a-la-aplicacion-de-los-eco-regimenes-de-la-pac-si-se-hace-no-se-pagaria-a-nadie\" \/>\n<meta property=\"og:locale\" content=\"es_ES\" \/>\n<meta property=\"og:type\" content=\"article\" \/>\n<meta property=\"og:title\" content=\"El Gobierno rechaza una una moratoria a la aplicaci\u00f3n de los eco-reg\u00edmenes de la PAC: \u00abSi se hace no se pagar\u00eda a nadie\u00bb - ASAJA Soria\" \/>\n<meta property=\"og:description\" content=\"El\u00a0ministro de Agricultura, Pesca y Alimentaci\u00f3n, Luis Planas, ya dej\u00f3 claro que\u00a0no se va a aplazar\u00a0la aplicaci\u00f3n de la nueva\u00a0PAC, pero ahora ha insistido\" \/>\n<meta property=\"og:url\" content=\"https:\/\/www.asajacyl.com\/soria\/asaja-soria-informa\/el-gobierno-rechaza-una-una-moratoria-a-la-aplicacion-de-los-eco-regimenes-de-la-pac-si-se-hace-no-se-pagaria-a-nadie\" \/>\n<meta property=\"og:site_name\" content=\"ASAJA Soria\" \/>\n<meta property=\"article:published_time\" content=\"2022-10-05T07:03:58+00:00\" \/>\n<meta property=\"article:modified_time\" content=\"2022-10-05T07:03:59+00:00\" \/>\n<meta property=\"og:image\" content=\"https:\/\/www.asajacyl.com\/soria\/wp-content\/uploads\/sites\/9\/2022\/07\/cosechadora-2.jpg\" \/>\n\t<meta property=\"og:image:width\" content=\"2500\" \/>\n\t<meta property=\"og:image:height\" content=\"1849\" \/>\n\t<meta property=\"og:image:type\" content=\"image\/jpeg\" \/>\n<meta name=\"author\" content=\"Juan Ignacio Prieto Nieto\" \/>\n<meta name=\"twitter:card\" content=\"summary_large_image\" \/>\n<meta name=\"twitter:label1\" content=\"Escrito por\" \/>\n\t<meta name=\"twitter:data1\" content=\"Juan Ignacio Prieto Nieto\" \/>\n\t<meta name=\"twitter:label2\" content=\"Tiempo de lectura\" \/>\n\t<meta name=\"twitter:data2\" content=\"1 minuto\" \/>\n<script type=\"application\/ld+json\" class=\"yoast-schema-graph\">{\"@context\":\"https:\/\/schema.org\",\"@graph\":[{\"@type\":\"WebPage\",\"@id\":\"https:\/\/www.asajacyl.com\/soria\/asaja-soria-informa\/el-gobierno-rechaza-una-una-moratoria-a-la-aplicacion-de-los-eco-regimenes-de-la-pac-si-se-hace-no-se-pagaria-a-nadie\",\"url\":\"https:\/\/www.asajacyl.com\/soria\/asaja-soria-informa\/el-gobierno-rechaza-una-una-moratoria-a-la-aplicacion-de-los-eco-regimenes-de-la-pac-si-se-hace-no-se-pagaria-a-nadie\",\"name\":\"El Gobierno rechaza una una moratoria a la aplicaci\u00f3n de los eco-reg\u00edmenes de la PAC: \u00abSi se hace no se pagar\u00eda a nadie\u00bb - ASAJA Soria\",\"isPartOf\":{\"@id\":\"https:\/\/www.asajacyl.com\/soria\/#website\"},\"primaryImageOfPage\":{\"@id\":\"https:\/\/www.asajacyl.com\/soria\/asaja-soria-informa\/el-gobierno-rechaza-una-una-moratoria-a-la-aplicacion-de-los-eco-regimenes-de-la-pac-si-se-hace-no-se-pagaria-a-nadie#primaryimage\"},\"image\":{\"@id\":\"https:\/\/www.asajacyl.com\/soria\/asaja-soria-informa\/el-gobierno-rechaza-una-una-moratoria-a-la-aplicacion-de-los-eco-regimenes-de-la-pac-si-se-hace-no-se-pagaria-a-nadie#primaryimage\"},\"thumbnailUrl\":\"https:\/\/www.asajacyl.com\/soria\/wp-content\/uploads\/sites\/9\/2022\/07\/cosechadora-2.jpg\",\"datePublished\":\"2022-10-05T07:03:58+00:00\",\"dateModified\":\"2022-10-05T07:03:59+00:00\",\"author\":{\"@id\":\"https:\/\/www.asajacyl.com\/soria\/#\/schema\/person\/fd3081c40255119ce8133b87e6aedfab\"},\"description\":\"El\u00a0ministro de Agricultura, Pesca y Alimentaci\u00f3n, Luis Planas, ya dej\u00f3 claro que\u00a0no se va a aplazar\u00a0la aplicaci\u00f3n de la nueva\u00a0PAC, pero ahora ha insistido\",\"breadcrumb\":{\"@id\":\"https:\/\/www.asajacyl.com\/soria\/asaja-soria-informa\/el-gobierno-rechaza-una-una-moratoria-a-la-aplicacion-de-los-eco-regimenes-de-la-pac-si-se-hace-no-se-pagaria-a-nadie#breadcrumb\"},\"inLanguage\":\"es\",\"potentialAction\":[{\"@type\":\"ReadAction\",\"target\":[\"https:\/\/www.asajacyl.com\/soria\/asaja-soria-informa\/el-gobierno-rechaza-una-una-moratoria-a-la-aplicacion-de-los-eco-regimenes-de-la-pac-si-se-hace-no-se-pagaria-a-nadie\"]}]},{\"@type\":\"ImageObject\",\"inLanguage\":\"es\",\"@id\":\"https:\/\/www.asajacyl.com\/soria\/asaja-soria-informa\/el-gobierno-rechaza-una-una-moratoria-a-la-aplicacion-de-los-eco-regimenes-de-la-pac-si-se-hace-no-se-pagaria-a-nadie#primaryimage\",\"url\":\"https:\/\/www.asajacyl.com\/soria\/wp-content\/uploads\/sites\/9\/2022\/07\/cosechadora-2.jpg\",\"contentUrl\":\"https:\/\/www.asajacyl.com\/soria\/wp-content\/uploads\/sites\/9\/2022\/07\/cosechadora-2.jpg\",\"width\":2500,\"height\":1849},{\"@type\":\"BreadcrumbList\",\"@id\":\"https:\/\/www.asajacyl.com\/soria\/asaja-soria-informa\/el-gobierno-rechaza-una-una-moratoria-a-la-aplicacion-de-los-eco-regimenes-de-la-pac-si-se-hace-no-se-pagaria-a-nadie#breadcrumb\",\"itemListElement\":[{\"@type\":\"ListItem\",\"position\":1,\"name\":\"Portada\",\"item\":\"https:\/\/www.asajacyl.com\/soria\/\"},{\"@type\":\"ListItem\",\"position\":2,\"name\":\"El Gobierno rechaza una una moratoria a la aplicaci\u00f3n de los eco-reg\u00edmenes de la PAC: \u00abSi se hace no se pagar\u00eda a nadie\u00bb\"}]},{\"@type\":\"WebSite\",\"@id\":\"https:\/\/www.asajacyl.com\/soria\/#website\",\"url\":\"https:\/\/www.asajacyl.com\/soria\/\",\"name\":\"ASAJA Soria\",\"description\":\"Otro sitio m\u00e1s de Provincias ASAJA Castilla y Le\u00f3n\",\"potentialAction\":[{\"@type\":\"SearchAction\",\"target\":{\"@type\":\"EntryPoint\",\"urlTemplate\":\"https:\/\/www.asajacyl.com\/soria\/?s={search_term_string}\"},\"query-input\":{\"@type\":\"PropertyValueSpecification\",\"valueRequired\":true,\"valueName\":\"search_term_string\"}}],\"inLanguage\":\"es\"},{\"@type\":\"Person\",\"@id\":\"https:\/\/www.asajacyl.com\/soria\/#\/schema\/person\/fd3081c40255119ce8133b87e6aedfab\",\"name\":\"Juan Ignacio Prieto Nieto\",\"image\":{\"@type\":\"ImageObject\",\"inLanguage\":\"es\",\"@id\":\"https:\/\/www.asajacyl.com\/soria\/#\/schema\/person\/image\/\",\"url\":\"https:\/\/secure.gravatar.com\/avatar\/8266b36e4d9001acb4700699a2468dc8?s=96&d=mm&r=g\",\"contentUrl\":\"https:\/\/secure.gravatar.com\/avatar\/8266b36e4d9001acb4700699a2468dc8?s=96&d=mm&r=g\",\"caption\":\"Juan Ignacio Prieto Nieto\"},\"url\":\"https:\/\/www.asajacyl.com\/soria\/author\/juanfranciscoby\"}]}<\/script>\n<!-- \/ Yoast SEO plugin. -->","yoast_head_json":{"title":"El Gobierno rechaza una una moratoria a la aplicaci\u00f3n de los eco-reg\u00edmenes de la PAC: \u00abSi se hace no se pagar\u00eda a nadie\u00bb - ASAJA Soria","description":"El\u00a0ministro de Agricultura, Pesca y Alimentaci\u00f3n, Luis Planas, ya dej\u00f3 claro que\u00a0no se va a aplazar\u00a0la aplicaci\u00f3n de la nueva\u00a0PAC, pero ahora ha insistido","robots":{"index":"index","follow":"follow","max-snippet":"max-snippet:-1","max-image-preview":"max-image-preview:large","max-video-preview":"max-video-preview:-1"},"canonical":"https:\/\/www.asajacyl.com\/soria\/asaja-soria-informa\/el-gobierno-rechaza-una-una-moratoria-a-la-aplicacion-de-los-eco-regimenes-de-la-pac-si-se-hace-no-se-pagaria-a-nadie","og_locale":"es_ES","og_type":"article","og_title":"El Gobierno rechaza una una moratoria a la aplicaci\u00f3n de los eco-reg\u00edmenes de la PAC: \u00abSi se hace no se pagar\u00eda a nadie\u00bb - ASAJA Soria","og_description":"El\u00a0ministro de Agricultura, Pesca y Alimentaci\u00f3n, Luis Planas, ya dej\u00f3 claro que\u00a0no se va a aplazar\u00a0la aplicaci\u00f3n de la nueva\u00a0PAC, pero ahora ha insistido","og_url":"https:\/\/www.asajacyl.com\/soria\/asaja-soria-informa\/el-gobierno-rechaza-una-una-moratoria-a-la-aplicacion-de-los-eco-regimenes-de-la-pac-si-se-hace-no-se-pagaria-a-nadie","og_site_name":"ASAJA Soria","article_published_time":"2022-10-05T07:03:58+00:00","article_modified_time":"2022-10-05T07:03:59+00:00","og_image":[{"width":2500,"height":1849,"url":"https:\/\/www.asajacyl.com\/soria\/wp-content\/uploads\/sites\/9\/2022\/07\/cosechadora-2.jpg","type":"image\/jpeg"}],"author":"Juan Ignacio Prieto Nieto","twitter_card":"summary_large_image","twitter_misc":{"Escrito por":"Juan Ignacio Prieto Nieto","Tiempo de lectura":"1 minuto"},"schema":{"@context":"https:\/\/schema.org","@graph":[{"@type":"WebPage","@id":"https:\/\/www.asajacyl.com\/soria\/asaja-soria-informa\/el-gobierno-rechaza-una-una-moratoria-a-la-aplicacion-de-los-eco-regimenes-de-la-pac-si-se-hace-no-se-pagaria-a-nadie","url":"https:\/\/www.asajacyl.com\/soria\/asaja-soria-informa\/el-gobierno-rechaza-una-una-moratoria-a-la-aplicacion-de-los-eco-regimenes-de-la-pac-si-se-hace-no-se-pagaria-a-nadie","name":"El Gobierno rechaza una una moratoria a la aplicaci\u00f3n de los eco-reg\u00edmenes de la PAC: \u00abSi se hace no se pagar\u00eda a nadie\u00bb - ASAJA Soria","isPartOf":{"@id":"https:\/\/www.asajacyl.com\/soria\/#website"},"primaryImageOfPage":{"@id":"https:\/\/www.asajacyl.com\/soria\/asaja-soria-informa\/el-gobierno-rechaza-una-una-moratoria-a-la-aplicacion-de-los-eco-regimenes-de-la-pac-si-se-hace-no-se-pagaria-a-nadie#primaryimage"},"image":{"@id":"https:\/\/www.asajacyl.com\/soria\/asaja-soria-informa\/el-gobierno-rechaza-una-una-moratoria-a-la-aplicacion-de-los-eco-regimenes-de-la-pac-si-se-hace-no-se-pagaria-a-nadie#primaryimage"},"thumbnailUrl":"https:\/\/www.asajacyl.com\/soria\/wp-content\/uploads\/sites\/9\/2022\/07\/cosechadora-2.jpg","datePublished":"2022-10-05T07:03:58+00:00","dateModified":"2022-10-05T07:03:59+00:00","author":{"@id":"https:\/\/www.asajacyl.com\/soria\/#\/schema\/person\/fd3081c40255119ce8133b87e6aedfab"},"description":"El\u00a0ministro de Agricultura, Pesca y Alimentaci\u00f3n, Luis Planas, ya dej\u00f3 claro que\u00a0no se va a aplazar\u00a0la aplicaci\u00f3n de la nueva\u00a0PAC, pero ahora ha insistido","breadcrumb":{"@id":"https:\/\/www.asajacyl.com\/soria\/asaja-soria-informa\/el-gobierno-rechaza-una-una-moratoria-a-la-aplicacion-de-los-eco-regimenes-de-la-pac-si-se-hace-no-se-pagaria-a-nadie#breadcrumb"},"inLanguage":"es","potentialAction":[{"@type":"ReadAction","target":["https:\/\/www.asajacyl.com\/soria\/asaja-soria-informa\/el-gobierno-rechaza-una-una-moratoria-a-la-aplicacion-de-los-eco-regimenes-de-la-pac-si-se-hace-no-se-pagaria-a-nadie"]}]},{"@type":"ImageObject","inLanguage":"es","@id":"https:\/\/www.asajacyl.com\/soria\/asaja-soria-informa\/el-gobierno-rechaza-una-una-moratoria-a-la-aplicacion-de-los-eco-regimenes-de-la-pac-si-se-hace-no-se-pagaria-a-nadie#primaryimage","url":"https:\/\/www.asajacyl.com\/soria\/wp-content\/uploads\/sites\/9\/2022\/07\/cosechadora-2.jpg","contentUrl":"https:\/\/www.asajacyl.com\/soria\/wp-content\/uploads\/sites\/9\/2022\/07\/cosechadora-2.jpg","width":2500,"height":1849},{"@type":"BreadcrumbList","@id":"https:\/\/www.asajacyl.com\/soria\/asaja-soria-informa\/el-gobierno-rechaza-una-una-moratoria-a-la-aplicacion-de-los-eco-regimenes-de-la-pac-si-se-hace-no-se-pagaria-a-nadie#breadcrumb","itemListElement":[{"@type":"ListItem","position":1,"name":"Portada","item":"https:\/\/www.asajacyl.com\/soria\/"},{"@type":"ListItem","position":2,"name":"El Gobierno rechaza una una moratoria a la aplicaci\u00f3n de los eco-reg\u00edmenes de la PAC: \u00abSi se hace no se pagar\u00eda a nadie\u00bb"}]},{"@type":"WebSite","@id":"https:\/\/www.asajacyl.com\/soria\/#website","url":"https:\/\/www.asajacyl.com\/soria\/","name":"ASAJA Soria","description":"Otro sitio m\u00e1s de Provincias ASAJA Castilla y Le\u00f3n","potentialAction":[{"@type":"SearchAction","target":{"@type":"EntryPoint","urlTemplate":"https:\/\/www.asajacyl.com\/soria\/?s={search_term_string}"},"query-input":{"@type":"PropertyValueSpecification","valueRequired":true,"valueName":"search_term_string"}}],"inLanguage":"es"},{"@type":"Person","@id":"https:\/\/www.asajacyl.com\/soria\/#\/schema\/person\/fd3081c40255119ce8133b87e6aedfab","name":"Juan Ignacio Prieto Nieto","image":{"@type":"ImageObject","inLanguage":"es","@id":"https:\/\/www.asajacyl.com\/soria\/#\/schema\/person\/image\/","url":"https:\/\/secure.gravatar.com\/avatar\/8266b36e4d9001acb4700699a2468dc8?s=96&d=mm&r=g","contentUrl":"https:\/\/secure.gravatar.com\/avatar\/8266b36e4d9001acb4700699a2468dc8?s=96&d=mm&r=g","caption":"Juan Ignacio Prieto Nieto"},"url":"https:\/\/www.asajacyl.com\/soria\/author\/juanfranciscoby"}]}},"_links":{"self":[{"href":"https:\/\/www.asajacyl.com\/soria\/wp-json\/wp\/v2\/posts\/6108"}],"collection":[{"href":"https:\/\/www.asajacyl.com\/soria\/wp-json\/wp\/v2\/posts"}],"about":[{"href":"https:\/\/www.asajacyl.com\/soria\/wp-json\/wp\/v2\/types\/post"}],"author":[{"embeddable":true,"href":"https:\/\/www.asajacyl.com\/soria\/wp-json\/wp\/v2\/users\/12"}],"replies":[{"embeddable":true,"href":"https:\/\/www.asajacyl.com\/soria\/wp-json\/wp\/v2\/comments?post=6108"}],"version-history":[{"count":1,"href":"https:\/\/www.asajacyl.com\/soria\/wp-json\/wp\/v2\/posts\/6108\/revisions"}],"predecessor-version":[{"id":6109,"href":"https:\/\/www.asajacyl.com\/soria\/wp-json\/wp\/v2\/posts\/6108\/revisions\/6109"}],"wp:featuredmedia":[{"embeddable":true,"href":"https:\/\/www.asajacyl.com\/soria\/wp-json\/wp\/v2\/media\/5910"}],"wp:attachment":[{"href":"https:\/\/www.asajacyl.com\/soria\/wp-json\/wp\/v2\/media?parent=6108"}],"wp:term":[{"taxonomy":"category","embeddable":true,"href":"https:\/\/www.asajacyl.com\/soria\/wp-json\/wp\/v2\/categories?post=6108"},{"taxonomy":"post_tag","embeddable":true,"href":"https:\/\/www.asajacyl.com\/soria\/wp-json\/wp\/v2\/tags?post=6108"}],"curies":[{"name":"wp","href":"https:\/\/api.w.org\/{rel}","templated":true}]}}