{"id":6117,"date":"2022-10-11T12:50:21","date_gmt":"2022-10-11T10:50:21","guid":{"rendered":"https:\/\/www.asajacyl.com\/soria\/?p=6117"},"modified":"2022-10-14T13:03:00","modified_gmt":"2022-10-14T11:03:00","slug":"la-soriana-maria-jesus-lafuente-nueva-presidenta-de-la-chd","status":"publish","type":"post","link":"https:\/\/www.asajacyl.com\/soria\/asaja-soria-informa\/la-soriana-maria-jesus-lafuente-nueva-presidenta-de-la-chd","title":{"rendered":"La soriana Mar\u00eda Jes\u00fas Lafuente, nueva presidenta de la CHD"},"content":{"rendered":"\n<p class=\"prip\">El Ministerio para la Transici\u00f3n Ecol\u00f3gica y el Reto Demogr\u00e1fico (MITERD) ha nombrado a la soriana Mar\u00eda Jes\u00fas Lafuente Molinero presidenta de la Confederaci\u00f3n Hidrogr\u00e1fica del Duero (CHD) en sustituci\u00f3n de Cristina Dan\u00e9s, que ces\u00f3 en este puesto el pasado mes de junio al completar su carrera laboral.<\/p>\n<p class=\"prip\">Lafuente Molinero, que reside en Valdeavellano de Tera (Soria), es funcionaria de carrera en la subescala de Secretar\u00eda-Intervenci\u00f3n y cuenta con una amplia experiencia profesional de m\u00e1s de 30 a\u00f1os en diferentes puestos de administraciones locales y del Estado. Su \u00faltimo cargo, que ha ejercido durante cuatro a\u00f1os, ha sido el de secretaria general de la Subdelegaci\u00f3n del Gobierno en Soria, al que accedi\u00f3 en octubre de 2018.\u00a0<\/p>\n","protected":false},"excerpt":{"rendered":"<p>El Ministerio para la Transici\u00f3n Ecol\u00f3gica y el Reto Demogr\u00e1fico (MITERD) ha nombrado a la soriana Mar\u00eda Jes\u00fas Lafuente Molinero presidenta de la Confederaci\u00f3n Hidrogr\u00e1fica del Duero (CHD) en sustituci\u00f3n de Cristina Dan\u00e9s, que ces\u00f3 en este puesto el pasado mes de junio al completar su carrera laboral. Lafuente Molinero, que reside en Valdeavellano de [&hellip;]<\/p>\n","protected":false},"author":12,"featured_media":6118,"comment_status":"open","ping_status":"open","sticky":false,"template":"","format":"standard","meta":{"footnotes":""},"categories":[10,25],"tags":[],"yoast_head":"<!-- This site is optimized with the Yoast SEO plugin v24.5 - https:\/\/yoast.com\/wordpress\/plugins\/seo\/ -->\n<title>La soriana Mar\u00eda Jes\u00fas Lafuente, nueva presidenta de la CHD - ASAJA Soria<\/title>\n<meta name=\"description\" content=\"El Ministerio para la Transici\u00f3n Ecol\u00f3gica y el Reto Demogr\u00e1fico (MITERD) ha nombrado a la soriana Mar\u00eda Jes\u00fas Lafuente Molinero presidenta de la\" \/>\n<meta name=\"robots\" content=\"index, follow, max-snippet:-1, max-image-preview:large, max-video-preview:-1\" \/>\n<link rel=\"canonical\" href=\"https:\/\/www.asajacyl.com\/soria\/asaja-soria-informa\/la-soriana-maria-jesus-lafuente-nueva-presidenta-de-la-chd\" \/>\n<meta property=\"og:locale\" content=\"es_ES\" \/>\n<meta property=\"og:type\" content=\"article\" \/>\n<meta property=\"og:title\" content=\"La soriana Mar\u00eda Jes\u00fas Lafuente, nueva presidenta de la CHD - ASAJA Soria\" \/>\n<meta property=\"og:description\" content=\"El Ministerio para la Transici\u00f3n Ecol\u00f3gica y el Reto Demogr\u00e1fico (MITERD) ha nombrado a la soriana Mar\u00eda Jes\u00fas Lafuente Molinero presidenta de la\" \/>\n<meta property=\"og:url\" content=\"https:\/\/www.asajacyl.com\/soria\/asaja-soria-informa\/la-soriana-maria-jesus-lafuente-nueva-presidenta-de-la-chd\" \/>\n<meta property=\"og:site_name\" content=\"ASAJA Soria\" \/>\n<meta property=\"article:published_time\" content=\"2022-10-11T10:50:21+00:00\" \/>\n<meta property=\"article:modified_time\" content=\"2022-10-14T11:03:00+00:00\" \/>\n<meta property=\"og:image\" content=\"https:\/\/www.asajacyl.com\/soria\/wp-content\/uploads\/sites\/9\/2022\/10\/Chus-Lafuente_1.jpg\" \/>\n\t<meta property=\"og:image:width\" content=\"577\" \/>\n\t<meta property=\"og:image:height\" content=\"443\" \/>\n\t<meta property=\"og:image:type\" content=\"image\/jpeg\" \/>\n<meta name=\"author\" content=\"Juan Ignacio Prieto Nieto\" \/>\n<meta name=\"twitter:card\" content=\"summary_large_image\" \/>\n<meta name=\"twitter:label1\" content=\"Escrito por\" \/>\n\t<meta name=\"twitter:data1\" content=\"Juan Ignacio Prieto Nieto\" \/>\n\t<meta name=\"twitter:label2\" content=\"Tiempo de lectura\" \/>\n\t<meta name=\"twitter:data2\" content=\"1 minuto\" \/>\n<script type=\"application\/ld+json\" class=\"yoast-schema-graph\">{\"@context\":\"https:\/\/schema.org\",\"@graph\":[{\"@type\":\"WebPage\",\"@id\":\"https:\/\/www.asajacyl.com\/soria\/asaja-soria-informa\/la-soriana-maria-jesus-lafuente-nueva-presidenta-de-la-chd\",\"url\":\"https:\/\/www.asajacyl.com\/soria\/asaja-soria-informa\/la-soriana-maria-jesus-lafuente-nueva-presidenta-de-la-chd\",\"name\":\"La soriana Mar\u00eda Jes\u00fas Lafuente, nueva presidenta de la CHD - ASAJA Soria\",\"isPartOf\":{\"@id\":\"https:\/\/www.asajacyl.com\/soria\/#website\"},\"primaryImageOfPage\":{\"@id\":\"https:\/\/www.asajacyl.com\/soria\/asaja-soria-informa\/la-soriana-maria-jesus-lafuente-nueva-presidenta-de-la-chd#primaryimage\"},\"image\":{\"@id\":\"https:\/\/www.asajacyl.com\/soria\/asaja-soria-informa\/la-soriana-maria-jesus-lafuente-nueva-presidenta-de-la-chd#primaryimage\"},\"thumbnailUrl\":\"https:\/\/www.asajacyl.com\/soria\/wp-content\/uploads\/sites\/9\/2022\/10\/Chus-Lafuente_1.jpg\",\"datePublished\":\"2022-10-11T10:50:21+00:00\",\"dateModified\":\"2022-10-14T11:03:00+00:00\",\"author\":{\"@id\":\"https:\/\/www.asajacyl.com\/soria\/#\/schema\/person\/fd3081c40255119ce8133b87e6aedfab\"},\"description\":\"El Ministerio para la Transici\u00f3n Ecol\u00f3gica y el Reto Demogr\u00e1fico (MITERD) ha nombrado a la soriana Mar\u00eda Jes\u00fas Lafuente Molinero presidenta de la\",\"breadcrumb\":{\"@id\":\"https:\/\/www.asajacyl.com\/soria\/asaja-soria-informa\/la-soriana-maria-jesus-lafuente-nueva-presidenta-de-la-chd#breadcrumb\"},\"inLanguage\":\"es\",\"potentialAction\":[{\"@type\":\"ReadAction\",\"target\":[\"https:\/\/www.asajacyl.com\/soria\/asaja-soria-informa\/la-soriana-maria-jesus-lafuente-nueva-presidenta-de-la-chd\"]}]},{\"@type\":\"ImageObject\",\"inLanguage\":\"es\",\"@id\":\"https:\/\/www.asajacyl.com\/soria\/asaja-soria-informa\/la-soriana-maria-jesus-lafuente-nueva-presidenta-de-la-chd#primaryimage\",\"url\":\"https:\/\/www.asajacyl.com\/soria\/wp-content\/uploads\/sites\/9\/2022\/10\/Chus-Lafuente_1.jpg\",\"contentUrl\":\"https:\/\/www.asajacyl.com\/soria\/wp-content\/uploads\/sites\/9\/2022\/10\/Chus-Lafuente_1.jpg\",\"width\":577,\"height\":443},{\"@type\":\"BreadcrumbList\",\"@id\":\"https:\/\/www.asajacyl.com\/soria\/asaja-soria-informa\/la-soriana-maria-jesus-lafuente-nueva-presidenta-de-la-chd#breadcrumb\",\"itemListElement\":[{\"@type\":\"ListItem\",\"position\":1,\"name\":\"Portada\",\"item\":\"https:\/\/www.asajacyl.com\/soria\/\"},{\"@type\":\"ListItem\",\"position\":2,\"name\":\"La soriana Mar\u00eda Jes\u00fas Lafuente, nueva presidenta de la CHD\"}]},{\"@type\":\"WebSite\",\"@id\":\"https:\/\/www.asajacyl.com\/soria\/#website\",\"url\":\"https:\/\/www.asajacyl.com\/soria\/\",\"name\":\"ASAJA Soria\",\"description\":\"Otro sitio m\u00e1s de Provincias ASAJA Castilla y Le\u00f3n\",\"potentialAction\":[{\"@type\":\"SearchAction\",\"target\":{\"@type\":\"EntryPoint\",\"urlTemplate\":\"https:\/\/www.asajacyl.com\/soria\/?s={search_term_string}\"},\"query-input\":{\"@type\":\"PropertyValueSpecification\",\"valueRequired\":true,\"valueName\":\"search_term_string\"}}],\"inLanguage\":\"es\"},{\"@type\":\"Person\",\"@id\":\"https:\/\/www.asajacyl.com\/soria\/#\/schema\/person\/fd3081c40255119ce8133b87e6aedfab\",\"name\":\"Juan Ignacio Prieto Nieto\",\"image\":{\"@type\":\"ImageObject\",\"inLanguage\":\"es\",\"@id\":\"https:\/\/www.asajacyl.com\/soria\/#\/schema\/person\/image\/\",\"url\":\"https:\/\/secure.gravatar.com\/avatar\/8266b36e4d9001acb4700699a2468dc8?s=96&d=mm&r=g\",\"contentUrl\":\"https:\/\/secure.gravatar.com\/avatar\/8266b36e4d9001acb4700699a2468dc8?s=96&d=mm&r=g\",\"caption\":\"Juan Ignacio Prieto Nieto\"},\"url\":\"https:\/\/www.asajacyl.com\/soria\/author\/juanfranciscoby\"}]}<\/script>\n<!-- \/ Yoast SEO plugin. -->","yoast_head_json":{"title":"La soriana Mar\u00eda Jes\u00fas Lafuente, nueva presidenta de la CHD - ASAJA Soria","description":"El Ministerio para la Transici\u00f3n Ecol\u00f3gica y el Reto Demogr\u00e1fico (MITERD) ha nombrado a la soriana Mar\u00eda Jes\u00fas Lafuente Molinero presidenta de la","robots":{"index":"index","follow":"follow","max-snippet":"max-snippet:-1","max-image-preview":"max-image-preview:large","max-video-preview":"max-video-preview:-1"},"canonical":"https:\/\/www.asajacyl.com\/soria\/asaja-soria-informa\/la-soriana-maria-jesus-lafuente-nueva-presidenta-de-la-chd","og_locale":"es_ES","og_type":"article","og_title":"La soriana Mar\u00eda Jes\u00fas Lafuente, nueva presidenta de la CHD - ASAJA Soria","og_description":"El Ministerio para la Transici\u00f3n Ecol\u00f3gica y el Reto Demogr\u00e1fico (MITERD) ha nombrado a la soriana Mar\u00eda Jes\u00fas Lafuente Molinero presidenta de la","og_url":"https:\/\/www.asajacyl.com\/soria\/asaja-soria-informa\/la-soriana-maria-jesus-lafuente-nueva-presidenta-de-la-chd","og_site_name":"ASAJA Soria","article_published_time":"2022-10-11T10:50:21+00:00","article_modified_time":"2022-10-14T11:03:00+00:00","og_image":[{"width":577,"height":443,"url":"https:\/\/www.asajacyl.com\/soria\/wp-content\/uploads\/sites\/9\/2022\/10\/Chus-Lafuente_1.jpg","type":"image\/jpeg"}],"author":"Juan Ignacio Prieto Nieto","twitter_card":"summary_large_image","twitter_misc":{"Escrito por":"Juan Ignacio Prieto Nieto","Tiempo de lectura":"1 minuto"},"schema":{"@context":"https:\/\/schema.org","@graph":[{"@type":"WebPage","@id":"https:\/\/www.asajacyl.com\/soria\/asaja-soria-informa\/la-soriana-maria-jesus-lafuente-nueva-presidenta-de-la-chd","url":"https:\/\/www.asajacyl.com\/soria\/asaja-soria-informa\/la-soriana-maria-jesus-lafuente-nueva-presidenta-de-la-chd","name":"La soriana Mar\u00eda Jes\u00fas Lafuente, nueva presidenta de la CHD - ASAJA Soria","isPartOf":{"@id":"https:\/\/www.asajacyl.com\/soria\/#website"},"primaryImageOfPage":{"@id":"https:\/\/www.asajacyl.com\/soria\/asaja-soria-informa\/la-soriana-maria-jesus-lafuente-nueva-presidenta-de-la-chd#primaryimage"},"image":{"@id":"https:\/\/www.asajacyl.com\/soria\/asaja-soria-informa\/la-soriana-maria-jesus-lafuente-nueva-presidenta-de-la-chd#primaryimage"},"thumbnailUrl":"https:\/\/www.asajacyl.com\/soria\/wp-content\/uploads\/sites\/9\/2022\/10\/Chus-Lafuente_1.jpg","datePublished":"2022-10-11T10:50:21+00:00","dateModified":"2022-10-14T11:03:00+00:00","author":{"@id":"https:\/\/www.asajacyl.com\/soria\/#\/schema\/person\/fd3081c40255119ce8133b87e6aedfab"},"description":"El Ministerio para la Transici\u00f3n Ecol\u00f3gica y el Reto Demogr\u00e1fico (MITERD) ha nombrado a la soriana Mar\u00eda Jes\u00fas Lafuente Molinero presidenta de la","breadcrumb":{"@id":"https:\/\/www.asajacyl.com\/soria\/asaja-soria-informa\/la-soriana-maria-jesus-lafuente-nueva-presidenta-de-la-chd#breadcrumb"},"inLanguage":"es","potentialAction":[{"@type":"ReadAction","target":["https:\/\/www.asajacyl.com\/soria\/asaja-soria-informa\/la-soriana-maria-jesus-lafuente-nueva-presidenta-de-la-chd"]}]},{"@type":"ImageObject","inLanguage":"es","@id":"https:\/\/www.asajacyl.com\/soria\/asaja-soria-informa\/la-soriana-maria-jesus-lafuente-nueva-presidenta-de-la-chd#primaryimage","url":"https:\/\/www.asajacyl.com\/soria\/wp-content\/uploads\/sites\/9\/2022\/10\/Chus-Lafuente_1.jpg","contentUrl":"https:\/\/www.asajacyl.com\/soria\/wp-content\/uploads\/sites\/9\/2022\/10\/Chus-Lafuente_1.jpg","width":577,"height":443},{"@type":"BreadcrumbList","@id":"https:\/\/www.asajacyl.com\/soria\/asaja-soria-informa\/la-soriana-maria-jesus-lafuente-nueva-presidenta-de-la-chd#breadcrumb","itemListElement":[{"@type":"ListItem","position":1,"name":"Portada","item":"https:\/\/www.asajacyl.com\/soria\/"},{"@type":"ListItem","position":2,"name":"La soriana Mar\u00eda Jes\u00fas Lafuente, nueva presidenta de la CHD"}]},{"@type":"WebSite","@id":"https:\/\/www.asajacyl.com\/soria\/#website","url":"https:\/\/www.asajacyl.com\/soria\/","name":"ASAJA Soria","description":"Otro sitio m\u00e1s de Provincias ASAJA Castilla y Le\u00f3n","potentialAction":[{"@type":"SearchAction","target":{"@type":"EntryPoint","urlTemplate":"https:\/\/www.asajacyl.com\/soria\/?s={search_term_string}"},"query-input":{"@type":"PropertyValueSpecification","valueRequired":true,"valueName":"search_term_string"}}],"inLanguage":"es"},{"@type":"Person","@id":"https:\/\/www.asajacyl.com\/soria\/#\/schema\/person\/fd3081c40255119ce8133b87e6aedfab","name":"Juan Ignacio Prieto Nieto","image":{"@type":"ImageObject","inLanguage":"es","@id":"https:\/\/www.asajacyl.com\/soria\/#\/schema\/person\/image\/","url":"https:\/\/secure.gravatar.com\/avatar\/8266b36e4d9001acb4700699a2468dc8?s=96&d=mm&r=g","contentUrl":"https:\/\/secure.gravatar.com\/avatar\/8266b36e4d9001acb4700699a2468dc8?s=96&d=mm&r=g","caption":"Juan Ignacio Prieto Nieto"},"url":"https:\/\/www.asajacyl.com\/soria\/author\/juanfranciscoby"}]}},"_links":{"self":[{"href":"https:\/\/www.asajacyl.com\/soria\/wp-json\/wp\/v2\/posts\/6117"}],"collection":[{"href":"https:\/\/www.asajacyl.com\/soria\/wp-json\/wp\/v2\/posts"}],"about":[{"href":"https:\/\/www.asajacyl.com\/soria\/wp-json\/wp\/v2\/types\/post"}],"author":[{"embeddable":true,"href":"https:\/\/www.asajacyl.com\/soria\/wp-json\/wp\/v2\/users\/12"}],"replies":[{"embeddable":true,"href":"https:\/\/www.asajacyl.com\/soria\/wp-json\/wp\/v2\/comments?post=6117"}],"version-history":[{"count":2,"href":"https:\/\/www.asajacyl.com\/soria\/wp-json\/wp\/v2\/posts\/6117\/revisions"}],"predecessor-version":[{"id":6120,"href":"https:\/\/www.asajacyl.com\/soria\/wp-json\/wp\/v2\/posts\/6117\/revisions\/6120"}],"wp:featuredmedia":[{"embeddable":true,"href":"https:\/\/www.asajacyl.com\/soria\/wp-json\/wp\/v2\/media\/6118"}],"wp:attachment":[{"href":"https:\/\/www.asajacyl.com\/soria\/wp-json\/wp\/v2\/media?parent=6117"}],"wp:term":[{"taxonomy":"category","embeddable":true,"href":"https:\/\/www.asajacyl.com\/soria\/wp-json\/wp\/v2\/categories?post=6117"},{"taxonomy":"post_tag","embeddable":true,"href":"https:\/\/www.asajacyl.com\/soria\/wp-json\/wp\/v2\/tags?post=6117"}],"curies":[{"name":"wp","href":"https:\/\/api.w.org\/{rel}","templated":true}]}}