{"id":6148,"date":"2022-10-14T13:09:47","date_gmt":"2022-10-14T11:09:47","guid":{"rendered":"https:\/\/www.asajacyl.com\/soria\/?p=6148"},"modified":"2022-10-20T14:23:51","modified_gmt":"2022-10-20T12:23:51","slug":"espana-propondra-a-la-ue-medidas-para-asegurar-los-fertilizantes-a-los-agricultores","status":"publish","type":"post","link":"https:\/\/www.asajacyl.com\/soria\/asaja-soria-informa\/espana-propondra-a-la-ue-medidas-para-asegurar-los-fertilizantes-a-los-agricultores","title":{"rendered":"Espa\u00f1a propondr\u00e1 a la UE medidas para asegurar los fertilizantes a los agricultores"},"content":{"rendered":"\n<p>As\u00ed lo ha expresado el ministro de Agricultura, Pesca y Alimentaci\u00f3n, Luis Planas, en el Consejo consultivo de pol\u00edtica agr\u00edcola para asuntos comunitarios, donde ha informado del balance de las ayudas adoptadas por los efectos econ\u00f3micos de la guerra en Ucrania en los mercados agrarios, seg\u00fan recoge Efeagro.<\/p>\n<p>El ministro ha destacado\u00a0el impacto del encarecimiento del precio del gas,\u00a0esencial para la fabricaci\u00f3n de fertilizantes nitrogenados, lo que ha llevado al incremento de las importaciones y el aumento de la dependencia europea, seg\u00fan una nota del Ministerio de Agricultura, Pesca y Alimentaci\u00f3n (MAPA).<\/p>\n<p>Planas propondr\u00e1 en el Consejo europeo de la pr\u00f3xima semana que se estudien medidas para asegurar el abastecimiento de fertilizantes y, m\u00e1s a largo plazo, que se trabaje para reducir la dependencia energ\u00e9tica y de materias primas de la industria europea de fertilizantes.<\/p>\n<p>En la reuni\u00f3n telem\u00e1tica con los consejeros auton\u00f3micos del ramo, el titular de Agricultura ha considerado quelas medidas adoptadas en Espa\u00f1a han servido para paliar los efectos de la crisis\u00a0en los sectores m\u00e1s afectados.<\/p>\n","protected":false},"excerpt":{"rendered":"<p>As\u00ed lo ha expresado el ministro de Agricultura, Pesca y Alimentaci\u00f3n, Luis Planas, en el Consejo consultivo de pol\u00edtica agr\u00edcola para asuntos comunitarios, donde ha informado del balance de las ayudas adoptadas por los efectos econ\u00f3micos de la guerra en Ucrania en los mercados agrarios, seg\u00fan recoge Efeagro. El ministro ha destacado\u00a0el impacto del encarecimiento [&hellip;]<\/p>\n","protected":false},"author":12,"featured_media":6149,"comment_status":"open","ping_status":"open","sticky":false,"template":"","format":"standard","meta":{"footnotes":""},"categories":[10,25],"tags":[],"yoast_head":"<!-- This site is optimized with the Yoast SEO plugin v24.5 - https:\/\/yoast.com\/wordpress\/plugins\/seo\/ -->\n<title>Espa\u00f1a propondr\u00e1 a la UE medidas para asegurar los fertilizantes a los agricultores - ASAJA Soria<\/title>\n<meta name=\"description\" content=\"As\u00ed lo ha expresado el ministro de Agricultura, Pesca y Alimentaci\u00f3n, Luis Planas, en el Consejo consultivo de pol\u00edtica agr\u00edcola para asuntos\" \/>\n<meta name=\"robots\" content=\"index, follow, max-snippet:-1, max-image-preview:large, max-video-preview:-1\" \/>\n<link rel=\"canonical\" href=\"https:\/\/www.asajacyl.com\/soria\/asaja-soria-informa\/espana-propondra-a-la-ue-medidas-para-asegurar-los-fertilizantes-a-los-agricultores\" \/>\n<meta property=\"og:locale\" content=\"es_ES\" \/>\n<meta property=\"og:type\" content=\"article\" \/>\n<meta property=\"og:title\" content=\"Espa\u00f1a propondr\u00e1 a la UE medidas para asegurar los fertilizantes a los agricultores - ASAJA Soria\" \/>\n<meta property=\"og:description\" content=\"As\u00ed lo ha expresado el ministro de Agricultura, Pesca y Alimentaci\u00f3n, Luis Planas, en el Consejo consultivo de pol\u00edtica agr\u00edcola para asuntos\" \/>\n<meta property=\"og:url\" content=\"https:\/\/www.asajacyl.com\/soria\/asaja-soria-informa\/espana-propondra-a-la-ue-medidas-para-asegurar-los-fertilizantes-a-los-agricultores\" \/>\n<meta property=\"og:site_name\" content=\"ASAJA Soria\" \/>\n<meta property=\"article:published_time\" content=\"2022-10-14T11:09:47+00:00\" \/>\n<meta property=\"article:modified_time\" content=\"2022-10-20T12:23:51+00:00\" \/>\n<meta property=\"og:image\" content=\"https:\/\/www.asajacyl.com\/soria\/wp-content\/uploads\/sites\/9\/2022\/10\/recurso-abonando-tierra-01.jpg\" \/>\n\t<meta property=\"og:image:width\" content=\"1920\" \/>\n\t<meta property=\"og:image:height\" content=\"1080\" \/>\n\t<meta property=\"og:image:type\" content=\"image\/jpeg\" \/>\n<meta name=\"author\" content=\"Juan Ignacio Prieto Nieto\" \/>\n<meta name=\"twitter:card\" content=\"summary_large_image\" \/>\n<meta name=\"twitter:label1\" content=\"Escrito por\" \/>\n\t<meta name=\"twitter:data1\" content=\"Juan Ignacio Prieto Nieto\" \/>\n\t<meta name=\"twitter:label2\" content=\"Tiempo de lectura\" \/>\n\t<meta name=\"twitter:data2\" content=\"1 minuto\" \/>\n<script type=\"application\/ld+json\" class=\"yoast-schema-graph\">{\"@context\":\"https:\/\/schema.org\",\"@graph\":[{\"@type\":\"WebPage\",\"@id\":\"https:\/\/www.asajacyl.com\/soria\/asaja-soria-informa\/espana-propondra-a-la-ue-medidas-para-asegurar-los-fertilizantes-a-los-agricultores\",\"url\":\"https:\/\/www.asajacyl.com\/soria\/asaja-soria-informa\/espana-propondra-a-la-ue-medidas-para-asegurar-los-fertilizantes-a-los-agricultores\",\"name\":\"Espa\u00f1a propondr\u00e1 a la UE medidas para asegurar los fertilizantes a los agricultores - ASAJA Soria\",\"isPartOf\":{\"@id\":\"https:\/\/www.asajacyl.com\/soria\/#website\"},\"primaryImageOfPage\":{\"@id\":\"https:\/\/www.asajacyl.com\/soria\/asaja-soria-informa\/espana-propondra-a-la-ue-medidas-para-asegurar-los-fertilizantes-a-los-agricultores#primaryimage\"},\"image\":{\"@id\":\"https:\/\/www.asajacyl.com\/soria\/asaja-soria-informa\/espana-propondra-a-la-ue-medidas-para-asegurar-los-fertilizantes-a-los-agricultores#primaryimage\"},\"thumbnailUrl\":\"https:\/\/www.asajacyl.com\/soria\/wp-content\/uploads\/sites\/9\/2022\/10\/recurso-abonando-tierra-01.jpg\",\"datePublished\":\"2022-10-14T11:09:47+00:00\",\"dateModified\":\"2022-10-20T12:23:51+00:00\",\"author\":{\"@id\":\"https:\/\/www.asajacyl.com\/soria\/#\/schema\/person\/fd3081c40255119ce8133b87e6aedfab\"},\"description\":\"As\u00ed lo ha expresado el ministro de Agricultura, Pesca y Alimentaci\u00f3n, Luis Planas, en el Consejo consultivo de pol\u00edtica agr\u00edcola para asuntos\",\"breadcrumb\":{\"@id\":\"https:\/\/www.asajacyl.com\/soria\/asaja-soria-informa\/espana-propondra-a-la-ue-medidas-para-asegurar-los-fertilizantes-a-los-agricultores#breadcrumb\"},\"inLanguage\":\"es\",\"potentialAction\":[{\"@type\":\"ReadAction\",\"target\":[\"https:\/\/www.asajacyl.com\/soria\/asaja-soria-informa\/espana-propondra-a-la-ue-medidas-para-asegurar-los-fertilizantes-a-los-agricultores\"]}]},{\"@type\":\"ImageObject\",\"inLanguage\":\"es\",\"@id\":\"https:\/\/www.asajacyl.com\/soria\/asaja-soria-informa\/espana-propondra-a-la-ue-medidas-para-asegurar-los-fertilizantes-a-los-agricultores#primaryimage\",\"url\":\"https:\/\/www.asajacyl.com\/soria\/wp-content\/uploads\/sites\/9\/2022\/10\/recurso-abonando-tierra-01.jpg\",\"contentUrl\":\"https:\/\/www.asajacyl.com\/soria\/wp-content\/uploads\/sites\/9\/2022\/10\/recurso-abonando-tierra-01.jpg\",\"width\":1920,\"height\":1080},{\"@type\":\"BreadcrumbList\",\"@id\":\"https:\/\/www.asajacyl.com\/soria\/asaja-soria-informa\/espana-propondra-a-la-ue-medidas-para-asegurar-los-fertilizantes-a-los-agricultores#breadcrumb\",\"itemListElement\":[{\"@type\":\"ListItem\",\"position\":1,\"name\":\"Portada\",\"item\":\"https:\/\/www.asajacyl.com\/soria\/\"},{\"@type\":\"ListItem\",\"position\":2,\"name\":\"Espa\u00f1a propondr\u00e1 a la UE medidas para asegurar los fertilizantes a los agricultores\"}]},{\"@type\":\"WebSite\",\"@id\":\"https:\/\/www.asajacyl.com\/soria\/#website\",\"url\":\"https:\/\/www.asajacyl.com\/soria\/\",\"name\":\"ASAJA Soria\",\"description\":\"Otro sitio m\u00e1s de Provincias ASAJA Castilla y Le\u00f3n\",\"potentialAction\":[{\"@type\":\"SearchAction\",\"target\":{\"@type\":\"EntryPoint\",\"urlTemplate\":\"https:\/\/www.asajacyl.com\/soria\/?s={search_term_string}\"},\"query-input\":{\"@type\":\"PropertyValueSpecification\",\"valueRequired\":true,\"valueName\":\"search_term_string\"}}],\"inLanguage\":\"es\"},{\"@type\":\"Person\",\"@id\":\"https:\/\/www.asajacyl.com\/soria\/#\/schema\/person\/fd3081c40255119ce8133b87e6aedfab\",\"name\":\"Juan Ignacio Prieto Nieto\",\"image\":{\"@type\":\"ImageObject\",\"inLanguage\":\"es\",\"@id\":\"https:\/\/www.asajacyl.com\/soria\/#\/schema\/person\/image\/\",\"url\":\"https:\/\/secure.gravatar.com\/avatar\/8266b36e4d9001acb4700699a2468dc8?s=96&d=mm&r=g\",\"contentUrl\":\"https:\/\/secure.gravatar.com\/avatar\/8266b36e4d9001acb4700699a2468dc8?s=96&d=mm&r=g\",\"caption\":\"Juan Ignacio Prieto Nieto\"},\"url\":\"https:\/\/www.asajacyl.com\/soria\/author\/juanfranciscoby\"}]}<\/script>\n<!-- \/ Yoast SEO plugin. -->","yoast_head_json":{"title":"Espa\u00f1a propondr\u00e1 a la UE medidas para asegurar los fertilizantes a los agricultores - ASAJA Soria","description":"As\u00ed lo ha expresado el ministro de Agricultura, Pesca y Alimentaci\u00f3n, Luis Planas, en el Consejo consultivo de pol\u00edtica agr\u00edcola para asuntos","robots":{"index":"index","follow":"follow","max-snippet":"max-snippet:-1","max-image-preview":"max-image-preview:large","max-video-preview":"max-video-preview:-1"},"canonical":"https:\/\/www.asajacyl.com\/soria\/asaja-soria-informa\/espana-propondra-a-la-ue-medidas-para-asegurar-los-fertilizantes-a-los-agricultores","og_locale":"es_ES","og_type":"article","og_title":"Espa\u00f1a propondr\u00e1 a la UE medidas para asegurar los fertilizantes a los agricultores - ASAJA Soria","og_description":"As\u00ed lo ha expresado el ministro de Agricultura, Pesca y Alimentaci\u00f3n, Luis Planas, en el Consejo consultivo de pol\u00edtica agr\u00edcola para asuntos","og_url":"https:\/\/www.asajacyl.com\/soria\/asaja-soria-informa\/espana-propondra-a-la-ue-medidas-para-asegurar-los-fertilizantes-a-los-agricultores","og_site_name":"ASAJA Soria","article_published_time":"2022-10-14T11:09:47+00:00","article_modified_time":"2022-10-20T12:23:51+00:00","og_image":[{"width":1920,"height":1080,"url":"https:\/\/www.asajacyl.com\/soria\/wp-content\/uploads\/sites\/9\/2022\/10\/recurso-abonando-tierra-01.jpg","type":"image\/jpeg"}],"author":"Juan Ignacio Prieto Nieto","twitter_card":"summary_large_image","twitter_misc":{"Escrito por":"Juan Ignacio Prieto Nieto","Tiempo de lectura":"1 minuto"},"schema":{"@context":"https:\/\/schema.org","@graph":[{"@type":"WebPage","@id":"https:\/\/www.asajacyl.com\/soria\/asaja-soria-informa\/espana-propondra-a-la-ue-medidas-para-asegurar-los-fertilizantes-a-los-agricultores","url":"https:\/\/www.asajacyl.com\/soria\/asaja-soria-informa\/espana-propondra-a-la-ue-medidas-para-asegurar-los-fertilizantes-a-los-agricultores","name":"Espa\u00f1a propondr\u00e1 a la UE medidas para asegurar los fertilizantes a los agricultores - ASAJA Soria","isPartOf":{"@id":"https:\/\/www.asajacyl.com\/soria\/#website"},"primaryImageOfPage":{"@id":"https:\/\/www.asajacyl.com\/soria\/asaja-soria-informa\/espana-propondra-a-la-ue-medidas-para-asegurar-los-fertilizantes-a-los-agricultores#primaryimage"},"image":{"@id":"https:\/\/www.asajacyl.com\/soria\/asaja-soria-informa\/espana-propondra-a-la-ue-medidas-para-asegurar-los-fertilizantes-a-los-agricultores#primaryimage"},"thumbnailUrl":"https:\/\/www.asajacyl.com\/soria\/wp-content\/uploads\/sites\/9\/2022\/10\/recurso-abonando-tierra-01.jpg","datePublished":"2022-10-14T11:09:47+00:00","dateModified":"2022-10-20T12:23:51+00:00","author":{"@id":"https:\/\/www.asajacyl.com\/soria\/#\/schema\/person\/fd3081c40255119ce8133b87e6aedfab"},"description":"As\u00ed lo ha expresado el ministro de Agricultura, Pesca y Alimentaci\u00f3n, Luis Planas, en el Consejo consultivo de pol\u00edtica agr\u00edcola para asuntos","breadcrumb":{"@id":"https:\/\/www.asajacyl.com\/soria\/asaja-soria-informa\/espana-propondra-a-la-ue-medidas-para-asegurar-los-fertilizantes-a-los-agricultores#breadcrumb"},"inLanguage":"es","potentialAction":[{"@type":"ReadAction","target":["https:\/\/www.asajacyl.com\/soria\/asaja-soria-informa\/espana-propondra-a-la-ue-medidas-para-asegurar-los-fertilizantes-a-los-agricultores"]}]},{"@type":"ImageObject","inLanguage":"es","@id":"https:\/\/www.asajacyl.com\/soria\/asaja-soria-informa\/espana-propondra-a-la-ue-medidas-para-asegurar-los-fertilizantes-a-los-agricultores#primaryimage","url":"https:\/\/www.asajacyl.com\/soria\/wp-content\/uploads\/sites\/9\/2022\/10\/recurso-abonando-tierra-01.jpg","contentUrl":"https:\/\/www.asajacyl.com\/soria\/wp-content\/uploads\/sites\/9\/2022\/10\/recurso-abonando-tierra-01.jpg","width":1920,"height":1080},{"@type":"BreadcrumbList","@id":"https:\/\/www.asajacyl.com\/soria\/asaja-soria-informa\/espana-propondra-a-la-ue-medidas-para-asegurar-los-fertilizantes-a-los-agricultores#breadcrumb","itemListElement":[{"@type":"ListItem","position":1,"name":"Portada","item":"https:\/\/www.asajacyl.com\/soria\/"},{"@type":"ListItem","position":2,"name":"Espa\u00f1a propondr\u00e1 a la UE medidas para asegurar los fertilizantes a los agricultores"}]},{"@type":"WebSite","@id":"https:\/\/www.asajacyl.com\/soria\/#website","url":"https:\/\/www.asajacyl.com\/soria\/","name":"ASAJA Soria","description":"Otro sitio m\u00e1s de Provincias ASAJA Castilla y Le\u00f3n","potentialAction":[{"@type":"SearchAction","target":{"@type":"EntryPoint","urlTemplate":"https:\/\/www.asajacyl.com\/soria\/?s={search_term_string}"},"query-input":{"@type":"PropertyValueSpecification","valueRequired":true,"valueName":"search_term_string"}}],"inLanguage":"es"},{"@type":"Person","@id":"https:\/\/www.asajacyl.com\/soria\/#\/schema\/person\/fd3081c40255119ce8133b87e6aedfab","name":"Juan Ignacio Prieto Nieto","image":{"@type":"ImageObject","inLanguage":"es","@id":"https:\/\/www.asajacyl.com\/soria\/#\/schema\/person\/image\/","url":"https:\/\/secure.gravatar.com\/avatar\/8266b36e4d9001acb4700699a2468dc8?s=96&d=mm&r=g","contentUrl":"https:\/\/secure.gravatar.com\/avatar\/8266b36e4d9001acb4700699a2468dc8?s=96&d=mm&r=g","caption":"Juan Ignacio Prieto Nieto"},"url":"https:\/\/www.asajacyl.com\/soria\/author\/juanfranciscoby"}]}},"_links":{"self":[{"href":"https:\/\/www.asajacyl.com\/soria\/wp-json\/wp\/v2\/posts\/6148"}],"collection":[{"href":"https:\/\/www.asajacyl.com\/soria\/wp-json\/wp\/v2\/posts"}],"about":[{"href":"https:\/\/www.asajacyl.com\/soria\/wp-json\/wp\/v2\/types\/post"}],"author":[{"embeddable":true,"href":"https:\/\/www.asajacyl.com\/soria\/wp-json\/wp\/v2\/users\/12"}],"replies":[{"embeddable":true,"href":"https:\/\/www.asajacyl.com\/soria\/wp-json\/wp\/v2\/comments?post=6148"}],"version-history":[{"count":1,"href":"https:\/\/www.asajacyl.com\/soria\/wp-json\/wp\/v2\/posts\/6148\/revisions"}],"predecessor-version":[{"id":6150,"href":"https:\/\/www.asajacyl.com\/soria\/wp-json\/wp\/v2\/posts\/6148\/revisions\/6150"}],"wp:featuredmedia":[{"embeddable":true,"href":"https:\/\/www.asajacyl.com\/soria\/wp-json\/wp\/v2\/media\/6149"}],"wp:attachment":[{"href":"https:\/\/www.asajacyl.com\/soria\/wp-json\/wp\/v2\/media?parent=6148"}],"wp:term":[{"taxonomy":"category","embeddable":true,"href":"https:\/\/www.asajacyl.com\/soria\/wp-json\/wp\/v2\/categories?post=6148"},{"taxonomy":"post_tag","embeddable":true,"href":"https:\/\/www.asajacyl.com\/soria\/wp-json\/wp\/v2\/tags?post=6148"}],"curies":[{"name":"wp","href":"https:\/\/api.w.org\/{rel}","templated":true}]}}