{"id":6156,"date":"2022-10-21T14:34:25","date_gmt":"2022-10-21T12:34:25","guid":{"rendered":"https:\/\/www.asajacyl.com\/soria\/?p=6156"},"modified":"2022-10-21T14:34:27","modified_gmt":"2022-10-21T12:34:27","slug":"ya-se-conocen-los-ganadores-de-los-concursos-de-asaja-para-ninos-y-jovenes","status":"publish","type":"post","link":"https:\/\/www.asajacyl.com\/soria\/asaja-soria-informa\/ya-se-conocen-los-ganadores-de-los-concursos-de-asaja-para-ninos-y-jovenes","title":{"rendered":"YA SE CONOCEN LOS GANADORES DE LOS CONCURSOS DE ASAJA PARA NI\u00d1OS Y J\u00d3VENES"},"content":{"rendered":"\n<p>Ya hay premiados en el XXIV Concurso Infantil de Pintura del Medio Rural \u201cAs\u00ed es mi pueblo\u201d y el XIV Concurso de Fotograf\u00eda Juvenil \u201cMi pueblo, mi gente\u201d, organizados por ASAJA de Castilla y Le\u00f3n con el patrocinio de la Fundaci\u00f3n de Castilla y Le\u00f3n. El jurado, reunido a mediados de octubre en la sede de las Cortes auton\u00f3micas, estuvo formado por su presidente, Carlos Poll\u00e1n Fern\u00e1ndez; el dibujante y humorista gr\u00e1fico de ABC Jos\u00e9 Mar\u00eda Nieto; la fot\u00f3grafa Cristina R. Vecino, y Donaciano Dujo, presidente de ASAJA de Castilla y Le\u00f3n.<\/p>\n<p>Con el concurso de pintura \u201cAs\u00ed es mi pueblo\u201d se busca que los ni\u00f1os del medio rural de Castilla y Le\u00f3n muestren sobre el papel el d\u00eda a d\u00eda de los pueblos de nuestra regi\u00f3n, dibujando motivos agrarios y ganaderos, paisajes, personas o cualquier otro aspecto cotidiano de la vida rural. El objetivo del concurso \u201cMi pueblo, mi gente\u201d es que los m\u00e1s j\u00f3venes plasmen en fotograf\u00edas diferentes aspectos de la vida en los pueblos en los que residen o veranean, convirtiendo as\u00ed a los adolescentes \u201creporteros\u201d del d\u00eda a d\u00eda rural.<\/p>\n<p><br \/><u>Los premiados en el concurso de <strong>pintura infantil<\/strong> \u201cAs\u00ed es mi pueblo\u201d han sido:<br \/><br \/><\/u><\/p>\n<p>Primera categor\u00eda (hasta 5 a\u00f1os de edad)<br \/>1\u00ba <strong>Eduardo Alfageme Blas,<\/strong> de 3 a\u00f1os, de Tiedra, Valladolid<\/p>\n<p>2\u00ba <strong>Martina Ramos Ortiz<\/strong>, de 5 a\u00f1os, de Barrio C\u00f3tar, Burgos<\/p>\n<p><br \/>Segunda categor\u00eda (de 6 a 9 a\u00f1os de edad)<br \/>1\u00ba <strong>Mar\u00eda Ligos Mart\u00ednez<\/strong>, de 7 a\u00f1os, de Soria<\/p>\n<p>2\u00ba <strong>Ana Ortega Arranz<\/strong>, de 9 a\u00f1os, de Soria<\/p>\n<p><br \/>Tercera categor\u00eda (de 10 a 12 a\u00f1os)<br \/>1\u00ba <strong>Ricardo Fern\u00e1ndez Redondo<\/strong>, de 11 a\u00f1os, de San Crist\u00f3bal de Entrevi\u00f1as, Zamora<\/p>\n<p>2\u00ba <strong>Marina L\u00f3pez D\u00edez<\/strong>, de 10 a\u00f1os, de Miraveche, Burgos<\/p>\n<p>\u00a0<\/p>\n<p>Acc\u00e9sit:<\/p>\n<p><strong>Daniela Salvador Vieyra<\/strong>, de 11 a\u00f1os, de Valdefuentes del P\u00e1ramo, Le\u00f3n<\/p>\n<p><strong>Blanca Luc\u00eda Romero Fern\u00e1ndez,<\/strong> de 12 a\u00f1os, de Palacios del Alcor, Palencia<\/p>\n<p>\u00a0<\/p>\n<p><br \/><u>Los autores de las <strong>fotograf\u00edas premiadas<\/strong> en el concurso \u201cMi pueblo, mi gente\u201d han sido:<\/u><\/p>\n<p><br \/>Primer premio<\/p>\n<p><strong>Guillermo Fern\u00e1ndez \u00c1lvarez<\/strong>, 16 a\u00f1os, de Santas Martas, Le\u00f3n<\/p>\n<p>\u00a0<\/p>\n<p>Acc\u00e9sit<\/p>\n<p><strong>David Escobar L\u00f3pez,<\/strong> de 13 a\u00f1os, de Pajares de la Lampreana, Zamora<\/p>\n<p><strong>Mar\u00eda Marroqu\u00edn Gonz\u00e1lez, <\/strong>17 a\u00f1os, de Busto de Bureba, Burgos<\/p>\n<p><strong>\u00a0<\/strong><\/p>\n<p>Con este certamen, a ASAJA invita a los m\u00e1s j\u00f3venes a valorar los pueblos e implicarse en la construcci\u00f3n del futuro rural. Los ni\u00f1os galardonados en el concurso de dibujo recibir\u00e1n diferentes regalos, consistentes en material de pintura, lotes de libros, juegos educativos, etc. Respecto al concurso de fotograf\u00eda, los premios son econ\u00f3micos (200 y 120 euros, respectivamente, primer premio y acc\u00e9sit). Adem\u00e1s, todos los participantes recibir\u00e1n un peque\u00f1o obsequio en agradecimiento a su participaci\u00f3n.<\/p>\n","protected":false},"excerpt":{"rendered":"<p>Ya hay premiados en el XXIV Concurso Infantil de Pintura del Medio Rural \u201cAs\u00ed es mi pueblo\u201d y el XIV Concurso de Fotograf\u00eda Juvenil \u201cMi pueblo, mi gente\u201d, organizados por ASAJA de Castilla y Le\u00f3n con el patrocinio de la Fundaci\u00f3n de Castilla y Le\u00f3n. El jurado, reunido a mediados de octubre en la sede [&hellip;]<\/p>\n","protected":false},"author":12,"featured_media":6157,"comment_status":"open","ping_status":"open","sticky":false,"template":"","format":"standard","meta":{"footnotes":""},"categories":[10,25],"tags":[],"yoast_head":"<!-- This site is optimized with the Yoast SEO plugin v24.5 - https:\/\/yoast.com\/wordpress\/plugins\/seo\/ -->\n<title>YA SE CONOCEN LOS GANADORES DE LOS CONCURSOS DE ASAJA PARA NI\u00d1OS Y J\u00d3VENES - ASAJA Soria<\/title>\n<meta name=\"description\" content=\"Ya hay premiados en el XXIV Concurso Infantil de Pintura del Medio Rural \u201cAs\u00ed es mi pueblo\u201d y el XIV Concurso de Fotograf\u00eda Juvenil \u201cMi pueblo, mi gente\u201d,\" \/>\n<meta name=\"robots\" content=\"index, follow, max-snippet:-1, max-image-preview:large, max-video-preview:-1\" \/>\n<link rel=\"canonical\" href=\"https:\/\/www.asajacyl.com\/soria\/asaja-soria-informa\/ya-se-conocen-los-ganadores-de-los-concursos-de-asaja-para-ninos-y-jovenes\" \/>\n<meta property=\"og:locale\" content=\"es_ES\" \/>\n<meta property=\"og:type\" content=\"article\" \/>\n<meta property=\"og:title\" content=\"YA SE CONOCEN LOS GANADORES DE LOS CONCURSOS DE ASAJA PARA NI\u00d1OS Y J\u00d3VENES - ASAJA Soria\" \/>\n<meta property=\"og:description\" content=\"Ya hay premiados en el XXIV Concurso Infantil de Pintura del Medio Rural \u201cAs\u00ed es mi pueblo\u201d y el XIV Concurso de Fotograf\u00eda Juvenil \u201cMi pueblo, mi gente\u201d,\" \/>\n<meta property=\"og:url\" content=\"https:\/\/www.asajacyl.com\/soria\/asaja-soria-informa\/ya-se-conocen-los-ganadores-de-los-concursos-de-asaja-para-ninos-y-jovenes\" \/>\n<meta property=\"og:site_name\" content=\"ASAJA Soria\" \/>\n<meta property=\"article:published_time\" content=\"2022-10-21T12:34:25+00:00\" \/>\n<meta property=\"article:modified_time\" content=\"2022-10-21T12:34:27+00:00\" \/>\n<meta property=\"og:image\" content=\"https:\/\/www.asajacyl.com\/soria\/wp-content\/uploads\/sites\/9\/2022\/10\/concurso-3.jpg\" \/>\n\t<meta property=\"og:image:width\" content=\"1716\" \/>\n\t<meta property=\"og:image:height\" content=\"1009\" \/>\n\t<meta property=\"og:image:type\" content=\"image\/jpeg\" \/>\n<meta name=\"author\" content=\"Juan Ignacio Prieto Nieto\" \/>\n<meta name=\"twitter:card\" content=\"summary_large_image\" \/>\n<meta name=\"twitter:label1\" content=\"Escrito por\" \/>\n\t<meta name=\"twitter:data1\" content=\"Juan Ignacio Prieto Nieto\" \/>\n\t<meta name=\"twitter:label2\" content=\"Tiempo de lectura\" \/>\n\t<meta name=\"twitter:data2\" content=\"2 minutos\" \/>\n<script type=\"application\/ld+json\" class=\"yoast-schema-graph\">{\"@context\":\"https:\/\/schema.org\",\"@graph\":[{\"@type\":\"WebPage\",\"@id\":\"https:\/\/www.asajacyl.com\/soria\/asaja-soria-informa\/ya-se-conocen-los-ganadores-de-los-concursos-de-asaja-para-ninos-y-jovenes\",\"url\":\"https:\/\/www.asajacyl.com\/soria\/asaja-soria-informa\/ya-se-conocen-los-ganadores-de-los-concursos-de-asaja-para-ninos-y-jovenes\",\"name\":\"YA SE CONOCEN LOS GANADORES DE LOS CONCURSOS DE ASAJA PARA NI\u00d1OS Y J\u00d3VENES - ASAJA Soria\",\"isPartOf\":{\"@id\":\"https:\/\/www.asajacyl.com\/soria\/#website\"},\"primaryImageOfPage\":{\"@id\":\"https:\/\/www.asajacyl.com\/soria\/asaja-soria-informa\/ya-se-conocen-los-ganadores-de-los-concursos-de-asaja-para-ninos-y-jovenes#primaryimage\"},\"image\":{\"@id\":\"https:\/\/www.asajacyl.com\/soria\/asaja-soria-informa\/ya-se-conocen-los-ganadores-de-los-concursos-de-asaja-para-ninos-y-jovenes#primaryimage\"},\"thumbnailUrl\":\"https:\/\/www.asajacyl.com\/soria\/wp-content\/uploads\/sites\/9\/2022\/10\/concurso-3.jpg\",\"datePublished\":\"2022-10-21T12:34:25+00:00\",\"dateModified\":\"2022-10-21T12:34:27+00:00\",\"author\":{\"@id\":\"https:\/\/www.asajacyl.com\/soria\/#\/schema\/person\/fd3081c40255119ce8133b87e6aedfab\"},\"description\":\"Ya hay premiados en el XXIV Concurso Infantil de Pintura del Medio Rural \u201cAs\u00ed es mi pueblo\u201d y el XIV Concurso de Fotograf\u00eda Juvenil \u201cMi pueblo, mi gente\u201d,\",\"breadcrumb\":{\"@id\":\"https:\/\/www.asajacyl.com\/soria\/asaja-soria-informa\/ya-se-conocen-los-ganadores-de-los-concursos-de-asaja-para-ninos-y-jovenes#breadcrumb\"},\"inLanguage\":\"es\",\"potentialAction\":[{\"@type\":\"ReadAction\",\"target\":[\"https:\/\/www.asajacyl.com\/soria\/asaja-soria-informa\/ya-se-conocen-los-ganadores-de-los-concursos-de-asaja-para-ninos-y-jovenes\"]}]},{\"@type\":\"ImageObject\",\"inLanguage\":\"es\",\"@id\":\"https:\/\/www.asajacyl.com\/soria\/asaja-soria-informa\/ya-se-conocen-los-ganadores-de-los-concursos-de-asaja-para-ninos-y-jovenes#primaryimage\",\"url\":\"https:\/\/www.asajacyl.com\/soria\/wp-content\/uploads\/sites\/9\/2022\/10\/concurso-3.jpg\",\"contentUrl\":\"https:\/\/www.asajacyl.com\/soria\/wp-content\/uploads\/sites\/9\/2022\/10\/concurso-3.jpg\",\"width\":1716,\"height\":1009},{\"@type\":\"BreadcrumbList\",\"@id\":\"https:\/\/www.asajacyl.com\/soria\/asaja-soria-informa\/ya-se-conocen-los-ganadores-de-los-concursos-de-asaja-para-ninos-y-jovenes#breadcrumb\",\"itemListElement\":[{\"@type\":\"ListItem\",\"position\":1,\"name\":\"Portada\",\"item\":\"https:\/\/www.asajacyl.com\/soria\/\"},{\"@type\":\"ListItem\",\"position\":2,\"name\":\"YA SE CONOCEN LOS GANADORES DE LOS CONCURSOS DE ASAJA PARA NI\u00d1OS Y J\u00d3VENES\"}]},{\"@type\":\"WebSite\",\"@id\":\"https:\/\/www.asajacyl.com\/soria\/#website\",\"url\":\"https:\/\/www.asajacyl.com\/soria\/\",\"name\":\"ASAJA Soria\",\"description\":\"Otro sitio m\u00e1s de Provincias ASAJA Castilla y Le\u00f3n\",\"potentialAction\":[{\"@type\":\"SearchAction\",\"target\":{\"@type\":\"EntryPoint\",\"urlTemplate\":\"https:\/\/www.asajacyl.com\/soria\/?s={search_term_string}\"},\"query-input\":{\"@type\":\"PropertyValueSpecification\",\"valueRequired\":true,\"valueName\":\"search_term_string\"}}],\"inLanguage\":\"es\"},{\"@type\":\"Person\",\"@id\":\"https:\/\/www.asajacyl.com\/soria\/#\/schema\/person\/fd3081c40255119ce8133b87e6aedfab\",\"name\":\"Juan Ignacio Prieto Nieto\",\"image\":{\"@type\":\"ImageObject\",\"inLanguage\":\"es\",\"@id\":\"https:\/\/www.asajacyl.com\/soria\/#\/schema\/person\/image\/\",\"url\":\"https:\/\/secure.gravatar.com\/avatar\/8266b36e4d9001acb4700699a2468dc8?s=96&d=mm&r=g\",\"contentUrl\":\"https:\/\/secure.gravatar.com\/avatar\/8266b36e4d9001acb4700699a2468dc8?s=96&d=mm&r=g\",\"caption\":\"Juan Ignacio Prieto Nieto\"},\"url\":\"https:\/\/www.asajacyl.com\/soria\/author\/juanfranciscoby\"}]}<\/script>\n<!-- \/ Yoast SEO plugin. -->","yoast_head_json":{"title":"YA SE CONOCEN LOS GANADORES DE LOS CONCURSOS DE ASAJA PARA NI\u00d1OS Y J\u00d3VENES - ASAJA Soria","description":"Ya hay premiados en el XXIV Concurso Infantil de Pintura del Medio Rural \u201cAs\u00ed es mi pueblo\u201d y el XIV Concurso de Fotograf\u00eda Juvenil \u201cMi pueblo, mi gente\u201d,","robots":{"index":"index","follow":"follow","max-snippet":"max-snippet:-1","max-image-preview":"max-image-preview:large","max-video-preview":"max-video-preview:-1"},"canonical":"https:\/\/www.asajacyl.com\/soria\/asaja-soria-informa\/ya-se-conocen-los-ganadores-de-los-concursos-de-asaja-para-ninos-y-jovenes","og_locale":"es_ES","og_type":"article","og_title":"YA SE CONOCEN LOS GANADORES DE LOS CONCURSOS DE ASAJA PARA NI\u00d1OS Y J\u00d3VENES - ASAJA Soria","og_description":"Ya hay premiados en el XXIV Concurso Infantil de Pintura del Medio Rural \u201cAs\u00ed es mi pueblo\u201d y el XIV Concurso de Fotograf\u00eda Juvenil \u201cMi pueblo, mi gente\u201d,","og_url":"https:\/\/www.asajacyl.com\/soria\/asaja-soria-informa\/ya-se-conocen-los-ganadores-de-los-concursos-de-asaja-para-ninos-y-jovenes","og_site_name":"ASAJA Soria","article_published_time":"2022-10-21T12:34:25+00:00","article_modified_time":"2022-10-21T12:34:27+00:00","og_image":[{"width":1716,"height":1009,"url":"https:\/\/www.asajacyl.com\/soria\/wp-content\/uploads\/sites\/9\/2022\/10\/concurso-3.jpg","type":"image\/jpeg"}],"author":"Juan Ignacio Prieto Nieto","twitter_card":"summary_large_image","twitter_misc":{"Escrito por":"Juan Ignacio Prieto Nieto","Tiempo de lectura":"2 minutos"},"schema":{"@context":"https:\/\/schema.org","@graph":[{"@type":"WebPage","@id":"https:\/\/www.asajacyl.com\/soria\/asaja-soria-informa\/ya-se-conocen-los-ganadores-de-los-concursos-de-asaja-para-ninos-y-jovenes","url":"https:\/\/www.asajacyl.com\/soria\/asaja-soria-informa\/ya-se-conocen-los-ganadores-de-los-concursos-de-asaja-para-ninos-y-jovenes","name":"YA SE CONOCEN LOS GANADORES DE LOS CONCURSOS DE ASAJA PARA NI\u00d1OS Y J\u00d3VENES - ASAJA Soria","isPartOf":{"@id":"https:\/\/www.asajacyl.com\/soria\/#website"},"primaryImageOfPage":{"@id":"https:\/\/www.asajacyl.com\/soria\/asaja-soria-informa\/ya-se-conocen-los-ganadores-de-los-concursos-de-asaja-para-ninos-y-jovenes#primaryimage"},"image":{"@id":"https:\/\/www.asajacyl.com\/soria\/asaja-soria-informa\/ya-se-conocen-los-ganadores-de-los-concursos-de-asaja-para-ninos-y-jovenes#primaryimage"},"thumbnailUrl":"https:\/\/www.asajacyl.com\/soria\/wp-content\/uploads\/sites\/9\/2022\/10\/concurso-3.jpg","datePublished":"2022-10-21T12:34:25+00:00","dateModified":"2022-10-21T12:34:27+00:00","author":{"@id":"https:\/\/www.asajacyl.com\/soria\/#\/schema\/person\/fd3081c40255119ce8133b87e6aedfab"},"description":"Ya hay premiados en el XXIV Concurso Infantil de Pintura del Medio Rural \u201cAs\u00ed es mi pueblo\u201d y el XIV Concurso de Fotograf\u00eda Juvenil \u201cMi pueblo, mi gente\u201d,","breadcrumb":{"@id":"https:\/\/www.asajacyl.com\/soria\/asaja-soria-informa\/ya-se-conocen-los-ganadores-de-los-concursos-de-asaja-para-ninos-y-jovenes#breadcrumb"},"inLanguage":"es","potentialAction":[{"@type":"ReadAction","target":["https:\/\/www.asajacyl.com\/soria\/asaja-soria-informa\/ya-se-conocen-los-ganadores-de-los-concursos-de-asaja-para-ninos-y-jovenes"]}]},{"@type":"ImageObject","inLanguage":"es","@id":"https:\/\/www.asajacyl.com\/soria\/asaja-soria-informa\/ya-se-conocen-los-ganadores-de-los-concursos-de-asaja-para-ninos-y-jovenes#primaryimage","url":"https:\/\/www.asajacyl.com\/soria\/wp-content\/uploads\/sites\/9\/2022\/10\/concurso-3.jpg","contentUrl":"https:\/\/www.asajacyl.com\/soria\/wp-content\/uploads\/sites\/9\/2022\/10\/concurso-3.jpg","width":1716,"height":1009},{"@type":"BreadcrumbList","@id":"https:\/\/www.asajacyl.com\/soria\/asaja-soria-informa\/ya-se-conocen-los-ganadores-de-los-concursos-de-asaja-para-ninos-y-jovenes#breadcrumb","itemListElement":[{"@type":"ListItem","position":1,"name":"Portada","item":"https:\/\/www.asajacyl.com\/soria\/"},{"@type":"ListItem","position":2,"name":"YA SE CONOCEN LOS GANADORES DE LOS CONCURSOS DE ASAJA PARA NI\u00d1OS Y J\u00d3VENES"}]},{"@type":"WebSite","@id":"https:\/\/www.asajacyl.com\/soria\/#website","url":"https:\/\/www.asajacyl.com\/soria\/","name":"ASAJA Soria","description":"Otro sitio m\u00e1s de Provincias ASAJA Castilla y Le\u00f3n","potentialAction":[{"@type":"SearchAction","target":{"@type":"EntryPoint","urlTemplate":"https:\/\/www.asajacyl.com\/soria\/?s={search_term_string}"},"query-input":{"@type":"PropertyValueSpecification","valueRequired":true,"valueName":"search_term_string"}}],"inLanguage":"es"},{"@type":"Person","@id":"https:\/\/www.asajacyl.com\/soria\/#\/schema\/person\/fd3081c40255119ce8133b87e6aedfab","name":"Juan Ignacio Prieto Nieto","image":{"@type":"ImageObject","inLanguage":"es","@id":"https:\/\/www.asajacyl.com\/soria\/#\/schema\/person\/image\/","url":"https:\/\/secure.gravatar.com\/avatar\/8266b36e4d9001acb4700699a2468dc8?s=96&d=mm&r=g","contentUrl":"https:\/\/secure.gravatar.com\/avatar\/8266b36e4d9001acb4700699a2468dc8?s=96&d=mm&r=g","caption":"Juan Ignacio Prieto Nieto"},"url":"https:\/\/www.asajacyl.com\/soria\/author\/juanfranciscoby"}]}},"_links":{"self":[{"href":"https:\/\/www.asajacyl.com\/soria\/wp-json\/wp\/v2\/posts\/6156"}],"collection":[{"href":"https:\/\/www.asajacyl.com\/soria\/wp-json\/wp\/v2\/posts"}],"about":[{"href":"https:\/\/www.asajacyl.com\/soria\/wp-json\/wp\/v2\/types\/post"}],"author":[{"embeddable":true,"href":"https:\/\/www.asajacyl.com\/soria\/wp-json\/wp\/v2\/users\/12"}],"replies":[{"embeddable":true,"href":"https:\/\/www.asajacyl.com\/soria\/wp-json\/wp\/v2\/comments?post=6156"}],"version-history":[{"count":1,"href":"https:\/\/www.asajacyl.com\/soria\/wp-json\/wp\/v2\/posts\/6156\/revisions"}],"predecessor-version":[{"id":6158,"href":"https:\/\/www.asajacyl.com\/soria\/wp-json\/wp\/v2\/posts\/6156\/revisions\/6158"}],"wp:featuredmedia":[{"embeddable":true,"href":"https:\/\/www.asajacyl.com\/soria\/wp-json\/wp\/v2\/media\/6157"}],"wp:attachment":[{"href":"https:\/\/www.asajacyl.com\/soria\/wp-json\/wp\/v2\/media?parent=6156"}],"wp:term":[{"taxonomy":"category","embeddable":true,"href":"https:\/\/www.asajacyl.com\/soria\/wp-json\/wp\/v2\/categories?post=6156"},{"taxonomy":"post_tag","embeddable":true,"href":"https:\/\/www.asajacyl.com\/soria\/wp-json\/wp\/v2\/tags?post=6156"}],"curies":[{"name":"wp","href":"https:\/\/api.w.org\/{rel}","templated":true}]}}