{"id":6161,"date":"2022-10-25T17:26:24","date_gmt":"2022-10-25T15:26:24","guid":{"rendered":"https:\/\/www.asajacyl.com\/soria\/?p=6161"},"modified":"2022-10-25T18:52:11","modified_gmt":"2022-10-25T16:52:11","slug":"el-gobierno-aprueba-ayudas-al-vinedo-por-202-millones-de-euros-anuales-en-la-nueva-pac","status":"publish","type":"post","link":"https:\/\/www.asajacyl.com\/soria\/asaja-soria-informa\/el-gobierno-aprueba-ayudas-al-vinedo-por-202-millones-de-euros-anuales-en-la-nueva-pac","title":{"rendered":"El Gobierno aprueba ayudas al vi\u00f1edo por 202 millones de euros anuales en la nueva PAC"},"content":{"rendered":"\n<h2>El Consejo de Ministros ha aprobado el decreto para la aplicaci\u00f3n de la nueva Pol\u00edtica Agraria Com\u00fan (PAC) en el sector vitivin\u00edcola, que contar\u00e1 con ayudas por valor de 202,1 millones de euros anuales entre 2023 y 2027<\/h2>\n<p>As\u00ed lo ha anunciado la portavoz del Gobierno, Isabel Rodr\u00edguez, en la rueda de prensa posterior a la reuni\u00f3n del Consejo de Ministros, como recoge Efeagro.<\/p>\n<p>La portavoz ha destacado la importancia de este sector para fijar poblaci\u00f3n en el territorio rural, ya que genera casi medio mill\u00f3n de empleos en Espa\u00f1a, tercer productor mundial y segundo mayor exportador.<\/p>\n<p>Rodr\u00edguez ha explicado que\u00a0el nuevo decreto acomoda la normativa sectorial a la nueva PAC,\u00a0que entrar\u00e1 en vigor en enero del pr\u00f3ximo a\u00f1o, y en ese sentido recoge las nuevas exigencias medioambientales y de adaptaci\u00f3n al cambio clim\u00e1tico.<\/p>\n<p>Seg\u00fan un comunicado del Ministerio de Agricultura, Pesca y Alimentaci\u00f3n (MAPA), los tipos de intervenci\u00f3n elegidos por Espa\u00f1a para cumplir los objetivos espec\u00edficos para el sector del vino est\u00e1n relacionados con la reestructuraci\u00f3n y reconversi\u00f3n de vi\u00f1edos, entre otros.<\/p>\n<p>Tambi\u00e9n se incluyen las inversiones en instalaciones de transformaci\u00f3n e infraestructuras vitivin\u00edcolas, as\u00ed como en estructuras e instrumentos de comercializaci\u00f3n, adem\u00e1s de la cosecha en verde, la destilaci\u00f3n de subproductos de la vinificaci\u00f3n y las actividades de promoci\u00f3n y comunicaci\u00f3n en terceros pa\u00edses.<\/p>\n<p>El objetivo es\u00a0impulsar la comercializaci\u00f3n del vino en Espa\u00f1a\u00a0e incrementar su valor a\u00f1adido, promocion\u00e1ndolo en terceros pa\u00edses y apoyando las inversiones en las bodegas, al tiempo que se fomentan modelos m\u00e1s sostenibles de producci\u00f3n.<\/p>\n<p>El MAPA ha explicado que la intervenci\u00f3n sectorial prev\u00e9 la posibilidad de recurrir a la\u00a0cosecha en verde\u00a0en casos excepcionales ante posibles desequilibrios entre la oferta y la demanda.<\/p>\n<p>La PAC establece un porcentaje de gasto obligatorio para acciones medioambientales de al menos el 5 % del presupuesto, seg\u00fan el Ministerio.<\/p>\n<p>Los dos primeros a\u00f1os de aplicaci\u00f3n de la Intervenci\u00f3n sectorial vitivin\u00edcola coincidir\u00e1n con las operaciones y programas que est\u00e1n ejecut\u00e1ndose y que fueron aprobados en el marco del\u00a0Programa nacional de apoyo al sector vitivin\u00edcola (Pasve)\u00a02019-2023 antes del 31 de diciembre de 2022, los cuales podr\u00e1n ejecutarse y pagarse hasta el 15 octubre de 2025.<\/p>\n","protected":false},"excerpt":{"rendered":"<p>El Consejo de Ministros ha aprobado el decreto para la aplicaci\u00f3n de la nueva Pol\u00edtica Agraria Com\u00fan (PAC) en el sector vitivin\u00edcola, que contar\u00e1 con ayudas por valor de 202,1 millones de euros anuales entre 2023 y 2027 As\u00ed lo ha anunciado la portavoz del Gobierno, Isabel Rodr\u00edguez, en la rueda de prensa posterior a [&hellip;]<\/p>\n","protected":false},"author":12,"featured_media":6162,"comment_status":"open","ping_status":"open","sticky":false,"template":"","format":"standard","meta":{"footnotes":""},"categories":[10,25],"tags":[],"yoast_head":"<!-- This site is optimized with the Yoast SEO plugin v24.5 - https:\/\/yoast.com\/wordpress\/plugins\/seo\/ -->\n<title>El Gobierno aprueba ayudas al vi\u00f1edo por 202 millones de euros anuales en la nueva PAC - ASAJA Soria<\/title>\n<meta name=\"description\" content=\"El Consejo de Ministros ha aprobado el decreto para la aplicaci\u00f3n de la nueva Pol\u00edtica Agraria Com\u00fan (PAC) en el sector vitivin\u00edcola, que contar\u00e1 con\" \/>\n<meta name=\"robots\" content=\"index, follow, max-snippet:-1, max-image-preview:large, max-video-preview:-1\" \/>\n<link rel=\"canonical\" href=\"https:\/\/www.asajacyl.com\/soria\/asaja-soria-informa\/el-gobierno-aprueba-ayudas-al-vinedo-por-202-millones-de-euros-anuales-en-la-nueva-pac\" \/>\n<meta property=\"og:locale\" content=\"es_ES\" \/>\n<meta property=\"og:type\" content=\"article\" \/>\n<meta property=\"og:title\" content=\"El Gobierno aprueba ayudas al vi\u00f1edo por 202 millones de euros anuales en la nueva PAC - ASAJA Soria\" \/>\n<meta property=\"og:description\" content=\"El Consejo de Ministros ha aprobado el decreto para la aplicaci\u00f3n de la nueva Pol\u00edtica Agraria Com\u00fan (PAC) en el sector vitivin\u00edcola, que contar\u00e1 con\" \/>\n<meta property=\"og:url\" content=\"https:\/\/www.asajacyl.com\/soria\/asaja-soria-informa\/el-gobierno-aprueba-ayudas-al-vinedo-por-202-millones-de-euros-anuales-en-la-nueva-pac\" \/>\n<meta property=\"og:site_name\" content=\"ASAJA Soria\" \/>\n<meta property=\"article:published_time\" content=\"2022-10-25T15:26:24+00:00\" \/>\n<meta property=\"article:modified_time\" content=\"2022-10-25T16:52:11+00:00\" \/>\n<meta property=\"og:image\" content=\"https:\/\/www.asajacyl.com\/soria\/wp-content\/uploads\/sites\/9\/2022\/10\/vina.jpg\" \/>\n\t<meta property=\"og:image:width\" content=\"1000\" \/>\n\t<meta property=\"og:image:height\" content=\"667\" \/>\n\t<meta property=\"og:image:type\" content=\"image\/jpeg\" \/>\n<meta name=\"author\" content=\"Juan Ignacio Prieto Nieto\" \/>\n<meta name=\"twitter:card\" content=\"summary_large_image\" \/>\n<meta name=\"twitter:label1\" content=\"Escrito por\" \/>\n\t<meta name=\"twitter:data1\" content=\"Juan Ignacio Prieto Nieto\" \/>\n\t<meta name=\"twitter:label2\" content=\"Tiempo de lectura\" \/>\n\t<meta name=\"twitter:data2\" content=\"2 minutos\" \/>\n<script type=\"application\/ld+json\" class=\"yoast-schema-graph\">{\"@context\":\"https:\/\/schema.org\",\"@graph\":[{\"@type\":\"WebPage\",\"@id\":\"https:\/\/www.asajacyl.com\/soria\/asaja-soria-informa\/el-gobierno-aprueba-ayudas-al-vinedo-por-202-millones-de-euros-anuales-en-la-nueva-pac\",\"url\":\"https:\/\/www.asajacyl.com\/soria\/asaja-soria-informa\/el-gobierno-aprueba-ayudas-al-vinedo-por-202-millones-de-euros-anuales-en-la-nueva-pac\",\"name\":\"El Gobierno aprueba ayudas al vi\u00f1edo por 202 millones de euros anuales en la nueva PAC - ASAJA Soria\",\"isPartOf\":{\"@id\":\"https:\/\/www.asajacyl.com\/soria\/#website\"},\"primaryImageOfPage\":{\"@id\":\"https:\/\/www.asajacyl.com\/soria\/asaja-soria-informa\/el-gobierno-aprueba-ayudas-al-vinedo-por-202-millones-de-euros-anuales-en-la-nueva-pac#primaryimage\"},\"image\":{\"@id\":\"https:\/\/www.asajacyl.com\/soria\/asaja-soria-informa\/el-gobierno-aprueba-ayudas-al-vinedo-por-202-millones-de-euros-anuales-en-la-nueva-pac#primaryimage\"},\"thumbnailUrl\":\"https:\/\/www.asajacyl.com\/soria\/wp-content\/uploads\/sites\/9\/2022\/10\/vina.jpg\",\"datePublished\":\"2022-10-25T15:26:24+00:00\",\"dateModified\":\"2022-10-25T16:52:11+00:00\",\"author\":{\"@id\":\"https:\/\/www.asajacyl.com\/soria\/#\/schema\/person\/fd3081c40255119ce8133b87e6aedfab\"},\"description\":\"El Consejo de Ministros ha aprobado el decreto para la aplicaci\u00f3n de la nueva Pol\u00edtica Agraria Com\u00fan (PAC) en el sector vitivin\u00edcola, que contar\u00e1 con\",\"breadcrumb\":{\"@id\":\"https:\/\/www.asajacyl.com\/soria\/asaja-soria-informa\/el-gobierno-aprueba-ayudas-al-vinedo-por-202-millones-de-euros-anuales-en-la-nueva-pac#breadcrumb\"},\"inLanguage\":\"es\",\"potentialAction\":[{\"@type\":\"ReadAction\",\"target\":[\"https:\/\/www.asajacyl.com\/soria\/asaja-soria-informa\/el-gobierno-aprueba-ayudas-al-vinedo-por-202-millones-de-euros-anuales-en-la-nueva-pac\"]}]},{\"@type\":\"ImageObject\",\"inLanguage\":\"es\",\"@id\":\"https:\/\/www.asajacyl.com\/soria\/asaja-soria-informa\/el-gobierno-aprueba-ayudas-al-vinedo-por-202-millones-de-euros-anuales-en-la-nueva-pac#primaryimage\",\"url\":\"https:\/\/www.asajacyl.com\/soria\/wp-content\/uploads\/sites\/9\/2022\/10\/vina.jpg\",\"contentUrl\":\"https:\/\/www.asajacyl.com\/soria\/wp-content\/uploads\/sites\/9\/2022\/10\/vina.jpg\",\"width\":1000,\"height\":667},{\"@type\":\"BreadcrumbList\",\"@id\":\"https:\/\/www.asajacyl.com\/soria\/asaja-soria-informa\/el-gobierno-aprueba-ayudas-al-vinedo-por-202-millones-de-euros-anuales-en-la-nueva-pac#breadcrumb\",\"itemListElement\":[{\"@type\":\"ListItem\",\"position\":1,\"name\":\"Portada\",\"item\":\"https:\/\/www.asajacyl.com\/soria\/\"},{\"@type\":\"ListItem\",\"position\":2,\"name\":\"El Gobierno aprueba ayudas al vi\u00f1edo por 202 millones de euros anuales en la nueva PAC\"}]},{\"@type\":\"WebSite\",\"@id\":\"https:\/\/www.asajacyl.com\/soria\/#website\",\"url\":\"https:\/\/www.asajacyl.com\/soria\/\",\"name\":\"ASAJA Soria\",\"description\":\"Otro sitio m\u00e1s de Provincias ASAJA Castilla y Le\u00f3n\",\"potentialAction\":[{\"@type\":\"SearchAction\",\"target\":{\"@type\":\"EntryPoint\",\"urlTemplate\":\"https:\/\/www.asajacyl.com\/soria\/?s={search_term_string}\"},\"query-input\":{\"@type\":\"PropertyValueSpecification\",\"valueRequired\":true,\"valueName\":\"search_term_string\"}}],\"inLanguage\":\"es\"},{\"@type\":\"Person\",\"@id\":\"https:\/\/www.asajacyl.com\/soria\/#\/schema\/person\/fd3081c40255119ce8133b87e6aedfab\",\"name\":\"Juan Ignacio Prieto Nieto\",\"image\":{\"@type\":\"ImageObject\",\"inLanguage\":\"es\",\"@id\":\"https:\/\/www.asajacyl.com\/soria\/#\/schema\/person\/image\/\",\"url\":\"https:\/\/secure.gravatar.com\/avatar\/8266b36e4d9001acb4700699a2468dc8?s=96&d=mm&r=g\",\"contentUrl\":\"https:\/\/secure.gravatar.com\/avatar\/8266b36e4d9001acb4700699a2468dc8?s=96&d=mm&r=g\",\"caption\":\"Juan Ignacio Prieto Nieto\"},\"url\":\"https:\/\/www.asajacyl.com\/soria\/author\/juanfranciscoby\"}]}<\/script>\n<!-- \/ Yoast SEO plugin. -->","yoast_head_json":{"title":"El Gobierno aprueba ayudas al vi\u00f1edo por 202 millones de euros anuales en la nueva PAC - ASAJA Soria","description":"El Consejo de Ministros ha aprobado el decreto para la aplicaci\u00f3n de la nueva Pol\u00edtica Agraria Com\u00fan (PAC) en el sector vitivin\u00edcola, que contar\u00e1 con","robots":{"index":"index","follow":"follow","max-snippet":"max-snippet:-1","max-image-preview":"max-image-preview:large","max-video-preview":"max-video-preview:-1"},"canonical":"https:\/\/www.asajacyl.com\/soria\/asaja-soria-informa\/el-gobierno-aprueba-ayudas-al-vinedo-por-202-millones-de-euros-anuales-en-la-nueva-pac","og_locale":"es_ES","og_type":"article","og_title":"El Gobierno aprueba ayudas al vi\u00f1edo por 202 millones de euros anuales en la nueva PAC - ASAJA Soria","og_description":"El Consejo de Ministros ha aprobado el decreto para la aplicaci\u00f3n de la nueva Pol\u00edtica Agraria Com\u00fan (PAC) en el sector vitivin\u00edcola, que contar\u00e1 con","og_url":"https:\/\/www.asajacyl.com\/soria\/asaja-soria-informa\/el-gobierno-aprueba-ayudas-al-vinedo-por-202-millones-de-euros-anuales-en-la-nueva-pac","og_site_name":"ASAJA Soria","article_published_time":"2022-10-25T15:26:24+00:00","article_modified_time":"2022-10-25T16:52:11+00:00","og_image":[{"width":1000,"height":667,"url":"https:\/\/www.asajacyl.com\/soria\/wp-content\/uploads\/sites\/9\/2022\/10\/vina.jpg","type":"image\/jpeg"}],"author":"Juan Ignacio Prieto Nieto","twitter_card":"summary_large_image","twitter_misc":{"Escrito por":"Juan Ignacio Prieto Nieto","Tiempo de lectura":"2 minutos"},"schema":{"@context":"https:\/\/schema.org","@graph":[{"@type":"WebPage","@id":"https:\/\/www.asajacyl.com\/soria\/asaja-soria-informa\/el-gobierno-aprueba-ayudas-al-vinedo-por-202-millones-de-euros-anuales-en-la-nueva-pac","url":"https:\/\/www.asajacyl.com\/soria\/asaja-soria-informa\/el-gobierno-aprueba-ayudas-al-vinedo-por-202-millones-de-euros-anuales-en-la-nueva-pac","name":"El Gobierno aprueba ayudas al vi\u00f1edo por 202 millones de euros anuales en la nueva PAC - ASAJA Soria","isPartOf":{"@id":"https:\/\/www.asajacyl.com\/soria\/#website"},"primaryImageOfPage":{"@id":"https:\/\/www.asajacyl.com\/soria\/asaja-soria-informa\/el-gobierno-aprueba-ayudas-al-vinedo-por-202-millones-de-euros-anuales-en-la-nueva-pac#primaryimage"},"image":{"@id":"https:\/\/www.asajacyl.com\/soria\/asaja-soria-informa\/el-gobierno-aprueba-ayudas-al-vinedo-por-202-millones-de-euros-anuales-en-la-nueva-pac#primaryimage"},"thumbnailUrl":"https:\/\/www.asajacyl.com\/soria\/wp-content\/uploads\/sites\/9\/2022\/10\/vina.jpg","datePublished":"2022-10-25T15:26:24+00:00","dateModified":"2022-10-25T16:52:11+00:00","author":{"@id":"https:\/\/www.asajacyl.com\/soria\/#\/schema\/person\/fd3081c40255119ce8133b87e6aedfab"},"description":"El Consejo de Ministros ha aprobado el decreto para la aplicaci\u00f3n de la nueva Pol\u00edtica Agraria Com\u00fan (PAC) en el sector vitivin\u00edcola, que contar\u00e1 con","breadcrumb":{"@id":"https:\/\/www.asajacyl.com\/soria\/asaja-soria-informa\/el-gobierno-aprueba-ayudas-al-vinedo-por-202-millones-de-euros-anuales-en-la-nueva-pac#breadcrumb"},"inLanguage":"es","potentialAction":[{"@type":"ReadAction","target":["https:\/\/www.asajacyl.com\/soria\/asaja-soria-informa\/el-gobierno-aprueba-ayudas-al-vinedo-por-202-millones-de-euros-anuales-en-la-nueva-pac"]}]},{"@type":"ImageObject","inLanguage":"es","@id":"https:\/\/www.asajacyl.com\/soria\/asaja-soria-informa\/el-gobierno-aprueba-ayudas-al-vinedo-por-202-millones-de-euros-anuales-en-la-nueva-pac#primaryimage","url":"https:\/\/www.asajacyl.com\/soria\/wp-content\/uploads\/sites\/9\/2022\/10\/vina.jpg","contentUrl":"https:\/\/www.asajacyl.com\/soria\/wp-content\/uploads\/sites\/9\/2022\/10\/vina.jpg","width":1000,"height":667},{"@type":"BreadcrumbList","@id":"https:\/\/www.asajacyl.com\/soria\/asaja-soria-informa\/el-gobierno-aprueba-ayudas-al-vinedo-por-202-millones-de-euros-anuales-en-la-nueva-pac#breadcrumb","itemListElement":[{"@type":"ListItem","position":1,"name":"Portada","item":"https:\/\/www.asajacyl.com\/soria\/"},{"@type":"ListItem","position":2,"name":"El Gobierno aprueba ayudas al vi\u00f1edo por 202 millones de euros anuales en la nueva PAC"}]},{"@type":"WebSite","@id":"https:\/\/www.asajacyl.com\/soria\/#website","url":"https:\/\/www.asajacyl.com\/soria\/","name":"ASAJA Soria","description":"Otro sitio m\u00e1s de Provincias ASAJA Castilla y Le\u00f3n","potentialAction":[{"@type":"SearchAction","target":{"@type":"EntryPoint","urlTemplate":"https:\/\/www.asajacyl.com\/soria\/?s={search_term_string}"},"query-input":{"@type":"PropertyValueSpecification","valueRequired":true,"valueName":"search_term_string"}}],"inLanguage":"es"},{"@type":"Person","@id":"https:\/\/www.asajacyl.com\/soria\/#\/schema\/person\/fd3081c40255119ce8133b87e6aedfab","name":"Juan Ignacio Prieto Nieto","image":{"@type":"ImageObject","inLanguage":"es","@id":"https:\/\/www.asajacyl.com\/soria\/#\/schema\/person\/image\/","url":"https:\/\/secure.gravatar.com\/avatar\/8266b36e4d9001acb4700699a2468dc8?s=96&d=mm&r=g","contentUrl":"https:\/\/secure.gravatar.com\/avatar\/8266b36e4d9001acb4700699a2468dc8?s=96&d=mm&r=g","caption":"Juan Ignacio Prieto Nieto"},"url":"https:\/\/www.asajacyl.com\/soria\/author\/juanfranciscoby"}]}},"_links":{"self":[{"href":"https:\/\/www.asajacyl.com\/soria\/wp-json\/wp\/v2\/posts\/6161"}],"collection":[{"href":"https:\/\/www.asajacyl.com\/soria\/wp-json\/wp\/v2\/posts"}],"about":[{"href":"https:\/\/www.asajacyl.com\/soria\/wp-json\/wp\/v2\/types\/post"}],"author":[{"embeddable":true,"href":"https:\/\/www.asajacyl.com\/soria\/wp-json\/wp\/v2\/users\/12"}],"replies":[{"embeddable":true,"href":"https:\/\/www.asajacyl.com\/soria\/wp-json\/wp\/v2\/comments?post=6161"}],"version-history":[{"count":2,"href":"https:\/\/www.asajacyl.com\/soria\/wp-json\/wp\/v2\/posts\/6161\/revisions"}],"predecessor-version":[{"id":6167,"href":"https:\/\/www.asajacyl.com\/soria\/wp-json\/wp\/v2\/posts\/6161\/revisions\/6167"}],"wp:featuredmedia":[{"embeddable":true,"href":"https:\/\/www.asajacyl.com\/soria\/wp-json\/wp\/v2\/media\/6162"}],"wp:attachment":[{"href":"https:\/\/www.asajacyl.com\/soria\/wp-json\/wp\/v2\/media?parent=6161"}],"wp:term":[{"taxonomy":"category","embeddable":true,"href":"https:\/\/www.asajacyl.com\/soria\/wp-json\/wp\/v2\/categories?post=6161"},{"taxonomy":"post_tag","embeddable":true,"href":"https:\/\/www.asajacyl.com\/soria\/wp-json\/wp\/v2\/tags?post=6161"}],"curies":[{"name":"wp","href":"https:\/\/api.w.org\/{rel}","templated":true}]}}