{"id":6172,"date":"2022-11-02T15:27:23","date_gmt":"2022-11-02T14:27:23","guid":{"rendered":"https:\/\/www.asajacyl.com\/soria\/?p=6172"},"modified":"2022-11-16T13:19:19","modified_gmt":"2022-11-16T12:19:19","slug":"asaja-insiste-en-la-flexibilizacion-de-los-eco-regimenes-para-la-pac-2023","status":"publish","type":"post","link":"https:\/\/www.asajacyl.com\/soria\/asaja-soria-informa\/asaja-insiste-en-la-flexibilizacion-de-los-eco-regimenes-para-la-pac-2023","title":{"rendered":"ASAJA insiste en la flexibilizaci\u00f3n de los eco reg\u00edmenes para la PAC 2023"},"content":{"rendered":"\n<h2><strong><em>Las escasas precipitaciones recibidas en la provincia estos \u00faltimos d\u00edas hacen necesarias y urgentes estas medidas<\/em><\/strong><\/h2>\n<p>Hace ya unos d\u00edas, ASAJA Castilla y Le\u00f3n inst\u00f3 a la Consejer\u00eda de Agricultura, Ganader\u00eda y Desarrollo Rural a que comunicase con la mayor celeridad posible c\u00f3mo ser\u00e1n finalmente los requisitos que se exigir\u00e1n en la regi\u00f3n para adherirse a los eco reg\u00edmenes, sistema que condicionar\u00e1 en gran medida los requisitos que los agricultores y ganaderos deber\u00e1n cumplir para percibir las ayudas del nuevo periodo de la PAC, que a todos los efectos se abre con la actual sementera. La campa\u00f1a de siembra ya ha empezado y es de vital importancia que los agricultores conozcan qu\u00e9 obligaciones tienen para elegir qu\u00e9 sembrar en el marco de la nueva PAC.<\/p>\n<p>La Junta Directiva de la OPA, reunida a finales de octubre en Valladolid, decidi\u00f3 pedir al consejero de Agricultura, Gerardo Due\u00f1as, que la comunidad aut\u00f3noma se acoja al sistema que sea m\u00e1s beneficioso para nuestros agricultores y ganaderos, optando por el r\u00e9gimen m\u00e1s flexible posible, teniendo en cuenta las dificultades de aplicar en la primera campa\u00f1a una nueva PAC, posiblemente la m\u00e1s compleja de la historia; a\u00fan m\u00e1s por la complicada situaci\u00f3n que atraviesan los agricultores y ganaderos por los altos costes de producci\u00f3n. La flexibilizaci\u00f3n se hace cada vez m\u00e1s necesaria y urgente si se tiene en cuenta adem\u00e1s la escasez de lluvias en la provincia de Soria.<\/p>\n<p>Aunque los requisitos comunes y pagos directos est\u00e1n trazados en el Plan Estrat\u00e9gico de la Pol\u00edtica Agraria Com\u00fan, se permite cierta flexibilizaci\u00f3n por las autoridades competentes de las comunidades aut\u00f3nomas en las ayudas a los reg\u00edmenes voluntarios a favor del clima, el medio ambiente y el bienestar animal (eco reg\u00edmenes). Estas flexibilidades tambi\u00e9n se han recogido en una Resoluci\u00f3n del Fondo Espa\u00f1ol de Garant\u00eda Agraria. Sin ir m\u00e1s lejos, en los \u00faltimos d\u00edas e incluso horas algunas comunidades aut\u00f3nomas ya han procedido a autorizar estas medidas; la primera fue Andaluc\u00eda y la \u00faltima ha sido La Rioja.<\/p>\n<p>Estos son los puntos m\u00e1s destacados con la flexibilizaci\u00f3n solicitada al consejero:<\/p>\n<p><strong>Siembra directa<\/strong><\/p>\n<p>En la pr\u00e1ctica de siembra directa, espec\u00edficamente para el girasol, deber\u00eda permitirse en la siembra la realizaci\u00f3n de una sencilla labor vertical para que la ra\u00edz pueda llegar sin dificultad a capas m\u00e1s profundas y aprovechar as\u00ed el m\u00e1ximo potencial productivo sin comprometer los beneficios de la siembra directa.<\/p>\n<p>Hacer siembra directa sobre rastrojo en terrenos muy fuertes o compactados es muy complicado. En estas zonas, desde hace tiempo, muchos agricultores que quieren hacer siembra directa est\u00e1n realizando una labor muy superficial, con lo que se conoce como \u201crastra o grada ecol\u00f3gica\u201d, que tiene unas peque\u00f1as p\u00faas (ni siquiera puede considerarse labor vertical por la m\u00ednima longitud que tienen las p\u00faas). Esta labor no elimina ni envuelve el rastrojo, ni voltea el terreno. Es una especie de punzado del suelo para quitar la capa dura que asfixiar\u00eda a las plantas cuando nacen y mantiene el rastrojo, por lo que ASAJA pide que se siga realizando.<\/p>\n<p><strong>Rotaci\u00f3n de cultivos con especies mejorantes<\/strong><\/p>\n<p>En zonas de bajas producciones el cultivo se suele hacer \u201ca\u00f1o y vez\u201d, es decir cultivar un a\u00f1o y descansar otro, para poder obtener cierta producci\u00f3n. La exigencia de no superar el 20% de barbecho obligar\u00eda a los agricultores a dejar fuera del eco r\u00e9gimen una parte de la explotaci\u00f3n, y m\u00e1s en a\u00f1os como este, que arrastramos una fuerte sequ\u00eda y unos desorbitados precios de los insumos de energ\u00eda. Por esta raz\u00f3n, ASAJA solicita que se incremente el barbecho permitido hasta el 40%.<\/p>\n<p>Tambi\u00e9n pide la organizaci\u00f3n agraria que no sea obligatorio para este a\u00f1o cumplir con el 5% de leguminosas, y que esta superficie se pueda computar con el 10% de la superficie de tierra de cultivo que est\u00e9 ocupada por especies mejorantes. Esta petici\u00f3n se debe a la escasez de semilla de leguminosas y el alt\u00edsimo precio que ha alcanzado, fuera de toda l\u00f3gica.<\/p>\n<p><strong>Biodiversidad en tierras de cultivo<\/strong><\/p>\n<p>En el eco r\u00e9gimen de espacios de biodiversidad en tierras de cultivo y cultivos permanentes, ASAJA considera que deber\u00eda darse la posibilidad de computar las zonas de no cosechado de cualquier cultivo, no solo las de parcelas de cereales u oleaginosas.<\/p>\n<p><strong>Laboreo vertical y tratamiento del barbecho<\/strong><\/p>\n<p>Adem\u00e1s, aunque no estar\u00eda dentro de las exigencias de los eco reg\u00edmenes sino en las normas de la condicionalidad reforzada, en la l\u00ednea 6 de las Buenas Condiciones Agrarias y Medioambientales (BCAM 6) ASAJA pide que la Comunidad Aut\u00f3noma de Castilla y Le\u00f3n tambi\u00e9n pueda decidir sobre la posibilidad de realizar el laboreo vertical entre la fecha de recolecci\u00f3n de la cosecha y el 1 de septiembre en los cultivos herb\u00e1ceos de invierno, como se viene haciendo hasta ahora. Tambi\u00e9n, solicita que se adapte el periodo en el que no se pueden realizar tratamientos agr\u00edcolas sobre las tierras en barbecho pudi\u00e9ndose realizar seg\u00fan se ha llevado a cabo tradicionalmente en Castilla y Le\u00f3n.<\/p>\n","protected":false},"excerpt":{"rendered":"<p>Las escasas precipitaciones recibidas en la provincia estos \u00faltimos d\u00edas hacen necesarias y urgentes estas medidas Hace ya unos d\u00edas, ASAJA Castilla y Le\u00f3n inst\u00f3 a la Consejer\u00eda de Agricultura, Ganader\u00eda y Desarrollo Rural a que comunicase con la mayor celeridad posible c\u00f3mo ser\u00e1n finalmente los requisitos que se exigir\u00e1n en la regi\u00f3n para adherirse [&hellip;]<\/p>\n","protected":false},"author":12,"featured_media":4995,"comment_status":"open","ping_status":"open","sticky":false,"template":"","format":"standard","meta":{"footnotes":""},"categories":[10,25],"tags":[],"yoast_head":"<!-- This site is optimized with the Yoast SEO plugin v24.5 - https:\/\/yoast.com\/wordpress\/plugins\/seo\/ -->\n<title>ASAJA insiste en la flexibilizaci\u00f3n de los eco reg\u00edmenes para la PAC 2023 - ASAJA Soria<\/title>\n<meta name=\"description\" content=\"Las escasas precipitaciones recibidas en la provincia estos \u00faltimos d\u00edas hacen necesarias y urgentes estas medidas Hace ya unos d\u00edas, ASAJA Castilla y\" \/>\n<meta name=\"robots\" content=\"index, follow, max-snippet:-1, max-image-preview:large, max-video-preview:-1\" \/>\n<link rel=\"canonical\" href=\"https:\/\/www.asajacyl.com\/soria\/asaja-soria-informa\/asaja-insiste-en-la-flexibilizacion-de-los-eco-regimenes-para-la-pac-2023\" \/>\n<meta property=\"og:locale\" content=\"es_ES\" \/>\n<meta property=\"og:type\" content=\"article\" \/>\n<meta property=\"og:title\" content=\"ASAJA insiste en la flexibilizaci\u00f3n de los eco reg\u00edmenes para la PAC 2023 - ASAJA Soria\" \/>\n<meta property=\"og:description\" content=\"Las escasas precipitaciones recibidas en la provincia estos \u00faltimos d\u00edas hacen necesarias y urgentes estas medidas Hace ya unos d\u00edas, ASAJA Castilla y\" \/>\n<meta property=\"og:url\" content=\"https:\/\/www.asajacyl.com\/soria\/asaja-soria-informa\/asaja-insiste-en-la-flexibilizacion-de-los-eco-regimenes-para-la-pac-2023\" \/>\n<meta property=\"og:site_name\" content=\"ASAJA Soria\" \/>\n<meta property=\"article:published_time\" content=\"2022-11-02T14:27:23+00:00\" \/>\n<meta property=\"article:modified_time\" content=\"2022-11-16T12:19:19+00:00\" \/>\n<meta property=\"og:image\" content=\"https:\/\/www.asajacyl.com\/soria\/wp-content\/uploads\/sites\/9\/2021\/10\/053.jpg\" \/>\n\t<meta property=\"og:image:width\" content=\"2500\" \/>\n\t<meta property=\"og:image:height\" content=\"1406\" \/>\n\t<meta property=\"og:image:type\" content=\"image\/jpeg\" \/>\n<meta name=\"author\" content=\"Juan Ignacio Prieto Nieto\" \/>\n<meta name=\"twitter:card\" content=\"summary_large_image\" \/>\n<meta name=\"twitter:label1\" content=\"Escrito por\" \/>\n\t<meta name=\"twitter:data1\" content=\"Juan Ignacio Prieto Nieto\" \/>\n\t<meta name=\"twitter:label2\" content=\"Tiempo de lectura\" \/>\n\t<meta name=\"twitter:data2\" content=\"4 minutos\" \/>\n<script type=\"application\/ld+json\" class=\"yoast-schema-graph\">{\"@context\":\"https:\/\/schema.org\",\"@graph\":[{\"@type\":\"WebPage\",\"@id\":\"https:\/\/www.asajacyl.com\/soria\/asaja-soria-informa\/asaja-insiste-en-la-flexibilizacion-de-los-eco-regimenes-para-la-pac-2023\",\"url\":\"https:\/\/www.asajacyl.com\/soria\/asaja-soria-informa\/asaja-insiste-en-la-flexibilizacion-de-los-eco-regimenes-para-la-pac-2023\",\"name\":\"ASAJA insiste en la flexibilizaci\u00f3n de los eco reg\u00edmenes para la PAC 2023 - ASAJA Soria\",\"isPartOf\":{\"@id\":\"https:\/\/www.asajacyl.com\/soria\/#website\"},\"primaryImageOfPage\":{\"@id\":\"https:\/\/www.asajacyl.com\/soria\/asaja-soria-informa\/asaja-insiste-en-la-flexibilizacion-de-los-eco-regimenes-para-la-pac-2023#primaryimage\"},\"image\":{\"@id\":\"https:\/\/www.asajacyl.com\/soria\/asaja-soria-informa\/asaja-insiste-en-la-flexibilizacion-de-los-eco-regimenes-para-la-pac-2023#primaryimage\"},\"thumbnailUrl\":\"https:\/\/www.asajacyl.com\/soria\/wp-content\/uploads\/sites\/9\/2021\/10\/053.jpg\",\"datePublished\":\"2022-11-02T14:27:23+00:00\",\"dateModified\":\"2022-11-16T12:19:19+00:00\",\"author\":{\"@id\":\"https:\/\/www.asajacyl.com\/soria\/#\/schema\/person\/fd3081c40255119ce8133b87e6aedfab\"},\"description\":\"Las escasas precipitaciones recibidas en la provincia estos \u00faltimos d\u00edas hacen necesarias y urgentes estas medidas Hace ya unos d\u00edas, ASAJA Castilla y\",\"breadcrumb\":{\"@id\":\"https:\/\/www.asajacyl.com\/soria\/asaja-soria-informa\/asaja-insiste-en-la-flexibilizacion-de-los-eco-regimenes-para-la-pac-2023#breadcrumb\"},\"inLanguage\":\"es\",\"potentialAction\":[{\"@type\":\"ReadAction\",\"target\":[\"https:\/\/www.asajacyl.com\/soria\/asaja-soria-informa\/asaja-insiste-en-la-flexibilizacion-de-los-eco-regimenes-para-la-pac-2023\"]}]},{\"@type\":\"ImageObject\",\"inLanguage\":\"es\",\"@id\":\"https:\/\/www.asajacyl.com\/soria\/asaja-soria-informa\/asaja-insiste-en-la-flexibilizacion-de-los-eco-regimenes-para-la-pac-2023#primaryimage\",\"url\":\"https:\/\/www.asajacyl.com\/soria\/wp-content\/uploads\/sites\/9\/2021\/10\/053.jpg\",\"contentUrl\":\"https:\/\/www.asajacyl.com\/soria\/wp-content\/uploads\/sites\/9\/2021\/10\/053.jpg\",\"width\":2500,\"height\":1406},{\"@type\":\"BreadcrumbList\",\"@id\":\"https:\/\/www.asajacyl.com\/soria\/asaja-soria-informa\/asaja-insiste-en-la-flexibilizacion-de-los-eco-regimenes-para-la-pac-2023#breadcrumb\",\"itemListElement\":[{\"@type\":\"ListItem\",\"position\":1,\"name\":\"Portada\",\"item\":\"https:\/\/www.asajacyl.com\/soria\/\"},{\"@type\":\"ListItem\",\"position\":2,\"name\":\"ASAJA insiste en la flexibilizaci\u00f3n de los eco reg\u00edmenes para la PAC 2023\"}]},{\"@type\":\"WebSite\",\"@id\":\"https:\/\/www.asajacyl.com\/soria\/#website\",\"url\":\"https:\/\/www.asajacyl.com\/soria\/\",\"name\":\"ASAJA Soria\",\"description\":\"Otro sitio m\u00e1s de Provincias ASAJA Castilla y Le\u00f3n\",\"potentialAction\":[{\"@type\":\"SearchAction\",\"target\":{\"@type\":\"EntryPoint\",\"urlTemplate\":\"https:\/\/www.asajacyl.com\/soria\/?s={search_term_string}\"},\"query-input\":{\"@type\":\"PropertyValueSpecification\",\"valueRequired\":true,\"valueName\":\"search_term_string\"}}],\"inLanguage\":\"es\"},{\"@type\":\"Person\",\"@id\":\"https:\/\/www.asajacyl.com\/soria\/#\/schema\/person\/fd3081c40255119ce8133b87e6aedfab\",\"name\":\"Juan Ignacio Prieto Nieto\",\"image\":{\"@type\":\"ImageObject\",\"inLanguage\":\"es\",\"@id\":\"https:\/\/www.asajacyl.com\/soria\/#\/schema\/person\/image\/\",\"url\":\"https:\/\/secure.gravatar.com\/avatar\/8266b36e4d9001acb4700699a2468dc8?s=96&d=mm&r=g\",\"contentUrl\":\"https:\/\/secure.gravatar.com\/avatar\/8266b36e4d9001acb4700699a2468dc8?s=96&d=mm&r=g\",\"caption\":\"Juan Ignacio Prieto Nieto\"},\"url\":\"https:\/\/www.asajacyl.com\/soria\/author\/juanfranciscoby\"}]}<\/script>\n<!-- \/ Yoast SEO plugin. -->","yoast_head_json":{"title":"ASAJA insiste en la flexibilizaci\u00f3n de los eco reg\u00edmenes para la PAC 2023 - ASAJA Soria","description":"Las escasas precipitaciones recibidas en la provincia estos \u00faltimos d\u00edas hacen necesarias y urgentes estas medidas Hace ya unos d\u00edas, ASAJA Castilla y","robots":{"index":"index","follow":"follow","max-snippet":"max-snippet:-1","max-image-preview":"max-image-preview:large","max-video-preview":"max-video-preview:-1"},"canonical":"https:\/\/www.asajacyl.com\/soria\/asaja-soria-informa\/asaja-insiste-en-la-flexibilizacion-de-los-eco-regimenes-para-la-pac-2023","og_locale":"es_ES","og_type":"article","og_title":"ASAJA insiste en la flexibilizaci\u00f3n de los eco reg\u00edmenes para la PAC 2023 - ASAJA Soria","og_description":"Las escasas precipitaciones recibidas en la provincia estos \u00faltimos d\u00edas hacen necesarias y urgentes estas medidas Hace ya unos d\u00edas, ASAJA Castilla y","og_url":"https:\/\/www.asajacyl.com\/soria\/asaja-soria-informa\/asaja-insiste-en-la-flexibilizacion-de-los-eco-regimenes-para-la-pac-2023","og_site_name":"ASAJA Soria","article_published_time":"2022-11-02T14:27:23+00:00","article_modified_time":"2022-11-16T12:19:19+00:00","og_image":[{"width":2500,"height":1406,"url":"https:\/\/www.asajacyl.com\/soria\/wp-content\/uploads\/sites\/9\/2021\/10\/053.jpg","type":"image\/jpeg"}],"author":"Juan Ignacio Prieto Nieto","twitter_card":"summary_large_image","twitter_misc":{"Escrito por":"Juan Ignacio Prieto Nieto","Tiempo de lectura":"4 minutos"},"schema":{"@context":"https:\/\/schema.org","@graph":[{"@type":"WebPage","@id":"https:\/\/www.asajacyl.com\/soria\/asaja-soria-informa\/asaja-insiste-en-la-flexibilizacion-de-los-eco-regimenes-para-la-pac-2023","url":"https:\/\/www.asajacyl.com\/soria\/asaja-soria-informa\/asaja-insiste-en-la-flexibilizacion-de-los-eco-regimenes-para-la-pac-2023","name":"ASAJA insiste en la flexibilizaci\u00f3n de los eco reg\u00edmenes para la PAC 2023 - ASAJA Soria","isPartOf":{"@id":"https:\/\/www.asajacyl.com\/soria\/#website"},"primaryImageOfPage":{"@id":"https:\/\/www.asajacyl.com\/soria\/asaja-soria-informa\/asaja-insiste-en-la-flexibilizacion-de-los-eco-regimenes-para-la-pac-2023#primaryimage"},"image":{"@id":"https:\/\/www.asajacyl.com\/soria\/asaja-soria-informa\/asaja-insiste-en-la-flexibilizacion-de-los-eco-regimenes-para-la-pac-2023#primaryimage"},"thumbnailUrl":"https:\/\/www.asajacyl.com\/soria\/wp-content\/uploads\/sites\/9\/2021\/10\/053.jpg","datePublished":"2022-11-02T14:27:23+00:00","dateModified":"2022-11-16T12:19:19+00:00","author":{"@id":"https:\/\/www.asajacyl.com\/soria\/#\/schema\/person\/fd3081c40255119ce8133b87e6aedfab"},"description":"Las escasas precipitaciones recibidas en la provincia estos \u00faltimos d\u00edas hacen necesarias y urgentes estas medidas Hace ya unos d\u00edas, ASAJA Castilla y","breadcrumb":{"@id":"https:\/\/www.asajacyl.com\/soria\/asaja-soria-informa\/asaja-insiste-en-la-flexibilizacion-de-los-eco-regimenes-para-la-pac-2023#breadcrumb"},"inLanguage":"es","potentialAction":[{"@type":"ReadAction","target":["https:\/\/www.asajacyl.com\/soria\/asaja-soria-informa\/asaja-insiste-en-la-flexibilizacion-de-los-eco-regimenes-para-la-pac-2023"]}]},{"@type":"ImageObject","inLanguage":"es","@id":"https:\/\/www.asajacyl.com\/soria\/asaja-soria-informa\/asaja-insiste-en-la-flexibilizacion-de-los-eco-regimenes-para-la-pac-2023#primaryimage","url":"https:\/\/www.asajacyl.com\/soria\/wp-content\/uploads\/sites\/9\/2021\/10\/053.jpg","contentUrl":"https:\/\/www.asajacyl.com\/soria\/wp-content\/uploads\/sites\/9\/2021\/10\/053.jpg","width":2500,"height":1406},{"@type":"BreadcrumbList","@id":"https:\/\/www.asajacyl.com\/soria\/asaja-soria-informa\/asaja-insiste-en-la-flexibilizacion-de-los-eco-regimenes-para-la-pac-2023#breadcrumb","itemListElement":[{"@type":"ListItem","position":1,"name":"Portada","item":"https:\/\/www.asajacyl.com\/soria\/"},{"@type":"ListItem","position":2,"name":"ASAJA insiste en la flexibilizaci\u00f3n de los eco reg\u00edmenes para la PAC 2023"}]},{"@type":"WebSite","@id":"https:\/\/www.asajacyl.com\/soria\/#website","url":"https:\/\/www.asajacyl.com\/soria\/","name":"ASAJA Soria","description":"Otro sitio m\u00e1s de Provincias ASAJA Castilla y Le\u00f3n","potentialAction":[{"@type":"SearchAction","target":{"@type":"EntryPoint","urlTemplate":"https:\/\/www.asajacyl.com\/soria\/?s={search_term_string}"},"query-input":{"@type":"PropertyValueSpecification","valueRequired":true,"valueName":"search_term_string"}}],"inLanguage":"es"},{"@type":"Person","@id":"https:\/\/www.asajacyl.com\/soria\/#\/schema\/person\/fd3081c40255119ce8133b87e6aedfab","name":"Juan Ignacio Prieto Nieto","image":{"@type":"ImageObject","inLanguage":"es","@id":"https:\/\/www.asajacyl.com\/soria\/#\/schema\/person\/image\/","url":"https:\/\/secure.gravatar.com\/avatar\/8266b36e4d9001acb4700699a2468dc8?s=96&d=mm&r=g","contentUrl":"https:\/\/secure.gravatar.com\/avatar\/8266b36e4d9001acb4700699a2468dc8?s=96&d=mm&r=g","caption":"Juan Ignacio Prieto Nieto"},"url":"https:\/\/www.asajacyl.com\/soria\/author\/juanfranciscoby"}]}},"_links":{"self":[{"href":"https:\/\/www.asajacyl.com\/soria\/wp-json\/wp\/v2\/posts\/6172"}],"collection":[{"href":"https:\/\/www.asajacyl.com\/soria\/wp-json\/wp\/v2\/posts"}],"about":[{"href":"https:\/\/www.asajacyl.com\/soria\/wp-json\/wp\/v2\/types\/post"}],"author":[{"embeddable":true,"href":"https:\/\/www.asajacyl.com\/soria\/wp-json\/wp\/v2\/users\/12"}],"replies":[{"embeddable":true,"href":"https:\/\/www.asajacyl.com\/soria\/wp-json\/wp\/v2\/comments?post=6172"}],"version-history":[{"count":2,"href":"https:\/\/www.asajacyl.com\/soria\/wp-json\/wp\/v2\/posts\/6172\/revisions"}],"predecessor-version":[{"id":6174,"href":"https:\/\/www.asajacyl.com\/soria\/wp-json\/wp\/v2\/posts\/6172\/revisions\/6174"}],"wp:featuredmedia":[{"embeddable":true,"href":"https:\/\/www.asajacyl.com\/soria\/wp-json\/wp\/v2\/media\/4995"}],"wp:attachment":[{"href":"https:\/\/www.asajacyl.com\/soria\/wp-json\/wp\/v2\/media?parent=6172"}],"wp:term":[{"taxonomy":"category","embeddable":true,"href":"https:\/\/www.asajacyl.com\/soria\/wp-json\/wp\/v2\/categories?post=6172"},{"taxonomy":"post_tag","embeddable":true,"href":"https:\/\/www.asajacyl.com\/soria\/wp-json\/wp\/v2\/tags?post=6172"}],"curies":[{"name":"wp","href":"https:\/\/api.w.org\/{rel}","templated":true}]}}