{"id":6177,"date":"2022-11-04T08:34:38","date_gmt":"2022-11-04T07:34:38","guid":{"rendered":"https:\/\/www.asajacyl.com\/soria\/?p=6177"},"modified":"2022-11-04T08:36:15","modified_gmt":"2022-11-04T07:36:15","slug":"el-congreso-da-luz-verde-al-proyecto-de-ley-de-la-pac-con-cambios-seguro-de-sequia-al-regadio-y-se-retira-la-prohibicion-de-las-quemas","status":"publish","type":"post","link":"https:\/\/www.asajacyl.com\/soria\/asaja-soria-informa\/el-congreso-da-luz-verde-al-proyecto-de-ley-de-la-pac-con-cambios-seguro-de-sequia-al-regadio-y-se-retira-la-prohibicion-de-las-quemas","title":{"rendered":"Luz verde al proyecto de ley de la PAC con cambios: seguro de sequ\u00eda al regad\u00edo y se retira la prohibici\u00f3n de las quemas"},"content":{"rendered":"\n<p>El pleno del Congreso de los Diputados dio el 3 de noviembre luz verde al proyecto de ley de gesti\u00f3n de la Pol\u00edtica Agraria Com\u00fan (PAC) con algunos cambios y ha incluido enmiendas sobre otros aspectos de inter\u00e9s para el sector primario.<\/p>\n<p>Seg\u00fan recoge Efeagro.com, una mayor\u00eda de diputados ha votado a favor del establecimiento de los mecanismos y recursos necesarios para asegurar el derecho a la transmisi\u00f3n de informaci\u00f3n y comunicaci\u00f3n por otros medios a aquellas personas que acrediten que no pueden acceder o disponer de medios electr\u00f3nicos para gestionar las ayudas de la PAC.<\/p>\n<p>La norma general estipula que los titulares de explotaciones y las empresas del sector\u00a0deben proporcionar los datos mediante medios electr\u00f3nicos.<\/p>\n<p>Sin embargo, la excepci\u00f3n introducida se aplica igualmente al Sistema de informaci\u00f3n de explotaciones agr\u00edcolas, ganaderas y de la producci\u00f3n agraria (SIEX).<\/p>\n<p>El parlamentario de Teruel Existe Tom\u00e1s Guitarte ha defendido la enmienda, planteada tambi\u00e9n por el BNG y Coalici\u00f3n Canarias, por los problemas que puede ocasionar el registro electr\u00f3nico para determinados profesionales que carezcan de medios o en zonas rurales sin internet.<\/p>\n<p>El Congreso ha modificado la exposici\u00f3n de motivos del texto\u00a0a\u00f1adiendo una enmienda del grupo popular que recalca que la capacidad de Espa\u00f1a para seguir produciendo depender\u00e1 de \u00abun buen reparto\u00bb de los fondos de la nueva PAC, que entra en vigor en 2023.<\/p>\n<p>La portavoz popular de Agricultura en la C\u00e1mara baja, Milagros Marcos, ha criticado que se hayan rechazado otras de sus propuestas en relaci\u00f3n a una PAC que \u00abno compensa la p\u00e9rdida de rentas\u00bb y fija \u00abexigencias ambientales desproporcionadas\u00bb en un momento de dificultades econ\u00f3micas para el sector.<\/p>\n<p>El proyecto de ley, que pasar\u00e1 a tramitarse en el Senado, recoge aspectos como una\u00a0serie de penalizaciones y sanciones a las personas beneficiarias\u00a0por casos como la remisi\u00f3n incorrecta de datos de forma intencionada para recibir la ayuda o la resistencia a actuaciones de control.<\/p>\n<p>En cuanto a las materias conexas cuya regulaci\u00f3n se ha debatido, ha salido adelante una enmienda de Ciudadanos para que el Ministerio de Agricultura, Pesca y Alimentaci\u00f3n (MAPA) estudie la incorporaci\u00f3n al plan de seguros agrarios combinados de una nueva l\u00ednea para la cobertura de la sequ\u00eda en el regad\u00edo.<\/p>\n<p>Tambi\u00e9n se ha aprobado dar un plazo de tres meses al Gobierno para incluir una zonificaci\u00f3n agraria que permita implantar energ\u00edas renovables teniendo en cuenta la \u00abalta sensibilidad agraria\u00bb de ciertas \u00e1reas, seg\u00fan una disposici\u00f3n promovida por el PDeCat y ERC.<\/p>\n","protected":false},"excerpt":{"rendered":"<p>El pleno del Congreso de los Diputados dio el 3 de noviembre luz verde al proyecto de ley de gesti\u00f3n de la Pol\u00edtica Agraria Com\u00fan (PAC) con algunos cambios y ha incluido enmiendas sobre otros aspectos de inter\u00e9s para el sector primario. Seg\u00fan recoge Efeagro.com, una mayor\u00eda de diputados ha votado a favor del establecimiento [&hellip;]<\/p>\n","protected":false},"author":12,"featured_media":4686,"comment_status":"open","ping_status":"open","sticky":false,"template":"","format":"standard","meta":{"footnotes":""},"categories":[10,25],"tags":[],"yoast_head":"<!-- This site is optimized with the Yoast SEO plugin v24.5 - https:\/\/yoast.com\/wordpress\/plugins\/seo\/ -->\n<title>Luz verde al proyecto de ley de la PAC con cambios: seguro de sequ\u00eda al regad\u00edo y se retira la prohibici\u00f3n de las quemas - ASAJA Soria<\/title>\n<meta name=\"description\" content=\"El pleno del Congreso de los Diputados dio el 3 de noviembre luz verde al proyecto de ley de gesti\u00f3n de la Pol\u00edtica Agraria Com\u00fan (PAC) con algunos\" \/>\n<meta name=\"robots\" content=\"index, follow, max-snippet:-1, max-image-preview:large, max-video-preview:-1\" \/>\n<link rel=\"canonical\" href=\"https:\/\/www.asajacyl.com\/soria\/asaja-soria-informa\/el-congreso-da-luz-verde-al-proyecto-de-ley-de-la-pac-con-cambios-seguro-de-sequia-al-regadio-y-se-retira-la-prohibicion-de-las-quemas\" \/>\n<meta property=\"og:locale\" content=\"es_ES\" \/>\n<meta property=\"og:type\" content=\"article\" \/>\n<meta property=\"og:title\" content=\"Luz verde al proyecto de ley de la PAC con cambios: seguro de sequ\u00eda al regad\u00edo y se retira la prohibici\u00f3n de las quemas - ASAJA Soria\" \/>\n<meta property=\"og:description\" content=\"El pleno del Congreso de los Diputados dio el 3 de noviembre luz verde al proyecto de ley de gesti\u00f3n de la Pol\u00edtica Agraria Com\u00fan (PAC) con algunos\" \/>\n<meta property=\"og:url\" content=\"https:\/\/www.asajacyl.com\/soria\/asaja-soria-informa\/el-congreso-da-luz-verde-al-proyecto-de-ley-de-la-pac-con-cambios-seguro-de-sequia-al-regadio-y-se-retira-la-prohibicion-de-las-quemas\" \/>\n<meta property=\"og:site_name\" content=\"ASAJA Soria\" \/>\n<meta property=\"article:published_time\" content=\"2022-11-04T07:34:38+00:00\" \/>\n<meta property=\"article:modified_time\" content=\"2022-11-04T07:36:15+00:00\" \/>\n<meta property=\"og:image\" content=\"https:\/\/www.asajacyl.com\/soria\/wp-content\/uploads\/sites\/9\/2021\/07\/IMG_1280.jpg\" \/>\n\t<meta property=\"og:image:width\" content=\"2500\" \/>\n\t<meta property=\"og:image:height\" content=\"1875\" \/>\n\t<meta property=\"og:image:type\" content=\"image\/jpeg\" \/>\n<meta name=\"author\" content=\"Juan Ignacio Prieto Nieto\" \/>\n<meta name=\"twitter:card\" content=\"summary_large_image\" \/>\n<meta name=\"twitter:label1\" content=\"Escrito por\" \/>\n\t<meta name=\"twitter:data1\" content=\"Juan Ignacio Prieto Nieto\" \/>\n\t<meta name=\"twitter:label2\" content=\"Tiempo de lectura\" \/>\n\t<meta name=\"twitter:data2\" content=\"2 minutos\" \/>\n<script type=\"application\/ld+json\" class=\"yoast-schema-graph\">{\"@context\":\"https:\/\/schema.org\",\"@graph\":[{\"@type\":\"WebPage\",\"@id\":\"https:\/\/www.asajacyl.com\/soria\/asaja-soria-informa\/el-congreso-da-luz-verde-al-proyecto-de-ley-de-la-pac-con-cambios-seguro-de-sequia-al-regadio-y-se-retira-la-prohibicion-de-las-quemas\",\"url\":\"https:\/\/www.asajacyl.com\/soria\/asaja-soria-informa\/el-congreso-da-luz-verde-al-proyecto-de-ley-de-la-pac-con-cambios-seguro-de-sequia-al-regadio-y-se-retira-la-prohibicion-de-las-quemas\",\"name\":\"Luz verde al proyecto de ley de la PAC con cambios: seguro de sequ\u00eda al regad\u00edo y se retira la prohibici\u00f3n de las quemas - ASAJA Soria\",\"isPartOf\":{\"@id\":\"https:\/\/www.asajacyl.com\/soria\/#website\"},\"primaryImageOfPage\":{\"@id\":\"https:\/\/www.asajacyl.com\/soria\/asaja-soria-informa\/el-congreso-da-luz-verde-al-proyecto-de-ley-de-la-pac-con-cambios-seguro-de-sequia-al-regadio-y-se-retira-la-prohibicion-de-las-quemas#primaryimage\"},\"image\":{\"@id\":\"https:\/\/www.asajacyl.com\/soria\/asaja-soria-informa\/el-congreso-da-luz-verde-al-proyecto-de-ley-de-la-pac-con-cambios-seguro-de-sequia-al-regadio-y-se-retira-la-prohibicion-de-las-quemas#primaryimage\"},\"thumbnailUrl\":\"https:\/\/www.asajacyl.com\/soria\/wp-content\/uploads\/sites\/9\/2021\/07\/IMG_1280.jpg\",\"datePublished\":\"2022-11-04T07:34:38+00:00\",\"dateModified\":\"2022-11-04T07:36:15+00:00\",\"author\":{\"@id\":\"https:\/\/www.asajacyl.com\/soria\/#\/schema\/person\/fd3081c40255119ce8133b87e6aedfab\"},\"description\":\"El pleno del Congreso de los Diputados dio el 3 de noviembre luz verde al proyecto de ley de gesti\u00f3n de la Pol\u00edtica Agraria Com\u00fan (PAC) con algunos\",\"breadcrumb\":{\"@id\":\"https:\/\/www.asajacyl.com\/soria\/asaja-soria-informa\/el-congreso-da-luz-verde-al-proyecto-de-ley-de-la-pac-con-cambios-seguro-de-sequia-al-regadio-y-se-retira-la-prohibicion-de-las-quemas#breadcrumb\"},\"inLanguage\":\"es\",\"potentialAction\":[{\"@type\":\"ReadAction\",\"target\":[\"https:\/\/www.asajacyl.com\/soria\/asaja-soria-informa\/el-congreso-da-luz-verde-al-proyecto-de-ley-de-la-pac-con-cambios-seguro-de-sequia-al-regadio-y-se-retira-la-prohibicion-de-las-quemas\"]}]},{\"@type\":\"ImageObject\",\"inLanguage\":\"es\",\"@id\":\"https:\/\/www.asajacyl.com\/soria\/asaja-soria-informa\/el-congreso-da-luz-verde-al-proyecto-de-ley-de-la-pac-con-cambios-seguro-de-sequia-al-regadio-y-se-retira-la-prohibicion-de-las-quemas#primaryimage\",\"url\":\"https:\/\/www.asajacyl.com\/soria\/wp-content\/uploads\/sites\/9\/2021\/07\/IMG_1280.jpg\",\"contentUrl\":\"https:\/\/www.asajacyl.com\/soria\/wp-content\/uploads\/sites\/9\/2021\/07\/IMG_1280.jpg\",\"width\":2500,\"height\":1875},{\"@type\":\"BreadcrumbList\",\"@id\":\"https:\/\/www.asajacyl.com\/soria\/asaja-soria-informa\/el-congreso-da-luz-verde-al-proyecto-de-ley-de-la-pac-con-cambios-seguro-de-sequia-al-regadio-y-se-retira-la-prohibicion-de-las-quemas#breadcrumb\",\"itemListElement\":[{\"@type\":\"ListItem\",\"position\":1,\"name\":\"Portada\",\"item\":\"https:\/\/www.asajacyl.com\/soria\/\"},{\"@type\":\"ListItem\",\"position\":2,\"name\":\"Luz verde al proyecto de ley de la PAC con cambios: seguro de sequ\u00eda al regad\u00edo y se retira la prohibici\u00f3n de las quemas\"}]},{\"@type\":\"WebSite\",\"@id\":\"https:\/\/www.asajacyl.com\/soria\/#website\",\"url\":\"https:\/\/www.asajacyl.com\/soria\/\",\"name\":\"ASAJA Soria\",\"description\":\"Otro sitio m\u00e1s de Provincias ASAJA Castilla y Le\u00f3n\",\"potentialAction\":[{\"@type\":\"SearchAction\",\"target\":{\"@type\":\"EntryPoint\",\"urlTemplate\":\"https:\/\/www.asajacyl.com\/soria\/?s={search_term_string}\"},\"query-input\":{\"@type\":\"PropertyValueSpecification\",\"valueRequired\":true,\"valueName\":\"search_term_string\"}}],\"inLanguage\":\"es\"},{\"@type\":\"Person\",\"@id\":\"https:\/\/www.asajacyl.com\/soria\/#\/schema\/person\/fd3081c40255119ce8133b87e6aedfab\",\"name\":\"Juan Ignacio Prieto Nieto\",\"image\":{\"@type\":\"ImageObject\",\"inLanguage\":\"es\",\"@id\":\"https:\/\/www.asajacyl.com\/soria\/#\/schema\/person\/image\/\",\"url\":\"https:\/\/secure.gravatar.com\/avatar\/8266b36e4d9001acb4700699a2468dc8?s=96&d=mm&r=g\",\"contentUrl\":\"https:\/\/secure.gravatar.com\/avatar\/8266b36e4d9001acb4700699a2468dc8?s=96&d=mm&r=g\",\"caption\":\"Juan Ignacio Prieto Nieto\"},\"url\":\"https:\/\/www.asajacyl.com\/soria\/author\/juanfranciscoby\"}]}<\/script>\n<!-- \/ Yoast SEO plugin. -->","yoast_head_json":{"title":"Luz verde al proyecto de ley de la PAC con cambios: seguro de sequ\u00eda al regad\u00edo y se retira la prohibici\u00f3n de las quemas - ASAJA Soria","description":"El pleno del Congreso de los Diputados dio el 3 de noviembre luz verde al proyecto de ley de gesti\u00f3n de la Pol\u00edtica Agraria Com\u00fan (PAC) con algunos","robots":{"index":"index","follow":"follow","max-snippet":"max-snippet:-1","max-image-preview":"max-image-preview:large","max-video-preview":"max-video-preview:-1"},"canonical":"https:\/\/www.asajacyl.com\/soria\/asaja-soria-informa\/el-congreso-da-luz-verde-al-proyecto-de-ley-de-la-pac-con-cambios-seguro-de-sequia-al-regadio-y-se-retira-la-prohibicion-de-las-quemas","og_locale":"es_ES","og_type":"article","og_title":"Luz verde al proyecto de ley de la PAC con cambios: seguro de sequ\u00eda al regad\u00edo y se retira la prohibici\u00f3n de las quemas - ASAJA Soria","og_description":"El pleno del Congreso de los Diputados dio el 3 de noviembre luz verde al proyecto de ley de gesti\u00f3n de la Pol\u00edtica Agraria Com\u00fan (PAC) con algunos","og_url":"https:\/\/www.asajacyl.com\/soria\/asaja-soria-informa\/el-congreso-da-luz-verde-al-proyecto-de-ley-de-la-pac-con-cambios-seguro-de-sequia-al-regadio-y-se-retira-la-prohibicion-de-las-quemas","og_site_name":"ASAJA Soria","article_published_time":"2022-11-04T07:34:38+00:00","article_modified_time":"2022-11-04T07:36:15+00:00","og_image":[{"width":2500,"height":1875,"url":"https:\/\/www.asajacyl.com\/soria\/wp-content\/uploads\/sites\/9\/2021\/07\/IMG_1280.jpg","type":"image\/jpeg"}],"author":"Juan Ignacio Prieto Nieto","twitter_card":"summary_large_image","twitter_misc":{"Escrito por":"Juan Ignacio Prieto Nieto","Tiempo de lectura":"2 minutos"},"schema":{"@context":"https:\/\/schema.org","@graph":[{"@type":"WebPage","@id":"https:\/\/www.asajacyl.com\/soria\/asaja-soria-informa\/el-congreso-da-luz-verde-al-proyecto-de-ley-de-la-pac-con-cambios-seguro-de-sequia-al-regadio-y-se-retira-la-prohibicion-de-las-quemas","url":"https:\/\/www.asajacyl.com\/soria\/asaja-soria-informa\/el-congreso-da-luz-verde-al-proyecto-de-ley-de-la-pac-con-cambios-seguro-de-sequia-al-regadio-y-se-retira-la-prohibicion-de-las-quemas","name":"Luz verde al proyecto de ley de la PAC con cambios: seguro de sequ\u00eda al regad\u00edo y se retira la prohibici\u00f3n de las quemas - ASAJA Soria","isPartOf":{"@id":"https:\/\/www.asajacyl.com\/soria\/#website"},"primaryImageOfPage":{"@id":"https:\/\/www.asajacyl.com\/soria\/asaja-soria-informa\/el-congreso-da-luz-verde-al-proyecto-de-ley-de-la-pac-con-cambios-seguro-de-sequia-al-regadio-y-se-retira-la-prohibicion-de-las-quemas#primaryimage"},"image":{"@id":"https:\/\/www.asajacyl.com\/soria\/asaja-soria-informa\/el-congreso-da-luz-verde-al-proyecto-de-ley-de-la-pac-con-cambios-seguro-de-sequia-al-regadio-y-se-retira-la-prohibicion-de-las-quemas#primaryimage"},"thumbnailUrl":"https:\/\/www.asajacyl.com\/soria\/wp-content\/uploads\/sites\/9\/2021\/07\/IMG_1280.jpg","datePublished":"2022-11-04T07:34:38+00:00","dateModified":"2022-11-04T07:36:15+00:00","author":{"@id":"https:\/\/www.asajacyl.com\/soria\/#\/schema\/person\/fd3081c40255119ce8133b87e6aedfab"},"description":"El pleno del Congreso de los Diputados dio el 3 de noviembre luz verde al proyecto de ley de gesti\u00f3n de la Pol\u00edtica Agraria Com\u00fan (PAC) con algunos","breadcrumb":{"@id":"https:\/\/www.asajacyl.com\/soria\/asaja-soria-informa\/el-congreso-da-luz-verde-al-proyecto-de-ley-de-la-pac-con-cambios-seguro-de-sequia-al-regadio-y-se-retira-la-prohibicion-de-las-quemas#breadcrumb"},"inLanguage":"es","potentialAction":[{"@type":"ReadAction","target":["https:\/\/www.asajacyl.com\/soria\/asaja-soria-informa\/el-congreso-da-luz-verde-al-proyecto-de-ley-de-la-pac-con-cambios-seguro-de-sequia-al-regadio-y-se-retira-la-prohibicion-de-las-quemas"]}]},{"@type":"ImageObject","inLanguage":"es","@id":"https:\/\/www.asajacyl.com\/soria\/asaja-soria-informa\/el-congreso-da-luz-verde-al-proyecto-de-ley-de-la-pac-con-cambios-seguro-de-sequia-al-regadio-y-se-retira-la-prohibicion-de-las-quemas#primaryimage","url":"https:\/\/www.asajacyl.com\/soria\/wp-content\/uploads\/sites\/9\/2021\/07\/IMG_1280.jpg","contentUrl":"https:\/\/www.asajacyl.com\/soria\/wp-content\/uploads\/sites\/9\/2021\/07\/IMG_1280.jpg","width":2500,"height":1875},{"@type":"BreadcrumbList","@id":"https:\/\/www.asajacyl.com\/soria\/asaja-soria-informa\/el-congreso-da-luz-verde-al-proyecto-de-ley-de-la-pac-con-cambios-seguro-de-sequia-al-regadio-y-se-retira-la-prohibicion-de-las-quemas#breadcrumb","itemListElement":[{"@type":"ListItem","position":1,"name":"Portada","item":"https:\/\/www.asajacyl.com\/soria\/"},{"@type":"ListItem","position":2,"name":"Luz verde al proyecto de ley de la PAC con cambios: seguro de sequ\u00eda al regad\u00edo y se retira la prohibici\u00f3n de las quemas"}]},{"@type":"WebSite","@id":"https:\/\/www.asajacyl.com\/soria\/#website","url":"https:\/\/www.asajacyl.com\/soria\/","name":"ASAJA Soria","description":"Otro sitio m\u00e1s de Provincias ASAJA Castilla y Le\u00f3n","potentialAction":[{"@type":"SearchAction","target":{"@type":"EntryPoint","urlTemplate":"https:\/\/www.asajacyl.com\/soria\/?s={search_term_string}"},"query-input":{"@type":"PropertyValueSpecification","valueRequired":true,"valueName":"search_term_string"}}],"inLanguage":"es"},{"@type":"Person","@id":"https:\/\/www.asajacyl.com\/soria\/#\/schema\/person\/fd3081c40255119ce8133b87e6aedfab","name":"Juan Ignacio Prieto Nieto","image":{"@type":"ImageObject","inLanguage":"es","@id":"https:\/\/www.asajacyl.com\/soria\/#\/schema\/person\/image\/","url":"https:\/\/secure.gravatar.com\/avatar\/8266b36e4d9001acb4700699a2468dc8?s=96&d=mm&r=g","contentUrl":"https:\/\/secure.gravatar.com\/avatar\/8266b36e4d9001acb4700699a2468dc8?s=96&d=mm&r=g","caption":"Juan Ignacio Prieto Nieto"},"url":"https:\/\/www.asajacyl.com\/soria\/author\/juanfranciscoby"}]}},"_links":{"self":[{"href":"https:\/\/www.asajacyl.com\/soria\/wp-json\/wp\/v2\/posts\/6177"}],"collection":[{"href":"https:\/\/www.asajacyl.com\/soria\/wp-json\/wp\/v2\/posts"}],"about":[{"href":"https:\/\/www.asajacyl.com\/soria\/wp-json\/wp\/v2\/types\/post"}],"author":[{"embeddable":true,"href":"https:\/\/www.asajacyl.com\/soria\/wp-json\/wp\/v2\/users\/12"}],"replies":[{"embeddable":true,"href":"https:\/\/www.asajacyl.com\/soria\/wp-json\/wp\/v2\/comments?post=6177"}],"version-history":[{"count":2,"href":"https:\/\/www.asajacyl.com\/soria\/wp-json\/wp\/v2\/posts\/6177\/revisions"}],"predecessor-version":[{"id":6179,"href":"https:\/\/www.asajacyl.com\/soria\/wp-json\/wp\/v2\/posts\/6177\/revisions\/6179"}],"wp:featuredmedia":[{"embeddable":true,"href":"https:\/\/www.asajacyl.com\/soria\/wp-json\/wp\/v2\/media\/4686"}],"wp:attachment":[{"href":"https:\/\/www.asajacyl.com\/soria\/wp-json\/wp\/v2\/media?parent=6177"}],"wp:term":[{"taxonomy":"category","embeddable":true,"href":"https:\/\/www.asajacyl.com\/soria\/wp-json\/wp\/v2\/categories?post=6177"},{"taxonomy":"post_tag","embeddable":true,"href":"https:\/\/www.asajacyl.com\/soria\/wp-json\/wp\/v2\/tags?post=6177"}],"curies":[{"name":"wp","href":"https:\/\/api.w.org\/{rel}","templated":true}]}}