{"id":6187,"date":"2022-11-15T16:35:06","date_gmt":"2022-11-15T15:35:06","guid":{"rendered":"https:\/\/www.asajacyl.com\/soria\/?p=6187"},"modified":"2022-11-15T16:35:07","modified_gmt":"2022-11-15T15:35:07","slug":"asaja-le-pide-a-gerardo-duenas-que-se-ponga-las-pilas-y-cumpla-todos-sus-compromisos-con-el-sector","status":"publish","type":"post","link":"https:\/\/www.asajacyl.com\/soria\/asaja-soria-informa\/asaja-le-pide-a-gerardo-duenas-que-se-ponga-las-pilas-y-cumpla-todos-sus-compromisos-con-el-sector","title":{"rendered":"ASAJA le pide a Gerardo Due\u00f1as que \u201cse ponga las pilas y cumpla todos sus compromisos con el sector\u00bb"},"content":{"rendered":"\n<p>ASAJA particip\u00f3 el 15 de noviembre en la reuni\u00f3n del Consejo Agrario de Castilla y Le\u00f3n, en la que ha pedido con firmeza a Gerardo Due\u00f1as que su Consejer\u00eda cumpla los compromisos anunciados con los agricultores y ganaderos y que siguen sin ser resueltos. Entre ellos, tal como ha subrayado Donaciano Dujo, presidente regional de la organizaci\u00f3n profesional agraria, est\u00e1n las ayudas a sectores afectados por la guerra en Ucrania, \u201c14,2 millones de euros que anunciaron a bombo y platillo hace dos meses y no sabemos si llegan con retraso o directamente han desaparecido\u201d.<\/p>\n<p>Pero tambi\u00e9n siguen sin conocerse los compromisos de las ayudas agroambientales que deben cumplir los cultivos y las producciones ganaderas, a los que tienen que atenerse las siembras que ya est\u00e1n realizando los agricultores, porque es tiempo de ello y el campo no sabe de plazos y burocracia.<\/p>\n<p>Adem\u00e1s, contra lo ocurrido en otras Comunidades Aut\u00f3nomas que ya han publicado sus excepcionalidades, en Castilla y Le\u00f3n no se conoce a\u00fan de qu\u00e9 forma se flexibilizar\u00e1n las normas de la nueva PAC, los l\u00edmites en los que deben trabajar los agricultores y ganaderos en sus tierras, que ya est\u00e1n sembrando desde hace semanas.<\/p>\n<p>Y lo mismo ocurre con las ayudas a zonas afectadas por los grav\u00edsimos incendios de este verano, ayudas que otros sectores econ\u00f3micos de esas zonas ya han recibido y para las que ha transferido fondos la Consejer\u00eda de Hacienda, pero que la Consejer\u00eda de Agricultura y Ganader\u00eda todav\u00eda no ha convocado.<\/p>\n<p>Desde ASAJA nuestro mensaje ha sido claro: \u201cla Consejer\u00eda tiene que ponerse las pilas de una vez, anunciar y no resolver no es admisible, y menos cuando el sector est\u00e1 atravesando una de las peores crisis de rentabilidad que se recuerdan\u201d, ha criticado Donaciano Dujo.<\/p>\n","protected":false},"excerpt":{"rendered":"<p>ASAJA particip\u00f3 el 15 de noviembre en la reuni\u00f3n del Consejo Agrario de Castilla y Le\u00f3n, en la que ha pedido con firmeza a Gerardo Due\u00f1as que su Consejer\u00eda cumpla los compromisos anunciados con los agricultores y ganaderos y que siguen sin ser resueltos. Entre ellos, tal como ha subrayado Donaciano Dujo, presidente regional de [&hellip;]<\/p>\n","protected":false},"author":12,"featured_media":6188,"comment_status":"open","ping_status":"open","sticky":false,"template":"","format":"standard","meta":{"footnotes":""},"categories":[10,25],"tags":[],"yoast_head":"<!-- This site is optimized with the Yoast SEO plugin v24.5 - https:\/\/yoast.com\/wordpress\/plugins\/seo\/ -->\n<title>ASAJA le pide a Gerardo Due\u00f1as que \u201cse ponga las pilas y cumpla todos sus compromisos con el sector&quot; - ASAJA Soria<\/title>\n<meta name=\"description\" content=\"ASAJA particip\u00f3 el 15 de noviembre en la reuni\u00f3n del Consejo Agrario de Castilla y Le\u00f3n, en la que ha pedido con firmeza a Gerardo Due\u00f1as que su\" \/>\n<meta name=\"robots\" content=\"index, follow, max-snippet:-1, max-image-preview:large, max-video-preview:-1\" \/>\n<link rel=\"canonical\" href=\"https:\/\/www.asajacyl.com\/soria\/asaja-soria-informa\/asaja-le-pide-a-gerardo-duenas-que-se-ponga-las-pilas-y-cumpla-todos-sus-compromisos-con-el-sector\" \/>\n<meta property=\"og:locale\" content=\"es_ES\" \/>\n<meta property=\"og:type\" content=\"article\" \/>\n<meta property=\"og:title\" content=\"ASAJA le pide a Gerardo Due\u00f1as que \u201cse ponga las pilas y cumpla todos sus compromisos con el sector&quot; - ASAJA Soria\" \/>\n<meta property=\"og:description\" content=\"ASAJA particip\u00f3 el 15 de noviembre en la reuni\u00f3n del Consejo Agrario de Castilla y Le\u00f3n, en la que ha pedido con firmeza a Gerardo Due\u00f1as que su\" \/>\n<meta property=\"og:url\" content=\"https:\/\/www.asajacyl.com\/soria\/asaja-soria-informa\/asaja-le-pide-a-gerardo-duenas-que-se-ponga-las-pilas-y-cumpla-todos-sus-compromisos-con-el-sector\" \/>\n<meta property=\"og:site_name\" content=\"ASAJA Soria\" \/>\n<meta property=\"article:published_time\" content=\"2022-11-15T15:35:06+00:00\" \/>\n<meta property=\"article:modified_time\" content=\"2022-11-15T15:35:07+00:00\" \/>\n<meta property=\"og:image\" content=\"https:\/\/www.asajacyl.com\/soria\/wp-content\/uploads\/sites\/9\/2022\/11\/gerardo-duenas.jpeg\" \/>\n\t<meta property=\"og:image:width\" content=\"980\" \/>\n\t<meta property=\"og:image:height\" content=\"653\" \/>\n\t<meta property=\"og:image:type\" content=\"image\/jpeg\" \/>\n<meta name=\"author\" content=\"Juan Ignacio Prieto Nieto\" \/>\n<meta name=\"twitter:card\" content=\"summary_large_image\" \/>\n<meta name=\"twitter:label1\" content=\"Escrito por\" \/>\n\t<meta name=\"twitter:data1\" content=\"Juan Ignacio Prieto Nieto\" \/>\n\t<meta name=\"twitter:label2\" content=\"Tiempo de lectura\" \/>\n\t<meta name=\"twitter:data2\" content=\"2 minutos\" \/>\n<script type=\"application\/ld+json\" class=\"yoast-schema-graph\">{\"@context\":\"https:\/\/schema.org\",\"@graph\":[{\"@type\":\"WebPage\",\"@id\":\"https:\/\/www.asajacyl.com\/soria\/asaja-soria-informa\/asaja-le-pide-a-gerardo-duenas-que-se-ponga-las-pilas-y-cumpla-todos-sus-compromisos-con-el-sector\",\"url\":\"https:\/\/www.asajacyl.com\/soria\/asaja-soria-informa\/asaja-le-pide-a-gerardo-duenas-que-se-ponga-las-pilas-y-cumpla-todos-sus-compromisos-con-el-sector\",\"name\":\"ASAJA le pide a Gerardo Due\u00f1as que \u201cse ponga las pilas y cumpla todos sus compromisos con el sector\\\" - ASAJA Soria\",\"isPartOf\":{\"@id\":\"https:\/\/www.asajacyl.com\/soria\/#website\"},\"primaryImageOfPage\":{\"@id\":\"https:\/\/www.asajacyl.com\/soria\/asaja-soria-informa\/asaja-le-pide-a-gerardo-duenas-que-se-ponga-las-pilas-y-cumpla-todos-sus-compromisos-con-el-sector#primaryimage\"},\"image\":{\"@id\":\"https:\/\/www.asajacyl.com\/soria\/asaja-soria-informa\/asaja-le-pide-a-gerardo-duenas-que-se-ponga-las-pilas-y-cumpla-todos-sus-compromisos-con-el-sector#primaryimage\"},\"thumbnailUrl\":\"https:\/\/www.asajacyl.com\/soria\/wp-content\/uploads\/sites\/9\/2022\/11\/gerardo-duenas.jpeg\",\"datePublished\":\"2022-11-15T15:35:06+00:00\",\"dateModified\":\"2022-11-15T15:35:07+00:00\",\"author\":{\"@id\":\"https:\/\/www.asajacyl.com\/soria\/#\/schema\/person\/fd3081c40255119ce8133b87e6aedfab\"},\"description\":\"ASAJA particip\u00f3 el 15 de noviembre en la reuni\u00f3n del Consejo Agrario de Castilla y Le\u00f3n, en la que ha pedido con firmeza a Gerardo Due\u00f1as que su\",\"breadcrumb\":{\"@id\":\"https:\/\/www.asajacyl.com\/soria\/asaja-soria-informa\/asaja-le-pide-a-gerardo-duenas-que-se-ponga-las-pilas-y-cumpla-todos-sus-compromisos-con-el-sector#breadcrumb\"},\"inLanguage\":\"es\",\"potentialAction\":[{\"@type\":\"ReadAction\",\"target\":[\"https:\/\/www.asajacyl.com\/soria\/asaja-soria-informa\/asaja-le-pide-a-gerardo-duenas-que-se-ponga-las-pilas-y-cumpla-todos-sus-compromisos-con-el-sector\"]}]},{\"@type\":\"ImageObject\",\"inLanguage\":\"es\",\"@id\":\"https:\/\/www.asajacyl.com\/soria\/asaja-soria-informa\/asaja-le-pide-a-gerardo-duenas-que-se-ponga-las-pilas-y-cumpla-todos-sus-compromisos-con-el-sector#primaryimage\",\"url\":\"https:\/\/www.asajacyl.com\/soria\/wp-content\/uploads\/sites\/9\/2022\/11\/gerardo-duenas.jpeg\",\"contentUrl\":\"https:\/\/www.asajacyl.com\/soria\/wp-content\/uploads\/sites\/9\/2022\/11\/gerardo-duenas.jpeg\",\"width\":980,\"height\":653},{\"@type\":\"BreadcrumbList\",\"@id\":\"https:\/\/www.asajacyl.com\/soria\/asaja-soria-informa\/asaja-le-pide-a-gerardo-duenas-que-se-ponga-las-pilas-y-cumpla-todos-sus-compromisos-con-el-sector#breadcrumb\",\"itemListElement\":[{\"@type\":\"ListItem\",\"position\":1,\"name\":\"Portada\",\"item\":\"https:\/\/www.asajacyl.com\/soria\/\"},{\"@type\":\"ListItem\",\"position\":2,\"name\":\"ASAJA le pide a Gerardo Due\u00f1as que \u201cse ponga las pilas y cumpla todos sus compromisos con el sector\u00bb\"}]},{\"@type\":\"WebSite\",\"@id\":\"https:\/\/www.asajacyl.com\/soria\/#website\",\"url\":\"https:\/\/www.asajacyl.com\/soria\/\",\"name\":\"ASAJA Soria\",\"description\":\"Otro sitio m\u00e1s de Provincias ASAJA Castilla y Le\u00f3n\",\"potentialAction\":[{\"@type\":\"SearchAction\",\"target\":{\"@type\":\"EntryPoint\",\"urlTemplate\":\"https:\/\/www.asajacyl.com\/soria\/?s={search_term_string}\"},\"query-input\":{\"@type\":\"PropertyValueSpecification\",\"valueRequired\":true,\"valueName\":\"search_term_string\"}}],\"inLanguage\":\"es\"},{\"@type\":\"Person\",\"@id\":\"https:\/\/www.asajacyl.com\/soria\/#\/schema\/person\/fd3081c40255119ce8133b87e6aedfab\",\"name\":\"Juan Ignacio Prieto Nieto\",\"image\":{\"@type\":\"ImageObject\",\"inLanguage\":\"es\",\"@id\":\"https:\/\/www.asajacyl.com\/soria\/#\/schema\/person\/image\/\",\"url\":\"https:\/\/secure.gravatar.com\/avatar\/8266b36e4d9001acb4700699a2468dc8?s=96&d=mm&r=g\",\"contentUrl\":\"https:\/\/secure.gravatar.com\/avatar\/8266b36e4d9001acb4700699a2468dc8?s=96&d=mm&r=g\",\"caption\":\"Juan Ignacio Prieto Nieto\"},\"url\":\"https:\/\/www.asajacyl.com\/soria\/author\/juanfranciscoby\"}]}<\/script>\n<!-- \/ Yoast SEO plugin. -->","yoast_head_json":{"title":"ASAJA le pide a Gerardo Due\u00f1as que \u201cse ponga las pilas y cumpla todos sus compromisos con el sector\" - ASAJA Soria","description":"ASAJA particip\u00f3 el 15 de noviembre en la reuni\u00f3n del Consejo Agrario de Castilla y Le\u00f3n, en la que ha pedido con firmeza a Gerardo Due\u00f1as que su","robots":{"index":"index","follow":"follow","max-snippet":"max-snippet:-1","max-image-preview":"max-image-preview:large","max-video-preview":"max-video-preview:-1"},"canonical":"https:\/\/www.asajacyl.com\/soria\/asaja-soria-informa\/asaja-le-pide-a-gerardo-duenas-que-se-ponga-las-pilas-y-cumpla-todos-sus-compromisos-con-el-sector","og_locale":"es_ES","og_type":"article","og_title":"ASAJA le pide a Gerardo Due\u00f1as que \u201cse ponga las pilas y cumpla todos sus compromisos con el sector\" - ASAJA Soria","og_description":"ASAJA particip\u00f3 el 15 de noviembre en la reuni\u00f3n del Consejo Agrario de Castilla y Le\u00f3n, en la que ha pedido con firmeza a Gerardo Due\u00f1as que su","og_url":"https:\/\/www.asajacyl.com\/soria\/asaja-soria-informa\/asaja-le-pide-a-gerardo-duenas-que-se-ponga-las-pilas-y-cumpla-todos-sus-compromisos-con-el-sector","og_site_name":"ASAJA Soria","article_published_time":"2022-11-15T15:35:06+00:00","article_modified_time":"2022-11-15T15:35:07+00:00","og_image":[{"width":980,"height":653,"url":"https:\/\/www.asajacyl.com\/soria\/wp-content\/uploads\/sites\/9\/2022\/11\/gerardo-duenas.jpeg","type":"image\/jpeg"}],"author":"Juan Ignacio Prieto Nieto","twitter_card":"summary_large_image","twitter_misc":{"Escrito por":"Juan Ignacio Prieto Nieto","Tiempo de lectura":"2 minutos"},"schema":{"@context":"https:\/\/schema.org","@graph":[{"@type":"WebPage","@id":"https:\/\/www.asajacyl.com\/soria\/asaja-soria-informa\/asaja-le-pide-a-gerardo-duenas-que-se-ponga-las-pilas-y-cumpla-todos-sus-compromisos-con-el-sector","url":"https:\/\/www.asajacyl.com\/soria\/asaja-soria-informa\/asaja-le-pide-a-gerardo-duenas-que-se-ponga-las-pilas-y-cumpla-todos-sus-compromisos-con-el-sector","name":"ASAJA le pide a Gerardo Due\u00f1as que \u201cse ponga las pilas y cumpla todos sus compromisos con el sector\" - ASAJA Soria","isPartOf":{"@id":"https:\/\/www.asajacyl.com\/soria\/#website"},"primaryImageOfPage":{"@id":"https:\/\/www.asajacyl.com\/soria\/asaja-soria-informa\/asaja-le-pide-a-gerardo-duenas-que-se-ponga-las-pilas-y-cumpla-todos-sus-compromisos-con-el-sector#primaryimage"},"image":{"@id":"https:\/\/www.asajacyl.com\/soria\/asaja-soria-informa\/asaja-le-pide-a-gerardo-duenas-que-se-ponga-las-pilas-y-cumpla-todos-sus-compromisos-con-el-sector#primaryimage"},"thumbnailUrl":"https:\/\/www.asajacyl.com\/soria\/wp-content\/uploads\/sites\/9\/2022\/11\/gerardo-duenas.jpeg","datePublished":"2022-11-15T15:35:06+00:00","dateModified":"2022-11-15T15:35:07+00:00","author":{"@id":"https:\/\/www.asajacyl.com\/soria\/#\/schema\/person\/fd3081c40255119ce8133b87e6aedfab"},"description":"ASAJA particip\u00f3 el 15 de noviembre en la reuni\u00f3n del Consejo Agrario de Castilla y Le\u00f3n, en la que ha pedido con firmeza a Gerardo Due\u00f1as que su","breadcrumb":{"@id":"https:\/\/www.asajacyl.com\/soria\/asaja-soria-informa\/asaja-le-pide-a-gerardo-duenas-que-se-ponga-las-pilas-y-cumpla-todos-sus-compromisos-con-el-sector#breadcrumb"},"inLanguage":"es","potentialAction":[{"@type":"ReadAction","target":["https:\/\/www.asajacyl.com\/soria\/asaja-soria-informa\/asaja-le-pide-a-gerardo-duenas-que-se-ponga-las-pilas-y-cumpla-todos-sus-compromisos-con-el-sector"]}]},{"@type":"ImageObject","inLanguage":"es","@id":"https:\/\/www.asajacyl.com\/soria\/asaja-soria-informa\/asaja-le-pide-a-gerardo-duenas-que-se-ponga-las-pilas-y-cumpla-todos-sus-compromisos-con-el-sector#primaryimage","url":"https:\/\/www.asajacyl.com\/soria\/wp-content\/uploads\/sites\/9\/2022\/11\/gerardo-duenas.jpeg","contentUrl":"https:\/\/www.asajacyl.com\/soria\/wp-content\/uploads\/sites\/9\/2022\/11\/gerardo-duenas.jpeg","width":980,"height":653},{"@type":"BreadcrumbList","@id":"https:\/\/www.asajacyl.com\/soria\/asaja-soria-informa\/asaja-le-pide-a-gerardo-duenas-que-se-ponga-las-pilas-y-cumpla-todos-sus-compromisos-con-el-sector#breadcrumb","itemListElement":[{"@type":"ListItem","position":1,"name":"Portada","item":"https:\/\/www.asajacyl.com\/soria\/"},{"@type":"ListItem","position":2,"name":"ASAJA le pide a Gerardo Due\u00f1as que \u201cse ponga las pilas y cumpla todos sus compromisos con el sector\u00bb"}]},{"@type":"WebSite","@id":"https:\/\/www.asajacyl.com\/soria\/#website","url":"https:\/\/www.asajacyl.com\/soria\/","name":"ASAJA Soria","description":"Otro sitio m\u00e1s de Provincias ASAJA Castilla y Le\u00f3n","potentialAction":[{"@type":"SearchAction","target":{"@type":"EntryPoint","urlTemplate":"https:\/\/www.asajacyl.com\/soria\/?s={search_term_string}"},"query-input":{"@type":"PropertyValueSpecification","valueRequired":true,"valueName":"search_term_string"}}],"inLanguage":"es"},{"@type":"Person","@id":"https:\/\/www.asajacyl.com\/soria\/#\/schema\/person\/fd3081c40255119ce8133b87e6aedfab","name":"Juan Ignacio Prieto Nieto","image":{"@type":"ImageObject","inLanguage":"es","@id":"https:\/\/www.asajacyl.com\/soria\/#\/schema\/person\/image\/","url":"https:\/\/secure.gravatar.com\/avatar\/8266b36e4d9001acb4700699a2468dc8?s=96&d=mm&r=g","contentUrl":"https:\/\/secure.gravatar.com\/avatar\/8266b36e4d9001acb4700699a2468dc8?s=96&d=mm&r=g","caption":"Juan Ignacio Prieto Nieto"},"url":"https:\/\/www.asajacyl.com\/soria\/author\/juanfranciscoby"}]}},"_links":{"self":[{"href":"https:\/\/www.asajacyl.com\/soria\/wp-json\/wp\/v2\/posts\/6187"}],"collection":[{"href":"https:\/\/www.asajacyl.com\/soria\/wp-json\/wp\/v2\/posts"}],"about":[{"href":"https:\/\/www.asajacyl.com\/soria\/wp-json\/wp\/v2\/types\/post"}],"author":[{"embeddable":true,"href":"https:\/\/www.asajacyl.com\/soria\/wp-json\/wp\/v2\/users\/12"}],"replies":[{"embeddable":true,"href":"https:\/\/www.asajacyl.com\/soria\/wp-json\/wp\/v2\/comments?post=6187"}],"version-history":[{"count":1,"href":"https:\/\/www.asajacyl.com\/soria\/wp-json\/wp\/v2\/posts\/6187\/revisions"}],"predecessor-version":[{"id":6189,"href":"https:\/\/www.asajacyl.com\/soria\/wp-json\/wp\/v2\/posts\/6187\/revisions\/6189"}],"wp:featuredmedia":[{"embeddable":true,"href":"https:\/\/www.asajacyl.com\/soria\/wp-json\/wp\/v2\/media\/6188"}],"wp:attachment":[{"href":"https:\/\/www.asajacyl.com\/soria\/wp-json\/wp\/v2\/media?parent=6187"}],"wp:term":[{"taxonomy":"category","embeddable":true,"href":"https:\/\/www.asajacyl.com\/soria\/wp-json\/wp\/v2\/categories?post=6187"},{"taxonomy":"post_tag","embeddable":true,"href":"https:\/\/www.asajacyl.com\/soria\/wp-json\/wp\/v2\/tags?post=6187"}],"curies":[{"name":"wp","href":"https:\/\/api.w.org\/{rel}","templated":true}]}}