{"id":6195,"date":"2022-11-17T09:48:27","date_gmt":"2022-11-17T08:48:27","guid":{"rendered":"https:\/\/www.asajacyl.com\/soria\/?p=6195"},"modified":"2022-11-17T09:48:28","modified_gmt":"2022-11-17T08:48:28","slug":"asaja-solicita-que-se-autoricen-las-quemas-de-restos-de-poda-en-castilla-y-leon","status":"publish","type":"post","link":"https:\/\/www.asajacyl.com\/soria\/asaja-soria-informa\/asaja-solicita-que-se-autoricen-las-quemas-de-restos-de-poda-en-castilla-y-leon","title":{"rendered":"ASAJA solicita que se autoricen las quemas de restos de poda en Castilla y Le\u00f3n"},"content":{"rendered":"\n<p><strong><u>En otras comunidades ya se ha permitido esta posibilidad, siempre con control<\/u><\/strong><\/p>\n<p><strong>\u00a0<\/strong>ASAJA ha solicitado a la Consejer\u00eda de Agricultura y a la de Medio Ambiente que, al igual que han hecho en otras comunidades aut\u00f3nomas, en Castilla y Le\u00f3n se publique una orden que permita las quemas controladas en cultivos le\u00f1osos y silv\u00edcolas, estableciendo para cada cultivo las diversas plagas y enfermedades que autorice llevar a cabo esta acci\u00f3n.<\/p>\n<p>Tras la entrada en vigor de la Ley 7\/2022, de 8 de abril, de Residuos y Suelos Contaminados para una Econom\u00eda Circular, se estableci\u00f3 con car\u00e1cter general la prohibici\u00f3n de quema de residuos vegetales generados en el entorno agrario o silv\u00edcola. De este modo, \u00fanicamente se permite la quema con car\u00e1cter excepcional, por razones fitosanitarias y previa autorizaci\u00f3n individualizada.<\/p>\n<p>En la gesti\u00f3n de plagas en muchas ocasiones los tratamientos alternativos a la quema no son suficientes. Actualmente, existe la opci\u00f3n de picar los residuos y restos vegetales, pero esta opci\u00f3n en muchas zonas de la comunidad no es viable, ya no solo por el coste de la operaci\u00f3n, si no porque las empresas dedicadas a esta funci\u00f3n est\u00e1n trabajando de forma continua en las regiones afectadas por los incendios de este a\u00f1o, no dando opci\u00f3n a realizar sus labores en zonas m\u00e1s peque\u00f1as. Por eso ASAJA defiende la quema controlada de restos vegetales como medida excepcional.<\/p>\n<p><strong>Pr\u00e1ctica tradicional <\/strong><\/p>\n<p>La quema controlada de restos vegetales es una pr\u00e1ctica cultural tradicional que, adecuadamente realizada, se convierte en una medida fitosanitaria muy efectiva a la vez que beneficiosa para el medio ambiente por la reducci\u00f3n del uso de fitosanitarios que implica. Existen diversas enfermedades y plagas que afectan a los cultivos le\u00f1osos y silv\u00edcolas presentes en nuestra comunidad para los cuales, en numerosas ocasiones, los tratamientos fitosanitarios y podas no son suficientes, como, por ejemplo, en vi\u00f1edo: Yesca, <em>Eutypa sp<\/em>., <em>Agrobacterium sp<\/em>.; en almendro: mancha ocre, lepra, alternaria; en pistachos: alternaria, septoriosis, verticilosis; en encinas, robles y alcornoques: antracnosis, chancro, podredumbre gris, <em>Phytophthora cinnamomi.<\/em><\/p>\n","protected":false},"excerpt":{"rendered":"<p>En otras comunidades ya se ha permitido esta posibilidad, siempre con control \u00a0ASAJA ha solicitado a la Consejer\u00eda de Agricultura y a la de Medio Ambiente que, al igual que han hecho en otras comunidades aut\u00f3nomas, en Castilla y Le\u00f3n se publique una orden que permita las quemas controladas en cultivos le\u00f1osos y silv\u00edcolas, estableciendo [&hellip;]<\/p>\n","protected":false},"author":12,"featured_media":6196,"comment_status":"open","ping_status":"open","sticky":false,"template":"","format":"standard","meta":{"footnotes":""},"categories":[10,25],"tags":[],"yoast_head":"<!-- This site is optimized with the Yoast SEO plugin v24.5 - https:\/\/yoast.com\/wordpress\/plugins\/seo\/ -->\n<title>ASAJA solicita que se autoricen las quemas de restos de poda en Castilla y Le\u00f3n - ASAJA Soria<\/title>\n<meta name=\"description\" content=\"En otras comunidades ya se ha permitido esta posibilidad, siempre con control \u00a0ASAJA ha solicitado a la Consejer\u00eda de Agricultura y a la de Medio Ambiente\" \/>\n<meta name=\"robots\" content=\"index, follow, max-snippet:-1, max-image-preview:large, max-video-preview:-1\" \/>\n<link rel=\"canonical\" href=\"https:\/\/www.asajacyl.com\/soria\/asaja-soria-informa\/asaja-solicita-que-se-autoricen-las-quemas-de-restos-de-poda-en-castilla-y-leon\" \/>\n<meta property=\"og:locale\" content=\"es_ES\" \/>\n<meta property=\"og:type\" content=\"article\" \/>\n<meta property=\"og:title\" content=\"ASAJA solicita que se autoricen las quemas de restos de poda en Castilla y Le\u00f3n - ASAJA Soria\" \/>\n<meta property=\"og:description\" content=\"En otras comunidades ya se ha permitido esta posibilidad, siempre con control \u00a0ASAJA ha solicitado a la Consejer\u00eda de Agricultura y a la de Medio Ambiente\" \/>\n<meta property=\"og:url\" content=\"https:\/\/www.asajacyl.com\/soria\/asaja-soria-informa\/asaja-solicita-que-se-autoricen-las-quemas-de-restos-de-poda-en-castilla-y-leon\" \/>\n<meta property=\"og:site_name\" content=\"ASAJA Soria\" \/>\n<meta property=\"article:published_time\" content=\"2022-11-17T08:48:27+00:00\" \/>\n<meta property=\"article:modified_time\" content=\"2022-11-17T08:48:28+00:00\" \/>\n<meta property=\"og:image\" content=\"https:\/\/www.asajacyl.com\/soria\/wp-content\/uploads\/sites\/9\/2022\/11\/poda_EVEGA_vina_03_standar.jpg\" \/>\n\t<meta property=\"og:image:width\" content=\"660\" \/>\n\t<meta property=\"og:image:height\" content=\"440\" \/>\n\t<meta property=\"og:image:type\" content=\"image\/jpeg\" \/>\n<meta name=\"author\" content=\"Juan Ignacio Prieto Nieto\" \/>\n<meta name=\"twitter:card\" content=\"summary_large_image\" \/>\n<meta name=\"twitter:label1\" content=\"Escrito por\" \/>\n\t<meta name=\"twitter:data1\" content=\"Juan Ignacio Prieto Nieto\" \/>\n\t<meta name=\"twitter:label2\" content=\"Tiempo de lectura\" \/>\n\t<meta name=\"twitter:data2\" content=\"2 minutos\" \/>\n<script type=\"application\/ld+json\" class=\"yoast-schema-graph\">{\"@context\":\"https:\/\/schema.org\",\"@graph\":[{\"@type\":\"WebPage\",\"@id\":\"https:\/\/www.asajacyl.com\/soria\/asaja-soria-informa\/asaja-solicita-que-se-autoricen-las-quemas-de-restos-de-poda-en-castilla-y-leon\",\"url\":\"https:\/\/www.asajacyl.com\/soria\/asaja-soria-informa\/asaja-solicita-que-se-autoricen-las-quemas-de-restos-de-poda-en-castilla-y-leon\",\"name\":\"ASAJA solicita que se autoricen las quemas de restos de poda en Castilla y Le\u00f3n - ASAJA Soria\",\"isPartOf\":{\"@id\":\"https:\/\/www.asajacyl.com\/soria\/#website\"},\"primaryImageOfPage\":{\"@id\":\"https:\/\/www.asajacyl.com\/soria\/asaja-soria-informa\/asaja-solicita-que-se-autoricen-las-quemas-de-restos-de-poda-en-castilla-y-leon#primaryimage\"},\"image\":{\"@id\":\"https:\/\/www.asajacyl.com\/soria\/asaja-soria-informa\/asaja-solicita-que-se-autoricen-las-quemas-de-restos-de-poda-en-castilla-y-leon#primaryimage\"},\"thumbnailUrl\":\"https:\/\/www.asajacyl.com\/soria\/wp-content\/uploads\/sites\/9\/2022\/11\/poda_EVEGA_vina_03_standar.jpg\",\"datePublished\":\"2022-11-17T08:48:27+00:00\",\"dateModified\":\"2022-11-17T08:48:28+00:00\",\"author\":{\"@id\":\"https:\/\/www.asajacyl.com\/soria\/#\/schema\/person\/fd3081c40255119ce8133b87e6aedfab\"},\"description\":\"En otras comunidades ya se ha permitido esta posibilidad, siempre con control \u00a0ASAJA ha solicitado a la Consejer\u00eda de Agricultura y a la de Medio Ambiente\",\"breadcrumb\":{\"@id\":\"https:\/\/www.asajacyl.com\/soria\/asaja-soria-informa\/asaja-solicita-que-se-autoricen-las-quemas-de-restos-de-poda-en-castilla-y-leon#breadcrumb\"},\"inLanguage\":\"es\",\"potentialAction\":[{\"@type\":\"ReadAction\",\"target\":[\"https:\/\/www.asajacyl.com\/soria\/asaja-soria-informa\/asaja-solicita-que-se-autoricen-las-quemas-de-restos-de-poda-en-castilla-y-leon\"]}]},{\"@type\":\"ImageObject\",\"inLanguage\":\"es\",\"@id\":\"https:\/\/www.asajacyl.com\/soria\/asaja-soria-informa\/asaja-solicita-que-se-autoricen-las-quemas-de-restos-de-poda-en-castilla-y-leon#primaryimage\",\"url\":\"https:\/\/www.asajacyl.com\/soria\/wp-content\/uploads\/sites\/9\/2022\/11\/poda_EVEGA_vina_03_standar.jpg\",\"contentUrl\":\"https:\/\/www.asajacyl.com\/soria\/wp-content\/uploads\/sites\/9\/2022\/11\/poda_EVEGA_vina_03_standar.jpg\",\"width\":660,\"height\":440},{\"@type\":\"BreadcrumbList\",\"@id\":\"https:\/\/www.asajacyl.com\/soria\/asaja-soria-informa\/asaja-solicita-que-se-autoricen-las-quemas-de-restos-de-poda-en-castilla-y-leon#breadcrumb\",\"itemListElement\":[{\"@type\":\"ListItem\",\"position\":1,\"name\":\"Portada\",\"item\":\"https:\/\/www.asajacyl.com\/soria\/\"},{\"@type\":\"ListItem\",\"position\":2,\"name\":\"ASAJA solicita que se autoricen las quemas de restos de poda en Castilla y Le\u00f3n\"}]},{\"@type\":\"WebSite\",\"@id\":\"https:\/\/www.asajacyl.com\/soria\/#website\",\"url\":\"https:\/\/www.asajacyl.com\/soria\/\",\"name\":\"ASAJA Soria\",\"description\":\"Otro sitio m\u00e1s de Provincias ASAJA Castilla y Le\u00f3n\",\"potentialAction\":[{\"@type\":\"SearchAction\",\"target\":{\"@type\":\"EntryPoint\",\"urlTemplate\":\"https:\/\/www.asajacyl.com\/soria\/?s={search_term_string}\"},\"query-input\":{\"@type\":\"PropertyValueSpecification\",\"valueRequired\":true,\"valueName\":\"search_term_string\"}}],\"inLanguage\":\"es\"},{\"@type\":\"Person\",\"@id\":\"https:\/\/www.asajacyl.com\/soria\/#\/schema\/person\/fd3081c40255119ce8133b87e6aedfab\",\"name\":\"Juan Ignacio Prieto Nieto\",\"image\":{\"@type\":\"ImageObject\",\"inLanguage\":\"es\",\"@id\":\"https:\/\/www.asajacyl.com\/soria\/#\/schema\/person\/image\/\",\"url\":\"https:\/\/secure.gravatar.com\/avatar\/8266b36e4d9001acb4700699a2468dc8?s=96&d=mm&r=g\",\"contentUrl\":\"https:\/\/secure.gravatar.com\/avatar\/8266b36e4d9001acb4700699a2468dc8?s=96&d=mm&r=g\",\"caption\":\"Juan Ignacio Prieto Nieto\"},\"url\":\"https:\/\/www.asajacyl.com\/soria\/author\/juanfranciscoby\"}]}<\/script>\n<!-- \/ Yoast SEO plugin. -->","yoast_head_json":{"title":"ASAJA solicita que se autoricen las quemas de restos de poda en Castilla y Le\u00f3n - ASAJA Soria","description":"En otras comunidades ya se ha permitido esta posibilidad, siempre con control \u00a0ASAJA ha solicitado a la Consejer\u00eda de Agricultura y a la de Medio Ambiente","robots":{"index":"index","follow":"follow","max-snippet":"max-snippet:-1","max-image-preview":"max-image-preview:large","max-video-preview":"max-video-preview:-1"},"canonical":"https:\/\/www.asajacyl.com\/soria\/asaja-soria-informa\/asaja-solicita-que-se-autoricen-las-quemas-de-restos-de-poda-en-castilla-y-leon","og_locale":"es_ES","og_type":"article","og_title":"ASAJA solicita que se autoricen las quemas de restos de poda en Castilla y Le\u00f3n - ASAJA Soria","og_description":"En otras comunidades ya se ha permitido esta posibilidad, siempre con control \u00a0ASAJA ha solicitado a la Consejer\u00eda de Agricultura y a la de Medio Ambiente","og_url":"https:\/\/www.asajacyl.com\/soria\/asaja-soria-informa\/asaja-solicita-que-se-autoricen-las-quemas-de-restos-de-poda-en-castilla-y-leon","og_site_name":"ASAJA Soria","article_published_time":"2022-11-17T08:48:27+00:00","article_modified_time":"2022-11-17T08:48:28+00:00","og_image":[{"width":660,"height":440,"url":"https:\/\/www.asajacyl.com\/soria\/wp-content\/uploads\/sites\/9\/2022\/11\/poda_EVEGA_vina_03_standar.jpg","type":"image\/jpeg"}],"author":"Juan Ignacio Prieto Nieto","twitter_card":"summary_large_image","twitter_misc":{"Escrito por":"Juan Ignacio Prieto Nieto","Tiempo de lectura":"2 minutos"},"schema":{"@context":"https:\/\/schema.org","@graph":[{"@type":"WebPage","@id":"https:\/\/www.asajacyl.com\/soria\/asaja-soria-informa\/asaja-solicita-que-se-autoricen-las-quemas-de-restos-de-poda-en-castilla-y-leon","url":"https:\/\/www.asajacyl.com\/soria\/asaja-soria-informa\/asaja-solicita-que-se-autoricen-las-quemas-de-restos-de-poda-en-castilla-y-leon","name":"ASAJA solicita que se autoricen las quemas de restos de poda en Castilla y Le\u00f3n - ASAJA Soria","isPartOf":{"@id":"https:\/\/www.asajacyl.com\/soria\/#website"},"primaryImageOfPage":{"@id":"https:\/\/www.asajacyl.com\/soria\/asaja-soria-informa\/asaja-solicita-que-se-autoricen-las-quemas-de-restos-de-poda-en-castilla-y-leon#primaryimage"},"image":{"@id":"https:\/\/www.asajacyl.com\/soria\/asaja-soria-informa\/asaja-solicita-que-se-autoricen-las-quemas-de-restos-de-poda-en-castilla-y-leon#primaryimage"},"thumbnailUrl":"https:\/\/www.asajacyl.com\/soria\/wp-content\/uploads\/sites\/9\/2022\/11\/poda_EVEGA_vina_03_standar.jpg","datePublished":"2022-11-17T08:48:27+00:00","dateModified":"2022-11-17T08:48:28+00:00","author":{"@id":"https:\/\/www.asajacyl.com\/soria\/#\/schema\/person\/fd3081c40255119ce8133b87e6aedfab"},"description":"En otras comunidades ya se ha permitido esta posibilidad, siempre con control \u00a0ASAJA ha solicitado a la Consejer\u00eda de Agricultura y a la de Medio Ambiente","breadcrumb":{"@id":"https:\/\/www.asajacyl.com\/soria\/asaja-soria-informa\/asaja-solicita-que-se-autoricen-las-quemas-de-restos-de-poda-en-castilla-y-leon#breadcrumb"},"inLanguage":"es","potentialAction":[{"@type":"ReadAction","target":["https:\/\/www.asajacyl.com\/soria\/asaja-soria-informa\/asaja-solicita-que-se-autoricen-las-quemas-de-restos-de-poda-en-castilla-y-leon"]}]},{"@type":"ImageObject","inLanguage":"es","@id":"https:\/\/www.asajacyl.com\/soria\/asaja-soria-informa\/asaja-solicita-que-se-autoricen-las-quemas-de-restos-de-poda-en-castilla-y-leon#primaryimage","url":"https:\/\/www.asajacyl.com\/soria\/wp-content\/uploads\/sites\/9\/2022\/11\/poda_EVEGA_vina_03_standar.jpg","contentUrl":"https:\/\/www.asajacyl.com\/soria\/wp-content\/uploads\/sites\/9\/2022\/11\/poda_EVEGA_vina_03_standar.jpg","width":660,"height":440},{"@type":"BreadcrumbList","@id":"https:\/\/www.asajacyl.com\/soria\/asaja-soria-informa\/asaja-solicita-que-se-autoricen-las-quemas-de-restos-de-poda-en-castilla-y-leon#breadcrumb","itemListElement":[{"@type":"ListItem","position":1,"name":"Portada","item":"https:\/\/www.asajacyl.com\/soria\/"},{"@type":"ListItem","position":2,"name":"ASAJA solicita que se autoricen las quemas de restos de poda en Castilla y Le\u00f3n"}]},{"@type":"WebSite","@id":"https:\/\/www.asajacyl.com\/soria\/#website","url":"https:\/\/www.asajacyl.com\/soria\/","name":"ASAJA Soria","description":"Otro sitio m\u00e1s de Provincias ASAJA Castilla y Le\u00f3n","potentialAction":[{"@type":"SearchAction","target":{"@type":"EntryPoint","urlTemplate":"https:\/\/www.asajacyl.com\/soria\/?s={search_term_string}"},"query-input":{"@type":"PropertyValueSpecification","valueRequired":true,"valueName":"search_term_string"}}],"inLanguage":"es"},{"@type":"Person","@id":"https:\/\/www.asajacyl.com\/soria\/#\/schema\/person\/fd3081c40255119ce8133b87e6aedfab","name":"Juan Ignacio Prieto Nieto","image":{"@type":"ImageObject","inLanguage":"es","@id":"https:\/\/www.asajacyl.com\/soria\/#\/schema\/person\/image\/","url":"https:\/\/secure.gravatar.com\/avatar\/8266b36e4d9001acb4700699a2468dc8?s=96&d=mm&r=g","contentUrl":"https:\/\/secure.gravatar.com\/avatar\/8266b36e4d9001acb4700699a2468dc8?s=96&d=mm&r=g","caption":"Juan Ignacio Prieto Nieto"},"url":"https:\/\/www.asajacyl.com\/soria\/author\/juanfranciscoby"}]}},"_links":{"self":[{"href":"https:\/\/www.asajacyl.com\/soria\/wp-json\/wp\/v2\/posts\/6195"}],"collection":[{"href":"https:\/\/www.asajacyl.com\/soria\/wp-json\/wp\/v2\/posts"}],"about":[{"href":"https:\/\/www.asajacyl.com\/soria\/wp-json\/wp\/v2\/types\/post"}],"author":[{"embeddable":true,"href":"https:\/\/www.asajacyl.com\/soria\/wp-json\/wp\/v2\/users\/12"}],"replies":[{"embeddable":true,"href":"https:\/\/www.asajacyl.com\/soria\/wp-json\/wp\/v2\/comments?post=6195"}],"version-history":[{"count":1,"href":"https:\/\/www.asajacyl.com\/soria\/wp-json\/wp\/v2\/posts\/6195\/revisions"}],"predecessor-version":[{"id":6197,"href":"https:\/\/www.asajacyl.com\/soria\/wp-json\/wp\/v2\/posts\/6195\/revisions\/6197"}],"wp:featuredmedia":[{"embeddable":true,"href":"https:\/\/www.asajacyl.com\/soria\/wp-json\/wp\/v2\/media\/6196"}],"wp:attachment":[{"href":"https:\/\/www.asajacyl.com\/soria\/wp-json\/wp\/v2\/media?parent=6195"}],"wp:term":[{"taxonomy":"category","embeddable":true,"href":"https:\/\/www.asajacyl.com\/soria\/wp-json\/wp\/v2\/categories?post=6195"},{"taxonomy":"post_tag","embeddable":true,"href":"https:\/\/www.asajacyl.com\/soria\/wp-json\/wp\/v2\/tags?post=6195"}],"curies":[{"name":"wp","href":"https:\/\/api.w.org\/{rel}","templated":true}]}}