{"id":6198,"date":"2022-11-17T09:57:01","date_gmt":"2022-11-17T08:57:01","guid":{"rendered":"https:\/\/www.asajacyl.com\/soria\/?p=6198"},"modified":"2022-11-21T14:51:12","modified_gmt":"2022-11-21T13:51:12","slug":"zamora-acoge-la-xii-convencion-de-empleados-de-asaja-castilla-y-leon","status":"publish","type":"post","link":"https:\/\/www.asajacyl.com\/soria\/asaja-soria-informa\/zamora-acoge-la-xii-convencion-de-empleados-de-asaja-castilla-y-leon","title":{"rendered":"Zamora acogi\u00f3 la XII convenci\u00f3n de empleados de ASAJA Castilla y Le\u00f3n"},"content":{"rendered":"\n<p>Zamora acogi\u00f3 los d\u00edas 18 y 19 de noviembre la XII Convenci\u00f3n de Empleados de ASAJA en Castilla y Le\u00f3n, en la que se re\u00fanen los profesionales, cerca de 150, que trabajan en la principal organizaci\u00f3n profesional agraria de la Comunidad Aut\u00f3noma.<\/p>\n<p>Con este encuentro se procura por un lado favorecer la comunicaci\u00f3n entre el equipo de t\u00e9cnicos que asesora al sector agroganadero en las m\u00e1s de cuarenta oficinas distribuidas por las nueve provincias, y por otro propiciar la actualizaci\u00f3n de conocimientos y de unos sistemas de trabajo que a\u00fanan una creciente digitalizaci\u00f3n con la confianza y cercan\u00eda que ofrece el trato personal. La finalidad de todo ello es ampliar y mejorar los servicios que cada d\u00eda se ofrecen a los socios agricultores y ganaderos que pertenecen a la primera OPA de la Comunidad Aut\u00f3noma.<\/p>\n","protected":false},"excerpt":{"rendered":"<p>Zamora acogi\u00f3 los d\u00edas 18 y 19 de noviembre la XII Convenci\u00f3n de Empleados de ASAJA en Castilla y Le\u00f3n, en la que se re\u00fanen los profesionales, cerca de 150, que trabajan en la principal organizaci\u00f3n profesional agraria de la Comunidad Aut\u00f3noma. Con este encuentro se procura por un lado favorecer la comunicaci\u00f3n entre el [&hellip;]<\/p>\n","protected":false},"author":12,"featured_media":6199,"comment_status":"open","ping_status":"open","sticky":false,"template":"","format":"standard","meta":{"footnotes":""},"categories":[10,25],"tags":[],"yoast_head":"<!-- This site is optimized with the Yoast SEO plugin v24.5 - https:\/\/yoast.com\/wordpress\/plugins\/seo\/ -->\n<title>Zamora acogi\u00f3 la XII convenci\u00f3n de empleados de ASAJA Castilla y Le\u00f3n - ASAJA Soria<\/title>\n<meta name=\"description\" content=\"Zamora acogi\u00f3 los d\u00edas 18 y 19 de noviembre la XII Convenci\u00f3n de Empleados de ASAJA en Castilla y Le\u00f3n, en la que se re\u00fanen los profesionales, cerca de\" \/>\n<meta name=\"robots\" content=\"index, follow, max-snippet:-1, max-image-preview:large, max-video-preview:-1\" \/>\n<link rel=\"canonical\" href=\"https:\/\/www.asajacyl.com\/soria\/asaja-soria-informa\/zamora-acoge-la-xii-convencion-de-empleados-de-asaja-castilla-y-leon\" \/>\n<meta property=\"og:locale\" content=\"es_ES\" \/>\n<meta property=\"og:type\" content=\"article\" \/>\n<meta property=\"og:title\" content=\"Zamora acogi\u00f3 la XII convenci\u00f3n de empleados de ASAJA Castilla y Le\u00f3n - ASAJA Soria\" \/>\n<meta property=\"og:description\" content=\"Zamora acogi\u00f3 los d\u00edas 18 y 19 de noviembre la XII Convenci\u00f3n de Empleados de ASAJA en Castilla y Le\u00f3n, en la que se re\u00fanen los profesionales, cerca de\" \/>\n<meta property=\"og:url\" content=\"https:\/\/www.asajacyl.com\/soria\/asaja-soria-informa\/zamora-acoge-la-xii-convencion-de-empleados-de-asaja-castilla-y-leon\" \/>\n<meta property=\"og:site_name\" content=\"ASAJA Soria\" \/>\n<meta property=\"article:published_time\" content=\"2022-11-17T08:57:01+00:00\" \/>\n<meta property=\"article:modified_time\" content=\"2022-11-21T13:51:12+00:00\" \/>\n<meta property=\"og:image\" content=\"https:\/\/www.asajacyl.com\/soria\/wp-content\/uploads\/sites\/9\/2022\/11\/CONVENCION-EMPLEADOS-1.jpg\" \/>\n\t<meta property=\"og:image:width\" content=\"2454\" \/>\n\t<meta property=\"og:image:height\" content=\"1542\" \/>\n\t<meta property=\"og:image:type\" content=\"image\/jpeg\" \/>\n<meta name=\"author\" content=\"Juan Ignacio Prieto Nieto\" \/>\n<meta name=\"twitter:card\" content=\"summary_large_image\" \/>\n<meta name=\"twitter:label1\" content=\"Escrito por\" \/>\n\t<meta name=\"twitter:data1\" content=\"Juan Ignacio Prieto Nieto\" \/>\n\t<meta name=\"twitter:label2\" content=\"Tiempo de lectura\" \/>\n\t<meta name=\"twitter:data2\" content=\"1 minuto\" \/>\n<script type=\"application\/ld+json\" class=\"yoast-schema-graph\">{\"@context\":\"https:\/\/schema.org\",\"@graph\":[{\"@type\":\"WebPage\",\"@id\":\"https:\/\/www.asajacyl.com\/soria\/asaja-soria-informa\/zamora-acoge-la-xii-convencion-de-empleados-de-asaja-castilla-y-leon\",\"url\":\"https:\/\/www.asajacyl.com\/soria\/asaja-soria-informa\/zamora-acoge-la-xii-convencion-de-empleados-de-asaja-castilla-y-leon\",\"name\":\"Zamora acogi\u00f3 la XII convenci\u00f3n de empleados de ASAJA Castilla y Le\u00f3n - ASAJA Soria\",\"isPartOf\":{\"@id\":\"https:\/\/www.asajacyl.com\/soria\/#website\"},\"primaryImageOfPage\":{\"@id\":\"https:\/\/www.asajacyl.com\/soria\/asaja-soria-informa\/zamora-acoge-la-xii-convencion-de-empleados-de-asaja-castilla-y-leon#primaryimage\"},\"image\":{\"@id\":\"https:\/\/www.asajacyl.com\/soria\/asaja-soria-informa\/zamora-acoge-la-xii-convencion-de-empleados-de-asaja-castilla-y-leon#primaryimage\"},\"thumbnailUrl\":\"https:\/\/www.asajacyl.com\/soria\/wp-content\/uploads\/sites\/9\/2022\/11\/CONVENCION-EMPLEADOS-1.jpg\",\"datePublished\":\"2022-11-17T08:57:01+00:00\",\"dateModified\":\"2022-11-21T13:51:12+00:00\",\"author\":{\"@id\":\"https:\/\/www.asajacyl.com\/soria\/#\/schema\/person\/fd3081c40255119ce8133b87e6aedfab\"},\"description\":\"Zamora acogi\u00f3 los d\u00edas 18 y 19 de noviembre la XII Convenci\u00f3n de Empleados de ASAJA en Castilla y Le\u00f3n, en la que se re\u00fanen los profesionales, cerca de\",\"breadcrumb\":{\"@id\":\"https:\/\/www.asajacyl.com\/soria\/asaja-soria-informa\/zamora-acoge-la-xii-convencion-de-empleados-de-asaja-castilla-y-leon#breadcrumb\"},\"inLanguage\":\"es\",\"potentialAction\":[{\"@type\":\"ReadAction\",\"target\":[\"https:\/\/www.asajacyl.com\/soria\/asaja-soria-informa\/zamora-acoge-la-xii-convencion-de-empleados-de-asaja-castilla-y-leon\"]}]},{\"@type\":\"ImageObject\",\"inLanguage\":\"es\",\"@id\":\"https:\/\/www.asajacyl.com\/soria\/asaja-soria-informa\/zamora-acoge-la-xii-convencion-de-empleados-de-asaja-castilla-y-leon#primaryimage\",\"url\":\"https:\/\/www.asajacyl.com\/soria\/wp-content\/uploads\/sites\/9\/2022\/11\/CONVENCION-EMPLEADOS-1.jpg\",\"contentUrl\":\"https:\/\/www.asajacyl.com\/soria\/wp-content\/uploads\/sites\/9\/2022\/11\/CONVENCION-EMPLEADOS-1.jpg\",\"width\":2454,\"height\":1542},{\"@type\":\"BreadcrumbList\",\"@id\":\"https:\/\/www.asajacyl.com\/soria\/asaja-soria-informa\/zamora-acoge-la-xii-convencion-de-empleados-de-asaja-castilla-y-leon#breadcrumb\",\"itemListElement\":[{\"@type\":\"ListItem\",\"position\":1,\"name\":\"Portada\",\"item\":\"https:\/\/www.asajacyl.com\/soria\/\"},{\"@type\":\"ListItem\",\"position\":2,\"name\":\"Zamora acogi\u00f3 la XII convenci\u00f3n de empleados de ASAJA Castilla y Le\u00f3n\"}]},{\"@type\":\"WebSite\",\"@id\":\"https:\/\/www.asajacyl.com\/soria\/#website\",\"url\":\"https:\/\/www.asajacyl.com\/soria\/\",\"name\":\"ASAJA Soria\",\"description\":\"Otro sitio m\u00e1s de Provincias ASAJA Castilla y Le\u00f3n\",\"potentialAction\":[{\"@type\":\"SearchAction\",\"target\":{\"@type\":\"EntryPoint\",\"urlTemplate\":\"https:\/\/www.asajacyl.com\/soria\/?s={search_term_string}\"},\"query-input\":{\"@type\":\"PropertyValueSpecification\",\"valueRequired\":true,\"valueName\":\"search_term_string\"}}],\"inLanguage\":\"es\"},{\"@type\":\"Person\",\"@id\":\"https:\/\/www.asajacyl.com\/soria\/#\/schema\/person\/fd3081c40255119ce8133b87e6aedfab\",\"name\":\"Juan Ignacio Prieto Nieto\",\"image\":{\"@type\":\"ImageObject\",\"inLanguage\":\"es\",\"@id\":\"https:\/\/www.asajacyl.com\/soria\/#\/schema\/person\/image\/\",\"url\":\"https:\/\/secure.gravatar.com\/avatar\/8266b36e4d9001acb4700699a2468dc8?s=96&d=mm&r=g\",\"contentUrl\":\"https:\/\/secure.gravatar.com\/avatar\/8266b36e4d9001acb4700699a2468dc8?s=96&d=mm&r=g\",\"caption\":\"Juan Ignacio Prieto Nieto\"},\"url\":\"https:\/\/www.asajacyl.com\/soria\/author\/juanfranciscoby\"}]}<\/script>\n<!-- \/ Yoast SEO plugin. -->","yoast_head_json":{"title":"Zamora acogi\u00f3 la XII convenci\u00f3n de empleados de ASAJA Castilla y Le\u00f3n - ASAJA Soria","description":"Zamora acogi\u00f3 los d\u00edas 18 y 19 de noviembre la XII Convenci\u00f3n de Empleados de ASAJA en Castilla y Le\u00f3n, en la que se re\u00fanen los profesionales, cerca de","robots":{"index":"index","follow":"follow","max-snippet":"max-snippet:-1","max-image-preview":"max-image-preview:large","max-video-preview":"max-video-preview:-1"},"canonical":"https:\/\/www.asajacyl.com\/soria\/asaja-soria-informa\/zamora-acoge-la-xii-convencion-de-empleados-de-asaja-castilla-y-leon","og_locale":"es_ES","og_type":"article","og_title":"Zamora acogi\u00f3 la XII convenci\u00f3n de empleados de ASAJA Castilla y Le\u00f3n - ASAJA Soria","og_description":"Zamora acogi\u00f3 los d\u00edas 18 y 19 de noviembre la XII Convenci\u00f3n de Empleados de ASAJA en Castilla y Le\u00f3n, en la que se re\u00fanen los profesionales, cerca de","og_url":"https:\/\/www.asajacyl.com\/soria\/asaja-soria-informa\/zamora-acoge-la-xii-convencion-de-empleados-de-asaja-castilla-y-leon","og_site_name":"ASAJA Soria","article_published_time":"2022-11-17T08:57:01+00:00","article_modified_time":"2022-11-21T13:51:12+00:00","og_image":[{"width":2454,"height":1542,"url":"https:\/\/www.asajacyl.com\/soria\/wp-content\/uploads\/sites\/9\/2022\/11\/CONVENCION-EMPLEADOS-1.jpg","type":"image\/jpeg"}],"author":"Juan Ignacio Prieto Nieto","twitter_card":"summary_large_image","twitter_misc":{"Escrito por":"Juan Ignacio Prieto Nieto","Tiempo de lectura":"1 minuto"},"schema":{"@context":"https:\/\/schema.org","@graph":[{"@type":"WebPage","@id":"https:\/\/www.asajacyl.com\/soria\/asaja-soria-informa\/zamora-acoge-la-xii-convencion-de-empleados-de-asaja-castilla-y-leon","url":"https:\/\/www.asajacyl.com\/soria\/asaja-soria-informa\/zamora-acoge-la-xii-convencion-de-empleados-de-asaja-castilla-y-leon","name":"Zamora acogi\u00f3 la XII convenci\u00f3n de empleados de ASAJA Castilla y Le\u00f3n - ASAJA Soria","isPartOf":{"@id":"https:\/\/www.asajacyl.com\/soria\/#website"},"primaryImageOfPage":{"@id":"https:\/\/www.asajacyl.com\/soria\/asaja-soria-informa\/zamora-acoge-la-xii-convencion-de-empleados-de-asaja-castilla-y-leon#primaryimage"},"image":{"@id":"https:\/\/www.asajacyl.com\/soria\/asaja-soria-informa\/zamora-acoge-la-xii-convencion-de-empleados-de-asaja-castilla-y-leon#primaryimage"},"thumbnailUrl":"https:\/\/www.asajacyl.com\/soria\/wp-content\/uploads\/sites\/9\/2022\/11\/CONVENCION-EMPLEADOS-1.jpg","datePublished":"2022-11-17T08:57:01+00:00","dateModified":"2022-11-21T13:51:12+00:00","author":{"@id":"https:\/\/www.asajacyl.com\/soria\/#\/schema\/person\/fd3081c40255119ce8133b87e6aedfab"},"description":"Zamora acogi\u00f3 los d\u00edas 18 y 19 de noviembre la XII Convenci\u00f3n de Empleados de ASAJA en Castilla y Le\u00f3n, en la que se re\u00fanen los profesionales, cerca de","breadcrumb":{"@id":"https:\/\/www.asajacyl.com\/soria\/asaja-soria-informa\/zamora-acoge-la-xii-convencion-de-empleados-de-asaja-castilla-y-leon#breadcrumb"},"inLanguage":"es","potentialAction":[{"@type":"ReadAction","target":["https:\/\/www.asajacyl.com\/soria\/asaja-soria-informa\/zamora-acoge-la-xii-convencion-de-empleados-de-asaja-castilla-y-leon"]}]},{"@type":"ImageObject","inLanguage":"es","@id":"https:\/\/www.asajacyl.com\/soria\/asaja-soria-informa\/zamora-acoge-la-xii-convencion-de-empleados-de-asaja-castilla-y-leon#primaryimage","url":"https:\/\/www.asajacyl.com\/soria\/wp-content\/uploads\/sites\/9\/2022\/11\/CONVENCION-EMPLEADOS-1.jpg","contentUrl":"https:\/\/www.asajacyl.com\/soria\/wp-content\/uploads\/sites\/9\/2022\/11\/CONVENCION-EMPLEADOS-1.jpg","width":2454,"height":1542},{"@type":"BreadcrumbList","@id":"https:\/\/www.asajacyl.com\/soria\/asaja-soria-informa\/zamora-acoge-la-xii-convencion-de-empleados-de-asaja-castilla-y-leon#breadcrumb","itemListElement":[{"@type":"ListItem","position":1,"name":"Portada","item":"https:\/\/www.asajacyl.com\/soria\/"},{"@type":"ListItem","position":2,"name":"Zamora acogi\u00f3 la XII convenci\u00f3n de empleados de ASAJA Castilla y Le\u00f3n"}]},{"@type":"WebSite","@id":"https:\/\/www.asajacyl.com\/soria\/#website","url":"https:\/\/www.asajacyl.com\/soria\/","name":"ASAJA Soria","description":"Otro sitio m\u00e1s de Provincias ASAJA Castilla y Le\u00f3n","potentialAction":[{"@type":"SearchAction","target":{"@type":"EntryPoint","urlTemplate":"https:\/\/www.asajacyl.com\/soria\/?s={search_term_string}"},"query-input":{"@type":"PropertyValueSpecification","valueRequired":true,"valueName":"search_term_string"}}],"inLanguage":"es"},{"@type":"Person","@id":"https:\/\/www.asajacyl.com\/soria\/#\/schema\/person\/fd3081c40255119ce8133b87e6aedfab","name":"Juan Ignacio Prieto Nieto","image":{"@type":"ImageObject","inLanguage":"es","@id":"https:\/\/www.asajacyl.com\/soria\/#\/schema\/person\/image\/","url":"https:\/\/secure.gravatar.com\/avatar\/8266b36e4d9001acb4700699a2468dc8?s=96&d=mm&r=g","contentUrl":"https:\/\/secure.gravatar.com\/avatar\/8266b36e4d9001acb4700699a2468dc8?s=96&d=mm&r=g","caption":"Juan Ignacio Prieto Nieto"},"url":"https:\/\/www.asajacyl.com\/soria\/author\/juanfranciscoby"}]}},"_links":{"self":[{"href":"https:\/\/www.asajacyl.com\/soria\/wp-json\/wp\/v2\/posts\/6198"}],"collection":[{"href":"https:\/\/www.asajacyl.com\/soria\/wp-json\/wp\/v2\/posts"}],"about":[{"href":"https:\/\/www.asajacyl.com\/soria\/wp-json\/wp\/v2\/types\/post"}],"author":[{"embeddable":true,"href":"https:\/\/www.asajacyl.com\/soria\/wp-json\/wp\/v2\/users\/12"}],"replies":[{"embeddable":true,"href":"https:\/\/www.asajacyl.com\/soria\/wp-json\/wp\/v2\/comments?post=6198"}],"version-history":[{"count":2,"href":"https:\/\/www.asajacyl.com\/soria\/wp-json\/wp\/v2\/posts\/6198\/revisions"}],"predecessor-version":[{"id":6216,"href":"https:\/\/www.asajacyl.com\/soria\/wp-json\/wp\/v2\/posts\/6198\/revisions\/6216"}],"wp:featuredmedia":[{"embeddable":true,"href":"https:\/\/www.asajacyl.com\/soria\/wp-json\/wp\/v2\/media\/6199"}],"wp:attachment":[{"href":"https:\/\/www.asajacyl.com\/soria\/wp-json\/wp\/v2\/media?parent=6198"}],"wp:term":[{"taxonomy":"category","embeddable":true,"href":"https:\/\/www.asajacyl.com\/soria\/wp-json\/wp\/v2\/categories?post=6198"},{"taxonomy":"post_tag","embeddable":true,"href":"https:\/\/www.asajacyl.com\/soria\/wp-json\/wp\/v2\/tags?post=6198"}],"curies":[{"name":"wp","href":"https:\/\/api.w.org\/{rel}","templated":true}]}}