{"id":6213,"date":"2022-11-21T14:49:01","date_gmt":"2022-11-21T13:49:01","guid":{"rendered":"https:\/\/www.asajacyl.com\/soria\/?p=6213"},"modified":"2022-11-21T14:49:03","modified_gmt":"2022-11-21T13:49:03","slug":"la-consejeria-de-agricultura-excluye-los-pastos-comunales-de-castilla-y-leon-de-una-importante-ayuda-a-la-ganaderia-extensiva","status":"publish","type":"post","link":"https:\/\/www.asajacyl.com\/soria\/asaja-soria-informa\/la-consejeria-de-agricultura-excluye-los-pastos-comunales-de-castilla-y-leon-de-una-importante-ayuda-a-la-ganaderia-extensiva","title":{"rendered":"La Consejer\u00eda de Agricultura excluye los pastos comunales de Castilla y Le\u00f3n de una importante ayuda a la ganader\u00eda extensiva"},"content":{"rendered":"\n<p>La Consejer\u00eda de Agricultura de la Junta de Castilla y Le\u00f3n ha enviado a las organizaciones profesionales agrarias el proyecto de orden por la que se van a regular las ayudas agroambientales del Plan Estrat\u00e9gico de la PAC para Espa\u00f1a para el periodo 2023-2027. Este proyecto de orden contempla, entre otras, la ayuda por la <strong>\u201cgesti\u00f3n sostenible de superficies forrajeras pastables y apoyo a sistemas tradicionales de pastoreo trashumante\u201d<\/strong>, de la que se pueden beneficiar ganaderos de ovino, caprino, vacuno y equino.<\/p>\n<p>Para ser beneficiario de estas ayudas hay que reunir unas condiciones de admisibilidad y cumplir unos compromisos medioambientales y clim\u00e1ticos. A cambio, se percibe una ayuda de hasta 50 euros por hect\u00e1rea de pastos, acogida a la medida, sobre la que se aplica degresividad, y que se incrementar\u00e1 en un 20% si el beneficiario se acoge a compromisos voluntarios, como la <u>pr\u00e1ctica de la trashumancia<\/u>, o la <u>protecci\u00f3n de los reba\u00f1os con mastines<\/u>.<\/p>\n<p>Al margen de otros aspectos de la futura norma, dif\u00edciles de cumplir por los posibles beneficiarios, <strong><u>ASAJA critica que se excluyan expresamente los pastos de uso en com\u00fan<\/u><\/strong>,\u00a0 es decir, los que son titularidad de las juntas vecinales y de los ayuntamientos. Esta medida, decidida por la Junta, que no responde a ninguna directriz ni de Europa ni del ministerio de Agricultura, es responsable de que una buena parte de los ganaderos de Castilla y Le\u00f3n, y en todo caso la pr\u00e1ctica totalidad de los ganaderos de provincias como Le\u00f3n, pero tambi\u00e9n de otras provincias de la Comunidad Aut\u00f3noma, en especial toda la periferia, no puedan acogerse a esta ayuda que fomenta la ganader\u00eda extensiva en zonas desfavorecidas de monta\u00f1a.<\/p>\n<p>ASAJA hace un llamamiento a la consejer\u00eda de Agricultura, al Partido Popular como socio principal de gobierno, y al partido de Vox como socio de gobierno y responsable de la consejer\u00eda de Agricultura, para que retomen esta cuesti\u00f3n y, con el consenso de las organizaciones agrarias, aprueben unas ayudas que no sean discriminatorias, que potencien la ganader\u00eda extensiva, y que ayuden de forma particular a las zonas m\u00e1s desfavorecidas del territorio de Castilla y Le\u00f3n.<\/p>\n<p>\u00a0<\/p>\n","protected":false},"excerpt":{"rendered":"<p>La Consejer\u00eda de Agricultura de la Junta de Castilla y Le\u00f3n ha enviado a las organizaciones profesionales agrarias el proyecto de orden por la que se van a regular las ayudas agroambientales del Plan Estrat\u00e9gico de la PAC para Espa\u00f1a para el periodo 2023-2027. Este proyecto de orden contempla, entre otras, la ayuda por la [&hellip;]<\/p>\n","protected":false},"author":12,"featured_media":6214,"comment_status":"open","ping_status":"open","sticky":false,"template":"","format":"standard","meta":{"footnotes":""},"categories":[10,25],"tags":[],"yoast_head":"<!-- This site is optimized with the Yoast SEO plugin v24.5 - https:\/\/yoast.com\/wordpress\/plugins\/seo\/ -->\n<title>La Consejer\u00eda de Agricultura excluye los pastos comunales de Castilla y Le\u00f3n de una importante ayuda a la ganader\u00eda extensiva - ASAJA Soria<\/title>\n<meta name=\"description\" content=\"La Consejer\u00eda de Agricultura de la Junta de Castilla y Le\u00f3n ha enviado a las organizaciones profesionales agrarias el proyecto de orden por la que se van\" \/>\n<meta name=\"robots\" content=\"index, follow, max-snippet:-1, max-image-preview:large, max-video-preview:-1\" \/>\n<link rel=\"canonical\" href=\"https:\/\/www.asajacyl.com\/soria\/asaja-soria-informa\/la-consejeria-de-agricultura-excluye-los-pastos-comunales-de-castilla-y-leon-de-una-importante-ayuda-a-la-ganaderia-extensiva\" \/>\n<meta property=\"og:locale\" content=\"es_ES\" \/>\n<meta property=\"og:type\" content=\"article\" \/>\n<meta property=\"og:title\" content=\"La Consejer\u00eda de Agricultura excluye los pastos comunales de Castilla y Le\u00f3n de una importante ayuda a la ganader\u00eda extensiva - ASAJA Soria\" \/>\n<meta property=\"og:description\" content=\"La Consejer\u00eda de Agricultura de la Junta de Castilla y Le\u00f3n ha enviado a las organizaciones profesionales agrarias el proyecto de orden por la que se van\" \/>\n<meta property=\"og:url\" content=\"https:\/\/www.asajacyl.com\/soria\/asaja-soria-informa\/la-consejeria-de-agricultura-excluye-los-pastos-comunales-de-castilla-y-leon-de-una-importante-ayuda-a-la-ganaderia-extensiva\" \/>\n<meta property=\"og:site_name\" content=\"ASAJA Soria\" \/>\n<meta property=\"article:published_time\" content=\"2022-11-21T13:49:01+00:00\" \/>\n<meta property=\"article:modified_time\" content=\"2022-11-21T13:49:03+00:00\" \/>\n<meta property=\"og:image\" content=\"https:\/\/www.asajacyl.com\/soria\/wp-content\/uploads\/sites\/9\/2022\/11\/recurso-vacas-extensivo.jpg\" \/>\n\t<meta property=\"og:image:width\" content=\"1920\" \/>\n\t<meta property=\"og:image:height\" content=\"1080\" \/>\n\t<meta property=\"og:image:type\" content=\"image\/jpeg\" \/>\n<meta name=\"author\" content=\"Juan Ignacio Prieto Nieto\" \/>\n<meta name=\"twitter:card\" content=\"summary_large_image\" \/>\n<meta name=\"twitter:label1\" content=\"Escrito por\" \/>\n\t<meta name=\"twitter:data1\" content=\"Juan Ignacio Prieto Nieto\" \/>\n\t<meta name=\"twitter:label2\" content=\"Tiempo de lectura\" \/>\n\t<meta name=\"twitter:data2\" content=\"2 minutos\" \/>\n<script type=\"application\/ld+json\" class=\"yoast-schema-graph\">{\"@context\":\"https:\/\/schema.org\",\"@graph\":[{\"@type\":\"WebPage\",\"@id\":\"https:\/\/www.asajacyl.com\/soria\/asaja-soria-informa\/la-consejeria-de-agricultura-excluye-los-pastos-comunales-de-castilla-y-leon-de-una-importante-ayuda-a-la-ganaderia-extensiva\",\"url\":\"https:\/\/www.asajacyl.com\/soria\/asaja-soria-informa\/la-consejeria-de-agricultura-excluye-los-pastos-comunales-de-castilla-y-leon-de-una-importante-ayuda-a-la-ganaderia-extensiva\",\"name\":\"La Consejer\u00eda de Agricultura excluye los pastos comunales de Castilla y Le\u00f3n de una importante ayuda a la ganader\u00eda extensiva - ASAJA Soria\",\"isPartOf\":{\"@id\":\"https:\/\/www.asajacyl.com\/soria\/#website\"},\"primaryImageOfPage\":{\"@id\":\"https:\/\/www.asajacyl.com\/soria\/asaja-soria-informa\/la-consejeria-de-agricultura-excluye-los-pastos-comunales-de-castilla-y-leon-de-una-importante-ayuda-a-la-ganaderia-extensiva#primaryimage\"},\"image\":{\"@id\":\"https:\/\/www.asajacyl.com\/soria\/asaja-soria-informa\/la-consejeria-de-agricultura-excluye-los-pastos-comunales-de-castilla-y-leon-de-una-importante-ayuda-a-la-ganaderia-extensiva#primaryimage\"},\"thumbnailUrl\":\"https:\/\/www.asajacyl.com\/soria\/wp-content\/uploads\/sites\/9\/2022\/11\/recurso-vacas-extensivo.jpg\",\"datePublished\":\"2022-11-21T13:49:01+00:00\",\"dateModified\":\"2022-11-21T13:49:03+00:00\",\"author\":{\"@id\":\"https:\/\/www.asajacyl.com\/soria\/#\/schema\/person\/fd3081c40255119ce8133b87e6aedfab\"},\"description\":\"La Consejer\u00eda de Agricultura de la Junta de Castilla y Le\u00f3n ha enviado a las organizaciones profesionales agrarias el proyecto de orden por la que se van\",\"breadcrumb\":{\"@id\":\"https:\/\/www.asajacyl.com\/soria\/asaja-soria-informa\/la-consejeria-de-agricultura-excluye-los-pastos-comunales-de-castilla-y-leon-de-una-importante-ayuda-a-la-ganaderia-extensiva#breadcrumb\"},\"inLanguage\":\"es\",\"potentialAction\":[{\"@type\":\"ReadAction\",\"target\":[\"https:\/\/www.asajacyl.com\/soria\/asaja-soria-informa\/la-consejeria-de-agricultura-excluye-los-pastos-comunales-de-castilla-y-leon-de-una-importante-ayuda-a-la-ganaderia-extensiva\"]}]},{\"@type\":\"ImageObject\",\"inLanguage\":\"es\",\"@id\":\"https:\/\/www.asajacyl.com\/soria\/asaja-soria-informa\/la-consejeria-de-agricultura-excluye-los-pastos-comunales-de-castilla-y-leon-de-una-importante-ayuda-a-la-ganaderia-extensiva#primaryimage\",\"url\":\"https:\/\/www.asajacyl.com\/soria\/wp-content\/uploads\/sites\/9\/2022\/11\/recurso-vacas-extensivo.jpg\",\"contentUrl\":\"https:\/\/www.asajacyl.com\/soria\/wp-content\/uploads\/sites\/9\/2022\/11\/recurso-vacas-extensivo.jpg\",\"width\":1920,\"height\":1080},{\"@type\":\"BreadcrumbList\",\"@id\":\"https:\/\/www.asajacyl.com\/soria\/asaja-soria-informa\/la-consejeria-de-agricultura-excluye-los-pastos-comunales-de-castilla-y-leon-de-una-importante-ayuda-a-la-ganaderia-extensiva#breadcrumb\",\"itemListElement\":[{\"@type\":\"ListItem\",\"position\":1,\"name\":\"Portada\",\"item\":\"https:\/\/www.asajacyl.com\/soria\/\"},{\"@type\":\"ListItem\",\"position\":2,\"name\":\"La Consejer\u00eda de Agricultura excluye los pastos comunales de Castilla y Le\u00f3n de una importante ayuda a la ganader\u00eda extensiva\"}]},{\"@type\":\"WebSite\",\"@id\":\"https:\/\/www.asajacyl.com\/soria\/#website\",\"url\":\"https:\/\/www.asajacyl.com\/soria\/\",\"name\":\"ASAJA Soria\",\"description\":\"Otro sitio m\u00e1s de Provincias ASAJA Castilla y Le\u00f3n\",\"potentialAction\":[{\"@type\":\"SearchAction\",\"target\":{\"@type\":\"EntryPoint\",\"urlTemplate\":\"https:\/\/www.asajacyl.com\/soria\/?s={search_term_string}\"},\"query-input\":{\"@type\":\"PropertyValueSpecification\",\"valueRequired\":true,\"valueName\":\"search_term_string\"}}],\"inLanguage\":\"es\"},{\"@type\":\"Person\",\"@id\":\"https:\/\/www.asajacyl.com\/soria\/#\/schema\/person\/fd3081c40255119ce8133b87e6aedfab\",\"name\":\"Juan Ignacio Prieto Nieto\",\"image\":{\"@type\":\"ImageObject\",\"inLanguage\":\"es\",\"@id\":\"https:\/\/www.asajacyl.com\/soria\/#\/schema\/person\/image\/\",\"url\":\"https:\/\/secure.gravatar.com\/avatar\/8266b36e4d9001acb4700699a2468dc8?s=96&d=mm&r=g\",\"contentUrl\":\"https:\/\/secure.gravatar.com\/avatar\/8266b36e4d9001acb4700699a2468dc8?s=96&d=mm&r=g\",\"caption\":\"Juan Ignacio Prieto Nieto\"},\"url\":\"https:\/\/www.asajacyl.com\/soria\/author\/juanfranciscoby\"}]}<\/script>\n<!-- \/ Yoast SEO plugin. -->","yoast_head_json":{"title":"La Consejer\u00eda de Agricultura excluye los pastos comunales de Castilla y Le\u00f3n de una importante ayuda a la ganader\u00eda extensiva - ASAJA Soria","description":"La Consejer\u00eda de Agricultura de la Junta de Castilla y Le\u00f3n ha enviado a las organizaciones profesionales agrarias el proyecto de orden por la que se van","robots":{"index":"index","follow":"follow","max-snippet":"max-snippet:-1","max-image-preview":"max-image-preview:large","max-video-preview":"max-video-preview:-1"},"canonical":"https:\/\/www.asajacyl.com\/soria\/asaja-soria-informa\/la-consejeria-de-agricultura-excluye-los-pastos-comunales-de-castilla-y-leon-de-una-importante-ayuda-a-la-ganaderia-extensiva","og_locale":"es_ES","og_type":"article","og_title":"La Consejer\u00eda de Agricultura excluye los pastos comunales de Castilla y Le\u00f3n de una importante ayuda a la ganader\u00eda extensiva - ASAJA Soria","og_description":"La Consejer\u00eda de Agricultura de la Junta de Castilla y Le\u00f3n ha enviado a las organizaciones profesionales agrarias el proyecto de orden por la que se van","og_url":"https:\/\/www.asajacyl.com\/soria\/asaja-soria-informa\/la-consejeria-de-agricultura-excluye-los-pastos-comunales-de-castilla-y-leon-de-una-importante-ayuda-a-la-ganaderia-extensiva","og_site_name":"ASAJA Soria","article_published_time":"2022-11-21T13:49:01+00:00","article_modified_time":"2022-11-21T13:49:03+00:00","og_image":[{"width":1920,"height":1080,"url":"https:\/\/www.asajacyl.com\/soria\/wp-content\/uploads\/sites\/9\/2022\/11\/recurso-vacas-extensivo.jpg","type":"image\/jpeg"}],"author":"Juan Ignacio Prieto Nieto","twitter_card":"summary_large_image","twitter_misc":{"Escrito por":"Juan Ignacio Prieto Nieto","Tiempo de lectura":"2 minutos"},"schema":{"@context":"https:\/\/schema.org","@graph":[{"@type":"WebPage","@id":"https:\/\/www.asajacyl.com\/soria\/asaja-soria-informa\/la-consejeria-de-agricultura-excluye-los-pastos-comunales-de-castilla-y-leon-de-una-importante-ayuda-a-la-ganaderia-extensiva","url":"https:\/\/www.asajacyl.com\/soria\/asaja-soria-informa\/la-consejeria-de-agricultura-excluye-los-pastos-comunales-de-castilla-y-leon-de-una-importante-ayuda-a-la-ganaderia-extensiva","name":"La Consejer\u00eda de Agricultura excluye los pastos comunales de Castilla y Le\u00f3n de una importante ayuda a la ganader\u00eda extensiva - ASAJA Soria","isPartOf":{"@id":"https:\/\/www.asajacyl.com\/soria\/#website"},"primaryImageOfPage":{"@id":"https:\/\/www.asajacyl.com\/soria\/asaja-soria-informa\/la-consejeria-de-agricultura-excluye-los-pastos-comunales-de-castilla-y-leon-de-una-importante-ayuda-a-la-ganaderia-extensiva#primaryimage"},"image":{"@id":"https:\/\/www.asajacyl.com\/soria\/asaja-soria-informa\/la-consejeria-de-agricultura-excluye-los-pastos-comunales-de-castilla-y-leon-de-una-importante-ayuda-a-la-ganaderia-extensiva#primaryimage"},"thumbnailUrl":"https:\/\/www.asajacyl.com\/soria\/wp-content\/uploads\/sites\/9\/2022\/11\/recurso-vacas-extensivo.jpg","datePublished":"2022-11-21T13:49:01+00:00","dateModified":"2022-11-21T13:49:03+00:00","author":{"@id":"https:\/\/www.asajacyl.com\/soria\/#\/schema\/person\/fd3081c40255119ce8133b87e6aedfab"},"description":"La Consejer\u00eda de Agricultura de la Junta de Castilla y Le\u00f3n ha enviado a las organizaciones profesionales agrarias el proyecto de orden por la que se van","breadcrumb":{"@id":"https:\/\/www.asajacyl.com\/soria\/asaja-soria-informa\/la-consejeria-de-agricultura-excluye-los-pastos-comunales-de-castilla-y-leon-de-una-importante-ayuda-a-la-ganaderia-extensiva#breadcrumb"},"inLanguage":"es","potentialAction":[{"@type":"ReadAction","target":["https:\/\/www.asajacyl.com\/soria\/asaja-soria-informa\/la-consejeria-de-agricultura-excluye-los-pastos-comunales-de-castilla-y-leon-de-una-importante-ayuda-a-la-ganaderia-extensiva"]}]},{"@type":"ImageObject","inLanguage":"es","@id":"https:\/\/www.asajacyl.com\/soria\/asaja-soria-informa\/la-consejeria-de-agricultura-excluye-los-pastos-comunales-de-castilla-y-leon-de-una-importante-ayuda-a-la-ganaderia-extensiva#primaryimage","url":"https:\/\/www.asajacyl.com\/soria\/wp-content\/uploads\/sites\/9\/2022\/11\/recurso-vacas-extensivo.jpg","contentUrl":"https:\/\/www.asajacyl.com\/soria\/wp-content\/uploads\/sites\/9\/2022\/11\/recurso-vacas-extensivo.jpg","width":1920,"height":1080},{"@type":"BreadcrumbList","@id":"https:\/\/www.asajacyl.com\/soria\/asaja-soria-informa\/la-consejeria-de-agricultura-excluye-los-pastos-comunales-de-castilla-y-leon-de-una-importante-ayuda-a-la-ganaderia-extensiva#breadcrumb","itemListElement":[{"@type":"ListItem","position":1,"name":"Portada","item":"https:\/\/www.asajacyl.com\/soria\/"},{"@type":"ListItem","position":2,"name":"La Consejer\u00eda de Agricultura excluye los pastos comunales de Castilla y Le\u00f3n de una importante ayuda a la ganader\u00eda extensiva"}]},{"@type":"WebSite","@id":"https:\/\/www.asajacyl.com\/soria\/#website","url":"https:\/\/www.asajacyl.com\/soria\/","name":"ASAJA Soria","description":"Otro sitio m\u00e1s de Provincias ASAJA Castilla y Le\u00f3n","potentialAction":[{"@type":"SearchAction","target":{"@type":"EntryPoint","urlTemplate":"https:\/\/www.asajacyl.com\/soria\/?s={search_term_string}"},"query-input":{"@type":"PropertyValueSpecification","valueRequired":true,"valueName":"search_term_string"}}],"inLanguage":"es"},{"@type":"Person","@id":"https:\/\/www.asajacyl.com\/soria\/#\/schema\/person\/fd3081c40255119ce8133b87e6aedfab","name":"Juan Ignacio Prieto Nieto","image":{"@type":"ImageObject","inLanguage":"es","@id":"https:\/\/www.asajacyl.com\/soria\/#\/schema\/person\/image\/","url":"https:\/\/secure.gravatar.com\/avatar\/8266b36e4d9001acb4700699a2468dc8?s=96&d=mm&r=g","contentUrl":"https:\/\/secure.gravatar.com\/avatar\/8266b36e4d9001acb4700699a2468dc8?s=96&d=mm&r=g","caption":"Juan Ignacio Prieto Nieto"},"url":"https:\/\/www.asajacyl.com\/soria\/author\/juanfranciscoby"}]}},"_links":{"self":[{"href":"https:\/\/www.asajacyl.com\/soria\/wp-json\/wp\/v2\/posts\/6213"}],"collection":[{"href":"https:\/\/www.asajacyl.com\/soria\/wp-json\/wp\/v2\/posts"}],"about":[{"href":"https:\/\/www.asajacyl.com\/soria\/wp-json\/wp\/v2\/types\/post"}],"author":[{"embeddable":true,"href":"https:\/\/www.asajacyl.com\/soria\/wp-json\/wp\/v2\/users\/12"}],"replies":[{"embeddable":true,"href":"https:\/\/www.asajacyl.com\/soria\/wp-json\/wp\/v2\/comments?post=6213"}],"version-history":[{"count":1,"href":"https:\/\/www.asajacyl.com\/soria\/wp-json\/wp\/v2\/posts\/6213\/revisions"}],"predecessor-version":[{"id":6215,"href":"https:\/\/www.asajacyl.com\/soria\/wp-json\/wp\/v2\/posts\/6213\/revisions\/6215"}],"wp:featuredmedia":[{"embeddable":true,"href":"https:\/\/www.asajacyl.com\/soria\/wp-json\/wp\/v2\/media\/6214"}],"wp:attachment":[{"href":"https:\/\/www.asajacyl.com\/soria\/wp-json\/wp\/v2\/media?parent=6213"}],"wp:term":[{"taxonomy":"category","embeddable":true,"href":"https:\/\/www.asajacyl.com\/soria\/wp-json\/wp\/v2\/categories?post=6213"},{"taxonomy":"post_tag","embeddable":true,"href":"https:\/\/www.asajacyl.com\/soria\/wp-json\/wp\/v2\/tags?post=6213"}],"curies":[{"name":"wp","href":"https:\/\/api.w.org\/{rel}","templated":true}]}}