{"id":6217,"date":"2022-11-21T14:55:11","date_gmt":"2022-11-21T13:55:11","guid":{"rendered":"https:\/\/www.asajacyl.com\/soria\/?p=6217"},"modified":"2022-11-22T17:07:58","modified_gmt":"2022-11-22T16:07:58","slug":"asaja-convoca-una-concentracion-el-23-de-noviembre-frente-a-la-delegacion-de-la-comision-europea-en-madrid","status":"publish","type":"post","link":"https:\/\/www.asajacyl.com\/soria\/asaja-soria-informa\/asaja-convoca-una-concentracion-el-23-de-noviembre-frente-a-la-delegacion-de-la-comision-europea-en-madrid","title":{"rendered":"ASAJA convoca una concentraci\u00f3n el 23 de noviembre frente a la Delegaci\u00f3n de la Comisi\u00f3n Europea en Madrid"},"content":{"rendered":"\n<h2><strong>La Asociaci\u00f3n Agraria J\u00f3venes Agricultores -ASAJA- ha convocado para el pr\u00f3ximo mi\u00e9rcoles, 23 de noviembre, a las 09:00 horas, una concentraci\u00f3n de agricultores y ganaderos ante la Oficina de la Comisi\u00f3n Europea en Madrid, en protesta por el \u201cninguneo\u201d que esta instituci\u00f3n viene demostrando con los verdaderos protagonistas de la agricultura europea.<\/strong><\/h2>\n<p>La Oficina de la Comisi\u00f3n Europea en Espa\u00f1a ha organizado un debate p\u00fablico, el pr\u00f3ximo mi\u00e9rcoles en Madrid, a prop\u00f3sito de la entrada en vigor de la nueva PAC en los 27 estados miembros de la UE el 1 de enero de 2023. En dicho acto participar\u00e1n representantes de las administraciones europea y nacional, ecologistas, cient\u00edficos y cooperativas, eso s\u00ed, con la ausencia destacada de los aut\u00e9nticos protagonistas, los profesionales de la agricultura.<\/p>\n<p><img loading=\"lazy\" decoding=\"async\" class=\"aligncenter  wp-image-6191\" src=\"https:\/\/www.asajacyl.com\/soria\/wp-content\/uploads\/sites\/9\/2022\/11\/representacion-ue.jpg\" alt=\"\" width=\"287\" height=\"358\" srcset=\"https:\/\/www.asajacyl.com\/soria\/wp-content\/uploads\/sites\/9\/2022\/11\/representacion-ue.jpg 480w, https:\/\/www.asajacyl.com\/soria\/wp-content\/uploads\/sites\/9\/2022\/11\/representacion-ue-240x300.jpg 240w, https:\/\/www.asajacyl.com\/soria\/wp-content\/uploads\/sites\/9\/2022\/11\/representacion-ue-337x420.jpg 337w\" sizes=\"(max-width: 287px) 100vw, 287px\" \/><\/p>\n<p>\u00a0<\/p>\n<p>Ante este nuevo desprecio de la autoridad europea, los agricultores y ganaderos de ASAJA permanecer\u00e1n concentrados en la calle mientras el resto de interlocutores debaten sobre su futuro. ASAJA subraya que esta nueva PAC perjudica los intereses de agricultores y ganaderos y se ha orquestado de espaldas al campo. Esta jornada organizada por la Comisi\u00f3n Europea en el paseo de la Castellana, 46 es una prueba m\u00e1s de ello.<\/p>\n","protected":false},"excerpt":{"rendered":"<p>La Asociaci\u00f3n Agraria J\u00f3venes Agricultores -ASAJA- ha convocado para el pr\u00f3ximo mi\u00e9rcoles, 23 de noviembre, a las 09:00 horas, una concentraci\u00f3n de agricultores y ganaderos ante la Oficina de la Comisi\u00f3n Europea en Madrid, en protesta por el \u201cninguneo\u201d que esta instituci\u00f3n viene demostrando con los verdaderos protagonistas de la agricultura europea. La Oficina de [&hellip;]<\/p>\n","protected":false},"author":12,"featured_media":6221,"comment_status":"open","ping_status":"open","sticky":false,"template":"","format":"standard","meta":{"footnotes":""},"categories":[10,25],"tags":[],"yoast_head":"<!-- This site is optimized with the Yoast SEO plugin v24.5 - https:\/\/yoast.com\/wordpress\/plugins\/seo\/ -->\n<title>ASAJA convoca una concentraci\u00f3n el 23 de noviembre frente a la Delegaci\u00f3n de la Comisi\u00f3n Europea en Madrid - ASAJA Soria<\/title>\n<meta name=\"description\" content=\"La Asociaci\u00f3n Agraria J\u00f3venes Agricultores -ASAJA- ha convocado para el pr\u00f3ximo mi\u00e9rcoles, 23 de noviembre, a las 09:00 horas, una concentraci\u00f3n de\" \/>\n<meta name=\"robots\" content=\"index, follow, max-snippet:-1, max-image-preview:large, max-video-preview:-1\" \/>\n<link rel=\"canonical\" href=\"https:\/\/www.asajacyl.com\/soria\/asaja-soria-informa\/asaja-convoca-una-concentracion-el-23-de-noviembre-frente-a-la-delegacion-de-la-comision-europea-en-madrid\" \/>\n<meta property=\"og:locale\" content=\"es_ES\" \/>\n<meta property=\"og:type\" content=\"article\" \/>\n<meta property=\"og:title\" content=\"ASAJA convoca una concentraci\u00f3n el 23 de noviembre frente a la Delegaci\u00f3n de la Comisi\u00f3n Europea en Madrid - ASAJA Soria\" \/>\n<meta property=\"og:description\" content=\"La Asociaci\u00f3n Agraria J\u00f3venes Agricultores -ASAJA- ha convocado para el pr\u00f3ximo mi\u00e9rcoles, 23 de noviembre, a las 09:00 horas, una concentraci\u00f3n de\" \/>\n<meta property=\"og:url\" content=\"https:\/\/www.asajacyl.com\/soria\/asaja-soria-informa\/asaja-convoca-una-concentracion-el-23-de-noviembre-frente-a-la-delegacion-de-la-comision-europea-en-madrid\" \/>\n<meta property=\"og:site_name\" content=\"ASAJA Soria\" \/>\n<meta property=\"article:published_time\" content=\"2022-11-21T13:55:11+00:00\" \/>\n<meta property=\"article:modified_time\" content=\"2022-11-22T16:07:58+00:00\" \/>\n<meta property=\"og:image\" content=\"https:\/\/www.asajacyl.com\/soria\/wp-content\/uploads\/sites\/9\/2022\/11\/concentracion.jpg\" \/>\n\t<meta property=\"og:image:width\" content=\"1140\" \/>\n\t<meta property=\"og:image:height\" content=\"1600\" \/>\n\t<meta property=\"og:image:type\" content=\"image\/jpeg\" \/>\n<meta name=\"author\" content=\"Juan Ignacio Prieto Nieto\" \/>\n<meta name=\"twitter:card\" content=\"summary_large_image\" \/>\n<meta name=\"twitter:label1\" content=\"Escrito por\" \/>\n\t<meta name=\"twitter:data1\" content=\"Juan Ignacio Prieto Nieto\" \/>\n\t<meta name=\"twitter:label2\" content=\"Tiempo de lectura\" \/>\n\t<meta name=\"twitter:data2\" content=\"2 minutos\" \/>\n<script type=\"application\/ld+json\" class=\"yoast-schema-graph\">{\"@context\":\"https:\/\/schema.org\",\"@graph\":[{\"@type\":\"WebPage\",\"@id\":\"https:\/\/www.asajacyl.com\/soria\/asaja-soria-informa\/asaja-convoca-una-concentracion-el-23-de-noviembre-frente-a-la-delegacion-de-la-comision-europea-en-madrid\",\"url\":\"https:\/\/www.asajacyl.com\/soria\/asaja-soria-informa\/asaja-convoca-una-concentracion-el-23-de-noviembre-frente-a-la-delegacion-de-la-comision-europea-en-madrid\",\"name\":\"ASAJA convoca una concentraci\u00f3n el 23 de noviembre frente a la Delegaci\u00f3n de la Comisi\u00f3n Europea en Madrid - ASAJA Soria\",\"isPartOf\":{\"@id\":\"https:\/\/www.asajacyl.com\/soria\/#website\"},\"primaryImageOfPage\":{\"@id\":\"https:\/\/www.asajacyl.com\/soria\/asaja-soria-informa\/asaja-convoca-una-concentracion-el-23-de-noviembre-frente-a-la-delegacion-de-la-comision-europea-en-madrid#primaryimage\"},\"image\":{\"@id\":\"https:\/\/www.asajacyl.com\/soria\/asaja-soria-informa\/asaja-convoca-una-concentracion-el-23-de-noviembre-frente-a-la-delegacion-de-la-comision-europea-en-madrid#primaryimage\"},\"thumbnailUrl\":\"https:\/\/www.asajacyl.com\/soria\/wp-content\/uploads\/sites\/9\/2022\/11\/concentracion.jpg\",\"datePublished\":\"2022-11-21T13:55:11+00:00\",\"dateModified\":\"2022-11-22T16:07:58+00:00\",\"author\":{\"@id\":\"https:\/\/www.asajacyl.com\/soria\/#\/schema\/person\/fd3081c40255119ce8133b87e6aedfab\"},\"description\":\"La Asociaci\u00f3n Agraria J\u00f3venes Agricultores -ASAJA- ha convocado para el pr\u00f3ximo mi\u00e9rcoles, 23 de noviembre, a las 09:00 horas, una concentraci\u00f3n de\",\"breadcrumb\":{\"@id\":\"https:\/\/www.asajacyl.com\/soria\/asaja-soria-informa\/asaja-convoca-una-concentracion-el-23-de-noviembre-frente-a-la-delegacion-de-la-comision-europea-en-madrid#breadcrumb\"},\"inLanguage\":\"es\",\"potentialAction\":[{\"@type\":\"ReadAction\",\"target\":[\"https:\/\/www.asajacyl.com\/soria\/asaja-soria-informa\/asaja-convoca-una-concentracion-el-23-de-noviembre-frente-a-la-delegacion-de-la-comision-europea-en-madrid\"]}]},{\"@type\":\"ImageObject\",\"inLanguage\":\"es\",\"@id\":\"https:\/\/www.asajacyl.com\/soria\/asaja-soria-informa\/asaja-convoca-una-concentracion-el-23-de-noviembre-frente-a-la-delegacion-de-la-comision-europea-en-madrid#primaryimage\",\"url\":\"https:\/\/www.asajacyl.com\/soria\/wp-content\/uploads\/sites\/9\/2022\/11\/concentracion.jpg\",\"contentUrl\":\"https:\/\/www.asajacyl.com\/soria\/wp-content\/uploads\/sites\/9\/2022\/11\/concentracion.jpg\",\"width\":1140,\"height\":1600},{\"@type\":\"BreadcrumbList\",\"@id\":\"https:\/\/www.asajacyl.com\/soria\/asaja-soria-informa\/asaja-convoca-una-concentracion-el-23-de-noviembre-frente-a-la-delegacion-de-la-comision-europea-en-madrid#breadcrumb\",\"itemListElement\":[{\"@type\":\"ListItem\",\"position\":1,\"name\":\"Portada\",\"item\":\"https:\/\/www.asajacyl.com\/soria\/\"},{\"@type\":\"ListItem\",\"position\":2,\"name\":\"ASAJA convoca una concentraci\u00f3n el 23 de noviembre frente a la Delegaci\u00f3n de la Comisi\u00f3n Europea en Madrid\"}]},{\"@type\":\"WebSite\",\"@id\":\"https:\/\/www.asajacyl.com\/soria\/#website\",\"url\":\"https:\/\/www.asajacyl.com\/soria\/\",\"name\":\"ASAJA Soria\",\"description\":\"Otro sitio m\u00e1s de Provincias ASAJA Castilla y Le\u00f3n\",\"potentialAction\":[{\"@type\":\"SearchAction\",\"target\":{\"@type\":\"EntryPoint\",\"urlTemplate\":\"https:\/\/www.asajacyl.com\/soria\/?s={search_term_string}\"},\"query-input\":{\"@type\":\"PropertyValueSpecification\",\"valueRequired\":true,\"valueName\":\"search_term_string\"}}],\"inLanguage\":\"es\"},{\"@type\":\"Person\",\"@id\":\"https:\/\/www.asajacyl.com\/soria\/#\/schema\/person\/fd3081c40255119ce8133b87e6aedfab\",\"name\":\"Juan Ignacio Prieto Nieto\",\"image\":{\"@type\":\"ImageObject\",\"inLanguage\":\"es\",\"@id\":\"https:\/\/www.asajacyl.com\/soria\/#\/schema\/person\/image\/\",\"url\":\"https:\/\/secure.gravatar.com\/avatar\/8266b36e4d9001acb4700699a2468dc8?s=96&d=mm&r=g\",\"contentUrl\":\"https:\/\/secure.gravatar.com\/avatar\/8266b36e4d9001acb4700699a2468dc8?s=96&d=mm&r=g\",\"caption\":\"Juan Ignacio Prieto Nieto\"},\"url\":\"https:\/\/www.asajacyl.com\/soria\/author\/juanfranciscoby\"}]}<\/script>\n<!-- \/ Yoast SEO plugin. -->","yoast_head_json":{"title":"ASAJA convoca una concentraci\u00f3n el 23 de noviembre frente a la Delegaci\u00f3n de la Comisi\u00f3n Europea en Madrid - ASAJA Soria","description":"La Asociaci\u00f3n Agraria J\u00f3venes Agricultores -ASAJA- ha convocado para el pr\u00f3ximo mi\u00e9rcoles, 23 de noviembre, a las 09:00 horas, una concentraci\u00f3n de","robots":{"index":"index","follow":"follow","max-snippet":"max-snippet:-1","max-image-preview":"max-image-preview:large","max-video-preview":"max-video-preview:-1"},"canonical":"https:\/\/www.asajacyl.com\/soria\/asaja-soria-informa\/asaja-convoca-una-concentracion-el-23-de-noviembre-frente-a-la-delegacion-de-la-comision-europea-en-madrid","og_locale":"es_ES","og_type":"article","og_title":"ASAJA convoca una concentraci\u00f3n el 23 de noviembre frente a la Delegaci\u00f3n de la Comisi\u00f3n Europea en Madrid - ASAJA Soria","og_description":"La Asociaci\u00f3n Agraria J\u00f3venes Agricultores -ASAJA- ha convocado para el pr\u00f3ximo mi\u00e9rcoles, 23 de noviembre, a las 09:00 horas, una concentraci\u00f3n de","og_url":"https:\/\/www.asajacyl.com\/soria\/asaja-soria-informa\/asaja-convoca-una-concentracion-el-23-de-noviembre-frente-a-la-delegacion-de-la-comision-europea-en-madrid","og_site_name":"ASAJA Soria","article_published_time":"2022-11-21T13:55:11+00:00","article_modified_time":"2022-11-22T16:07:58+00:00","og_image":[{"width":1140,"height":1600,"url":"https:\/\/www.asajacyl.com\/soria\/wp-content\/uploads\/sites\/9\/2022\/11\/concentracion.jpg","type":"image\/jpeg"}],"author":"Juan Ignacio Prieto Nieto","twitter_card":"summary_large_image","twitter_misc":{"Escrito por":"Juan Ignacio Prieto Nieto","Tiempo de lectura":"2 minutos"},"schema":{"@context":"https:\/\/schema.org","@graph":[{"@type":"WebPage","@id":"https:\/\/www.asajacyl.com\/soria\/asaja-soria-informa\/asaja-convoca-una-concentracion-el-23-de-noviembre-frente-a-la-delegacion-de-la-comision-europea-en-madrid","url":"https:\/\/www.asajacyl.com\/soria\/asaja-soria-informa\/asaja-convoca-una-concentracion-el-23-de-noviembre-frente-a-la-delegacion-de-la-comision-europea-en-madrid","name":"ASAJA convoca una concentraci\u00f3n el 23 de noviembre frente a la Delegaci\u00f3n de la Comisi\u00f3n Europea en Madrid - ASAJA Soria","isPartOf":{"@id":"https:\/\/www.asajacyl.com\/soria\/#website"},"primaryImageOfPage":{"@id":"https:\/\/www.asajacyl.com\/soria\/asaja-soria-informa\/asaja-convoca-una-concentracion-el-23-de-noviembre-frente-a-la-delegacion-de-la-comision-europea-en-madrid#primaryimage"},"image":{"@id":"https:\/\/www.asajacyl.com\/soria\/asaja-soria-informa\/asaja-convoca-una-concentracion-el-23-de-noviembre-frente-a-la-delegacion-de-la-comision-europea-en-madrid#primaryimage"},"thumbnailUrl":"https:\/\/www.asajacyl.com\/soria\/wp-content\/uploads\/sites\/9\/2022\/11\/concentracion.jpg","datePublished":"2022-11-21T13:55:11+00:00","dateModified":"2022-11-22T16:07:58+00:00","author":{"@id":"https:\/\/www.asajacyl.com\/soria\/#\/schema\/person\/fd3081c40255119ce8133b87e6aedfab"},"description":"La Asociaci\u00f3n Agraria J\u00f3venes Agricultores -ASAJA- ha convocado para el pr\u00f3ximo mi\u00e9rcoles, 23 de noviembre, a las 09:00 horas, una concentraci\u00f3n de","breadcrumb":{"@id":"https:\/\/www.asajacyl.com\/soria\/asaja-soria-informa\/asaja-convoca-una-concentracion-el-23-de-noviembre-frente-a-la-delegacion-de-la-comision-europea-en-madrid#breadcrumb"},"inLanguage":"es","potentialAction":[{"@type":"ReadAction","target":["https:\/\/www.asajacyl.com\/soria\/asaja-soria-informa\/asaja-convoca-una-concentracion-el-23-de-noviembre-frente-a-la-delegacion-de-la-comision-europea-en-madrid"]}]},{"@type":"ImageObject","inLanguage":"es","@id":"https:\/\/www.asajacyl.com\/soria\/asaja-soria-informa\/asaja-convoca-una-concentracion-el-23-de-noviembre-frente-a-la-delegacion-de-la-comision-europea-en-madrid#primaryimage","url":"https:\/\/www.asajacyl.com\/soria\/wp-content\/uploads\/sites\/9\/2022\/11\/concentracion.jpg","contentUrl":"https:\/\/www.asajacyl.com\/soria\/wp-content\/uploads\/sites\/9\/2022\/11\/concentracion.jpg","width":1140,"height":1600},{"@type":"BreadcrumbList","@id":"https:\/\/www.asajacyl.com\/soria\/asaja-soria-informa\/asaja-convoca-una-concentracion-el-23-de-noviembre-frente-a-la-delegacion-de-la-comision-europea-en-madrid#breadcrumb","itemListElement":[{"@type":"ListItem","position":1,"name":"Portada","item":"https:\/\/www.asajacyl.com\/soria\/"},{"@type":"ListItem","position":2,"name":"ASAJA convoca una concentraci\u00f3n el 23 de noviembre frente a la Delegaci\u00f3n de la Comisi\u00f3n Europea en Madrid"}]},{"@type":"WebSite","@id":"https:\/\/www.asajacyl.com\/soria\/#website","url":"https:\/\/www.asajacyl.com\/soria\/","name":"ASAJA Soria","description":"Otro sitio m\u00e1s de Provincias ASAJA Castilla y Le\u00f3n","potentialAction":[{"@type":"SearchAction","target":{"@type":"EntryPoint","urlTemplate":"https:\/\/www.asajacyl.com\/soria\/?s={search_term_string}"},"query-input":{"@type":"PropertyValueSpecification","valueRequired":true,"valueName":"search_term_string"}}],"inLanguage":"es"},{"@type":"Person","@id":"https:\/\/www.asajacyl.com\/soria\/#\/schema\/person\/fd3081c40255119ce8133b87e6aedfab","name":"Juan Ignacio Prieto Nieto","image":{"@type":"ImageObject","inLanguage":"es","@id":"https:\/\/www.asajacyl.com\/soria\/#\/schema\/person\/image\/","url":"https:\/\/secure.gravatar.com\/avatar\/8266b36e4d9001acb4700699a2468dc8?s=96&d=mm&r=g","contentUrl":"https:\/\/secure.gravatar.com\/avatar\/8266b36e4d9001acb4700699a2468dc8?s=96&d=mm&r=g","caption":"Juan Ignacio Prieto Nieto"},"url":"https:\/\/www.asajacyl.com\/soria\/author\/juanfranciscoby"}]}},"_links":{"self":[{"href":"https:\/\/www.asajacyl.com\/soria\/wp-json\/wp\/v2\/posts\/6217"}],"collection":[{"href":"https:\/\/www.asajacyl.com\/soria\/wp-json\/wp\/v2\/posts"}],"about":[{"href":"https:\/\/www.asajacyl.com\/soria\/wp-json\/wp\/v2\/types\/post"}],"author":[{"embeddable":true,"href":"https:\/\/www.asajacyl.com\/soria\/wp-json\/wp\/v2\/users\/12"}],"replies":[{"embeddable":true,"href":"https:\/\/www.asajacyl.com\/soria\/wp-json\/wp\/v2\/comments?post=6217"}],"version-history":[{"count":7,"href":"https:\/\/www.asajacyl.com\/soria\/wp-json\/wp\/v2\/posts\/6217\/revisions"}],"predecessor-version":[{"id":6226,"href":"https:\/\/www.asajacyl.com\/soria\/wp-json\/wp\/v2\/posts\/6217\/revisions\/6226"}],"wp:featuredmedia":[{"embeddable":true,"href":"https:\/\/www.asajacyl.com\/soria\/wp-json\/wp\/v2\/media\/6221"}],"wp:attachment":[{"href":"https:\/\/www.asajacyl.com\/soria\/wp-json\/wp\/v2\/media?parent=6217"}],"wp:term":[{"taxonomy":"category","embeddable":true,"href":"https:\/\/www.asajacyl.com\/soria\/wp-json\/wp\/v2\/categories?post=6217"},{"taxonomy":"post_tag","embeddable":true,"href":"https:\/\/www.asajacyl.com\/soria\/wp-json\/wp\/v2\/tags?post=6217"}],"curies":[{"name":"wp","href":"https:\/\/api.w.org\/{rel}","templated":true}]}}