{"id":6227,"date":"2022-11-29T17:42:43","date_gmt":"2022-11-29T16:42:43","guid":{"rendered":"https:\/\/www.asajacyl.com\/soria\/?p=6227"},"modified":"2022-11-29T17:42:44","modified_gmt":"2022-11-29T16:42:44","slug":"asaja-soria-premia-con-el-espiga-al-ex-consejero-de-agricultura-y-el-tizon-va-para-la-consejeria-de-medio-ambiente","status":"publish","type":"post","link":"https:\/\/www.asajacyl.com\/soria\/asaja-soria-informa\/asaja-soria-premia-con-el-espiga-al-ex-consejero-de-agricultura-y-el-tizon-va-para-la-consejeria-de-medio-ambiente","title":{"rendered":"ASAJA Soria premia con el Espiga al ex consejero de Agricultura y el Tiz\u00f3n va para la Consejer\u00eda de Medio Ambiente"},"content":{"rendered":"\n<h2><em>Con la entrega de los galardones, el 22 de diciembre, se cerrar\u00e1 un a\u00f1o que ha sido muy complicado para el sector agroganadero<\/em><\/h2>\n<p><strong><em>\u00a0<\/em><\/strong>ASAJA Soria dio a conocer el 22 de noviembre el fallo de los Premios Espiga y Tiz\u00f3n 2022. El Premio Espiga ha reca\u00eddo en Jes\u00fas Julio Carnero, que fue consejero de Agricultura, Ganader\u00eda y Desarrollo Rural de la Junta de Castilla y Le\u00f3n de 2019 a 2022.<\/p>\n<p>Desde ASAJA se ha querido reconocer p\u00fablicamente que Carnero siempre ha sido receptivo con las demandas del sector primario y tambi\u00e9n que una de las primeras visitas que hizo a los pocos d\u00edas de recibir el alta en el hospital tras superar el Covid \u201cfuera precisamente a la junta directiva de nuestra organizaci\u00f3n, demostrando su compromiso absoluto con sus responsabilidades, y tambi\u00e9n que la enfermedad no hab\u00eda hecho mella alguna en sus ilusiones respecto a la capacidad de la pol\u00edtica para mejorar las cosas, pese a las dificultades. En todo momento, Jes\u00fas Julio Carnero intent\u00f3 estar disponible y atento a nuestras demandas, para tratar de encontrar soluciones que en ning\u00fan caso eran f\u00e1ciles\u201d.<\/p>\n<p><strong>\u2018Tizonazo\u2019 a Medio Ambiente y contencioso administrativo contra la prohibici\u00f3n de cosechar<\/strong><\/p>\n<p>El premio negativo, conocido como Premio Tiz\u00f3n, este a\u00f1o ha ido abrumadoramente a parar a la Consejer\u00eda de Medio Ambiente por la resoluci\u00f3n que prohib\u00eda cosechar. Para el presidente de ASAJA Soria, Carmelo G\u00f3mez, \u201ceste a\u00f1o estaba muy claro. Hemos sufrido un ataque muy fuerte. No nos dejaban cosechar, no nos permit\u00edan recoger el fruto de nuestro trabajo y nosotros desde el principio estuvimos oponi\u00e9ndonos a esa medida. Han criminalizado al sector agr\u00edcola\u201d.<\/p>\n<p>G\u00f3mez tambi\u00e9n apunt\u00f3 que \u201cASAJA siempre rechaz\u00f3 esa restricci\u00f3n y pidi\u00f3 que no se prohibieran las operaciones vinculadas a la siega. Adem\u00e1s, consideraba que se vulneraban derechos fundamentales como el del trabajo y el de libertad de movilidad, al imponerse una prohibici\u00f3n que no deber\u00eda haber pasado de recomendaci\u00f3n de m\u00e1ximas precauciones; medidas que siempre entran dentro de la rutina habitual de la recolecci\u00f3n en el verano por parte de los agricultores\u201d. Por todo ello la organizaci\u00f3n profesional agraria interpuso en aquel momento un recurso de alzada y \u201cante la falta de respuesta, en la ma\u00f1ana de este martes d\u00eda 22 hemos presentado la reclamaci\u00f3n contencioso administrativa ante el Tribunal Superior de Justicia de Castilla y Le\u00f3n y seguir, de esta forma, los pasos que marcan las leyes\u201d, avanz\u00f3 el presidente provincial de ASAJA.<\/p>\n<p><img loading=\"lazy\" decoding=\"async\" class=\"aligncenter size-full wp-image-6228\" src=\"https:\/\/www.asajacyl.com\/soria\/wp-content\/uploads\/sites\/9\/2022\/11\/2825.jpg\" alt=\"\" width=\"2500\" height=\"1664\" srcset=\"https:\/\/www.asajacyl.com\/soria\/wp-content\/uploads\/sites\/9\/2022\/11\/2825.jpg 2500w, https:\/\/www.asajacyl.com\/soria\/wp-content\/uploads\/sites\/9\/2022\/11\/2825-300x200.jpg 300w, https:\/\/www.asajacyl.com\/soria\/wp-content\/uploads\/sites\/9\/2022\/11\/2825-1024x682.jpg 1024w, https:\/\/www.asajacyl.com\/soria\/wp-content\/uploads\/sites\/9\/2022\/11\/2825-768x511.jpg 768w, https:\/\/www.asajacyl.com\/soria\/wp-content\/uploads\/sites\/9\/2022\/11\/2825-1536x1022.jpg 1536w, https:\/\/www.asajacyl.com\/soria\/wp-content\/uploads\/sites\/9\/2022\/11\/2825-2048x1363.jpg 2048w, https:\/\/www.asajacyl.com\/soria\/wp-content\/uploads\/sites\/9\/2022\/11\/2825-696x463.jpg 696w, https:\/\/www.asajacyl.com\/soria\/wp-content\/uploads\/sites\/9\/2022\/11\/2825-1068x711.jpg 1068w, https:\/\/www.asajacyl.com\/soria\/wp-content\/uploads\/sites\/9\/2022\/11\/2825-1920x1278.jpg 1920w, https:\/\/www.asajacyl.com\/soria\/wp-content\/uploads\/sites\/9\/2022\/11\/2825-631x420.jpg 631w\" sizes=\"(max-width: 2500px) 100vw, 2500px\" \/><\/p>\n<h6><strong>Responsables de ASAJA Soria, acompa\u00f1ados del apoyo jur\u00eddico, acudieron a los juzgados de Soria para la reclamaci\u00f3n contencioso administrativa ante el Tribunal Superior de Justicia de Castilla y Le\u00f3n.<\/strong> Foto: V. Guisande<\/h6>\n<p>Como en las 15 ediciones anteriores, el acto de entrega de los Premios Espiga y Tiz\u00f3n se realiza unos d\u00edas antes de Nochebuena en el Aula Magna Tirso de Molina de Soria, y en esta ocasi\u00f3n ser\u00e1 el d\u00eda 22 de diciembre. Este evento asimismo sirve como Asamblea Navide\u00f1a en la que los ganaderos y agricultores pueden escuchar ponencias de la m\u00e1xima relevancia y actualidad del agro provincial, regional, nacional y de la Uni\u00f3n Europea.<\/p>\n","protected":false},"excerpt":{"rendered":"<p>Con la entrega de los galardones, el 22 de diciembre, se cerrar\u00e1 un a\u00f1o que ha sido muy complicado para el sector agroganadero \u00a0ASAJA Soria dio a conocer el 22 de noviembre el fallo de los Premios Espiga y Tiz\u00f3n 2022. El Premio Espiga ha reca\u00eddo en Jes\u00fas Julio Carnero, que fue consejero de Agricultura, [&hellip;]<\/p>\n","protected":false},"author":12,"featured_media":6229,"comment_status":"open","ping_status":"open","sticky":false,"template":"","format":"standard","meta":{"footnotes":""},"categories":[10,25],"tags":[],"yoast_head":"<!-- This site is optimized with the Yoast SEO plugin v24.5 - https:\/\/yoast.com\/wordpress\/plugins\/seo\/ -->\n<title>ASAJA Soria premia con el Espiga al ex consejero de Agricultura y el Tiz\u00f3n va para la Consejer\u00eda de Medio Ambiente - ASAJA Soria<\/title>\n<meta name=\"description\" content=\"Con la entrega de los galardones, el 22 de diciembre, se cerrar\u00e1 un a\u00f1o que ha sido muy complicado para el sector agroganadero \u00a0ASAJA Soria dio a conocer\" \/>\n<meta name=\"robots\" content=\"index, follow, max-snippet:-1, max-image-preview:large, max-video-preview:-1\" \/>\n<link rel=\"canonical\" href=\"https:\/\/www.asajacyl.com\/soria\/asaja-soria-informa\/asaja-soria-premia-con-el-espiga-al-ex-consejero-de-agricultura-y-el-tizon-va-para-la-consejeria-de-medio-ambiente\" \/>\n<meta property=\"og:locale\" content=\"es_ES\" \/>\n<meta property=\"og:type\" content=\"article\" \/>\n<meta property=\"og:title\" content=\"ASAJA Soria premia con el Espiga al ex consejero de Agricultura y el Tiz\u00f3n va para la Consejer\u00eda de Medio Ambiente - ASAJA Soria\" \/>\n<meta property=\"og:description\" content=\"Con la entrega de los galardones, el 22 de diciembre, se cerrar\u00e1 un a\u00f1o que ha sido muy complicado para el sector agroganadero \u00a0ASAJA Soria dio a conocer\" \/>\n<meta property=\"og:url\" content=\"https:\/\/www.asajacyl.com\/soria\/asaja-soria-informa\/asaja-soria-premia-con-el-espiga-al-ex-consejero-de-agricultura-y-el-tizon-va-para-la-consejeria-de-medio-ambiente\" \/>\n<meta property=\"og:site_name\" content=\"ASAJA Soria\" \/>\n<meta property=\"article:published_time\" content=\"2022-11-29T16:42:43+00:00\" \/>\n<meta property=\"article:modified_time\" content=\"2022-11-29T16:42:44+00:00\" \/>\n<meta property=\"og:image\" content=\"https:\/\/www.asajacyl.com\/soria\/wp-content\/uploads\/sites\/9\/2022\/11\/IMG_6461.jpg\" \/>\n\t<meta property=\"og:image:width\" content=\"2500\" \/>\n\t<meta property=\"og:image:height\" content=\"1875\" \/>\n\t<meta property=\"og:image:type\" content=\"image\/jpeg\" \/>\n<meta name=\"author\" content=\"Juan Ignacio Prieto Nieto\" \/>\n<meta name=\"twitter:card\" content=\"summary_large_image\" \/>\n<meta name=\"twitter:label1\" content=\"Escrito por\" \/>\n\t<meta name=\"twitter:data1\" content=\"Juan Ignacio Prieto Nieto\" \/>\n\t<meta name=\"twitter:label2\" content=\"Tiempo de lectura\" \/>\n\t<meta name=\"twitter:data2\" content=\"3 minutos\" \/>\n<script type=\"application\/ld+json\" class=\"yoast-schema-graph\">{\"@context\":\"https:\/\/schema.org\",\"@graph\":[{\"@type\":\"WebPage\",\"@id\":\"https:\/\/www.asajacyl.com\/soria\/asaja-soria-informa\/asaja-soria-premia-con-el-espiga-al-ex-consejero-de-agricultura-y-el-tizon-va-para-la-consejeria-de-medio-ambiente\",\"url\":\"https:\/\/www.asajacyl.com\/soria\/asaja-soria-informa\/asaja-soria-premia-con-el-espiga-al-ex-consejero-de-agricultura-y-el-tizon-va-para-la-consejeria-de-medio-ambiente\",\"name\":\"ASAJA Soria premia con el Espiga al ex consejero de Agricultura y el Tiz\u00f3n va para la Consejer\u00eda de Medio Ambiente - ASAJA Soria\",\"isPartOf\":{\"@id\":\"https:\/\/www.asajacyl.com\/soria\/#website\"},\"primaryImageOfPage\":{\"@id\":\"https:\/\/www.asajacyl.com\/soria\/asaja-soria-informa\/asaja-soria-premia-con-el-espiga-al-ex-consejero-de-agricultura-y-el-tizon-va-para-la-consejeria-de-medio-ambiente#primaryimage\"},\"image\":{\"@id\":\"https:\/\/www.asajacyl.com\/soria\/asaja-soria-informa\/asaja-soria-premia-con-el-espiga-al-ex-consejero-de-agricultura-y-el-tizon-va-para-la-consejeria-de-medio-ambiente#primaryimage\"},\"thumbnailUrl\":\"https:\/\/www.asajacyl.com\/soria\/wp-content\/uploads\/sites\/9\/2022\/11\/IMG_6461.jpg\",\"datePublished\":\"2022-11-29T16:42:43+00:00\",\"dateModified\":\"2022-11-29T16:42:44+00:00\",\"author\":{\"@id\":\"https:\/\/www.asajacyl.com\/soria\/#\/schema\/person\/fd3081c40255119ce8133b87e6aedfab\"},\"description\":\"Con la entrega de los galardones, el 22 de diciembre, se cerrar\u00e1 un a\u00f1o que ha sido muy complicado para el sector agroganadero \u00a0ASAJA Soria dio a conocer\",\"breadcrumb\":{\"@id\":\"https:\/\/www.asajacyl.com\/soria\/asaja-soria-informa\/asaja-soria-premia-con-el-espiga-al-ex-consejero-de-agricultura-y-el-tizon-va-para-la-consejeria-de-medio-ambiente#breadcrumb\"},\"inLanguage\":\"es\",\"potentialAction\":[{\"@type\":\"ReadAction\",\"target\":[\"https:\/\/www.asajacyl.com\/soria\/asaja-soria-informa\/asaja-soria-premia-con-el-espiga-al-ex-consejero-de-agricultura-y-el-tizon-va-para-la-consejeria-de-medio-ambiente\"]}]},{\"@type\":\"ImageObject\",\"inLanguage\":\"es\",\"@id\":\"https:\/\/www.asajacyl.com\/soria\/asaja-soria-informa\/asaja-soria-premia-con-el-espiga-al-ex-consejero-de-agricultura-y-el-tizon-va-para-la-consejeria-de-medio-ambiente#primaryimage\",\"url\":\"https:\/\/www.asajacyl.com\/soria\/wp-content\/uploads\/sites\/9\/2022\/11\/IMG_6461.jpg\",\"contentUrl\":\"https:\/\/www.asajacyl.com\/soria\/wp-content\/uploads\/sites\/9\/2022\/11\/IMG_6461.jpg\",\"width\":2500,\"height\":1875},{\"@type\":\"BreadcrumbList\",\"@id\":\"https:\/\/www.asajacyl.com\/soria\/asaja-soria-informa\/asaja-soria-premia-con-el-espiga-al-ex-consejero-de-agricultura-y-el-tizon-va-para-la-consejeria-de-medio-ambiente#breadcrumb\",\"itemListElement\":[{\"@type\":\"ListItem\",\"position\":1,\"name\":\"Portada\",\"item\":\"https:\/\/www.asajacyl.com\/soria\/\"},{\"@type\":\"ListItem\",\"position\":2,\"name\":\"ASAJA Soria premia con el Espiga al ex consejero de Agricultura y el Tiz\u00f3n va para la Consejer\u00eda de Medio Ambiente\"}]},{\"@type\":\"WebSite\",\"@id\":\"https:\/\/www.asajacyl.com\/soria\/#website\",\"url\":\"https:\/\/www.asajacyl.com\/soria\/\",\"name\":\"ASAJA Soria\",\"description\":\"Otro sitio m\u00e1s de Provincias ASAJA Castilla y Le\u00f3n\",\"potentialAction\":[{\"@type\":\"SearchAction\",\"target\":{\"@type\":\"EntryPoint\",\"urlTemplate\":\"https:\/\/www.asajacyl.com\/soria\/?s={search_term_string}\"},\"query-input\":{\"@type\":\"PropertyValueSpecification\",\"valueRequired\":true,\"valueName\":\"search_term_string\"}}],\"inLanguage\":\"es\"},{\"@type\":\"Person\",\"@id\":\"https:\/\/www.asajacyl.com\/soria\/#\/schema\/person\/fd3081c40255119ce8133b87e6aedfab\",\"name\":\"Juan Ignacio Prieto Nieto\",\"image\":{\"@type\":\"ImageObject\",\"inLanguage\":\"es\",\"@id\":\"https:\/\/www.asajacyl.com\/soria\/#\/schema\/person\/image\/\",\"url\":\"https:\/\/secure.gravatar.com\/avatar\/8266b36e4d9001acb4700699a2468dc8?s=96&d=mm&r=g\",\"contentUrl\":\"https:\/\/secure.gravatar.com\/avatar\/8266b36e4d9001acb4700699a2468dc8?s=96&d=mm&r=g\",\"caption\":\"Juan Ignacio Prieto Nieto\"},\"url\":\"https:\/\/www.asajacyl.com\/soria\/author\/juanfranciscoby\"}]}<\/script>\n<!-- \/ Yoast SEO plugin. -->","yoast_head_json":{"title":"ASAJA Soria premia con el Espiga al ex consejero de Agricultura y el Tiz\u00f3n va para la Consejer\u00eda de Medio Ambiente - ASAJA Soria","description":"Con la entrega de los galardones, el 22 de diciembre, se cerrar\u00e1 un a\u00f1o que ha sido muy complicado para el sector agroganadero \u00a0ASAJA Soria dio a conocer","robots":{"index":"index","follow":"follow","max-snippet":"max-snippet:-1","max-image-preview":"max-image-preview:large","max-video-preview":"max-video-preview:-1"},"canonical":"https:\/\/www.asajacyl.com\/soria\/asaja-soria-informa\/asaja-soria-premia-con-el-espiga-al-ex-consejero-de-agricultura-y-el-tizon-va-para-la-consejeria-de-medio-ambiente","og_locale":"es_ES","og_type":"article","og_title":"ASAJA Soria premia con el Espiga al ex consejero de Agricultura y el Tiz\u00f3n va para la Consejer\u00eda de Medio Ambiente - ASAJA Soria","og_description":"Con la entrega de los galardones, el 22 de diciembre, se cerrar\u00e1 un a\u00f1o que ha sido muy complicado para el sector agroganadero \u00a0ASAJA Soria dio a conocer","og_url":"https:\/\/www.asajacyl.com\/soria\/asaja-soria-informa\/asaja-soria-premia-con-el-espiga-al-ex-consejero-de-agricultura-y-el-tizon-va-para-la-consejeria-de-medio-ambiente","og_site_name":"ASAJA Soria","article_published_time":"2022-11-29T16:42:43+00:00","article_modified_time":"2022-11-29T16:42:44+00:00","og_image":[{"width":2500,"height":1875,"url":"https:\/\/www.asajacyl.com\/soria\/wp-content\/uploads\/sites\/9\/2022\/11\/IMG_6461.jpg","type":"image\/jpeg"}],"author":"Juan Ignacio Prieto Nieto","twitter_card":"summary_large_image","twitter_misc":{"Escrito por":"Juan Ignacio Prieto Nieto","Tiempo de lectura":"3 minutos"},"schema":{"@context":"https:\/\/schema.org","@graph":[{"@type":"WebPage","@id":"https:\/\/www.asajacyl.com\/soria\/asaja-soria-informa\/asaja-soria-premia-con-el-espiga-al-ex-consejero-de-agricultura-y-el-tizon-va-para-la-consejeria-de-medio-ambiente","url":"https:\/\/www.asajacyl.com\/soria\/asaja-soria-informa\/asaja-soria-premia-con-el-espiga-al-ex-consejero-de-agricultura-y-el-tizon-va-para-la-consejeria-de-medio-ambiente","name":"ASAJA Soria premia con el Espiga al ex consejero de Agricultura y el Tiz\u00f3n va para la Consejer\u00eda de Medio Ambiente - ASAJA Soria","isPartOf":{"@id":"https:\/\/www.asajacyl.com\/soria\/#website"},"primaryImageOfPage":{"@id":"https:\/\/www.asajacyl.com\/soria\/asaja-soria-informa\/asaja-soria-premia-con-el-espiga-al-ex-consejero-de-agricultura-y-el-tizon-va-para-la-consejeria-de-medio-ambiente#primaryimage"},"image":{"@id":"https:\/\/www.asajacyl.com\/soria\/asaja-soria-informa\/asaja-soria-premia-con-el-espiga-al-ex-consejero-de-agricultura-y-el-tizon-va-para-la-consejeria-de-medio-ambiente#primaryimage"},"thumbnailUrl":"https:\/\/www.asajacyl.com\/soria\/wp-content\/uploads\/sites\/9\/2022\/11\/IMG_6461.jpg","datePublished":"2022-11-29T16:42:43+00:00","dateModified":"2022-11-29T16:42:44+00:00","author":{"@id":"https:\/\/www.asajacyl.com\/soria\/#\/schema\/person\/fd3081c40255119ce8133b87e6aedfab"},"description":"Con la entrega de los galardones, el 22 de diciembre, se cerrar\u00e1 un a\u00f1o que ha sido muy complicado para el sector agroganadero \u00a0ASAJA Soria dio a conocer","breadcrumb":{"@id":"https:\/\/www.asajacyl.com\/soria\/asaja-soria-informa\/asaja-soria-premia-con-el-espiga-al-ex-consejero-de-agricultura-y-el-tizon-va-para-la-consejeria-de-medio-ambiente#breadcrumb"},"inLanguage":"es","potentialAction":[{"@type":"ReadAction","target":["https:\/\/www.asajacyl.com\/soria\/asaja-soria-informa\/asaja-soria-premia-con-el-espiga-al-ex-consejero-de-agricultura-y-el-tizon-va-para-la-consejeria-de-medio-ambiente"]}]},{"@type":"ImageObject","inLanguage":"es","@id":"https:\/\/www.asajacyl.com\/soria\/asaja-soria-informa\/asaja-soria-premia-con-el-espiga-al-ex-consejero-de-agricultura-y-el-tizon-va-para-la-consejeria-de-medio-ambiente#primaryimage","url":"https:\/\/www.asajacyl.com\/soria\/wp-content\/uploads\/sites\/9\/2022\/11\/IMG_6461.jpg","contentUrl":"https:\/\/www.asajacyl.com\/soria\/wp-content\/uploads\/sites\/9\/2022\/11\/IMG_6461.jpg","width":2500,"height":1875},{"@type":"BreadcrumbList","@id":"https:\/\/www.asajacyl.com\/soria\/asaja-soria-informa\/asaja-soria-premia-con-el-espiga-al-ex-consejero-de-agricultura-y-el-tizon-va-para-la-consejeria-de-medio-ambiente#breadcrumb","itemListElement":[{"@type":"ListItem","position":1,"name":"Portada","item":"https:\/\/www.asajacyl.com\/soria\/"},{"@type":"ListItem","position":2,"name":"ASAJA Soria premia con el Espiga al ex consejero de Agricultura y el Tiz\u00f3n va para la Consejer\u00eda de Medio Ambiente"}]},{"@type":"WebSite","@id":"https:\/\/www.asajacyl.com\/soria\/#website","url":"https:\/\/www.asajacyl.com\/soria\/","name":"ASAJA Soria","description":"Otro sitio m\u00e1s de Provincias ASAJA Castilla y Le\u00f3n","potentialAction":[{"@type":"SearchAction","target":{"@type":"EntryPoint","urlTemplate":"https:\/\/www.asajacyl.com\/soria\/?s={search_term_string}"},"query-input":{"@type":"PropertyValueSpecification","valueRequired":true,"valueName":"search_term_string"}}],"inLanguage":"es"},{"@type":"Person","@id":"https:\/\/www.asajacyl.com\/soria\/#\/schema\/person\/fd3081c40255119ce8133b87e6aedfab","name":"Juan Ignacio Prieto Nieto","image":{"@type":"ImageObject","inLanguage":"es","@id":"https:\/\/www.asajacyl.com\/soria\/#\/schema\/person\/image\/","url":"https:\/\/secure.gravatar.com\/avatar\/8266b36e4d9001acb4700699a2468dc8?s=96&d=mm&r=g","contentUrl":"https:\/\/secure.gravatar.com\/avatar\/8266b36e4d9001acb4700699a2468dc8?s=96&d=mm&r=g","caption":"Juan Ignacio Prieto Nieto"},"url":"https:\/\/www.asajacyl.com\/soria\/author\/juanfranciscoby"}]}},"_links":{"self":[{"href":"https:\/\/www.asajacyl.com\/soria\/wp-json\/wp\/v2\/posts\/6227"}],"collection":[{"href":"https:\/\/www.asajacyl.com\/soria\/wp-json\/wp\/v2\/posts"}],"about":[{"href":"https:\/\/www.asajacyl.com\/soria\/wp-json\/wp\/v2\/types\/post"}],"author":[{"embeddable":true,"href":"https:\/\/www.asajacyl.com\/soria\/wp-json\/wp\/v2\/users\/12"}],"replies":[{"embeddable":true,"href":"https:\/\/www.asajacyl.com\/soria\/wp-json\/wp\/v2\/comments?post=6227"}],"version-history":[{"count":4,"href":"https:\/\/www.asajacyl.com\/soria\/wp-json\/wp\/v2\/posts\/6227\/revisions"}],"predecessor-version":[{"id":6233,"href":"https:\/\/www.asajacyl.com\/soria\/wp-json\/wp\/v2\/posts\/6227\/revisions\/6233"}],"wp:featuredmedia":[{"embeddable":true,"href":"https:\/\/www.asajacyl.com\/soria\/wp-json\/wp\/v2\/media\/6229"}],"wp:attachment":[{"href":"https:\/\/www.asajacyl.com\/soria\/wp-json\/wp\/v2\/media?parent=6227"}],"wp:term":[{"taxonomy":"category","embeddable":true,"href":"https:\/\/www.asajacyl.com\/soria\/wp-json\/wp\/v2\/categories?post=6227"},{"taxonomy":"post_tag","embeddable":true,"href":"https:\/\/www.asajacyl.com\/soria\/wp-json\/wp\/v2\/tags?post=6227"}],"curies":[{"name":"wp","href":"https:\/\/api.w.org\/{rel}","templated":true}]}}