{"id":6234,"date":"2022-11-22T17:20:56","date_gmt":"2022-11-22T16:20:56","guid":{"rendered":"https:\/\/www.asajacyl.com\/soria\/?p=6234"},"modified":"2022-11-22T17:20:58","modified_gmt":"2022-11-22T16:20:58","slug":"las-razones-de-la-protesta-del-23-de-noviembre-en-madrid","status":"publish","type":"post","link":"https:\/\/www.asajacyl.com\/soria\/asaja-soria-informa\/las-razones-de-la-protesta-del-23-de-noviembre-en-madrid","title":{"rendered":"LAS RAZONES DE LA PROTESTA DEL 23 DE NOVIEMBRE EN MADRID"},"content":{"rendered":"\n<p><strong>Un PACTO VERDE para los eur\u00f3cratas de Bruselas<\/strong><\/p>\n<p><strong>Un FUTURO NEGRO para los agricultores de Espa\u00f1a<\/strong><\/p>\n<p>Las propuestas del Pacto Verde, y en especial las Estrategias \u201cdel Campo a la Mesa\u201d y \u201cBiodiversidad\u201d esconden, tras unas bonitas frases, una lista de limitaciones y restricciones para la agricultura productiva en el horizonte \u201c2030\u201d.<\/p>\n<ul>\n<li>50% de reducci\u00f3n de uso de tratamientos fitosanitarios.<\/li>\n<li>50% de reducci\u00f3n de antimicrobianos en la producci\u00f3n animal (Los antibi\u00f3ticos est\u00e1n ya prohibidos salvo para prevenci\u00f3n y tratamiento de enfermedades).<\/li>\n<li>20% de reducci\u00f3n de fertilizantes.<\/li>\n<li>10% obligatorio de tierra improductiva.<\/li>\n<li>M\u00ednimo obligatorio del 25% de agricultura ecol\u00f3gica.<\/li>\n<\/ul>\n<p>Estas limitaciones se han fijado con un \u00fanico inter\u00e9s ideol\u00f3gico y sin ninguna base cient\u00edfica.<\/p>\n<p>As\u00ed lo han manifestado distintos estudios de impacto (desde el Departamento de Agricultura de los EE.UU., la Universidad de Wageningen en Holanda o el propio Joint Research Center de la Comisi\u00f3n Europea. Todos coinciden en que el Pacto Verde llevar\u00e1 a Europa a:<\/p>\n<ul>\n<li>Reducci\u00f3n de la producci\u00f3n<\/li>\n<li>Mayor dependencia del exterior<\/li>\n<li>Incremento de costes de inputs<\/li>\n<li>Contaminaci\u00f3n \u201cimportada\u201d<\/li>\n<li>Incremento de precios al consumo<\/li>\n<li>Reducci\u00f3n del PIB<\/li>\n<\/ul>\n<p>La Comisi\u00f3n y los grupos eco-radicales quieren imponer esta agenda a toda costa, a expensas de la agricultura productiva europea. Ni el Covid ni la Guerra de Ucrania, ni el aumento de los costes, ni la inflaci\u00f3n suponen para ellos ning\u00fan motivo de reflexi\u00f3n.<\/p>\n<p><strong>MENOS RESTRICCIONES<\/strong><\/p>\n<p><strong>Y M\u00c1S INVERSIONES<\/strong><\/p>\n<p>Son precisamente las restricciones que Europa se autoimpone e impone a nuestros agricultores las que hacen que las inversiones se marchen a otras potencias y zonas productoras competidoras. Con un panorama de restricciones como el que plantea el Pacto Verde, \u00bfQu\u00e9 empresa va a querer invertir cuando el horizonte que plantean los estudios de impacto es tan negativo?<\/p>\n<p>\u00a0<\/p>\n<p><strong>M\u00c1S INNOVACI\u00d3N\u00a0<\/strong><\/p>\n<p><strong>MENOS PROHIBICI\u00d3N<\/strong><\/p>\n<p>La innovaci\u00f3n, la digitalizaci\u00f3n y las nuevas t\u00e9cnicas de producci\u00f3n son, claramente, las mejores herramientas para abordar muchos de los problemas e inquietudes clim\u00e1ticas y ambientales, en Europa y en todo el planeta.<\/p>\n<p>Nuestra apuesta por la ciencia, la investigaci\u00f3n, la innovaci\u00f3n y la aplicaci\u00f3n sobre el terreno de los resultados cient\u00edficos es incuestionable. De esta apuesta nace ALAS (Alianza parta una Agricultura Sostenible) en la que ASAJA y otras organizaciones agrarias y representantes de la agricultura productiva espa\u00f1ola son pioneras en la defensa de estos modelos sostenibles de agricultura, apoyados esencialmente por la ciencia.<\/p>\n<p>\u00a0<\/p>\n<p><strong>DEL CAMPO A LA MESA<\/strong><\/p>\n<p>Si no estamos en el campo&#8230; No habr\u00e1 nada en la mesa<\/p>\n<p>Se ha demostrado que la actividad productiva alimentaria y agroalimentaria son esenciales y estrat\u00e9gicas. Tanto el Covid como la agresi\u00f3n rusa a Ucrania y su repercusi\u00f3n en el mercado agroalimentario y energ\u00e9tico mundial han puesto de manifiesto la necesidad de garantizarse un nivel de aprovisionamiento satisfactorio para la ciudadan\u00eda y para los compromisos alimentarios mundiales.<\/p>\n<p>De hecho, estos acontecimientos nos deben hacer recordar el motivo por el que se crea la PAC y sus principios del Art 39 del Tratado de la UE. (Acceso fiable, seguro y razonable a los alimentos, incrementar la producci\u00f3n agraria y mejorar la renta de los agricultores).<\/p>\n<p>La PAC es necesaria pero para que funcione los agricultores y ganaderos son esenciales. Sin los agricultores en el campo, no hay comida en la mesa.<\/p>\n<p>\u00a0<\/p>\n<p><strong>SI EL CAMPO SE ARRUINA<\/strong><\/p>\n<p><strong>TE QUEDAS SIN COMIDA<\/strong><\/p>\n<p>\u00a0<\/p>\n<p><strong>NO HAY SOSTENIBILIDAD\u00a0<\/strong><\/p>\n<p><strong>SIN RENTABILIDAD<\/strong><\/p>\n<p>La sostenibilidad bien entendida consta de tres patas, social, ambiental y econ\u00f3mica y no se puede pretender una sostenibilidad o una durabilidad del sistema si no hay un equilibrio entre estas tres patas.<\/p>\n<p>En sus propuestas de Pacto Verde y en la nueva PAC, Europa fuerza la balanza a favor de un medioambiente impuesto por determinados grupos de presi\u00f3n con enorme fuerza y tir\u00f3n populista, tanto en la Euroc\u00e1mara, como en la Comisi\u00f3n, con un vicepresidente Timmermans claramente posicionado con las tesis m\u00e1s radicales de Greta Thunberg.<\/p>\n<p>Muchas de sus decisiones, como la pol\u00e9mica del glifosato, no est\u00e1n basadas en criterios cient\u00edficos, con una aplastante mayor\u00eda de opiniones y dict\u00e1menes favorables, sino por posiciones demag\u00f3gicas y populistas impulsadas desde sectores que buscan la desaparici\u00f3n de la agricultura productiva en Europa para sustituirla por una agricultura decorativa.<\/p>\n<p><strong>\u00a0<\/strong><\/p>\n<p><strong>EL AGUA ES VIDA<\/strong><\/p>\n<p><strong>TU GARANT\u00cdA DE COMIDA<\/strong><\/p>\n<p>\u00a0<\/p>\n<p>La criminalizaci\u00f3n del regad\u00edo es otra muestra palpable de la incoherencia de Europa ante las necesidades alimentarias y sociales, no solo de Europa sino de todo el planeta.<\/p>\n<p>El regad\u00edo eficiente e inteligente supone una garant\u00eda alimentaria, social y medioambiental que se empe\u00f1an en negar en Bruselas y en los c\u00edrculos m\u00e1s extremistas. Basta ya de criminalizarlo y vamos a apostar por la modernizaci\u00f3n del regad\u00edo y la optimizaci\u00f3n de los recursos h\u00eddricos.<\/p>\n<p>\u00a0<\/p>\n<p><strong>EL \u201cMETAVERSO\u201d DE EUROPA<\/strong><\/p>\n<p><strong>\u00bfUNA PAC SIN AGRICULTORES?<\/strong><\/p>\n<p>\u00a0<\/p>\n<p>Si Europa, y la Comisi\u00f3n Europea a la cabeza se empe\u00f1an en continuar con esta pol\u00edtica restrictiva y anti productiva, conseguir\u00e1 que los profesionales que vayan quedando abandonen, aburridos de papeleo, restricciones, controles y sanciones.<\/p>\n<p>Hay que mirar muy atentamente la pir\u00e1mide poblacional del campo europeo y espa\u00f1ol, con una media de edad muy avanzada y una tasa muy baja de renegaci\u00f3n en la actividad agraria.<\/p>\n<p>Esto es crucial. En 10 a\u00f1os, m\u00e1s de la mitad de los actuales agricultores ya no estar\u00e1 al frente de la explotaci\u00f3n y, sin embargo, los j\u00f3venes apenas encuentran incentivos para continuar o instalarse en la actividad agraria, por muchos factores y solo la PAC.<\/p>\n<p>Europa deber\u00eda quitarse estas gafas de \u201crealidad virtual\u201d y acercarse mucho m\u00e1s al terreno.<\/p>\n<p><strong>LOS BUR\u00d3CRATAS DENTRO<\/strong><\/p>\n<p><strong>LOS AGRICULTORES FUERA<\/strong><\/p>\n<p>\u00a0<\/p>\n<p>Sin embargo, las pruebas parecen contundentes. La Oficina de la CE en Madrid organiza una jornada sobre \u201cLa nueva Pol\u00edtica Agr\u00edcola Com\u00fan Europa: retos y oportunidades para impulsar la agricultura sostenible en Espa\u00f1a\u201d donde se ignora el papel protagonista de los agricultores, releg\u00e1ndonos a un papel de poco m\u00e1s que de \u201cconvidados de piedra\u201d.<\/p>\n<p>\u00a0<\/p>\n<p><strong>SI NO NOS QUIEREN DENTRO<\/strong><\/p>\n<p><strong>NOS ENCONTRAR\u00c1N FUERA<\/strong><\/p>\n","protected":false},"excerpt":{"rendered":"<p>Un PACTO VERDE para los eur\u00f3cratas de Bruselas Un FUTURO NEGRO para los agricultores de Espa\u00f1a Las propuestas del Pacto Verde, y en especial las Estrategias \u201cdel Campo a la Mesa\u201d y \u201cBiodiversidad\u201d esconden, tras unas bonitas frases, una lista de limitaciones y restricciones para la agricultura productiva en el horizonte \u201c2030\u201d. 50% de reducci\u00f3n [&hellip;]<\/p>\n","protected":false},"author":12,"featured_media":6194,"comment_status":"open","ping_status":"open","sticky":false,"template":"","format":"standard","meta":{"footnotes":""},"categories":[10,25],"tags":[],"yoast_head":"<!-- This site is optimized with the Yoast SEO plugin v24.5 - https:\/\/yoast.com\/wordpress\/plugins\/seo\/ -->\n<title>LAS RAZONES DE LA PROTESTA DEL 23 DE NOVIEMBRE EN MADRID - ASAJA Soria<\/title>\n<meta name=\"description\" content=\"Un PACTO VERDE para los eur\u00f3cratas de Bruselas Un FUTURO NEGRO para los agricultores de Espa\u00f1a Las propuestas del Pacto Verde, y en especial las\" \/>\n<meta name=\"robots\" content=\"index, follow, max-snippet:-1, max-image-preview:large, max-video-preview:-1\" \/>\n<link rel=\"canonical\" href=\"https:\/\/www.asajacyl.com\/soria\/asaja-soria-informa\/las-razones-de-la-protesta-del-23-de-noviembre-en-madrid\" \/>\n<meta property=\"og:locale\" content=\"es_ES\" \/>\n<meta property=\"og:type\" content=\"article\" \/>\n<meta property=\"og:title\" content=\"LAS RAZONES DE LA PROTESTA DEL 23 DE NOVIEMBRE EN MADRID - ASAJA Soria\" \/>\n<meta property=\"og:description\" content=\"Un PACTO VERDE para los eur\u00f3cratas de Bruselas Un FUTURO NEGRO para los agricultores de Espa\u00f1a Las propuestas del Pacto Verde, y en especial las\" \/>\n<meta property=\"og:url\" content=\"https:\/\/www.asajacyl.com\/soria\/asaja-soria-informa\/las-razones-de-la-protesta-del-23-de-noviembre-en-madrid\" \/>\n<meta property=\"og:site_name\" content=\"ASAJA Soria\" \/>\n<meta property=\"article:published_time\" content=\"2022-11-22T16:20:56+00:00\" \/>\n<meta property=\"article:modified_time\" content=\"2022-11-22T16:20:58+00:00\" \/>\n<meta property=\"og:image\" content=\"https:\/\/www.asajacyl.com\/soria\/wp-content\/uploads\/sites\/9\/2022\/11\/edificio_justus_lipsius_consejo_ue_p010346001h_audiovisual_service_ce.jpg\" \/>\n\t<meta property=\"og:image:width\" content=\"880\" \/>\n\t<meta property=\"og:image:height\" content=\"495\" \/>\n\t<meta property=\"og:image:type\" content=\"image\/jpeg\" \/>\n<meta name=\"author\" content=\"Juan Ignacio Prieto Nieto\" \/>\n<meta name=\"twitter:card\" content=\"summary_large_image\" \/>\n<meta name=\"twitter:label1\" content=\"Escrito por\" \/>\n\t<meta name=\"twitter:data1\" content=\"Juan Ignacio Prieto Nieto\" \/>\n\t<meta name=\"twitter:label2\" content=\"Tiempo de lectura\" \/>\n\t<meta name=\"twitter:data2\" content=\"5 minutos\" \/>\n<script type=\"application\/ld+json\" class=\"yoast-schema-graph\">{\"@context\":\"https:\/\/schema.org\",\"@graph\":[{\"@type\":\"WebPage\",\"@id\":\"https:\/\/www.asajacyl.com\/soria\/asaja-soria-informa\/las-razones-de-la-protesta-del-23-de-noviembre-en-madrid\",\"url\":\"https:\/\/www.asajacyl.com\/soria\/asaja-soria-informa\/las-razones-de-la-protesta-del-23-de-noviembre-en-madrid\",\"name\":\"LAS RAZONES DE LA PROTESTA DEL 23 DE NOVIEMBRE EN MADRID - ASAJA Soria\",\"isPartOf\":{\"@id\":\"https:\/\/www.asajacyl.com\/soria\/#website\"},\"primaryImageOfPage\":{\"@id\":\"https:\/\/www.asajacyl.com\/soria\/asaja-soria-informa\/las-razones-de-la-protesta-del-23-de-noviembre-en-madrid#primaryimage\"},\"image\":{\"@id\":\"https:\/\/www.asajacyl.com\/soria\/asaja-soria-informa\/las-razones-de-la-protesta-del-23-de-noviembre-en-madrid#primaryimage\"},\"thumbnailUrl\":\"https:\/\/www.asajacyl.com\/soria\/wp-content\/uploads\/sites\/9\/2022\/11\/edificio_justus_lipsius_consejo_ue_p010346001h_audiovisual_service_ce.jpg\",\"datePublished\":\"2022-11-22T16:20:56+00:00\",\"dateModified\":\"2022-11-22T16:20:58+00:00\",\"author\":{\"@id\":\"https:\/\/www.asajacyl.com\/soria\/#\/schema\/person\/fd3081c40255119ce8133b87e6aedfab\"},\"description\":\"Un PACTO VERDE para los eur\u00f3cratas de Bruselas Un FUTURO NEGRO para los agricultores de Espa\u00f1a Las propuestas del Pacto Verde, y en especial las\",\"breadcrumb\":{\"@id\":\"https:\/\/www.asajacyl.com\/soria\/asaja-soria-informa\/las-razones-de-la-protesta-del-23-de-noviembre-en-madrid#breadcrumb\"},\"inLanguage\":\"es\",\"potentialAction\":[{\"@type\":\"ReadAction\",\"target\":[\"https:\/\/www.asajacyl.com\/soria\/asaja-soria-informa\/las-razones-de-la-protesta-del-23-de-noviembre-en-madrid\"]}]},{\"@type\":\"ImageObject\",\"inLanguage\":\"es\",\"@id\":\"https:\/\/www.asajacyl.com\/soria\/asaja-soria-informa\/las-razones-de-la-protesta-del-23-de-noviembre-en-madrid#primaryimage\",\"url\":\"https:\/\/www.asajacyl.com\/soria\/wp-content\/uploads\/sites\/9\/2022\/11\/edificio_justus_lipsius_consejo_ue_p010346001h_audiovisual_service_ce.jpg\",\"contentUrl\":\"https:\/\/www.asajacyl.com\/soria\/wp-content\/uploads\/sites\/9\/2022\/11\/edificio_justus_lipsius_consejo_ue_p010346001h_audiovisual_service_ce.jpg\",\"width\":880,\"height\":495},{\"@type\":\"BreadcrumbList\",\"@id\":\"https:\/\/www.asajacyl.com\/soria\/asaja-soria-informa\/las-razones-de-la-protesta-del-23-de-noviembre-en-madrid#breadcrumb\",\"itemListElement\":[{\"@type\":\"ListItem\",\"position\":1,\"name\":\"Portada\",\"item\":\"https:\/\/www.asajacyl.com\/soria\/\"},{\"@type\":\"ListItem\",\"position\":2,\"name\":\"LAS RAZONES DE LA PROTESTA DEL 23 DE NOVIEMBRE EN MADRID\"}]},{\"@type\":\"WebSite\",\"@id\":\"https:\/\/www.asajacyl.com\/soria\/#website\",\"url\":\"https:\/\/www.asajacyl.com\/soria\/\",\"name\":\"ASAJA Soria\",\"description\":\"Otro sitio m\u00e1s de Provincias ASAJA Castilla y Le\u00f3n\",\"potentialAction\":[{\"@type\":\"SearchAction\",\"target\":{\"@type\":\"EntryPoint\",\"urlTemplate\":\"https:\/\/www.asajacyl.com\/soria\/?s={search_term_string}\"},\"query-input\":{\"@type\":\"PropertyValueSpecification\",\"valueRequired\":true,\"valueName\":\"search_term_string\"}}],\"inLanguage\":\"es\"},{\"@type\":\"Person\",\"@id\":\"https:\/\/www.asajacyl.com\/soria\/#\/schema\/person\/fd3081c40255119ce8133b87e6aedfab\",\"name\":\"Juan Ignacio Prieto Nieto\",\"image\":{\"@type\":\"ImageObject\",\"inLanguage\":\"es\",\"@id\":\"https:\/\/www.asajacyl.com\/soria\/#\/schema\/person\/image\/\",\"url\":\"https:\/\/secure.gravatar.com\/avatar\/8266b36e4d9001acb4700699a2468dc8?s=96&d=mm&r=g\",\"contentUrl\":\"https:\/\/secure.gravatar.com\/avatar\/8266b36e4d9001acb4700699a2468dc8?s=96&d=mm&r=g\",\"caption\":\"Juan Ignacio Prieto Nieto\"},\"url\":\"https:\/\/www.asajacyl.com\/soria\/author\/juanfranciscoby\"}]}<\/script>\n<!-- \/ Yoast SEO plugin. -->","yoast_head_json":{"title":"LAS RAZONES DE LA PROTESTA DEL 23 DE NOVIEMBRE EN MADRID - ASAJA Soria","description":"Un PACTO VERDE para los eur\u00f3cratas de Bruselas Un FUTURO NEGRO para los agricultores de Espa\u00f1a Las propuestas del Pacto Verde, y en especial las","robots":{"index":"index","follow":"follow","max-snippet":"max-snippet:-1","max-image-preview":"max-image-preview:large","max-video-preview":"max-video-preview:-1"},"canonical":"https:\/\/www.asajacyl.com\/soria\/asaja-soria-informa\/las-razones-de-la-protesta-del-23-de-noviembre-en-madrid","og_locale":"es_ES","og_type":"article","og_title":"LAS RAZONES DE LA PROTESTA DEL 23 DE NOVIEMBRE EN MADRID - ASAJA Soria","og_description":"Un PACTO VERDE para los eur\u00f3cratas de Bruselas Un FUTURO NEGRO para los agricultores de Espa\u00f1a Las propuestas del Pacto Verde, y en especial las","og_url":"https:\/\/www.asajacyl.com\/soria\/asaja-soria-informa\/las-razones-de-la-protesta-del-23-de-noviembre-en-madrid","og_site_name":"ASAJA Soria","article_published_time":"2022-11-22T16:20:56+00:00","article_modified_time":"2022-11-22T16:20:58+00:00","og_image":[{"width":880,"height":495,"url":"https:\/\/www.asajacyl.com\/soria\/wp-content\/uploads\/sites\/9\/2022\/11\/edificio_justus_lipsius_consejo_ue_p010346001h_audiovisual_service_ce.jpg","type":"image\/jpeg"}],"author":"Juan Ignacio Prieto Nieto","twitter_card":"summary_large_image","twitter_misc":{"Escrito por":"Juan Ignacio Prieto Nieto","Tiempo de lectura":"5 minutos"},"schema":{"@context":"https:\/\/schema.org","@graph":[{"@type":"WebPage","@id":"https:\/\/www.asajacyl.com\/soria\/asaja-soria-informa\/las-razones-de-la-protesta-del-23-de-noviembre-en-madrid","url":"https:\/\/www.asajacyl.com\/soria\/asaja-soria-informa\/las-razones-de-la-protesta-del-23-de-noviembre-en-madrid","name":"LAS RAZONES DE LA PROTESTA DEL 23 DE NOVIEMBRE EN MADRID - ASAJA Soria","isPartOf":{"@id":"https:\/\/www.asajacyl.com\/soria\/#website"},"primaryImageOfPage":{"@id":"https:\/\/www.asajacyl.com\/soria\/asaja-soria-informa\/las-razones-de-la-protesta-del-23-de-noviembre-en-madrid#primaryimage"},"image":{"@id":"https:\/\/www.asajacyl.com\/soria\/asaja-soria-informa\/las-razones-de-la-protesta-del-23-de-noviembre-en-madrid#primaryimage"},"thumbnailUrl":"https:\/\/www.asajacyl.com\/soria\/wp-content\/uploads\/sites\/9\/2022\/11\/edificio_justus_lipsius_consejo_ue_p010346001h_audiovisual_service_ce.jpg","datePublished":"2022-11-22T16:20:56+00:00","dateModified":"2022-11-22T16:20:58+00:00","author":{"@id":"https:\/\/www.asajacyl.com\/soria\/#\/schema\/person\/fd3081c40255119ce8133b87e6aedfab"},"description":"Un PACTO VERDE para los eur\u00f3cratas de Bruselas Un FUTURO NEGRO para los agricultores de Espa\u00f1a Las propuestas del Pacto Verde, y en especial las","breadcrumb":{"@id":"https:\/\/www.asajacyl.com\/soria\/asaja-soria-informa\/las-razones-de-la-protesta-del-23-de-noviembre-en-madrid#breadcrumb"},"inLanguage":"es","potentialAction":[{"@type":"ReadAction","target":["https:\/\/www.asajacyl.com\/soria\/asaja-soria-informa\/las-razones-de-la-protesta-del-23-de-noviembre-en-madrid"]}]},{"@type":"ImageObject","inLanguage":"es","@id":"https:\/\/www.asajacyl.com\/soria\/asaja-soria-informa\/las-razones-de-la-protesta-del-23-de-noviembre-en-madrid#primaryimage","url":"https:\/\/www.asajacyl.com\/soria\/wp-content\/uploads\/sites\/9\/2022\/11\/edificio_justus_lipsius_consejo_ue_p010346001h_audiovisual_service_ce.jpg","contentUrl":"https:\/\/www.asajacyl.com\/soria\/wp-content\/uploads\/sites\/9\/2022\/11\/edificio_justus_lipsius_consejo_ue_p010346001h_audiovisual_service_ce.jpg","width":880,"height":495},{"@type":"BreadcrumbList","@id":"https:\/\/www.asajacyl.com\/soria\/asaja-soria-informa\/las-razones-de-la-protesta-del-23-de-noviembre-en-madrid#breadcrumb","itemListElement":[{"@type":"ListItem","position":1,"name":"Portada","item":"https:\/\/www.asajacyl.com\/soria\/"},{"@type":"ListItem","position":2,"name":"LAS RAZONES DE LA PROTESTA DEL 23 DE NOVIEMBRE EN MADRID"}]},{"@type":"WebSite","@id":"https:\/\/www.asajacyl.com\/soria\/#website","url":"https:\/\/www.asajacyl.com\/soria\/","name":"ASAJA Soria","description":"Otro sitio m\u00e1s de Provincias ASAJA Castilla y Le\u00f3n","potentialAction":[{"@type":"SearchAction","target":{"@type":"EntryPoint","urlTemplate":"https:\/\/www.asajacyl.com\/soria\/?s={search_term_string}"},"query-input":{"@type":"PropertyValueSpecification","valueRequired":true,"valueName":"search_term_string"}}],"inLanguage":"es"},{"@type":"Person","@id":"https:\/\/www.asajacyl.com\/soria\/#\/schema\/person\/fd3081c40255119ce8133b87e6aedfab","name":"Juan Ignacio Prieto Nieto","image":{"@type":"ImageObject","inLanguage":"es","@id":"https:\/\/www.asajacyl.com\/soria\/#\/schema\/person\/image\/","url":"https:\/\/secure.gravatar.com\/avatar\/8266b36e4d9001acb4700699a2468dc8?s=96&d=mm&r=g","contentUrl":"https:\/\/secure.gravatar.com\/avatar\/8266b36e4d9001acb4700699a2468dc8?s=96&d=mm&r=g","caption":"Juan Ignacio Prieto Nieto"},"url":"https:\/\/www.asajacyl.com\/soria\/author\/juanfranciscoby"}]}},"_links":{"self":[{"href":"https:\/\/www.asajacyl.com\/soria\/wp-json\/wp\/v2\/posts\/6234"}],"collection":[{"href":"https:\/\/www.asajacyl.com\/soria\/wp-json\/wp\/v2\/posts"}],"about":[{"href":"https:\/\/www.asajacyl.com\/soria\/wp-json\/wp\/v2\/types\/post"}],"author":[{"embeddable":true,"href":"https:\/\/www.asajacyl.com\/soria\/wp-json\/wp\/v2\/users\/12"}],"replies":[{"embeddable":true,"href":"https:\/\/www.asajacyl.com\/soria\/wp-json\/wp\/v2\/comments?post=6234"}],"version-history":[{"count":1,"href":"https:\/\/www.asajacyl.com\/soria\/wp-json\/wp\/v2\/posts\/6234\/revisions"}],"predecessor-version":[{"id":6235,"href":"https:\/\/www.asajacyl.com\/soria\/wp-json\/wp\/v2\/posts\/6234\/revisions\/6235"}],"wp:featuredmedia":[{"embeddable":true,"href":"https:\/\/www.asajacyl.com\/soria\/wp-json\/wp\/v2\/media\/6194"}],"wp:attachment":[{"href":"https:\/\/www.asajacyl.com\/soria\/wp-json\/wp\/v2\/media?parent=6234"}],"wp:term":[{"taxonomy":"category","embeddable":true,"href":"https:\/\/www.asajacyl.com\/soria\/wp-json\/wp\/v2\/categories?post=6234"},{"taxonomy":"post_tag","embeddable":true,"href":"https:\/\/www.asajacyl.com\/soria\/wp-json\/wp\/v2\/tags?post=6234"}],"curies":[{"name":"wp","href":"https:\/\/api.w.org\/{rel}","templated":true}]}}