{"id":6242,"date":"2022-11-23T16:24:29","date_gmt":"2022-11-23T15:24:29","guid":{"rendered":"https:\/\/www.asajacyl.com\/soria\/?p=6242"},"modified":"2022-11-28T15:06:08","modified_gmt":"2022-11-28T14:06:08","slug":"asaja-soria-tambien-acudio-a-las-puertas-de-la-comision-europea-por-el-ninguneo-del-sector-agrario-y-ganadero-en-la-nueva-pac","status":"publish","type":"post","link":"https:\/\/www.asajacyl.com\/soria\/asaja-soria-informa\/asaja-soria-tambien-acudio-a-las-puertas-de-la-comision-europea-por-el-ninguneo-del-sector-agrario-y-ganadero-en-la-nueva-pac","title":{"rendered":"ASAJA SORIA NO FALT\u00d3 A LA CONCENTRACI\u00d3N DE PROTESTA A LAS PUERTAS DE LA UE POR EL NINGUNEO DEL SECTOR AGRARIO Y GANADERO EN LA NUEVA PAC"},"content":{"rendered":"\n<p>Una delegaci\u00f3n de profesionales del campo de ASAJA Soria se ha trasladado hoy a Madrid para participar en la concentraci\u00f3n, convocada por ASAJA nacional, a las puertas de la sede de la Comisi\u00f3n Europea en nuestro pa\u00eds. Con el lema \u201cSi no estamos en el campo, no habr\u00e1 nada en la mesa\u201d, los manifestantes han denunciado el \u201cninguneo\u201d que esta instituci\u00f3n viene demostrando hacia los verdaderos protagonistas de la agricultura europea.<\/p>\n<p><img loading=\"lazy\" decoding=\"async\" class=\"aligncenter  wp-image-6245\" src=\"https:\/\/www.asajacyl.com\/soria\/wp-content\/uploads\/sites\/9\/2022\/11\/IMG_6509.jpg\" alt=\"\" width=\"653\" height=\"490\" srcset=\"https:\/\/www.asajacyl.com\/soria\/wp-content\/uploads\/sites\/9\/2022\/11\/IMG_6509.jpg 2016w, https:\/\/www.asajacyl.com\/soria\/wp-content\/uploads\/sites\/9\/2022\/11\/IMG_6509-300x225.jpg 300w, https:\/\/www.asajacyl.com\/soria\/wp-content\/uploads\/sites\/9\/2022\/11\/IMG_6509-1024x768.jpg 1024w, https:\/\/www.asajacyl.com\/soria\/wp-content\/uploads\/sites\/9\/2022\/11\/IMG_6509-768x576.jpg 768w, https:\/\/www.asajacyl.com\/soria\/wp-content\/uploads\/sites\/9\/2022\/11\/IMG_6509-1536x1152.jpg 1536w, https:\/\/www.asajacyl.com\/soria\/wp-content\/uploads\/sites\/9\/2022\/11\/IMG_6509-696x522.jpg 696w, https:\/\/www.asajacyl.com\/soria\/wp-content\/uploads\/sites\/9\/2022\/11\/IMG_6509-1068x801.jpg 1068w, https:\/\/www.asajacyl.com\/soria\/wp-content\/uploads\/sites\/9\/2022\/11\/IMG_6509-1920x1440.jpg 1920w, https:\/\/www.asajacyl.com\/soria\/wp-content\/uploads\/sites\/9\/2022\/11\/IMG_6509-560x420.jpg 560w, https:\/\/www.asajacyl.com\/soria\/wp-content\/uploads\/sites\/9\/2022\/11\/IMG_6509-80x60.jpg 80w\" sizes=\"(max-width: 653px) 100vw, 653px\" \/><\/p>\n<p>El presidente de ASAJA Soria, Carmelo G\u00f3mez, reconoci\u00f3 a las puertas de la oficina de la UE que \u00abcomo ya hemos repetido en multitud de ocasiones, esta nueva PAC perjudica nuestros intereses y se ha tejido de espaldas al campo. Quieren imponerla a toda costa, con m\u00e1s ideolog\u00eda que otra cosa y a expensas de la agricultura productiva europea\u00bb.<\/p>\n<p><img loading=\"lazy\" decoding=\"async\" class=\"aligncenter  wp-image-6243\" src=\"https:\/\/www.asajacyl.com\/soria\/wp-content\/uploads\/sites\/9\/2022\/11\/IMG_E6552.jpg\" alt=\"\" width=\"350\" height=\"467\" srcset=\"https:\/\/www.asajacyl.com\/soria\/wp-content\/uploads\/sites\/9\/2022\/11\/IMG_E6552.jpg 1875w, https:\/\/www.asajacyl.com\/soria\/wp-content\/uploads\/sites\/9\/2022\/11\/IMG_E6552-225x300.jpg 225w, https:\/\/www.asajacyl.com\/soria\/wp-content\/uploads\/sites\/9\/2022\/11\/IMG_E6552-768x1024.jpg 768w, https:\/\/www.asajacyl.com\/soria\/wp-content\/uploads\/sites\/9\/2022\/11\/IMG_E6552-1152x1536.jpg 1152w, https:\/\/www.asajacyl.com\/soria\/wp-content\/uploads\/sites\/9\/2022\/11\/IMG_E6552-1536x2048.jpg 1536w, https:\/\/www.asajacyl.com\/soria\/wp-content\/uploads\/sites\/9\/2022\/11\/IMG_E6552-696x928.jpg 696w, https:\/\/www.asajacyl.com\/soria\/wp-content\/uploads\/sites\/9\/2022\/11\/IMG_E6552-1068x1424.jpg 1068w, https:\/\/www.asajacyl.com\/soria\/wp-content\/uploads\/sites\/9\/2022\/11\/IMG_E6552-315x420.jpg 315w\" sizes=\"(max-width: 350px) 100vw, 350px\" \/><\/p>\n<p>\u201cEl 1 de enero tendremos que tragar con una PAC dise\u00f1ada por bur\u00f3cratas que excluyen de sus propuestas la opini\u00f3n de los aut\u00e9nticos productores de alimentos, sin entender que no hay sostenibilidad posible si no se garantiza rentabilidad para los agricultores y ganaderos\u201d, ha subrayado Donaciano Dujo, presidente de ASAJA Castilla y Le\u00f3n, que tambi\u00e9n ha asistido a la protesta.<\/p>\n<p><img loading=\"lazy\" decoding=\"async\" class=\"aligncenter  wp-image-6244\" src=\"https:\/\/www.asajacyl.com\/soria\/wp-content\/uploads\/sites\/9\/2022\/11\/IMG_E6567.jpg\" alt=\"\" width=\"493\" height=\"370\" srcset=\"https:\/\/www.asajacyl.com\/soria\/wp-content\/uploads\/sites\/9\/2022\/11\/IMG_E6567.jpg 2500w, https:\/\/www.asajacyl.com\/soria\/wp-content\/uploads\/sites\/9\/2022\/11\/IMG_E6567-300x225.jpg 300w, https:\/\/www.asajacyl.com\/soria\/wp-content\/uploads\/sites\/9\/2022\/11\/IMG_E6567-1024x768.jpg 1024w, https:\/\/www.asajacyl.com\/soria\/wp-content\/uploads\/sites\/9\/2022\/11\/IMG_E6567-768x576.jpg 768w, https:\/\/www.asajacyl.com\/soria\/wp-content\/uploads\/sites\/9\/2022\/11\/IMG_E6567-1536x1152.jpg 1536w, https:\/\/www.asajacyl.com\/soria\/wp-content\/uploads\/sites\/9\/2022\/11\/IMG_E6567-2048x1536.jpg 2048w, https:\/\/www.asajacyl.com\/soria\/wp-content\/uploads\/sites\/9\/2022\/11\/IMG_E6567-696x522.jpg 696w, https:\/\/www.asajacyl.com\/soria\/wp-content\/uploads\/sites\/9\/2022\/11\/IMG_E6567-1068x801.jpg 1068w, https:\/\/www.asajacyl.com\/soria\/wp-content\/uploads\/sites\/9\/2022\/11\/IMG_E6567-1920x1440.jpg 1920w, https:\/\/www.asajacyl.com\/soria\/wp-content\/uploads\/sites\/9\/2022\/11\/IMG_E6567-560x420.jpg 560w, https:\/\/www.asajacyl.com\/soria\/wp-content\/uploads\/sites\/9\/2022\/11\/IMG_E6567-80x60.jpg 80w\" sizes=\"(max-width: 493px) 100vw, 493px\" \/><\/p>\n<p>Para el responsable regional de la OPA, \u201cesta PAC nace ya vieja, puesto que se dise\u00f1\u00f3 en 2017, y los graves acontecimientos vividos en los \u00faltimos tiempos -la pandemia del Covid, la crisis energ\u00e9tica y la guerra en Ucrania-, han dejado una Europa y un planeta muy distintos\u201d. Sin embargo, \u201cla burocracia de Bruselas es como un elefante, y sigue anclada en el \u201cPacto Verde\u201d y en las Estrategias \u201cDel campo a la Mesa\u201d y \u201cBiodiversidad\u201d, que perjudican nuestros intereses, documentos que se han orquestado de espaldas al campo y limitan y restringen nuestra actividad productiva\u201d.<\/p>\n<p>En resumen, para ASAJA la nueva PAC \u201ces un retroceso, que reduce presupuesto, a\u00f1ade burocracia y complica enormemente el trabajo de los agricultores y ganaderos, que somos los que al final tienen que aplicar ese galimat\u00edas de papeleo y que, no lo olvidemos, somos los que producimos alimentos para toda la sociedad\u201d.<\/p>\n<p><img loading=\"lazy\" decoding=\"async\" class=\"aligncenter size-full wp-image-6246\" src=\"https:\/\/www.asajacyl.com\/soria\/wp-content\/uploads\/sites\/9\/2022\/11\/IMG_6587.jpg\" alt=\"\" width=\"2016\" height=\"1512\" srcset=\"https:\/\/www.asajacyl.com\/soria\/wp-content\/uploads\/sites\/9\/2022\/11\/IMG_6587.jpg 2016w, https:\/\/www.asajacyl.com\/soria\/wp-content\/uploads\/sites\/9\/2022\/11\/IMG_6587-300x225.jpg 300w, https:\/\/www.asajacyl.com\/soria\/wp-content\/uploads\/sites\/9\/2022\/11\/IMG_6587-1024x768.jpg 1024w, https:\/\/www.asajacyl.com\/soria\/wp-content\/uploads\/sites\/9\/2022\/11\/IMG_6587-768x576.jpg 768w, https:\/\/www.asajacyl.com\/soria\/wp-content\/uploads\/sites\/9\/2022\/11\/IMG_6587-1536x1152.jpg 1536w, https:\/\/www.asajacyl.com\/soria\/wp-content\/uploads\/sites\/9\/2022\/11\/IMG_6587-696x522.jpg 696w, https:\/\/www.asajacyl.com\/soria\/wp-content\/uploads\/sites\/9\/2022\/11\/IMG_6587-1068x801.jpg 1068w, https:\/\/www.asajacyl.com\/soria\/wp-content\/uploads\/sites\/9\/2022\/11\/IMG_6587-1920x1440.jpg 1920w, https:\/\/www.asajacyl.com\/soria\/wp-content\/uploads\/sites\/9\/2022\/11\/IMG_6587-560x420.jpg 560w, https:\/\/www.asajacyl.com\/soria\/wp-content\/uploads\/sites\/9\/2022\/11\/IMG_6587-80x60.jpg 80w\" sizes=\"(max-width: 2016px) 100vw, 2016px\" \/><\/p>\n<p>\u00a0<\/p>\n","protected":false},"excerpt":{"rendered":"<p>Una delegaci\u00f3n de profesionales del campo de ASAJA Soria se ha trasladado hoy a Madrid para participar en la concentraci\u00f3n, convocada por ASAJA nacional, a las puertas de la sede de la Comisi\u00f3n Europea en nuestro pa\u00eds. Con el lema \u201cSi no estamos en el campo, no habr\u00e1 nada en la mesa\u201d, los manifestantes han [&hellip;]<\/p>\n","protected":false},"author":12,"featured_media":6247,"comment_status":"open","ping_status":"open","sticky":false,"template":"","format":"standard","meta":{"footnotes":""},"categories":[10,25],"tags":[],"yoast_head":"<!-- This site is optimized with the Yoast SEO plugin v24.5 - https:\/\/yoast.com\/wordpress\/plugins\/seo\/ -->\n<title>ASAJA SORIA NO FALT\u00d3 A LA CONCENTRACI\u00d3N DE PROTESTA A LAS PUERTAS DE LA UE POR EL NINGUNEO DEL SECTOR AGRARIO Y GANADERO EN LA NUEVA PAC - ASAJA Soria<\/title>\n<meta name=\"description\" content=\"Una delegaci\u00f3n de profesionales del campo de ASAJA Soria se ha trasladado hoy a Madrid para participar en la concentraci\u00f3n, convocada por ASAJA nacional,\" \/>\n<meta name=\"robots\" content=\"index, follow, max-snippet:-1, max-image-preview:large, max-video-preview:-1\" \/>\n<link rel=\"canonical\" href=\"https:\/\/www.asajacyl.com\/soria\/asaja-soria-informa\/asaja-soria-tambien-acudio-a-las-puertas-de-la-comision-europea-por-el-ninguneo-del-sector-agrario-y-ganadero-en-la-nueva-pac\" \/>\n<meta property=\"og:locale\" content=\"es_ES\" \/>\n<meta property=\"og:type\" content=\"article\" \/>\n<meta property=\"og:title\" content=\"ASAJA SORIA NO FALT\u00d3 A LA CONCENTRACI\u00d3N DE PROTESTA A LAS PUERTAS DE LA UE POR EL NINGUNEO DEL SECTOR AGRARIO Y GANADERO EN LA NUEVA PAC - ASAJA Soria\" \/>\n<meta property=\"og:description\" content=\"Una delegaci\u00f3n de profesionales del campo de ASAJA Soria se ha trasladado hoy a Madrid para participar en la concentraci\u00f3n, convocada por ASAJA nacional,\" \/>\n<meta property=\"og:url\" content=\"https:\/\/www.asajacyl.com\/soria\/asaja-soria-informa\/asaja-soria-tambien-acudio-a-las-puertas-de-la-comision-europea-por-el-ninguneo-del-sector-agrario-y-ganadero-en-la-nueva-pac\" \/>\n<meta property=\"og:site_name\" content=\"ASAJA Soria\" \/>\n<meta property=\"article:published_time\" content=\"2022-11-23T15:24:29+00:00\" \/>\n<meta property=\"article:modified_time\" content=\"2022-11-28T14:06:08+00:00\" \/>\n<meta property=\"og:image\" content=\"https:\/\/www.asajacyl.com\/soria\/wp-content\/uploads\/sites\/9\/2022\/11\/IMG_6488.jpg\" \/>\n\t<meta property=\"og:image:width\" content=\"2016\" \/>\n\t<meta property=\"og:image:height\" content=\"1512\" \/>\n\t<meta property=\"og:image:type\" content=\"image\/jpeg\" \/>\n<meta name=\"author\" content=\"Juan Ignacio Prieto Nieto\" \/>\n<meta name=\"twitter:card\" content=\"summary_large_image\" \/>\n<meta name=\"twitter:label1\" content=\"Escrito por\" \/>\n\t<meta name=\"twitter:data1\" content=\"Juan Ignacio Prieto Nieto\" \/>\n\t<meta name=\"twitter:label2\" content=\"Tiempo de lectura\" \/>\n\t<meta name=\"twitter:data2\" content=\"3 minutos\" \/>\n<script type=\"application\/ld+json\" class=\"yoast-schema-graph\">{\"@context\":\"https:\/\/schema.org\",\"@graph\":[{\"@type\":\"WebPage\",\"@id\":\"https:\/\/www.asajacyl.com\/soria\/asaja-soria-informa\/asaja-soria-tambien-acudio-a-las-puertas-de-la-comision-europea-por-el-ninguneo-del-sector-agrario-y-ganadero-en-la-nueva-pac\",\"url\":\"https:\/\/www.asajacyl.com\/soria\/asaja-soria-informa\/asaja-soria-tambien-acudio-a-las-puertas-de-la-comision-europea-por-el-ninguneo-del-sector-agrario-y-ganadero-en-la-nueva-pac\",\"name\":\"ASAJA SORIA NO FALT\u00d3 A LA CONCENTRACI\u00d3N DE PROTESTA A LAS PUERTAS DE LA UE POR EL NINGUNEO DEL SECTOR AGRARIO Y GANADERO EN LA NUEVA PAC - ASAJA Soria\",\"isPartOf\":{\"@id\":\"https:\/\/www.asajacyl.com\/soria\/#website\"},\"primaryImageOfPage\":{\"@id\":\"https:\/\/www.asajacyl.com\/soria\/asaja-soria-informa\/asaja-soria-tambien-acudio-a-las-puertas-de-la-comision-europea-por-el-ninguneo-del-sector-agrario-y-ganadero-en-la-nueva-pac#primaryimage\"},\"image\":{\"@id\":\"https:\/\/www.asajacyl.com\/soria\/asaja-soria-informa\/asaja-soria-tambien-acudio-a-las-puertas-de-la-comision-europea-por-el-ninguneo-del-sector-agrario-y-ganadero-en-la-nueva-pac#primaryimage\"},\"thumbnailUrl\":\"https:\/\/www.asajacyl.com\/soria\/wp-content\/uploads\/sites\/9\/2022\/11\/IMG_6488.jpg\",\"datePublished\":\"2022-11-23T15:24:29+00:00\",\"dateModified\":\"2022-11-28T14:06:08+00:00\",\"author\":{\"@id\":\"https:\/\/www.asajacyl.com\/soria\/#\/schema\/person\/fd3081c40255119ce8133b87e6aedfab\"},\"description\":\"Una delegaci\u00f3n de profesionales del campo de ASAJA Soria se ha trasladado hoy a Madrid para participar en la concentraci\u00f3n, convocada por ASAJA nacional,\",\"breadcrumb\":{\"@id\":\"https:\/\/www.asajacyl.com\/soria\/asaja-soria-informa\/asaja-soria-tambien-acudio-a-las-puertas-de-la-comision-europea-por-el-ninguneo-del-sector-agrario-y-ganadero-en-la-nueva-pac#breadcrumb\"},\"inLanguage\":\"es\",\"potentialAction\":[{\"@type\":\"ReadAction\",\"target\":[\"https:\/\/www.asajacyl.com\/soria\/asaja-soria-informa\/asaja-soria-tambien-acudio-a-las-puertas-de-la-comision-europea-por-el-ninguneo-del-sector-agrario-y-ganadero-en-la-nueva-pac\"]}]},{\"@type\":\"ImageObject\",\"inLanguage\":\"es\",\"@id\":\"https:\/\/www.asajacyl.com\/soria\/asaja-soria-informa\/asaja-soria-tambien-acudio-a-las-puertas-de-la-comision-europea-por-el-ninguneo-del-sector-agrario-y-ganadero-en-la-nueva-pac#primaryimage\",\"url\":\"https:\/\/www.asajacyl.com\/soria\/wp-content\/uploads\/sites\/9\/2022\/11\/IMG_6488.jpg\",\"contentUrl\":\"https:\/\/www.asajacyl.com\/soria\/wp-content\/uploads\/sites\/9\/2022\/11\/IMG_6488.jpg\",\"width\":2016,\"height\":1512},{\"@type\":\"BreadcrumbList\",\"@id\":\"https:\/\/www.asajacyl.com\/soria\/asaja-soria-informa\/asaja-soria-tambien-acudio-a-las-puertas-de-la-comision-europea-por-el-ninguneo-del-sector-agrario-y-ganadero-en-la-nueva-pac#breadcrumb\",\"itemListElement\":[{\"@type\":\"ListItem\",\"position\":1,\"name\":\"Portada\",\"item\":\"https:\/\/www.asajacyl.com\/soria\/\"},{\"@type\":\"ListItem\",\"position\":2,\"name\":\"ASAJA SORIA NO FALT\u00d3 A LA CONCENTRACI\u00d3N DE PROTESTA A LAS PUERTAS DE LA UE POR EL NINGUNEO DEL SECTOR AGRARIO Y GANADERO EN LA NUEVA PAC\"}]},{\"@type\":\"WebSite\",\"@id\":\"https:\/\/www.asajacyl.com\/soria\/#website\",\"url\":\"https:\/\/www.asajacyl.com\/soria\/\",\"name\":\"ASAJA Soria\",\"description\":\"Otro sitio m\u00e1s de Provincias ASAJA Castilla y Le\u00f3n\",\"potentialAction\":[{\"@type\":\"SearchAction\",\"target\":{\"@type\":\"EntryPoint\",\"urlTemplate\":\"https:\/\/www.asajacyl.com\/soria\/?s={search_term_string}\"},\"query-input\":{\"@type\":\"PropertyValueSpecification\",\"valueRequired\":true,\"valueName\":\"search_term_string\"}}],\"inLanguage\":\"es\"},{\"@type\":\"Person\",\"@id\":\"https:\/\/www.asajacyl.com\/soria\/#\/schema\/person\/fd3081c40255119ce8133b87e6aedfab\",\"name\":\"Juan Ignacio Prieto Nieto\",\"image\":{\"@type\":\"ImageObject\",\"inLanguage\":\"es\",\"@id\":\"https:\/\/www.asajacyl.com\/soria\/#\/schema\/person\/image\/\",\"url\":\"https:\/\/secure.gravatar.com\/avatar\/8266b36e4d9001acb4700699a2468dc8?s=96&d=mm&r=g\",\"contentUrl\":\"https:\/\/secure.gravatar.com\/avatar\/8266b36e4d9001acb4700699a2468dc8?s=96&d=mm&r=g\",\"caption\":\"Juan Ignacio Prieto Nieto\"},\"url\":\"https:\/\/www.asajacyl.com\/soria\/author\/juanfranciscoby\"}]}<\/script>\n<!-- \/ Yoast SEO plugin. -->","yoast_head_json":{"title":"ASAJA SORIA NO FALT\u00d3 A LA CONCENTRACI\u00d3N DE PROTESTA A LAS PUERTAS DE LA UE POR EL NINGUNEO DEL SECTOR AGRARIO Y GANADERO EN LA NUEVA PAC - ASAJA Soria","description":"Una delegaci\u00f3n de profesionales del campo de ASAJA Soria se ha trasladado hoy a Madrid para participar en la concentraci\u00f3n, convocada por ASAJA nacional,","robots":{"index":"index","follow":"follow","max-snippet":"max-snippet:-1","max-image-preview":"max-image-preview:large","max-video-preview":"max-video-preview:-1"},"canonical":"https:\/\/www.asajacyl.com\/soria\/asaja-soria-informa\/asaja-soria-tambien-acudio-a-las-puertas-de-la-comision-europea-por-el-ninguneo-del-sector-agrario-y-ganadero-en-la-nueva-pac","og_locale":"es_ES","og_type":"article","og_title":"ASAJA SORIA NO FALT\u00d3 A LA CONCENTRACI\u00d3N DE PROTESTA A LAS PUERTAS DE LA UE POR EL NINGUNEO DEL SECTOR AGRARIO Y GANADERO EN LA NUEVA PAC - ASAJA Soria","og_description":"Una delegaci\u00f3n de profesionales del campo de ASAJA Soria se ha trasladado hoy a Madrid para participar en la concentraci\u00f3n, convocada por ASAJA nacional,","og_url":"https:\/\/www.asajacyl.com\/soria\/asaja-soria-informa\/asaja-soria-tambien-acudio-a-las-puertas-de-la-comision-europea-por-el-ninguneo-del-sector-agrario-y-ganadero-en-la-nueva-pac","og_site_name":"ASAJA Soria","article_published_time":"2022-11-23T15:24:29+00:00","article_modified_time":"2022-11-28T14:06:08+00:00","og_image":[{"width":2016,"height":1512,"url":"https:\/\/www.asajacyl.com\/soria\/wp-content\/uploads\/sites\/9\/2022\/11\/IMG_6488.jpg","type":"image\/jpeg"}],"author":"Juan Ignacio Prieto Nieto","twitter_card":"summary_large_image","twitter_misc":{"Escrito por":"Juan Ignacio Prieto Nieto","Tiempo de lectura":"3 minutos"},"schema":{"@context":"https:\/\/schema.org","@graph":[{"@type":"WebPage","@id":"https:\/\/www.asajacyl.com\/soria\/asaja-soria-informa\/asaja-soria-tambien-acudio-a-las-puertas-de-la-comision-europea-por-el-ninguneo-del-sector-agrario-y-ganadero-en-la-nueva-pac","url":"https:\/\/www.asajacyl.com\/soria\/asaja-soria-informa\/asaja-soria-tambien-acudio-a-las-puertas-de-la-comision-europea-por-el-ninguneo-del-sector-agrario-y-ganadero-en-la-nueva-pac","name":"ASAJA SORIA NO FALT\u00d3 A LA CONCENTRACI\u00d3N DE PROTESTA A LAS PUERTAS DE LA UE POR EL NINGUNEO DEL SECTOR AGRARIO Y GANADERO EN LA NUEVA PAC - ASAJA Soria","isPartOf":{"@id":"https:\/\/www.asajacyl.com\/soria\/#website"},"primaryImageOfPage":{"@id":"https:\/\/www.asajacyl.com\/soria\/asaja-soria-informa\/asaja-soria-tambien-acudio-a-las-puertas-de-la-comision-europea-por-el-ninguneo-del-sector-agrario-y-ganadero-en-la-nueva-pac#primaryimage"},"image":{"@id":"https:\/\/www.asajacyl.com\/soria\/asaja-soria-informa\/asaja-soria-tambien-acudio-a-las-puertas-de-la-comision-europea-por-el-ninguneo-del-sector-agrario-y-ganadero-en-la-nueva-pac#primaryimage"},"thumbnailUrl":"https:\/\/www.asajacyl.com\/soria\/wp-content\/uploads\/sites\/9\/2022\/11\/IMG_6488.jpg","datePublished":"2022-11-23T15:24:29+00:00","dateModified":"2022-11-28T14:06:08+00:00","author":{"@id":"https:\/\/www.asajacyl.com\/soria\/#\/schema\/person\/fd3081c40255119ce8133b87e6aedfab"},"description":"Una delegaci\u00f3n de profesionales del campo de ASAJA Soria se ha trasladado hoy a Madrid para participar en la concentraci\u00f3n, convocada por ASAJA nacional,","breadcrumb":{"@id":"https:\/\/www.asajacyl.com\/soria\/asaja-soria-informa\/asaja-soria-tambien-acudio-a-las-puertas-de-la-comision-europea-por-el-ninguneo-del-sector-agrario-y-ganadero-en-la-nueva-pac#breadcrumb"},"inLanguage":"es","potentialAction":[{"@type":"ReadAction","target":["https:\/\/www.asajacyl.com\/soria\/asaja-soria-informa\/asaja-soria-tambien-acudio-a-las-puertas-de-la-comision-europea-por-el-ninguneo-del-sector-agrario-y-ganadero-en-la-nueva-pac"]}]},{"@type":"ImageObject","inLanguage":"es","@id":"https:\/\/www.asajacyl.com\/soria\/asaja-soria-informa\/asaja-soria-tambien-acudio-a-las-puertas-de-la-comision-europea-por-el-ninguneo-del-sector-agrario-y-ganadero-en-la-nueva-pac#primaryimage","url":"https:\/\/www.asajacyl.com\/soria\/wp-content\/uploads\/sites\/9\/2022\/11\/IMG_6488.jpg","contentUrl":"https:\/\/www.asajacyl.com\/soria\/wp-content\/uploads\/sites\/9\/2022\/11\/IMG_6488.jpg","width":2016,"height":1512},{"@type":"BreadcrumbList","@id":"https:\/\/www.asajacyl.com\/soria\/asaja-soria-informa\/asaja-soria-tambien-acudio-a-las-puertas-de-la-comision-europea-por-el-ninguneo-del-sector-agrario-y-ganadero-en-la-nueva-pac#breadcrumb","itemListElement":[{"@type":"ListItem","position":1,"name":"Portada","item":"https:\/\/www.asajacyl.com\/soria\/"},{"@type":"ListItem","position":2,"name":"ASAJA SORIA NO FALT\u00d3 A LA CONCENTRACI\u00d3N DE PROTESTA A LAS PUERTAS DE LA UE POR EL NINGUNEO DEL SECTOR AGRARIO Y GANADERO EN LA NUEVA PAC"}]},{"@type":"WebSite","@id":"https:\/\/www.asajacyl.com\/soria\/#website","url":"https:\/\/www.asajacyl.com\/soria\/","name":"ASAJA Soria","description":"Otro sitio m\u00e1s de Provincias ASAJA Castilla y Le\u00f3n","potentialAction":[{"@type":"SearchAction","target":{"@type":"EntryPoint","urlTemplate":"https:\/\/www.asajacyl.com\/soria\/?s={search_term_string}"},"query-input":{"@type":"PropertyValueSpecification","valueRequired":true,"valueName":"search_term_string"}}],"inLanguage":"es"},{"@type":"Person","@id":"https:\/\/www.asajacyl.com\/soria\/#\/schema\/person\/fd3081c40255119ce8133b87e6aedfab","name":"Juan Ignacio Prieto Nieto","image":{"@type":"ImageObject","inLanguage":"es","@id":"https:\/\/www.asajacyl.com\/soria\/#\/schema\/person\/image\/","url":"https:\/\/secure.gravatar.com\/avatar\/8266b36e4d9001acb4700699a2468dc8?s=96&d=mm&r=g","contentUrl":"https:\/\/secure.gravatar.com\/avatar\/8266b36e4d9001acb4700699a2468dc8?s=96&d=mm&r=g","caption":"Juan Ignacio Prieto Nieto"},"url":"https:\/\/www.asajacyl.com\/soria\/author\/juanfranciscoby"}]}},"_links":{"self":[{"href":"https:\/\/www.asajacyl.com\/soria\/wp-json\/wp\/v2\/posts\/6242"}],"collection":[{"href":"https:\/\/www.asajacyl.com\/soria\/wp-json\/wp\/v2\/posts"}],"about":[{"href":"https:\/\/www.asajacyl.com\/soria\/wp-json\/wp\/v2\/types\/post"}],"author":[{"embeddable":true,"href":"https:\/\/www.asajacyl.com\/soria\/wp-json\/wp\/v2\/users\/12"}],"replies":[{"embeddable":true,"href":"https:\/\/www.asajacyl.com\/soria\/wp-json\/wp\/v2\/comments?post=6242"}],"version-history":[{"count":3,"href":"https:\/\/www.asajacyl.com\/soria\/wp-json\/wp\/v2\/posts\/6242\/revisions"}],"predecessor-version":[{"id":6250,"href":"https:\/\/www.asajacyl.com\/soria\/wp-json\/wp\/v2\/posts\/6242\/revisions\/6250"}],"wp:featuredmedia":[{"embeddable":true,"href":"https:\/\/www.asajacyl.com\/soria\/wp-json\/wp\/v2\/media\/6247"}],"wp:attachment":[{"href":"https:\/\/www.asajacyl.com\/soria\/wp-json\/wp\/v2\/media?parent=6242"}],"wp:term":[{"taxonomy":"category","embeddable":true,"href":"https:\/\/www.asajacyl.com\/soria\/wp-json\/wp\/v2\/categories?post=6242"},{"taxonomy":"post_tag","embeddable":true,"href":"https:\/\/www.asajacyl.com\/soria\/wp-json\/wp\/v2\/tags?post=6242"}],"curies":[{"name":"wp","href":"https:\/\/api.w.org\/{rel}","templated":true}]}}