{"id":6308,"date":"2022-11-25T13:32:59","date_gmt":"2022-11-25T12:32:59","guid":{"rendered":"https:\/\/www.asajacyl.com\/soria\/?p=6308"},"modified":"2022-11-25T13:35:51","modified_gmt":"2022-11-25T12:35:51","slug":"6308","status":"publish","type":"post","link":"https:\/\/www.asajacyl.com\/soria\/asaja-soria-informa\/6308","title":{"rendered":"ASAJA Soria agradece que Carriedo pida disculpas a todos los agricultores de la provincia"},"content":{"rendered":"\n<h2><strong><em>La OPA le recuerda al portavoz de la Junta que con ellas no se come y que continuar\u00e1 decididamente con su batalla legal en defensa del derecho de los profesionales del campo <\/em><\/strong><\/h2>\n<p>En respuesta a las declaraciones en la sede de la Junta de Castilla y Le\u00f3n en Valladolid por su portavoz, Carlos Fern\u00e1ndez Carriedo, respecto al Premio Tiz\u00f3n 2022 concedido por la OPA acerca de la prohibici\u00f3n de cosechar que se impuso este verano, ASAJA Soria valora que haya pedido disculpas porque es lo m\u00ednimo que se podr\u00eda esperar, y m\u00e1s despu\u00e9s de que en el resto de la comunidad se pudiera cosechar y donde pr\u00e1cticamente no afectaron las limitaciones.<\/p>\n<p>El portavoz argumenta que el motivo de la prohibici\u00f3n fue buscar el equilibrio entre la producci\u00f3n y la protecci\u00f3n de la naturaleza; por lo que ASAJA se pregunta si el equilibrio consiste en suspender todos los derechos de los agricultores de Soria mientras se defienden los del resto de la sociedad, incluidos los que van haciendo turismo por el monte y que han sido los responsables de los mayores incendios en la comunidad.<\/p>\n<p>Por esos motivos y para defender nuestro derecho a recoger el fruto de todo un a\u00f1o de esfuerzo, ASAJA continuar\u00e1 y persistir\u00e1 en la defensa por la v\u00eda judicial de que este derecho est\u00e1 por encima del resto de consideraciones, y recuerda que esta semana ha elevado una demanda ante el Tribunal Superior de Justicia de Castilla y Le\u00f3n en la que pretende la impugnaci\u00f3n de la orden que prohibi\u00f3 la cosecha en Soria este verano.<\/p>\n<p>ASAJA pide a la Junta que reflexione y, en aras de recuperar el equilibrio a la hora del cosechado, en vez de imponer restricciones de derechos haga recomendaciones de buenas pr\u00e1cticas en esos momentos complicados y tenga en cuenta que en gran parte por el buen hacer de los profesionales de Soria esta provincia ha mantenido los mejores resultados de toda la comunidad en incendios, y no solamente este a\u00f1o de prohibici\u00f3n, por lo que nos merecemos menos que nadie la prohibici\u00f3n.<\/p>\n<p>ASAJA aclara a Carriedo que con 210 millones de euros que se llevaban gastados, sin contar la remuneraci\u00f3n de la tierra, para producir lo que ten\u00edamos que recoger en verano el peligro de ruina fue total, en un a\u00f1o especialmente complicado, y en el que los seguros agrarios se situaron muy por debajo de estas cantidades, por efecto de la guerra de Ucrania y la inflaci\u00f3n. Y le adelantamos que con el efecto de esta misma inflaci\u00f3n para julio del a\u00f1o que viene los gastos que habremos ya pagado antes de la cosecha rondar\u00e1n los 300 millones.<\/p>\n<p>Si algo trajo la prohibici\u00f3n fue desequilibrio, riesgo para el sector agrario provincial y para el conjunto de Soria que, recordamos, es la m\u00e1s despoblada y en la que nuestra actividad es tan importante en el conjunto de la econom\u00eda soriana.<\/p>\n<p>ASAJA invita a Fern\u00e1ndez Carriedo, si le apetece, a recoger el Premio Tiz\u00f3n de este a\u00f1o junto al responsable de la Consejer\u00eda de Medio Ambiente el 22 de diciembre en el Aula Magna Tirso de Molina, al que puede acompa\u00f1ar.<\/p>\n","protected":false},"excerpt":{"rendered":"<p>La OPA le recuerda al portavoz de la Junta que con ellas no se come y que continuar\u00e1 decididamente con su batalla legal en defensa del derecho de los profesionales del campo En respuesta a las declaraciones en la sede de la Junta de Castilla y Le\u00f3n en Valladolid por su portavoz, Carlos Fern\u00e1ndez Carriedo, [&hellip;]<\/p>\n","protected":false},"author":12,"featured_media":6309,"comment_status":"open","ping_status":"open","sticky":false,"template":"","format":"standard","meta":{"footnotes":""},"categories":[10,25],"tags":[],"yoast_head":"<!-- This site is optimized with the Yoast SEO plugin v24.5 - https:\/\/yoast.com\/wordpress\/plugins\/seo\/ -->\n<title>ASAJA Soria agradece que Carriedo pida disculpas a todos los agricultores de la provincia - ASAJA Soria<\/title>\n<meta name=\"description\" content=\"La OPA le recuerda al portavoz de la Junta que con ellas no se come y que continuar\u00e1 decididamente con su batalla legal en defensa del derecho de los\" \/>\n<meta name=\"robots\" content=\"index, follow, max-snippet:-1, max-image-preview:large, max-video-preview:-1\" \/>\n<link rel=\"canonical\" href=\"https:\/\/www.asajacyl.com\/soria\/asaja-soria-informa\/6308\" \/>\n<meta property=\"og:locale\" content=\"es_ES\" \/>\n<meta property=\"og:type\" content=\"article\" \/>\n<meta property=\"og:title\" content=\"ASAJA Soria agradece que Carriedo pida disculpas a todos los agricultores de la provincia - ASAJA Soria\" \/>\n<meta property=\"og:description\" content=\"La OPA le recuerda al portavoz de la Junta que con ellas no se come y que continuar\u00e1 decididamente con su batalla legal en defensa del derecho de los\" \/>\n<meta property=\"og:url\" content=\"https:\/\/www.asajacyl.com\/soria\/asaja-soria-informa\/6308\" \/>\n<meta property=\"og:site_name\" content=\"ASAJA Soria\" \/>\n<meta property=\"article:published_time\" content=\"2022-11-25T12:32:59+00:00\" \/>\n<meta property=\"article:modified_time\" content=\"2022-11-25T12:35:51+00:00\" \/>\n<meta property=\"og:image\" content=\"https:\/\/www.asajacyl.com\/soria\/wp-content\/uploads\/sites\/9\/2022\/11\/carriedo.jpg\" \/>\n\t<meta property=\"og:image:width\" content=\"1248\" \/>\n\t<meta property=\"og:image:height\" content=\"770\" \/>\n\t<meta property=\"og:image:type\" content=\"image\/jpeg\" \/>\n<meta name=\"author\" content=\"Juan Ignacio Prieto Nieto\" \/>\n<meta name=\"twitter:card\" content=\"summary_large_image\" \/>\n<meta name=\"twitter:label1\" content=\"Escrito por\" \/>\n\t<meta name=\"twitter:data1\" content=\"Juan Ignacio Prieto Nieto\" \/>\n\t<meta name=\"twitter:label2\" content=\"Tiempo de lectura\" \/>\n\t<meta name=\"twitter:data2\" content=\"3 minutos\" \/>\n<script type=\"application\/ld+json\" class=\"yoast-schema-graph\">{\"@context\":\"https:\/\/schema.org\",\"@graph\":[{\"@type\":\"WebPage\",\"@id\":\"https:\/\/www.asajacyl.com\/soria\/asaja-soria-informa\/6308\",\"url\":\"https:\/\/www.asajacyl.com\/soria\/asaja-soria-informa\/6308\",\"name\":\"ASAJA Soria agradece que Carriedo pida disculpas a todos los agricultores de la provincia - ASAJA Soria\",\"isPartOf\":{\"@id\":\"https:\/\/www.asajacyl.com\/soria\/#website\"},\"primaryImageOfPage\":{\"@id\":\"https:\/\/www.asajacyl.com\/soria\/asaja-soria-informa\/6308#primaryimage\"},\"image\":{\"@id\":\"https:\/\/www.asajacyl.com\/soria\/asaja-soria-informa\/6308#primaryimage\"},\"thumbnailUrl\":\"https:\/\/www.asajacyl.com\/soria\/wp-content\/uploads\/sites\/9\/2022\/11\/carriedo.jpg\",\"datePublished\":\"2022-11-25T12:32:59+00:00\",\"dateModified\":\"2022-11-25T12:35:51+00:00\",\"author\":{\"@id\":\"https:\/\/www.asajacyl.com\/soria\/#\/schema\/person\/fd3081c40255119ce8133b87e6aedfab\"},\"description\":\"La OPA le recuerda al portavoz de la Junta que con ellas no se come y que continuar\u00e1 decididamente con su batalla legal en defensa del derecho de los\",\"breadcrumb\":{\"@id\":\"https:\/\/www.asajacyl.com\/soria\/asaja-soria-informa\/6308#breadcrumb\"},\"inLanguage\":\"es\",\"potentialAction\":[{\"@type\":\"ReadAction\",\"target\":[\"https:\/\/www.asajacyl.com\/soria\/asaja-soria-informa\/6308\"]}]},{\"@type\":\"ImageObject\",\"inLanguage\":\"es\",\"@id\":\"https:\/\/www.asajacyl.com\/soria\/asaja-soria-informa\/6308#primaryimage\",\"url\":\"https:\/\/www.asajacyl.com\/soria\/wp-content\/uploads\/sites\/9\/2022\/11\/carriedo.jpg\",\"contentUrl\":\"https:\/\/www.asajacyl.com\/soria\/wp-content\/uploads\/sites\/9\/2022\/11\/carriedo.jpg\",\"width\":1248,\"height\":770},{\"@type\":\"BreadcrumbList\",\"@id\":\"https:\/\/www.asajacyl.com\/soria\/asaja-soria-informa\/6308#breadcrumb\",\"itemListElement\":[{\"@type\":\"ListItem\",\"position\":1,\"name\":\"Portada\",\"item\":\"https:\/\/www.asajacyl.com\/soria\/\"},{\"@type\":\"ListItem\",\"position\":2,\"name\":\"ASAJA Soria agradece que Carriedo pida disculpas a todos los agricultores de la provincia\"}]},{\"@type\":\"WebSite\",\"@id\":\"https:\/\/www.asajacyl.com\/soria\/#website\",\"url\":\"https:\/\/www.asajacyl.com\/soria\/\",\"name\":\"ASAJA Soria\",\"description\":\"Otro sitio m\u00e1s de Provincias ASAJA Castilla y Le\u00f3n\",\"potentialAction\":[{\"@type\":\"SearchAction\",\"target\":{\"@type\":\"EntryPoint\",\"urlTemplate\":\"https:\/\/www.asajacyl.com\/soria\/?s={search_term_string}\"},\"query-input\":{\"@type\":\"PropertyValueSpecification\",\"valueRequired\":true,\"valueName\":\"search_term_string\"}}],\"inLanguage\":\"es\"},{\"@type\":\"Person\",\"@id\":\"https:\/\/www.asajacyl.com\/soria\/#\/schema\/person\/fd3081c40255119ce8133b87e6aedfab\",\"name\":\"Juan Ignacio Prieto Nieto\",\"image\":{\"@type\":\"ImageObject\",\"inLanguage\":\"es\",\"@id\":\"https:\/\/www.asajacyl.com\/soria\/#\/schema\/person\/image\/\",\"url\":\"https:\/\/secure.gravatar.com\/avatar\/8266b36e4d9001acb4700699a2468dc8?s=96&d=mm&r=g\",\"contentUrl\":\"https:\/\/secure.gravatar.com\/avatar\/8266b36e4d9001acb4700699a2468dc8?s=96&d=mm&r=g\",\"caption\":\"Juan Ignacio Prieto Nieto\"},\"url\":\"https:\/\/www.asajacyl.com\/soria\/author\/juanfranciscoby\"}]}<\/script>\n<!-- \/ Yoast SEO plugin. -->","yoast_head_json":{"title":"ASAJA Soria agradece que Carriedo pida disculpas a todos los agricultores de la provincia - ASAJA Soria","description":"La OPA le recuerda al portavoz de la Junta que con ellas no se come y que continuar\u00e1 decididamente con su batalla legal en defensa del derecho de los","robots":{"index":"index","follow":"follow","max-snippet":"max-snippet:-1","max-image-preview":"max-image-preview:large","max-video-preview":"max-video-preview:-1"},"canonical":"https:\/\/www.asajacyl.com\/soria\/asaja-soria-informa\/6308","og_locale":"es_ES","og_type":"article","og_title":"ASAJA Soria agradece que Carriedo pida disculpas a todos los agricultores de la provincia - ASAJA Soria","og_description":"La OPA le recuerda al portavoz de la Junta que con ellas no se come y que continuar\u00e1 decididamente con su batalla legal en defensa del derecho de los","og_url":"https:\/\/www.asajacyl.com\/soria\/asaja-soria-informa\/6308","og_site_name":"ASAJA Soria","article_published_time":"2022-11-25T12:32:59+00:00","article_modified_time":"2022-11-25T12:35:51+00:00","og_image":[{"width":1248,"height":770,"url":"https:\/\/www.asajacyl.com\/soria\/wp-content\/uploads\/sites\/9\/2022\/11\/carriedo.jpg","type":"image\/jpeg"}],"author":"Juan Ignacio Prieto Nieto","twitter_card":"summary_large_image","twitter_misc":{"Escrito por":"Juan Ignacio Prieto Nieto","Tiempo de lectura":"3 minutos"},"schema":{"@context":"https:\/\/schema.org","@graph":[{"@type":"WebPage","@id":"https:\/\/www.asajacyl.com\/soria\/asaja-soria-informa\/6308","url":"https:\/\/www.asajacyl.com\/soria\/asaja-soria-informa\/6308","name":"ASAJA Soria agradece que Carriedo pida disculpas a todos los agricultores de la provincia - ASAJA Soria","isPartOf":{"@id":"https:\/\/www.asajacyl.com\/soria\/#website"},"primaryImageOfPage":{"@id":"https:\/\/www.asajacyl.com\/soria\/asaja-soria-informa\/6308#primaryimage"},"image":{"@id":"https:\/\/www.asajacyl.com\/soria\/asaja-soria-informa\/6308#primaryimage"},"thumbnailUrl":"https:\/\/www.asajacyl.com\/soria\/wp-content\/uploads\/sites\/9\/2022\/11\/carriedo.jpg","datePublished":"2022-11-25T12:32:59+00:00","dateModified":"2022-11-25T12:35:51+00:00","author":{"@id":"https:\/\/www.asajacyl.com\/soria\/#\/schema\/person\/fd3081c40255119ce8133b87e6aedfab"},"description":"La OPA le recuerda al portavoz de la Junta que con ellas no se come y que continuar\u00e1 decididamente con su batalla legal en defensa del derecho de los","breadcrumb":{"@id":"https:\/\/www.asajacyl.com\/soria\/asaja-soria-informa\/6308#breadcrumb"},"inLanguage":"es","potentialAction":[{"@type":"ReadAction","target":["https:\/\/www.asajacyl.com\/soria\/asaja-soria-informa\/6308"]}]},{"@type":"ImageObject","inLanguage":"es","@id":"https:\/\/www.asajacyl.com\/soria\/asaja-soria-informa\/6308#primaryimage","url":"https:\/\/www.asajacyl.com\/soria\/wp-content\/uploads\/sites\/9\/2022\/11\/carriedo.jpg","contentUrl":"https:\/\/www.asajacyl.com\/soria\/wp-content\/uploads\/sites\/9\/2022\/11\/carriedo.jpg","width":1248,"height":770},{"@type":"BreadcrumbList","@id":"https:\/\/www.asajacyl.com\/soria\/asaja-soria-informa\/6308#breadcrumb","itemListElement":[{"@type":"ListItem","position":1,"name":"Portada","item":"https:\/\/www.asajacyl.com\/soria\/"},{"@type":"ListItem","position":2,"name":"ASAJA Soria agradece que Carriedo pida disculpas a todos los agricultores de la provincia"}]},{"@type":"WebSite","@id":"https:\/\/www.asajacyl.com\/soria\/#website","url":"https:\/\/www.asajacyl.com\/soria\/","name":"ASAJA Soria","description":"Otro sitio m\u00e1s de Provincias ASAJA Castilla y Le\u00f3n","potentialAction":[{"@type":"SearchAction","target":{"@type":"EntryPoint","urlTemplate":"https:\/\/www.asajacyl.com\/soria\/?s={search_term_string}"},"query-input":{"@type":"PropertyValueSpecification","valueRequired":true,"valueName":"search_term_string"}}],"inLanguage":"es"},{"@type":"Person","@id":"https:\/\/www.asajacyl.com\/soria\/#\/schema\/person\/fd3081c40255119ce8133b87e6aedfab","name":"Juan Ignacio Prieto Nieto","image":{"@type":"ImageObject","inLanguage":"es","@id":"https:\/\/www.asajacyl.com\/soria\/#\/schema\/person\/image\/","url":"https:\/\/secure.gravatar.com\/avatar\/8266b36e4d9001acb4700699a2468dc8?s=96&d=mm&r=g","contentUrl":"https:\/\/secure.gravatar.com\/avatar\/8266b36e4d9001acb4700699a2468dc8?s=96&d=mm&r=g","caption":"Juan Ignacio Prieto Nieto"},"url":"https:\/\/www.asajacyl.com\/soria\/author\/juanfranciscoby"}]}},"_links":{"self":[{"href":"https:\/\/www.asajacyl.com\/soria\/wp-json\/wp\/v2\/posts\/6308"}],"collection":[{"href":"https:\/\/www.asajacyl.com\/soria\/wp-json\/wp\/v2\/posts"}],"about":[{"href":"https:\/\/www.asajacyl.com\/soria\/wp-json\/wp\/v2\/types\/post"}],"author":[{"embeddable":true,"href":"https:\/\/www.asajacyl.com\/soria\/wp-json\/wp\/v2\/users\/12"}],"replies":[{"embeddable":true,"href":"https:\/\/www.asajacyl.com\/soria\/wp-json\/wp\/v2\/comments?post=6308"}],"version-history":[{"count":2,"href":"https:\/\/www.asajacyl.com\/soria\/wp-json\/wp\/v2\/posts\/6308\/revisions"}],"predecessor-version":[{"id":6312,"href":"https:\/\/www.asajacyl.com\/soria\/wp-json\/wp\/v2\/posts\/6308\/revisions\/6312"}],"wp:featuredmedia":[{"embeddable":true,"href":"https:\/\/www.asajacyl.com\/soria\/wp-json\/wp\/v2\/media\/6309"}],"wp:attachment":[{"href":"https:\/\/www.asajacyl.com\/soria\/wp-json\/wp\/v2\/media?parent=6308"}],"wp:term":[{"taxonomy":"category","embeddable":true,"href":"https:\/\/www.asajacyl.com\/soria\/wp-json\/wp\/v2\/categories?post=6308"},{"taxonomy":"post_tag","embeddable":true,"href":"https:\/\/www.asajacyl.com\/soria\/wp-json\/wp\/v2\/tags?post=6308"}],"curies":[{"name":"wp","href":"https:\/\/api.w.org\/{rel}","templated":true}]}}