{"id":6313,"date":"2022-11-28T14:15:52","date_gmt":"2022-11-28T13:15:52","guid":{"rendered":"https:\/\/www.asajacyl.com\/soria\/?p=6313"},"modified":"2022-11-29T17:41:30","modified_gmt":"2022-11-29T16:41:30","slug":"asaja-soria-participara-en-la-manifestacion-de-manana-en-madrid-frente-al-miteco","status":"publish","type":"post","link":"https:\/\/www.asajacyl.com\/soria\/asaja-soria-informa\/asaja-soria-participara-en-la-manifestacion-de-manana-en-madrid-frente-al-miteco","title":{"rendered":"ASAJA Soria participar\u00e1 en la manifestaci\u00f3n de ma\u00f1ana en Madrid frente al MITECO"},"content":{"rendered":"\n<h2><strong><em>La OPA acudir\u00e1 para reclamar el control del lobo<\/em><\/strong><\/h2>\n<p>Una representaci\u00f3n de ASAJA Soria participar\u00e1 ma\u00f1ana en la convocatoria organizada por ASAJA a nivel nacional en Madrid a las puertas del Ministerio para la Transici\u00f3n Ecol\u00f3gica y el Reto Demogr\u00e1fico (MITECO) y a la que est\u00e1n llamados todos los agricultores y ganaderos que quieran asistir.<\/p>\n<p>Aunque son muchos los asuntos por desgracia afectados en el sector del campo por el MITECO, en la convocatoria destaca esencialmente el problema generado en la ganader\u00eda extensiva, especialmente en el ovino, desde que el Ministerio decidi\u00f3 incluir el lobo dentro del Listado de Especies Silvestres en R\u00e9gimen de Protecci\u00f3n Especial, tambi\u00e9n conocido como LESPRE.<\/p>\n<p>ASAJA est\u00e1 firmemente convencida de que de no realizarse el control del lobo se estar\u00e1 dando el jaque mate a la ganader\u00eda de ovino. Un sector que por el desarrollo de las infraestructuras y de la sociedad en general est\u00e1 ya pr\u00e1cticamente relegado a las zonas menos pobladas en las que precisamente la expansi\u00f3n del lobo sin ning\u00fan control da la puntilla a este de por s\u00ed sufrido sector.<\/p>\n<p>ASAJA recuerda que en la provincia de Soria ya se ha pasado en los \u00faltimos 20 a\u00f1os del medio mill\u00f3n de cabezas a las menos de 150.000 y en los \u00faltimos meses, en algunas comarcas, se han empezado a contabilizar y, en otras, que eran espor\u00e1dicos, se han intensificado los ataques en zonas como Pinares y Tierras Altas, al norte, y Sierra Pela, al sur, por ejemplo. Conocidos tambi\u00e9n han sido los casos de lobos hasta la zona de Almenar y en las inmediaciones de Valonsadero, que tanto han circulado por las redes sociales estos d\u00edas.<\/p>\n<p>As\u00ed las cosas, en l\u00ednea con lo que ASAJA dice desde el principio, es necesario que el lobo salga del listado y que se pueda hacer sobre \u00e9l gesti\u00f3n para revertir una situaci\u00f3n que lleva al precipicio a la ganader\u00eda soriana pues la compensaci\u00f3n de da\u00f1os no resuelve en absoluto el problema.<\/p>\n<p>ASAJA nacional mantiene un contencioso con el MITECO por esta controvertida figura de protecci\u00f3n impuesta. La Junta de Castilla y Le\u00f3n tambi\u00e9n mantiene un conflicto abierto junto a otras comunidades aut\u00f3nomas que suman entre ellas el 95 por ciento de todos los lobos que hay en Espa\u00f1a. No tiene sentido que un pa\u00eds como Espa\u00f1a, que contabiliza m\u00e1s del doble de manadas que toda Alemania, tenga esta figura tan restrictiva del control del lobo cuando en otros lugares se est\u00e1 haciendo control efectivo. Hasta hace muy poco, Soria era la provincia con menos da\u00f1os de lobos de toda la regi\u00f3n, pero ya pronostic\u00e1bamos que la inclusi\u00f3n del lobo en el LESPRE traer\u00eda aqu\u00ed los problemas que vergonzosamente llevaban a\u00f1os ya padeciendo otros puntos de la comunidad.<\/p>\n<p>Este conflicto se ha saldado hasta la fecha con que el MITECO no haya transferido los fondos prometidos para suavizar el resarcimiento de los da\u00f1os a los ganaderos, lo que ha llevado en la \u00faltima semana a que la Junta haya adelantado m\u00e1s de 4,5 millones que se les adeudaba a los ganaderos. En esta batalla, precisamente el jueves de la semana pasada el Parlamento Europeo pidi\u00f3 a la Comisi\u00f3n cambiar este estatus de estricta protecci\u00f3n del lobo debido a que el n\u00famero de ejemplares y manadas va en aumento, mientras que el de los ganaderos va en ca\u00edda libre. Por este motivo ASAJA Soria no faltar\u00e1 ma\u00f1ana a ese acto reivindicativo a las puestas del MITECO para exigir el control efectivo del lobo ante una situaci\u00f3n insoportable en la que el ganadero se siente desesperado e incomprendido.<\/p>\n<p>Asimismo, en la concentraci\u00f3n se denunciar\u00e1, entre otras cosas, el incremento desmesurado de los costes energ\u00e9ticos y en especial las tarifas el\u00e9ctricas a las que tienen que hacer frente los agricultores y ganaderos y que hacen inviable el sostenimiento de las explotaciones agrarias.<\/p>\n","protected":false},"excerpt":{"rendered":"<p>La OPA acudir\u00e1 para reclamar el control del lobo Una representaci\u00f3n de ASAJA Soria participar\u00e1 ma\u00f1ana en la convocatoria organizada por ASAJA a nivel nacional en Madrid a las puertas del Ministerio para la Transici\u00f3n Ecol\u00f3gica y el Reto Demogr\u00e1fico (MITECO) y a la que est\u00e1n llamados todos los agricultores y ganaderos que quieran asistir. [&hellip;]<\/p>\n","protected":false},"author":12,"featured_media":6314,"comment_status":"open","ping_status":"open","sticky":false,"template":"","format":"standard","meta":{"footnotes":""},"categories":[10,25],"tags":[],"yoast_head":"<!-- This site is optimized with the Yoast SEO plugin v24.5 - https:\/\/yoast.com\/wordpress\/plugins\/seo\/ -->\n<title>ASAJA Soria participar\u00e1 en la manifestaci\u00f3n de ma\u00f1ana en Madrid frente al MITECO - ASAJA Soria<\/title>\n<meta name=\"description\" content=\"La OPA acudir\u00e1 para reclamar el control del lobo Una representaci\u00f3n de ASAJA Soria participar\u00e1 ma\u00f1ana en la convocatoria organizada por ASAJA a nivel\" \/>\n<meta name=\"robots\" content=\"index, follow, max-snippet:-1, max-image-preview:large, max-video-preview:-1\" \/>\n<link rel=\"canonical\" href=\"https:\/\/www.asajacyl.com\/soria\/asaja-soria-informa\/asaja-soria-participara-en-la-manifestacion-de-manana-en-madrid-frente-al-miteco\" \/>\n<meta property=\"og:locale\" content=\"es_ES\" \/>\n<meta property=\"og:type\" content=\"article\" \/>\n<meta property=\"og:title\" content=\"ASAJA Soria participar\u00e1 en la manifestaci\u00f3n de ma\u00f1ana en Madrid frente al MITECO - ASAJA Soria\" \/>\n<meta property=\"og:description\" content=\"La OPA acudir\u00e1 para reclamar el control del lobo Una representaci\u00f3n de ASAJA Soria participar\u00e1 ma\u00f1ana en la convocatoria organizada por ASAJA a nivel\" \/>\n<meta property=\"og:url\" content=\"https:\/\/www.asajacyl.com\/soria\/asaja-soria-informa\/asaja-soria-participara-en-la-manifestacion-de-manana-en-madrid-frente-al-miteco\" \/>\n<meta property=\"og:site_name\" content=\"ASAJA Soria\" \/>\n<meta property=\"article:published_time\" content=\"2022-11-28T13:15:52+00:00\" \/>\n<meta property=\"article:modified_time\" content=\"2022-11-29T16:41:30+00:00\" \/>\n<meta property=\"og:image\" content=\"https:\/\/www.asajacyl.com\/soria\/wp-content\/uploads\/sites\/9\/2022\/11\/pastor-con-su-rebano-de-ovejas-en-la-zona-de-tiermes-soria-62155-xl.jpg\" \/>\n\t<meta property=\"og:image:width\" content=\"1200\" \/>\n\t<meta property=\"og:image:height\" content=\"1205\" \/>\n\t<meta property=\"og:image:type\" content=\"image\/jpeg\" \/>\n<meta name=\"author\" content=\"Juan Ignacio Prieto Nieto\" \/>\n<meta name=\"twitter:card\" content=\"summary_large_image\" \/>\n<meta name=\"twitter:label1\" content=\"Escrito por\" \/>\n\t<meta name=\"twitter:data1\" content=\"Juan Ignacio Prieto Nieto\" \/>\n\t<meta name=\"twitter:label2\" content=\"Tiempo de lectura\" \/>\n\t<meta name=\"twitter:data2\" content=\"3 minutos\" \/>\n<script type=\"application\/ld+json\" class=\"yoast-schema-graph\">{\"@context\":\"https:\/\/schema.org\",\"@graph\":[{\"@type\":\"WebPage\",\"@id\":\"https:\/\/www.asajacyl.com\/soria\/asaja-soria-informa\/asaja-soria-participara-en-la-manifestacion-de-manana-en-madrid-frente-al-miteco\",\"url\":\"https:\/\/www.asajacyl.com\/soria\/asaja-soria-informa\/asaja-soria-participara-en-la-manifestacion-de-manana-en-madrid-frente-al-miteco\",\"name\":\"ASAJA Soria participar\u00e1 en la manifestaci\u00f3n de ma\u00f1ana en Madrid frente al MITECO - ASAJA Soria\",\"isPartOf\":{\"@id\":\"https:\/\/www.asajacyl.com\/soria\/#website\"},\"primaryImageOfPage\":{\"@id\":\"https:\/\/www.asajacyl.com\/soria\/asaja-soria-informa\/asaja-soria-participara-en-la-manifestacion-de-manana-en-madrid-frente-al-miteco#primaryimage\"},\"image\":{\"@id\":\"https:\/\/www.asajacyl.com\/soria\/asaja-soria-informa\/asaja-soria-participara-en-la-manifestacion-de-manana-en-madrid-frente-al-miteco#primaryimage\"},\"thumbnailUrl\":\"https:\/\/www.asajacyl.com\/soria\/wp-content\/uploads\/sites\/9\/2022\/11\/pastor-con-su-rebano-de-ovejas-en-la-zona-de-tiermes-soria-62155-xl.jpg\",\"datePublished\":\"2022-11-28T13:15:52+00:00\",\"dateModified\":\"2022-11-29T16:41:30+00:00\",\"author\":{\"@id\":\"https:\/\/www.asajacyl.com\/soria\/#\/schema\/person\/fd3081c40255119ce8133b87e6aedfab\"},\"description\":\"La OPA acudir\u00e1 para reclamar el control del lobo Una representaci\u00f3n de ASAJA Soria participar\u00e1 ma\u00f1ana en la convocatoria organizada por ASAJA a nivel\",\"breadcrumb\":{\"@id\":\"https:\/\/www.asajacyl.com\/soria\/asaja-soria-informa\/asaja-soria-participara-en-la-manifestacion-de-manana-en-madrid-frente-al-miteco#breadcrumb\"},\"inLanguage\":\"es\",\"potentialAction\":[{\"@type\":\"ReadAction\",\"target\":[\"https:\/\/www.asajacyl.com\/soria\/asaja-soria-informa\/asaja-soria-participara-en-la-manifestacion-de-manana-en-madrid-frente-al-miteco\"]}]},{\"@type\":\"ImageObject\",\"inLanguage\":\"es\",\"@id\":\"https:\/\/www.asajacyl.com\/soria\/asaja-soria-informa\/asaja-soria-participara-en-la-manifestacion-de-manana-en-madrid-frente-al-miteco#primaryimage\",\"url\":\"https:\/\/www.asajacyl.com\/soria\/wp-content\/uploads\/sites\/9\/2022\/11\/pastor-con-su-rebano-de-ovejas-en-la-zona-de-tiermes-soria-62155-xl.jpg\",\"contentUrl\":\"https:\/\/www.asajacyl.com\/soria\/wp-content\/uploads\/sites\/9\/2022\/11\/pastor-con-su-rebano-de-ovejas-en-la-zona-de-tiermes-soria-62155-xl.jpg\",\"width\":1200,\"height\":1205},{\"@type\":\"BreadcrumbList\",\"@id\":\"https:\/\/www.asajacyl.com\/soria\/asaja-soria-informa\/asaja-soria-participara-en-la-manifestacion-de-manana-en-madrid-frente-al-miteco#breadcrumb\",\"itemListElement\":[{\"@type\":\"ListItem\",\"position\":1,\"name\":\"Portada\",\"item\":\"https:\/\/www.asajacyl.com\/soria\/\"},{\"@type\":\"ListItem\",\"position\":2,\"name\":\"ASAJA Soria participar\u00e1 en la manifestaci\u00f3n de ma\u00f1ana en Madrid frente al MITECO\"}]},{\"@type\":\"WebSite\",\"@id\":\"https:\/\/www.asajacyl.com\/soria\/#website\",\"url\":\"https:\/\/www.asajacyl.com\/soria\/\",\"name\":\"ASAJA Soria\",\"description\":\"Otro sitio m\u00e1s de Provincias ASAJA Castilla y Le\u00f3n\",\"potentialAction\":[{\"@type\":\"SearchAction\",\"target\":{\"@type\":\"EntryPoint\",\"urlTemplate\":\"https:\/\/www.asajacyl.com\/soria\/?s={search_term_string}\"},\"query-input\":{\"@type\":\"PropertyValueSpecification\",\"valueRequired\":true,\"valueName\":\"search_term_string\"}}],\"inLanguage\":\"es\"},{\"@type\":\"Person\",\"@id\":\"https:\/\/www.asajacyl.com\/soria\/#\/schema\/person\/fd3081c40255119ce8133b87e6aedfab\",\"name\":\"Juan Ignacio Prieto Nieto\",\"image\":{\"@type\":\"ImageObject\",\"inLanguage\":\"es\",\"@id\":\"https:\/\/www.asajacyl.com\/soria\/#\/schema\/person\/image\/\",\"url\":\"https:\/\/secure.gravatar.com\/avatar\/8266b36e4d9001acb4700699a2468dc8?s=96&d=mm&r=g\",\"contentUrl\":\"https:\/\/secure.gravatar.com\/avatar\/8266b36e4d9001acb4700699a2468dc8?s=96&d=mm&r=g\",\"caption\":\"Juan Ignacio Prieto Nieto\"},\"url\":\"https:\/\/www.asajacyl.com\/soria\/author\/juanfranciscoby\"}]}<\/script>\n<!-- \/ Yoast SEO plugin. -->","yoast_head_json":{"title":"ASAJA Soria participar\u00e1 en la manifestaci\u00f3n de ma\u00f1ana en Madrid frente al MITECO - ASAJA Soria","description":"La OPA acudir\u00e1 para reclamar el control del lobo Una representaci\u00f3n de ASAJA Soria participar\u00e1 ma\u00f1ana en la convocatoria organizada por ASAJA a nivel","robots":{"index":"index","follow":"follow","max-snippet":"max-snippet:-1","max-image-preview":"max-image-preview:large","max-video-preview":"max-video-preview:-1"},"canonical":"https:\/\/www.asajacyl.com\/soria\/asaja-soria-informa\/asaja-soria-participara-en-la-manifestacion-de-manana-en-madrid-frente-al-miteco","og_locale":"es_ES","og_type":"article","og_title":"ASAJA Soria participar\u00e1 en la manifestaci\u00f3n de ma\u00f1ana en Madrid frente al MITECO - ASAJA Soria","og_description":"La OPA acudir\u00e1 para reclamar el control del lobo Una representaci\u00f3n de ASAJA Soria participar\u00e1 ma\u00f1ana en la convocatoria organizada por ASAJA a nivel","og_url":"https:\/\/www.asajacyl.com\/soria\/asaja-soria-informa\/asaja-soria-participara-en-la-manifestacion-de-manana-en-madrid-frente-al-miteco","og_site_name":"ASAJA Soria","article_published_time":"2022-11-28T13:15:52+00:00","article_modified_time":"2022-11-29T16:41:30+00:00","og_image":[{"width":1200,"height":1205,"url":"https:\/\/www.asajacyl.com\/soria\/wp-content\/uploads\/sites\/9\/2022\/11\/pastor-con-su-rebano-de-ovejas-en-la-zona-de-tiermes-soria-62155-xl.jpg","type":"image\/jpeg"}],"author":"Juan Ignacio Prieto Nieto","twitter_card":"summary_large_image","twitter_misc":{"Escrito por":"Juan Ignacio Prieto Nieto","Tiempo de lectura":"3 minutos"},"schema":{"@context":"https:\/\/schema.org","@graph":[{"@type":"WebPage","@id":"https:\/\/www.asajacyl.com\/soria\/asaja-soria-informa\/asaja-soria-participara-en-la-manifestacion-de-manana-en-madrid-frente-al-miteco","url":"https:\/\/www.asajacyl.com\/soria\/asaja-soria-informa\/asaja-soria-participara-en-la-manifestacion-de-manana-en-madrid-frente-al-miteco","name":"ASAJA Soria participar\u00e1 en la manifestaci\u00f3n de ma\u00f1ana en Madrid frente al MITECO - ASAJA Soria","isPartOf":{"@id":"https:\/\/www.asajacyl.com\/soria\/#website"},"primaryImageOfPage":{"@id":"https:\/\/www.asajacyl.com\/soria\/asaja-soria-informa\/asaja-soria-participara-en-la-manifestacion-de-manana-en-madrid-frente-al-miteco#primaryimage"},"image":{"@id":"https:\/\/www.asajacyl.com\/soria\/asaja-soria-informa\/asaja-soria-participara-en-la-manifestacion-de-manana-en-madrid-frente-al-miteco#primaryimage"},"thumbnailUrl":"https:\/\/www.asajacyl.com\/soria\/wp-content\/uploads\/sites\/9\/2022\/11\/pastor-con-su-rebano-de-ovejas-en-la-zona-de-tiermes-soria-62155-xl.jpg","datePublished":"2022-11-28T13:15:52+00:00","dateModified":"2022-11-29T16:41:30+00:00","author":{"@id":"https:\/\/www.asajacyl.com\/soria\/#\/schema\/person\/fd3081c40255119ce8133b87e6aedfab"},"description":"La OPA acudir\u00e1 para reclamar el control del lobo Una representaci\u00f3n de ASAJA Soria participar\u00e1 ma\u00f1ana en la convocatoria organizada por ASAJA a nivel","breadcrumb":{"@id":"https:\/\/www.asajacyl.com\/soria\/asaja-soria-informa\/asaja-soria-participara-en-la-manifestacion-de-manana-en-madrid-frente-al-miteco#breadcrumb"},"inLanguage":"es","potentialAction":[{"@type":"ReadAction","target":["https:\/\/www.asajacyl.com\/soria\/asaja-soria-informa\/asaja-soria-participara-en-la-manifestacion-de-manana-en-madrid-frente-al-miteco"]}]},{"@type":"ImageObject","inLanguage":"es","@id":"https:\/\/www.asajacyl.com\/soria\/asaja-soria-informa\/asaja-soria-participara-en-la-manifestacion-de-manana-en-madrid-frente-al-miteco#primaryimage","url":"https:\/\/www.asajacyl.com\/soria\/wp-content\/uploads\/sites\/9\/2022\/11\/pastor-con-su-rebano-de-ovejas-en-la-zona-de-tiermes-soria-62155-xl.jpg","contentUrl":"https:\/\/www.asajacyl.com\/soria\/wp-content\/uploads\/sites\/9\/2022\/11\/pastor-con-su-rebano-de-ovejas-en-la-zona-de-tiermes-soria-62155-xl.jpg","width":1200,"height":1205},{"@type":"BreadcrumbList","@id":"https:\/\/www.asajacyl.com\/soria\/asaja-soria-informa\/asaja-soria-participara-en-la-manifestacion-de-manana-en-madrid-frente-al-miteco#breadcrumb","itemListElement":[{"@type":"ListItem","position":1,"name":"Portada","item":"https:\/\/www.asajacyl.com\/soria\/"},{"@type":"ListItem","position":2,"name":"ASAJA Soria participar\u00e1 en la manifestaci\u00f3n de ma\u00f1ana en Madrid frente al MITECO"}]},{"@type":"WebSite","@id":"https:\/\/www.asajacyl.com\/soria\/#website","url":"https:\/\/www.asajacyl.com\/soria\/","name":"ASAJA Soria","description":"Otro sitio m\u00e1s de Provincias ASAJA Castilla y Le\u00f3n","potentialAction":[{"@type":"SearchAction","target":{"@type":"EntryPoint","urlTemplate":"https:\/\/www.asajacyl.com\/soria\/?s={search_term_string}"},"query-input":{"@type":"PropertyValueSpecification","valueRequired":true,"valueName":"search_term_string"}}],"inLanguage":"es"},{"@type":"Person","@id":"https:\/\/www.asajacyl.com\/soria\/#\/schema\/person\/fd3081c40255119ce8133b87e6aedfab","name":"Juan Ignacio Prieto Nieto","image":{"@type":"ImageObject","inLanguage":"es","@id":"https:\/\/www.asajacyl.com\/soria\/#\/schema\/person\/image\/","url":"https:\/\/secure.gravatar.com\/avatar\/8266b36e4d9001acb4700699a2468dc8?s=96&d=mm&r=g","contentUrl":"https:\/\/secure.gravatar.com\/avatar\/8266b36e4d9001acb4700699a2468dc8?s=96&d=mm&r=g","caption":"Juan Ignacio Prieto Nieto"},"url":"https:\/\/www.asajacyl.com\/soria\/author\/juanfranciscoby"}]}},"_links":{"self":[{"href":"https:\/\/www.asajacyl.com\/soria\/wp-json\/wp\/v2\/posts\/6313"}],"collection":[{"href":"https:\/\/www.asajacyl.com\/soria\/wp-json\/wp\/v2\/posts"}],"about":[{"href":"https:\/\/www.asajacyl.com\/soria\/wp-json\/wp\/v2\/types\/post"}],"author":[{"embeddable":true,"href":"https:\/\/www.asajacyl.com\/soria\/wp-json\/wp\/v2\/users\/12"}],"replies":[{"embeddable":true,"href":"https:\/\/www.asajacyl.com\/soria\/wp-json\/wp\/v2\/comments?post=6313"}],"version-history":[{"count":2,"href":"https:\/\/www.asajacyl.com\/soria\/wp-json\/wp\/v2\/posts\/6313\/revisions"}],"predecessor-version":[{"id":6316,"href":"https:\/\/www.asajacyl.com\/soria\/wp-json\/wp\/v2\/posts\/6313\/revisions\/6316"}],"wp:featuredmedia":[{"embeddable":true,"href":"https:\/\/www.asajacyl.com\/soria\/wp-json\/wp\/v2\/media\/6314"}],"wp:attachment":[{"href":"https:\/\/www.asajacyl.com\/soria\/wp-json\/wp\/v2\/media?parent=6313"}],"wp:term":[{"taxonomy":"category","embeddable":true,"href":"https:\/\/www.asajacyl.com\/soria\/wp-json\/wp\/v2\/categories?post=6313"},{"taxonomy":"post_tag","embeddable":true,"href":"https:\/\/www.asajacyl.com\/soria\/wp-json\/wp\/v2\/tags?post=6313"}],"curies":[{"name":"wp","href":"https:\/\/api.w.org\/{rel}","templated":true}]}}