{"id":6323,"date":"2022-11-29T17:37:53","date_gmt":"2022-11-29T16:37:53","guid":{"rendered":"https:\/\/www.asajacyl.com\/soria\/?p=6323"},"modified":"2022-12-02T15:44:19","modified_gmt":"2022-12-02T14:44:19","slug":"asaja-soria-participa-en-la-manifestacion-en-madrid-frente-al-miteco-para-reclamar-el-control-del-lobo-en-la-provincia","status":"publish","type":"post","link":"https:\/\/www.asajacyl.com\/soria\/asaja-soria-informa\/asaja-soria-participa-en-la-manifestacion-en-madrid-frente-al-miteco-para-reclamar-el-control-del-lobo-en-la-provincia","title":{"rendered":"ASAJA Soria participa en la manifestaci\u00f3n en Madrid frente al MITECO para reclamar el control del lobo en la provincia"},"content":{"rendered":"\n\n\n<p>Alrededor de un centenar de agricultores y ganaderos de Castilla y Le\u00f3n, entre los que se encontraba una representaci\u00f3n de ASAJA Soria, han secundado hoy la convocatoria de ASAJA nacional frente al Ministerio de Transici\u00f3n Ecol\u00f3gica y Reto Demogr\u00e1fico en protesta por las \u201cpol\u00edticas tremendamente lesivas y los ataques injustificados\u201d al sector agrario que est\u00e1 llevando a cabo este ministerio en materia energ\u00e9tica, hidr\u00e1ulica y de protecci\u00f3n de especies.<\/p>\n<p><img loading=\"lazy\" decoding=\"async\" class=\"aligncenter size-full wp-image-6325\" src=\"https:\/\/www.asajacyl.com\/soria\/wp-content\/uploads\/sites\/9\/2022\/11\/concentracion-29-n-lobo-MITECO.jpg\" alt=\"\" width=\"2016\" height=\"1512\" srcset=\"https:\/\/www.asajacyl.com\/soria\/wp-content\/uploads\/sites\/9\/2022\/11\/concentracion-29-n-lobo-MITECO.jpg 2016w, https:\/\/www.asajacyl.com\/soria\/wp-content\/uploads\/sites\/9\/2022\/11\/concentracion-29-n-lobo-MITECO-300x225.jpg 300w, https:\/\/www.asajacyl.com\/soria\/wp-content\/uploads\/sites\/9\/2022\/11\/concentracion-29-n-lobo-MITECO-1024x768.jpg 1024w, https:\/\/www.asajacyl.com\/soria\/wp-content\/uploads\/sites\/9\/2022\/11\/concentracion-29-n-lobo-MITECO-768x576.jpg 768w, https:\/\/www.asajacyl.com\/soria\/wp-content\/uploads\/sites\/9\/2022\/11\/concentracion-29-n-lobo-MITECO-1536x1152.jpg 1536w, https:\/\/www.asajacyl.com\/soria\/wp-content\/uploads\/sites\/9\/2022\/11\/concentracion-29-n-lobo-MITECO-696x522.jpg 696w, https:\/\/www.asajacyl.com\/soria\/wp-content\/uploads\/sites\/9\/2022\/11\/concentracion-29-n-lobo-MITECO-1068x801.jpg 1068w, https:\/\/www.asajacyl.com\/soria\/wp-content\/uploads\/sites\/9\/2022\/11\/concentracion-29-n-lobo-MITECO-1920x1440.jpg 1920w, https:\/\/www.asajacyl.com\/soria\/wp-content\/uploads\/sites\/9\/2022\/11\/concentracion-29-n-lobo-MITECO-560x420.jpg 560w, https:\/\/www.asajacyl.com\/soria\/wp-content\/uploads\/sites\/9\/2022\/11\/concentracion-29-n-lobo-MITECO-80x60.jpg 80w\" sizes=\"(max-width: 2016px) 100vw, 2016px\" \/><\/p>\n<p>Los manifestantes han pedido \u201cdimisiones, porque este Ministerio ha llevado demasiadas veces a la picota la cabeza del sector agrario y ganadero. Parece que, para la ministra, los agricultores y ganaderos no somos solo sospechosos, sino directamente culpables de todo, mientras no se demuestre lo contrario. Bur\u00f3cratas que no salen del despacho m\u00e1s que de excursi\u00f3n nos han convertido en los enemigos de la naturaleza, cuando somos nosotros los que desde hace siglos la mantenemos y convivimos con ella\u201d, ha denunciado el presidente regional de ASAJA, Donaciano Dujo, quien ha reclamado \u201creconocimiento y respeto\u201d para el sector, \u201cpues somos protagonistas y garantes del patrimonio natural\u201d.<\/p>\n<p><img loading=\"lazy\" decoding=\"async\" class=\"aligncenter size-full wp-image-6326\" src=\"https:\/\/www.asajacyl.com\/soria\/wp-content\/uploads\/sites\/9\/2022\/11\/IMG_6690.jpg\" alt=\"\" width=\"1875\" height=\"2500\" srcset=\"https:\/\/www.asajacyl.com\/soria\/wp-content\/uploads\/sites\/9\/2022\/11\/IMG_6690.jpg 1875w, https:\/\/www.asajacyl.com\/soria\/wp-content\/uploads\/sites\/9\/2022\/11\/IMG_6690-225x300.jpg 225w, https:\/\/www.asajacyl.com\/soria\/wp-content\/uploads\/sites\/9\/2022\/11\/IMG_6690-768x1024.jpg 768w, https:\/\/www.asajacyl.com\/soria\/wp-content\/uploads\/sites\/9\/2022\/11\/IMG_6690-1152x1536.jpg 1152w, https:\/\/www.asajacyl.com\/soria\/wp-content\/uploads\/sites\/9\/2022\/11\/IMG_6690-1536x2048.jpg 1536w, https:\/\/www.asajacyl.com\/soria\/wp-content\/uploads\/sites\/9\/2022\/11\/IMG_6690-696x928.jpg 696w, https:\/\/www.asajacyl.com\/soria\/wp-content\/uploads\/sites\/9\/2022\/11\/IMG_6690-1068x1424.jpg 1068w, https:\/\/www.asajacyl.com\/soria\/wp-content\/uploads\/sites\/9\/2022\/11\/IMG_6690-315x420.jpg 315w\" sizes=\"(max-width: 1875px) 100vw, 1875px\" \/><\/p>\n<p>Los manifestantes no han ocultado su preocupaci\u00f3n por el conflicto social y econ\u00f3mico provocado por el aumento de las manadas de lobos, situaci\u00f3n a\u00fan m\u00e1s complicada desde que se aprob\u00f3 la inclusi\u00f3n del lobo al norte del Duero en el LESPRE. El control poblacional del lobo es una necesidad apremiante, y adem\u00e1s la pol\u00edtica sobreprotectora del lobo defendida por el ministerio de Ribera ha sido severamente cuestionada desde el propio Parlamento Europeo, que hace unos d\u00edas aprobaba una Resoluci\u00f3n, por amplia mayor\u00eda por la que pide a la Comisi\u00f3n Europea que tome medidas para cambiar el actual estatus de estricta protecci\u00f3n del lobo y, por tanto, mitigar los da\u00f1os que el lobo provoca, sobre todo, a la ganader\u00eda extensiva, con el consiguiente perjuicio al medio rural.<\/p>\n<p>La resoluci\u00f3n europea ha dado la raz\u00f3n a las cuatro comunidades aut\u00f3nomas del noroeste que gestionan m\u00e1s del 95% de la poblaci\u00f3n espa\u00f1ola de lobos, con Castilla y Le\u00f3n a la cabeza. \u201cAlgo hay que hacer con la fauna salvaje y con el lobo en concreto, que suma 1.700 ataques y 4.000 animales muertos cada a\u00f1o en Castilla y Le\u00f3n. La situaci\u00f3n es insoportable y la ministra ha elegido proteger al lobo y expulsar al ganadero\u201d, ha criticado Donaciano Dujo.<\/p>\n<p><img loading=\"lazy\" decoding=\"async\" class=\"aligncenter size-full wp-image-6324\" src=\"https:\/\/www.asajacyl.com\/soria\/wp-content\/uploads\/sites\/9\/2022\/11\/IMG_6663.jpg\" alt=\"\" width=\"2388\" height=\"1791\" srcset=\"https:\/\/www.asajacyl.com\/soria\/wp-content\/uploads\/sites\/9\/2022\/11\/IMG_6663.jpg 2388w, https:\/\/www.asajacyl.com\/soria\/wp-content\/uploads\/sites\/9\/2022\/11\/IMG_6663-300x225.jpg 300w, https:\/\/www.asajacyl.com\/soria\/wp-content\/uploads\/sites\/9\/2022\/11\/IMG_6663-1024x768.jpg 1024w, https:\/\/www.asajacyl.com\/soria\/wp-content\/uploads\/sites\/9\/2022\/11\/IMG_6663-768x576.jpg 768w, https:\/\/www.asajacyl.com\/soria\/wp-content\/uploads\/sites\/9\/2022\/11\/IMG_6663-1536x1152.jpg 1536w, https:\/\/www.asajacyl.com\/soria\/wp-content\/uploads\/sites\/9\/2022\/11\/IMG_6663-2048x1536.jpg 2048w, https:\/\/www.asajacyl.com\/soria\/wp-content\/uploads\/sites\/9\/2022\/11\/IMG_6663-696x522.jpg 696w, https:\/\/www.asajacyl.com\/soria\/wp-content\/uploads\/sites\/9\/2022\/11\/IMG_6663-1068x801.jpg 1068w, https:\/\/www.asajacyl.com\/soria\/wp-content\/uploads\/sites\/9\/2022\/11\/IMG_6663-1920x1440.jpg 1920w, https:\/\/www.asajacyl.com\/soria\/wp-content\/uploads\/sites\/9\/2022\/11\/IMG_6663-560x420.jpg 560w, https:\/\/www.asajacyl.com\/soria\/wp-content\/uploads\/sites\/9\/2022\/11\/IMG_6663-80x60.jpg 80w\" sizes=\"(max-width: 2388px) 100vw, 2388px\" \/><\/p>\n<p>El presidente de ASAJA Soria, Carmelo G\u00f3mez, record\u00f3 a las puertas del MITECO que en la provincia \u00abya se ha pasado en los \u00faltimos 20 a\u00f1os del medio mill\u00f3n de cabezas a menos de 150.000. En los \u00faltimos meses, en algunas comarcas, se han empezado a contabilizar y, en otras, que eran espor\u00e1dicos, se han intensificado los ataques en zonas como Pinares y Tierras Altas, al norte, y Sierra Pela, al sur, por ejemplo. Conocidos tambi\u00e9n han sido los casos de lobos hasta la zona de Almenar y en las inmediaciones de Valonsadero, que tanto han circulado por las redes sociales estos d\u00edas. Es necesario que el lobo salga del listado y que se pueda hacer sobre \u00e9l gesti\u00f3n para revertir una situaci\u00f3n que lleva al precipicio a la ganader\u00eda soriana pues la compensaci\u00f3n de da\u00f1os no resuelve en absoluto el problema\u00bb. Adem\u00e1s, insisti\u00f3 en la importancia de seguir luchando para no dejar sin futuro a este sector y asever\u00f3 que \u00bb hay que estar m\u00e1s que nunca del lado de los profesionales, ante una situaci\u00f3n insoportable en la que el ganadero se siente desesperado e incomprendido\u00bb.<\/p>\n<p><img loading=\"lazy\" decoding=\"async\" class=\"aligncenter size-full wp-image-6327\" src=\"https:\/\/www.asajacyl.com\/soria\/wp-content\/uploads\/sites\/9\/2022\/11\/IMG_6645t.jpg\" alt=\"\" width=\"1913\" height=\"1366\" srcset=\"https:\/\/www.asajacyl.com\/soria\/wp-content\/uploads\/sites\/9\/2022\/11\/IMG_6645t.jpg 1913w, https:\/\/www.asajacyl.com\/soria\/wp-content\/uploads\/sites\/9\/2022\/11\/IMG_6645t-300x214.jpg 300w, https:\/\/www.asajacyl.com\/soria\/wp-content\/uploads\/sites\/9\/2022\/11\/IMG_6645t-1024x731.jpg 1024w, https:\/\/www.asajacyl.com\/soria\/wp-content\/uploads\/sites\/9\/2022\/11\/IMG_6645t-768x548.jpg 768w, https:\/\/www.asajacyl.com\/soria\/wp-content\/uploads\/sites\/9\/2022\/11\/IMG_6645t-1536x1097.jpg 1536w, https:\/\/www.asajacyl.com\/soria\/wp-content\/uploads\/sites\/9\/2022\/11\/IMG_6645t-696x497.jpg 696w, https:\/\/www.asajacyl.com\/soria\/wp-content\/uploads\/sites\/9\/2022\/11\/IMG_6645t-1068x763.jpg 1068w, https:\/\/www.asajacyl.com\/soria\/wp-content\/uploads\/sites\/9\/2022\/11\/IMG_6645t-588x420.jpg 588w\" sizes=\"(max-width: 1913px) 100vw, 1913px\" \/><\/p>\n<p>\u00a0<\/p>\n<p>\u00a0<\/p>\n<p><strong>\u00a0<\/strong><\/p>\n<p>\u00a0<\/p>\n<p>\u00a0<\/p>\n<p>\u00a0<\/p>\n","protected":false},"excerpt":{"rendered":"<p>Alrededor de un centenar de agricultores y ganaderos de Castilla y Le\u00f3n, entre los que se encontraba una representaci\u00f3n de ASAJA Soria, han secundado hoy la convocatoria de ASAJA nacional frente al Ministerio de Transici\u00f3n Ecol\u00f3gica y Reto Demogr\u00e1fico en protesta por las \u201cpol\u00edticas tremendamente lesivas y los ataques injustificados\u201d al sector agrario que est\u00e1 [&hellip;]<\/p>\n","protected":false},"author":12,"featured_media":6325,"comment_status":"open","ping_status":"open","sticky":false,"template":"","format":"standard","meta":{"footnotes":""},"categories":[10,25],"tags":[],"yoast_head":"<!-- This site is optimized with the Yoast SEO plugin v24.5 - https:\/\/yoast.com\/wordpress\/plugins\/seo\/ -->\n<title>ASAJA Soria participa en la manifestaci\u00f3n en Madrid frente al MITECO para reclamar el control del lobo en la provincia - ASAJA Soria<\/title>\n<meta name=\"description\" content=\"Alrededor de un centenar de agricultores y ganaderos de Castilla y Le\u00f3n, entre los que se encontraba una representaci\u00f3n de ASAJA Soria, han secundado hoy\" \/>\n<meta name=\"robots\" content=\"index, follow, max-snippet:-1, max-image-preview:large, max-video-preview:-1\" \/>\n<link rel=\"canonical\" href=\"https:\/\/www.asajacyl.com\/soria\/asaja-soria-informa\/asaja-soria-participa-en-la-manifestacion-en-madrid-frente-al-miteco-para-reclamar-el-control-del-lobo-en-la-provincia\" \/>\n<meta property=\"og:locale\" content=\"es_ES\" \/>\n<meta property=\"og:type\" content=\"article\" \/>\n<meta property=\"og:title\" content=\"ASAJA Soria participa en la manifestaci\u00f3n en Madrid frente al MITECO para reclamar el control del lobo en la provincia - ASAJA Soria\" \/>\n<meta property=\"og:description\" content=\"Alrededor de un centenar de agricultores y ganaderos de Castilla y Le\u00f3n, entre los que se encontraba una representaci\u00f3n de ASAJA Soria, han secundado hoy\" \/>\n<meta property=\"og:url\" content=\"https:\/\/www.asajacyl.com\/soria\/asaja-soria-informa\/asaja-soria-participa-en-la-manifestacion-en-madrid-frente-al-miteco-para-reclamar-el-control-del-lobo-en-la-provincia\" \/>\n<meta property=\"og:site_name\" content=\"ASAJA Soria\" \/>\n<meta property=\"article:published_time\" content=\"2022-11-29T16:37:53+00:00\" \/>\n<meta property=\"article:modified_time\" content=\"2022-12-02T14:44:19+00:00\" \/>\n<meta property=\"og:image\" content=\"https:\/\/www.asajacyl.com\/soria\/wp-content\/uploads\/sites\/9\/2022\/11\/concentracion-29-n-lobo-MITECO.jpg\" \/>\n\t<meta property=\"og:image:width\" content=\"2016\" \/>\n\t<meta property=\"og:image:height\" content=\"1512\" \/>\n\t<meta property=\"og:image:type\" content=\"image\/jpeg\" \/>\n<meta name=\"author\" content=\"Juan Ignacio Prieto Nieto\" \/>\n<meta name=\"twitter:card\" content=\"summary_large_image\" \/>\n<meta name=\"twitter:label1\" content=\"Escrito por\" \/>\n\t<meta name=\"twitter:data1\" content=\"Juan Ignacio Prieto Nieto\" \/>\n\t<meta name=\"twitter:label2\" content=\"Tiempo de lectura\" \/>\n\t<meta name=\"twitter:data2\" content=\"4 minutos\" \/>\n<script type=\"application\/ld+json\" class=\"yoast-schema-graph\">{\"@context\":\"https:\/\/schema.org\",\"@graph\":[{\"@type\":\"WebPage\",\"@id\":\"https:\/\/www.asajacyl.com\/soria\/asaja-soria-informa\/asaja-soria-participa-en-la-manifestacion-en-madrid-frente-al-miteco-para-reclamar-el-control-del-lobo-en-la-provincia\",\"url\":\"https:\/\/www.asajacyl.com\/soria\/asaja-soria-informa\/asaja-soria-participa-en-la-manifestacion-en-madrid-frente-al-miteco-para-reclamar-el-control-del-lobo-en-la-provincia\",\"name\":\"ASAJA Soria participa en la manifestaci\u00f3n en Madrid frente al MITECO para reclamar el control del lobo en la provincia - ASAJA Soria\",\"isPartOf\":{\"@id\":\"https:\/\/www.asajacyl.com\/soria\/#website\"},\"primaryImageOfPage\":{\"@id\":\"https:\/\/www.asajacyl.com\/soria\/asaja-soria-informa\/asaja-soria-participa-en-la-manifestacion-en-madrid-frente-al-miteco-para-reclamar-el-control-del-lobo-en-la-provincia#primaryimage\"},\"image\":{\"@id\":\"https:\/\/www.asajacyl.com\/soria\/asaja-soria-informa\/asaja-soria-participa-en-la-manifestacion-en-madrid-frente-al-miteco-para-reclamar-el-control-del-lobo-en-la-provincia#primaryimage\"},\"thumbnailUrl\":\"https:\/\/www.asajacyl.com\/soria\/wp-content\/uploads\/sites\/9\/2022\/11\/concentracion-29-n-lobo-MITECO.jpg\",\"datePublished\":\"2022-11-29T16:37:53+00:00\",\"dateModified\":\"2022-12-02T14:44:19+00:00\",\"author\":{\"@id\":\"https:\/\/www.asajacyl.com\/soria\/#\/schema\/person\/fd3081c40255119ce8133b87e6aedfab\"},\"description\":\"Alrededor de un centenar de agricultores y ganaderos de Castilla y Le\u00f3n, entre los que se encontraba una representaci\u00f3n de ASAJA Soria, han secundado hoy\",\"breadcrumb\":{\"@id\":\"https:\/\/www.asajacyl.com\/soria\/asaja-soria-informa\/asaja-soria-participa-en-la-manifestacion-en-madrid-frente-al-miteco-para-reclamar-el-control-del-lobo-en-la-provincia#breadcrumb\"},\"inLanguage\":\"es\",\"potentialAction\":[{\"@type\":\"ReadAction\",\"target\":[\"https:\/\/www.asajacyl.com\/soria\/asaja-soria-informa\/asaja-soria-participa-en-la-manifestacion-en-madrid-frente-al-miteco-para-reclamar-el-control-del-lobo-en-la-provincia\"]}]},{\"@type\":\"ImageObject\",\"inLanguage\":\"es\",\"@id\":\"https:\/\/www.asajacyl.com\/soria\/asaja-soria-informa\/asaja-soria-participa-en-la-manifestacion-en-madrid-frente-al-miteco-para-reclamar-el-control-del-lobo-en-la-provincia#primaryimage\",\"url\":\"https:\/\/www.asajacyl.com\/soria\/wp-content\/uploads\/sites\/9\/2022\/11\/concentracion-29-n-lobo-MITECO.jpg\",\"contentUrl\":\"https:\/\/www.asajacyl.com\/soria\/wp-content\/uploads\/sites\/9\/2022\/11\/concentracion-29-n-lobo-MITECO.jpg\",\"width\":2016,\"height\":1512},{\"@type\":\"BreadcrumbList\",\"@id\":\"https:\/\/www.asajacyl.com\/soria\/asaja-soria-informa\/asaja-soria-participa-en-la-manifestacion-en-madrid-frente-al-miteco-para-reclamar-el-control-del-lobo-en-la-provincia#breadcrumb\",\"itemListElement\":[{\"@type\":\"ListItem\",\"position\":1,\"name\":\"Portada\",\"item\":\"https:\/\/www.asajacyl.com\/soria\/\"},{\"@type\":\"ListItem\",\"position\":2,\"name\":\"ASAJA Soria participa en la manifestaci\u00f3n en Madrid frente al MITECO para reclamar el control del lobo en la provincia\"}]},{\"@type\":\"WebSite\",\"@id\":\"https:\/\/www.asajacyl.com\/soria\/#website\",\"url\":\"https:\/\/www.asajacyl.com\/soria\/\",\"name\":\"ASAJA Soria\",\"description\":\"Otro sitio m\u00e1s de Provincias ASAJA Castilla y Le\u00f3n\",\"potentialAction\":[{\"@type\":\"SearchAction\",\"target\":{\"@type\":\"EntryPoint\",\"urlTemplate\":\"https:\/\/www.asajacyl.com\/soria\/?s={search_term_string}\"},\"query-input\":{\"@type\":\"PropertyValueSpecification\",\"valueRequired\":true,\"valueName\":\"search_term_string\"}}],\"inLanguage\":\"es\"},{\"@type\":\"Person\",\"@id\":\"https:\/\/www.asajacyl.com\/soria\/#\/schema\/person\/fd3081c40255119ce8133b87e6aedfab\",\"name\":\"Juan Ignacio Prieto Nieto\",\"image\":{\"@type\":\"ImageObject\",\"inLanguage\":\"es\",\"@id\":\"https:\/\/www.asajacyl.com\/soria\/#\/schema\/person\/image\/\",\"url\":\"https:\/\/secure.gravatar.com\/avatar\/8266b36e4d9001acb4700699a2468dc8?s=96&d=mm&r=g\",\"contentUrl\":\"https:\/\/secure.gravatar.com\/avatar\/8266b36e4d9001acb4700699a2468dc8?s=96&d=mm&r=g\",\"caption\":\"Juan Ignacio Prieto Nieto\"},\"url\":\"https:\/\/www.asajacyl.com\/soria\/author\/juanfranciscoby\"}]}<\/script>\n<!-- \/ Yoast SEO plugin. -->","yoast_head_json":{"title":"ASAJA Soria participa en la manifestaci\u00f3n en Madrid frente al MITECO para reclamar el control del lobo en la provincia - ASAJA Soria","description":"Alrededor de un centenar de agricultores y ganaderos de Castilla y Le\u00f3n, entre los que se encontraba una representaci\u00f3n de ASAJA Soria, han secundado hoy","robots":{"index":"index","follow":"follow","max-snippet":"max-snippet:-1","max-image-preview":"max-image-preview:large","max-video-preview":"max-video-preview:-1"},"canonical":"https:\/\/www.asajacyl.com\/soria\/asaja-soria-informa\/asaja-soria-participa-en-la-manifestacion-en-madrid-frente-al-miteco-para-reclamar-el-control-del-lobo-en-la-provincia","og_locale":"es_ES","og_type":"article","og_title":"ASAJA Soria participa en la manifestaci\u00f3n en Madrid frente al MITECO para reclamar el control del lobo en la provincia - ASAJA Soria","og_description":"Alrededor de un centenar de agricultores y ganaderos de Castilla y Le\u00f3n, entre los que se encontraba una representaci\u00f3n de ASAJA Soria, han secundado hoy","og_url":"https:\/\/www.asajacyl.com\/soria\/asaja-soria-informa\/asaja-soria-participa-en-la-manifestacion-en-madrid-frente-al-miteco-para-reclamar-el-control-del-lobo-en-la-provincia","og_site_name":"ASAJA Soria","article_published_time":"2022-11-29T16:37:53+00:00","article_modified_time":"2022-12-02T14:44:19+00:00","og_image":[{"width":2016,"height":1512,"url":"https:\/\/www.asajacyl.com\/soria\/wp-content\/uploads\/sites\/9\/2022\/11\/concentracion-29-n-lobo-MITECO.jpg","type":"image\/jpeg"}],"author":"Juan Ignacio Prieto Nieto","twitter_card":"summary_large_image","twitter_misc":{"Escrito por":"Juan Ignacio Prieto Nieto","Tiempo de lectura":"4 minutos"},"schema":{"@context":"https:\/\/schema.org","@graph":[{"@type":"WebPage","@id":"https:\/\/www.asajacyl.com\/soria\/asaja-soria-informa\/asaja-soria-participa-en-la-manifestacion-en-madrid-frente-al-miteco-para-reclamar-el-control-del-lobo-en-la-provincia","url":"https:\/\/www.asajacyl.com\/soria\/asaja-soria-informa\/asaja-soria-participa-en-la-manifestacion-en-madrid-frente-al-miteco-para-reclamar-el-control-del-lobo-en-la-provincia","name":"ASAJA Soria participa en la manifestaci\u00f3n en Madrid frente al MITECO para reclamar el control del lobo en la provincia - ASAJA Soria","isPartOf":{"@id":"https:\/\/www.asajacyl.com\/soria\/#website"},"primaryImageOfPage":{"@id":"https:\/\/www.asajacyl.com\/soria\/asaja-soria-informa\/asaja-soria-participa-en-la-manifestacion-en-madrid-frente-al-miteco-para-reclamar-el-control-del-lobo-en-la-provincia#primaryimage"},"image":{"@id":"https:\/\/www.asajacyl.com\/soria\/asaja-soria-informa\/asaja-soria-participa-en-la-manifestacion-en-madrid-frente-al-miteco-para-reclamar-el-control-del-lobo-en-la-provincia#primaryimage"},"thumbnailUrl":"https:\/\/www.asajacyl.com\/soria\/wp-content\/uploads\/sites\/9\/2022\/11\/concentracion-29-n-lobo-MITECO.jpg","datePublished":"2022-11-29T16:37:53+00:00","dateModified":"2022-12-02T14:44:19+00:00","author":{"@id":"https:\/\/www.asajacyl.com\/soria\/#\/schema\/person\/fd3081c40255119ce8133b87e6aedfab"},"description":"Alrededor de un centenar de agricultores y ganaderos de Castilla y Le\u00f3n, entre los que se encontraba una representaci\u00f3n de ASAJA Soria, han secundado hoy","breadcrumb":{"@id":"https:\/\/www.asajacyl.com\/soria\/asaja-soria-informa\/asaja-soria-participa-en-la-manifestacion-en-madrid-frente-al-miteco-para-reclamar-el-control-del-lobo-en-la-provincia#breadcrumb"},"inLanguage":"es","potentialAction":[{"@type":"ReadAction","target":["https:\/\/www.asajacyl.com\/soria\/asaja-soria-informa\/asaja-soria-participa-en-la-manifestacion-en-madrid-frente-al-miteco-para-reclamar-el-control-del-lobo-en-la-provincia"]}]},{"@type":"ImageObject","inLanguage":"es","@id":"https:\/\/www.asajacyl.com\/soria\/asaja-soria-informa\/asaja-soria-participa-en-la-manifestacion-en-madrid-frente-al-miteco-para-reclamar-el-control-del-lobo-en-la-provincia#primaryimage","url":"https:\/\/www.asajacyl.com\/soria\/wp-content\/uploads\/sites\/9\/2022\/11\/concentracion-29-n-lobo-MITECO.jpg","contentUrl":"https:\/\/www.asajacyl.com\/soria\/wp-content\/uploads\/sites\/9\/2022\/11\/concentracion-29-n-lobo-MITECO.jpg","width":2016,"height":1512},{"@type":"BreadcrumbList","@id":"https:\/\/www.asajacyl.com\/soria\/asaja-soria-informa\/asaja-soria-participa-en-la-manifestacion-en-madrid-frente-al-miteco-para-reclamar-el-control-del-lobo-en-la-provincia#breadcrumb","itemListElement":[{"@type":"ListItem","position":1,"name":"Portada","item":"https:\/\/www.asajacyl.com\/soria\/"},{"@type":"ListItem","position":2,"name":"ASAJA Soria participa en la manifestaci\u00f3n en Madrid frente al MITECO para reclamar el control del lobo en la provincia"}]},{"@type":"WebSite","@id":"https:\/\/www.asajacyl.com\/soria\/#website","url":"https:\/\/www.asajacyl.com\/soria\/","name":"ASAJA Soria","description":"Otro sitio m\u00e1s de Provincias ASAJA Castilla y Le\u00f3n","potentialAction":[{"@type":"SearchAction","target":{"@type":"EntryPoint","urlTemplate":"https:\/\/www.asajacyl.com\/soria\/?s={search_term_string}"},"query-input":{"@type":"PropertyValueSpecification","valueRequired":true,"valueName":"search_term_string"}}],"inLanguage":"es"},{"@type":"Person","@id":"https:\/\/www.asajacyl.com\/soria\/#\/schema\/person\/fd3081c40255119ce8133b87e6aedfab","name":"Juan Ignacio Prieto Nieto","image":{"@type":"ImageObject","inLanguage":"es","@id":"https:\/\/www.asajacyl.com\/soria\/#\/schema\/person\/image\/","url":"https:\/\/secure.gravatar.com\/avatar\/8266b36e4d9001acb4700699a2468dc8?s=96&d=mm&r=g","contentUrl":"https:\/\/secure.gravatar.com\/avatar\/8266b36e4d9001acb4700699a2468dc8?s=96&d=mm&r=g","caption":"Juan Ignacio Prieto Nieto"},"url":"https:\/\/www.asajacyl.com\/soria\/author\/juanfranciscoby"}]}},"_links":{"self":[{"href":"https:\/\/www.asajacyl.com\/soria\/wp-json\/wp\/v2\/posts\/6323"}],"collection":[{"href":"https:\/\/www.asajacyl.com\/soria\/wp-json\/wp\/v2\/posts"}],"about":[{"href":"https:\/\/www.asajacyl.com\/soria\/wp-json\/wp\/v2\/types\/post"}],"author":[{"embeddable":true,"href":"https:\/\/www.asajacyl.com\/soria\/wp-json\/wp\/v2\/users\/12"}],"replies":[{"embeddable":true,"href":"https:\/\/www.asajacyl.com\/soria\/wp-json\/wp\/v2\/comments?post=6323"}],"version-history":[{"count":2,"href":"https:\/\/www.asajacyl.com\/soria\/wp-json\/wp\/v2\/posts\/6323\/revisions"}],"predecessor-version":[{"id":6330,"href":"https:\/\/www.asajacyl.com\/soria\/wp-json\/wp\/v2\/posts\/6323\/revisions\/6330"}],"wp:featuredmedia":[{"embeddable":true,"href":"https:\/\/www.asajacyl.com\/soria\/wp-json\/wp\/v2\/media\/6325"}],"wp:attachment":[{"href":"https:\/\/www.asajacyl.com\/soria\/wp-json\/wp\/v2\/media?parent=6323"}],"wp:term":[{"taxonomy":"category","embeddable":true,"href":"https:\/\/www.asajacyl.com\/soria\/wp-json\/wp\/v2\/categories?post=6323"},{"taxonomy":"post_tag","embeddable":true,"href":"https:\/\/www.asajacyl.com\/soria\/wp-json\/wp\/v2\/tags?post=6323"}],"curies":[{"name":"wp","href":"https:\/\/api.w.org\/{rel}","templated":true}]}}