{"id":6348,"date":"2022-12-02T15:29:27","date_gmt":"2022-12-02T14:29:27","guid":{"rendered":"https:\/\/www.asajacyl.com\/soria\/?p=6348"},"modified":"2022-12-13T08:29:04","modified_gmt":"2022-12-13T07:29:04","slug":"la-comision-europea-aprueba-la-prorroga-que-autoriza-el-uso-del-glifosato-hasta-diciembre-de-2023","status":"publish","type":"post","link":"https:\/\/www.asajacyl.com\/soria\/asaja-soria-informa\/la-comision-europea-aprueba-la-prorroga-que-autoriza-el-uso-del-glifosato-hasta-diciembre-de-2023","title":{"rendered":"<strong>La Comisi\u00f3n Europea aprueba la pr\u00f3rroga que autoriza el uso del glifosato hasta diciembre de 2023<\/strong>"},"content":{"rendered":"\n\n\n<h2><em>La OPA considera este tipo de parches una contradicci\u00f3n por parte de la Uni\u00f3n Europea <\/em><\/h2>\n<p>Seg\u00fan ha sido informada ASAJA Soria, a trav\u00e9s de los t\u00e9cnicos en Bruselas, la Comisi\u00f3n Europea habr\u00eda aprobado esta ma\u00f1ana definitivamente la pr\u00f3rroga por la que se extiende el uso del fitosanitario glifosato hasta diciembre de 2023.<\/p>\n<p>La organizaci\u00f3n, aunque valora que es un respiro a corto plazo el hecho de que se haya permitido el uso de esta sustancia en todo 2023, m\u00e1xime tras no haber sido aprobada su autorizaci\u00f3n definitiva en el seno del Comit\u00e9 Permanente de Plantas, Animales, Alimentos y Piensos (SCoPAFF) hace unos d\u00edas, sigue denunciando -como as\u00ed lo hizo a las puertas de la Oficina de la Comisi\u00f3n Europea en Madrid el pasado 23 de noviembre- que esto no deja de ser un parche. Y es que no permite planteamientos de m\u00e1s de un a\u00f1o a los profesionales, por lo que es in\u00fatil con vistas a formar un m\u00ednimo de estrategia sobre las mejores t\u00e9cnicas que se vayan a aplicar por parte de los agricultores en sus explotaciones.<\/p>\n<p>ASAJA insiste en que los planes estrat\u00e9gicos de la nueva PAC incluyen, como el caso espa\u00f1ol, t\u00e9cnicas de conservaci\u00f3n con te\u00f3ricos beneficios medioambientales de captaci\u00f3n de di\u00f3xido de carbono o protecci\u00f3n de los suelos y mejora en la eficiencia del empleo de fertilizaci\u00f3n nitrogenada, que como m\u00ednimo exige compromisos de los agricultores hasta el a\u00f1o 2027 y para los que resulta imposible abordarlos sin el empleo del glifosato.<\/p>\n<p>La OPA pide la aprobaci\u00f3n definitiva para, al menos, plazos de 5-10 a\u00f1os con el fin de dar tranquilidad a los agricultores, especialmente a los que se decantan por agricultura de conservaci\u00f3n y no laboreo.<\/p>\n","protected":false},"excerpt":{"rendered":"<p>La OPA considera este tipo de parches una contradicci\u00f3n por parte de la Uni\u00f3n Europea Seg\u00fan ha sido informada ASAJA Soria, a trav\u00e9s de los t\u00e9cnicos en Bruselas, la Comisi\u00f3n Europea habr\u00eda aprobado esta ma\u00f1ana definitivamente la pr\u00f3rroga por la que se extiende el uso del fitosanitario glifosato hasta diciembre de 2023. La organizaci\u00f3n, aunque [&hellip;]<\/p>\n","protected":false},"author":12,"featured_media":6349,"comment_status":"open","ping_status":"open","sticky":false,"template":"","format":"standard","meta":{"footnotes":""},"categories":[10,25],"tags":[],"yoast_head":"<!-- This site is optimized with the Yoast SEO plugin v24.5 - https:\/\/yoast.com\/wordpress\/plugins\/seo\/ -->\n<title>La Comisi\u00f3n Europea aprueba la pr\u00f3rroga que autoriza el uso del glifosato hasta diciembre de 2023 - ASAJA Soria<\/title>\n<meta name=\"description\" content=\"La OPA considera este tipo de parches una contradicci\u00f3n por parte de la Uni\u00f3n Europea Seg\u00fan ha sido informada ASAJA Soria, a trav\u00e9s de los t\u00e9cnicos en\" \/>\n<meta name=\"robots\" content=\"index, follow, max-snippet:-1, max-image-preview:large, max-video-preview:-1\" \/>\n<link rel=\"canonical\" href=\"https:\/\/www.asajacyl.com\/soria\/asaja-soria-informa\/la-comision-europea-aprueba-la-prorroga-que-autoriza-el-uso-del-glifosato-hasta-diciembre-de-2023\" \/>\n<meta property=\"og:locale\" content=\"es_ES\" \/>\n<meta property=\"og:type\" content=\"article\" \/>\n<meta property=\"og:title\" content=\"La Comisi\u00f3n Europea aprueba la pr\u00f3rroga que autoriza el uso del glifosato hasta diciembre de 2023 - ASAJA Soria\" \/>\n<meta property=\"og:description\" content=\"La OPA considera este tipo de parches una contradicci\u00f3n por parte de la Uni\u00f3n Europea Seg\u00fan ha sido informada ASAJA Soria, a trav\u00e9s de los t\u00e9cnicos en\" \/>\n<meta property=\"og:url\" content=\"https:\/\/www.asajacyl.com\/soria\/asaja-soria-informa\/la-comision-europea-aprueba-la-prorroga-que-autoriza-el-uso-del-glifosato-hasta-diciembre-de-2023\" \/>\n<meta property=\"og:site_name\" content=\"ASAJA Soria\" \/>\n<meta property=\"article:published_time\" content=\"2022-12-02T14:29:27+00:00\" \/>\n<meta property=\"article:modified_time\" content=\"2022-12-13T07:29:04+00:00\" \/>\n<meta property=\"og:image\" content=\"https:\/\/www.asajacyl.com\/soria\/wp-content\/uploads\/sites\/9\/2022\/12\/NoTillSoybeans147.png\" \/>\n\t<meta property=\"og:image:width\" content=\"500\" \/>\n\t<meta property=\"og:image:height\" content=\"332\" \/>\n\t<meta property=\"og:image:type\" content=\"image\/png\" \/>\n<meta name=\"author\" content=\"Juan Ignacio Prieto Nieto\" \/>\n<meta name=\"twitter:card\" content=\"summary_large_image\" \/>\n<meta name=\"twitter:label1\" content=\"Escrito por\" \/>\n\t<meta name=\"twitter:data1\" content=\"Juan Ignacio Prieto Nieto\" \/>\n\t<meta name=\"twitter:label2\" content=\"Tiempo de lectura\" \/>\n\t<meta name=\"twitter:data2\" content=\"2 minutos\" \/>\n<script type=\"application\/ld+json\" class=\"yoast-schema-graph\">{\"@context\":\"https:\/\/schema.org\",\"@graph\":[{\"@type\":\"WebPage\",\"@id\":\"https:\/\/www.asajacyl.com\/soria\/asaja-soria-informa\/la-comision-europea-aprueba-la-prorroga-que-autoriza-el-uso-del-glifosato-hasta-diciembre-de-2023\",\"url\":\"https:\/\/www.asajacyl.com\/soria\/asaja-soria-informa\/la-comision-europea-aprueba-la-prorroga-que-autoriza-el-uso-del-glifosato-hasta-diciembre-de-2023\",\"name\":\"La Comisi\u00f3n Europea aprueba la pr\u00f3rroga que autoriza el uso del glifosato hasta diciembre de 2023 - ASAJA Soria\",\"isPartOf\":{\"@id\":\"https:\/\/www.asajacyl.com\/soria\/#website\"},\"primaryImageOfPage\":{\"@id\":\"https:\/\/www.asajacyl.com\/soria\/asaja-soria-informa\/la-comision-europea-aprueba-la-prorroga-que-autoriza-el-uso-del-glifosato-hasta-diciembre-de-2023#primaryimage\"},\"image\":{\"@id\":\"https:\/\/www.asajacyl.com\/soria\/asaja-soria-informa\/la-comision-europea-aprueba-la-prorroga-que-autoriza-el-uso-del-glifosato-hasta-diciembre-de-2023#primaryimage\"},\"thumbnailUrl\":\"https:\/\/www.asajacyl.com\/soria\/wp-content\/uploads\/sites\/9\/2022\/12\/NoTillSoybeans147.png\",\"datePublished\":\"2022-12-02T14:29:27+00:00\",\"dateModified\":\"2022-12-13T07:29:04+00:00\",\"author\":{\"@id\":\"https:\/\/www.asajacyl.com\/soria\/#\/schema\/person\/fd3081c40255119ce8133b87e6aedfab\"},\"description\":\"La OPA considera este tipo de parches una contradicci\u00f3n por parte de la Uni\u00f3n Europea Seg\u00fan ha sido informada ASAJA Soria, a trav\u00e9s de los t\u00e9cnicos en\",\"breadcrumb\":{\"@id\":\"https:\/\/www.asajacyl.com\/soria\/asaja-soria-informa\/la-comision-europea-aprueba-la-prorroga-que-autoriza-el-uso-del-glifosato-hasta-diciembre-de-2023#breadcrumb\"},\"inLanguage\":\"es\",\"potentialAction\":[{\"@type\":\"ReadAction\",\"target\":[\"https:\/\/www.asajacyl.com\/soria\/asaja-soria-informa\/la-comision-europea-aprueba-la-prorroga-que-autoriza-el-uso-del-glifosato-hasta-diciembre-de-2023\"]}]},{\"@type\":\"ImageObject\",\"inLanguage\":\"es\",\"@id\":\"https:\/\/www.asajacyl.com\/soria\/asaja-soria-informa\/la-comision-europea-aprueba-la-prorroga-que-autoriza-el-uso-del-glifosato-hasta-diciembre-de-2023#primaryimage\",\"url\":\"https:\/\/www.asajacyl.com\/soria\/wp-content\/uploads\/sites\/9\/2022\/12\/NoTillSoybeans147.png\",\"contentUrl\":\"https:\/\/www.asajacyl.com\/soria\/wp-content\/uploads\/sites\/9\/2022\/12\/NoTillSoybeans147.png\",\"width\":500,\"height\":332},{\"@type\":\"BreadcrumbList\",\"@id\":\"https:\/\/www.asajacyl.com\/soria\/asaja-soria-informa\/la-comision-europea-aprueba-la-prorroga-que-autoriza-el-uso-del-glifosato-hasta-diciembre-de-2023#breadcrumb\",\"itemListElement\":[{\"@type\":\"ListItem\",\"position\":1,\"name\":\"Portada\",\"item\":\"https:\/\/www.asajacyl.com\/soria\/\"},{\"@type\":\"ListItem\",\"position\":2,\"name\":\"La Comisi\u00f3n Europea aprueba la pr\u00f3rroga que autoriza el uso del glifosato hasta diciembre de 2023\"}]},{\"@type\":\"WebSite\",\"@id\":\"https:\/\/www.asajacyl.com\/soria\/#website\",\"url\":\"https:\/\/www.asajacyl.com\/soria\/\",\"name\":\"ASAJA Soria\",\"description\":\"Otro sitio m\u00e1s de Provincias ASAJA Castilla y Le\u00f3n\",\"potentialAction\":[{\"@type\":\"SearchAction\",\"target\":{\"@type\":\"EntryPoint\",\"urlTemplate\":\"https:\/\/www.asajacyl.com\/soria\/?s={search_term_string}\"},\"query-input\":{\"@type\":\"PropertyValueSpecification\",\"valueRequired\":true,\"valueName\":\"search_term_string\"}}],\"inLanguage\":\"es\"},{\"@type\":\"Person\",\"@id\":\"https:\/\/www.asajacyl.com\/soria\/#\/schema\/person\/fd3081c40255119ce8133b87e6aedfab\",\"name\":\"Juan Ignacio Prieto Nieto\",\"image\":{\"@type\":\"ImageObject\",\"inLanguage\":\"es\",\"@id\":\"https:\/\/www.asajacyl.com\/soria\/#\/schema\/person\/image\/\",\"url\":\"https:\/\/secure.gravatar.com\/avatar\/8266b36e4d9001acb4700699a2468dc8?s=96&d=mm&r=g\",\"contentUrl\":\"https:\/\/secure.gravatar.com\/avatar\/8266b36e4d9001acb4700699a2468dc8?s=96&d=mm&r=g\",\"caption\":\"Juan Ignacio Prieto Nieto\"},\"url\":\"https:\/\/www.asajacyl.com\/soria\/author\/juanfranciscoby\"}]}<\/script>\n<!-- \/ Yoast SEO plugin. -->","yoast_head_json":{"title":"La Comisi\u00f3n Europea aprueba la pr\u00f3rroga que autoriza el uso del glifosato hasta diciembre de 2023 - ASAJA Soria","description":"La OPA considera este tipo de parches una contradicci\u00f3n por parte de la Uni\u00f3n Europea Seg\u00fan ha sido informada ASAJA Soria, a trav\u00e9s de los t\u00e9cnicos en","robots":{"index":"index","follow":"follow","max-snippet":"max-snippet:-1","max-image-preview":"max-image-preview:large","max-video-preview":"max-video-preview:-1"},"canonical":"https:\/\/www.asajacyl.com\/soria\/asaja-soria-informa\/la-comision-europea-aprueba-la-prorroga-que-autoriza-el-uso-del-glifosato-hasta-diciembre-de-2023","og_locale":"es_ES","og_type":"article","og_title":"La Comisi\u00f3n Europea aprueba la pr\u00f3rroga que autoriza el uso del glifosato hasta diciembre de 2023 - ASAJA Soria","og_description":"La OPA considera este tipo de parches una contradicci\u00f3n por parte de la Uni\u00f3n Europea Seg\u00fan ha sido informada ASAJA Soria, a trav\u00e9s de los t\u00e9cnicos en","og_url":"https:\/\/www.asajacyl.com\/soria\/asaja-soria-informa\/la-comision-europea-aprueba-la-prorroga-que-autoriza-el-uso-del-glifosato-hasta-diciembre-de-2023","og_site_name":"ASAJA Soria","article_published_time":"2022-12-02T14:29:27+00:00","article_modified_time":"2022-12-13T07:29:04+00:00","og_image":[{"width":500,"height":332,"url":"https:\/\/www.asajacyl.com\/soria\/wp-content\/uploads\/sites\/9\/2022\/12\/NoTillSoybeans147.png","type":"image\/png"}],"author":"Juan Ignacio Prieto Nieto","twitter_card":"summary_large_image","twitter_misc":{"Escrito por":"Juan Ignacio Prieto Nieto","Tiempo de lectura":"2 minutos"},"schema":{"@context":"https:\/\/schema.org","@graph":[{"@type":"WebPage","@id":"https:\/\/www.asajacyl.com\/soria\/asaja-soria-informa\/la-comision-europea-aprueba-la-prorroga-que-autoriza-el-uso-del-glifosato-hasta-diciembre-de-2023","url":"https:\/\/www.asajacyl.com\/soria\/asaja-soria-informa\/la-comision-europea-aprueba-la-prorroga-que-autoriza-el-uso-del-glifosato-hasta-diciembre-de-2023","name":"La Comisi\u00f3n Europea aprueba la pr\u00f3rroga que autoriza el uso del glifosato hasta diciembre de 2023 - ASAJA Soria","isPartOf":{"@id":"https:\/\/www.asajacyl.com\/soria\/#website"},"primaryImageOfPage":{"@id":"https:\/\/www.asajacyl.com\/soria\/asaja-soria-informa\/la-comision-europea-aprueba-la-prorroga-que-autoriza-el-uso-del-glifosato-hasta-diciembre-de-2023#primaryimage"},"image":{"@id":"https:\/\/www.asajacyl.com\/soria\/asaja-soria-informa\/la-comision-europea-aprueba-la-prorroga-que-autoriza-el-uso-del-glifosato-hasta-diciembre-de-2023#primaryimage"},"thumbnailUrl":"https:\/\/www.asajacyl.com\/soria\/wp-content\/uploads\/sites\/9\/2022\/12\/NoTillSoybeans147.png","datePublished":"2022-12-02T14:29:27+00:00","dateModified":"2022-12-13T07:29:04+00:00","author":{"@id":"https:\/\/www.asajacyl.com\/soria\/#\/schema\/person\/fd3081c40255119ce8133b87e6aedfab"},"description":"La OPA considera este tipo de parches una contradicci\u00f3n por parte de la Uni\u00f3n Europea Seg\u00fan ha sido informada ASAJA Soria, a trav\u00e9s de los t\u00e9cnicos en","breadcrumb":{"@id":"https:\/\/www.asajacyl.com\/soria\/asaja-soria-informa\/la-comision-europea-aprueba-la-prorroga-que-autoriza-el-uso-del-glifosato-hasta-diciembre-de-2023#breadcrumb"},"inLanguage":"es","potentialAction":[{"@type":"ReadAction","target":["https:\/\/www.asajacyl.com\/soria\/asaja-soria-informa\/la-comision-europea-aprueba-la-prorroga-que-autoriza-el-uso-del-glifosato-hasta-diciembre-de-2023"]}]},{"@type":"ImageObject","inLanguage":"es","@id":"https:\/\/www.asajacyl.com\/soria\/asaja-soria-informa\/la-comision-europea-aprueba-la-prorroga-que-autoriza-el-uso-del-glifosato-hasta-diciembre-de-2023#primaryimage","url":"https:\/\/www.asajacyl.com\/soria\/wp-content\/uploads\/sites\/9\/2022\/12\/NoTillSoybeans147.png","contentUrl":"https:\/\/www.asajacyl.com\/soria\/wp-content\/uploads\/sites\/9\/2022\/12\/NoTillSoybeans147.png","width":500,"height":332},{"@type":"BreadcrumbList","@id":"https:\/\/www.asajacyl.com\/soria\/asaja-soria-informa\/la-comision-europea-aprueba-la-prorroga-que-autoriza-el-uso-del-glifosato-hasta-diciembre-de-2023#breadcrumb","itemListElement":[{"@type":"ListItem","position":1,"name":"Portada","item":"https:\/\/www.asajacyl.com\/soria\/"},{"@type":"ListItem","position":2,"name":"La Comisi\u00f3n Europea aprueba la pr\u00f3rroga que autoriza el uso del glifosato hasta diciembre de 2023"}]},{"@type":"WebSite","@id":"https:\/\/www.asajacyl.com\/soria\/#website","url":"https:\/\/www.asajacyl.com\/soria\/","name":"ASAJA Soria","description":"Otro sitio m\u00e1s de Provincias ASAJA Castilla y Le\u00f3n","potentialAction":[{"@type":"SearchAction","target":{"@type":"EntryPoint","urlTemplate":"https:\/\/www.asajacyl.com\/soria\/?s={search_term_string}"},"query-input":{"@type":"PropertyValueSpecification","valueRequired":true,"valueName":"search_term_string"}}],"inLanguage":"es"},{"@type":"Person","@id":"https:\/\/www.asajacyl.com\/soria\/#\/schema\/person\/fd3081c40255119ce8133b87e6aedfab","name":"Juan Ignacio Prieto Nieto","image":{"@type":"ImageObject","inLanguage":"es","@id":"https:\/\/www.asajacyl.com\/soria\/#\/schema\/person\/image\/","url":"https:\/\/secure.gravatar.com\/avatar\/8266b36e4d9001acb4700699a2468dc8?s=96&d=mm&r=g","contentUrl":"https:\/\/secure.gravatar.com\/avatar\/8266b36e4d9001acb4700699a2468dc8?s=96&d=mm&r=g","caption":"Juan Ignacio Prieto Nieto"},"url":"https:\/\/www.asajacyl.com\/soria\/author\/juanfranciscoby"}]}},"_links":{"self":[{"href":"https:\/\/www.asajacyl.com\/soria\/wp-json\/wp\/v2\/posts\/6348"}],"collection":[{"href":"https:\/\/www.asajacyl.com\/soria\/wp-json\/wp\/v2\/posts"}],"about":[{"href":"https:\/\/www.asajacyl.com\/soria\/wp-json\/wp\/v2\/types\/post"}],"author":[{"embeddable":true,"href":"https:\/\/www.asajacyl.com\/soria\/wp-json\/wp\/v2\/users\/12"}],"replies":[{"embeddable":true,"href":"https:\/\/www.asajacyl.com\/soria\/wp-json\/wp\/v2\/comments?post=6348"}],"version-history":[{"count":2,"href":"https:\/\/www.asajacyl.com\/soria\/wp-json\/wp\/v2\/posts\/6348\/revisions"}],"predecessor-version":[{"id":6351,"href":"https:\/\/www.asajacyl.com\/soria\/wp-json\/wp\/v2\/posts\/6348\/revisions\/6351"}],"wp:featuredmedia":[{"embeddable":true,"href":"https:\/\/www.asajacyl.com\/soria\/wp-json\/wp\/v2\/media\/6349"}],"wp:attachment":[{"href":"https:\/\/www.asajacyl.com\/soria\/wp-json\/wp\/v2\/media?parent=6348"}],"wp:term":[{"taxonomy":"category","embeddable":true,"href":"https:\/\/www.asajacyl.com\/soria\/wp-json\/wp\/v2\/categories?post=6348"},{"taxonomy":"post_tag","embeddable":true,"href":"https:\/\/www.asajacyl.com\/soria\/wp-json\/wp\/v2\/tags?post=6348"}],"curies":[{"name":"wp","href":"https:\/\/api.w.org\/{rel}","templated":true}]}}