{"id":6369,"date":"2022-12-13T08:26:51","date_gmt":"2022-12-13T07:26:51","guid":{"rendered":"https:\/\/www.asajacyl.com\/soria\/?p=6369"},"modified":"2023-01-05T10:45:27","modified_gmt":"2023-01-05T09:45:27","slug":"asaja-soria-invita-a-los-consumidores-a-apostar-en-sus-compras-navidenas-por-los-alimentos-de-nuestra-provincia","status":"publish","type":"post","link":"https:\/\/www.asajacyl.com\/soria\/asaja-soria-informa\/asaja-soria-invita-a-los-consumidores-a-apostar-en-sus-compras-navidenas-por-los-alimentos-de-nuestra-provincia","title":{"rendered":"<strong>ASAJA SORIA INVITA A LOS CONSUMIDORES A APOSTAR EN SUS COMPRAS NAVIDE\u00d1AS POR LOS ALIMENTOS DE NUESTRA PROVINCIA<\/strong>"},"content":{"rendered":"\n\n\n<h2><strong><em>Un a\u00f1o m\u00e1s, la organizaci\u00f3n agraria impulsa una campa\u00f1a a favor del consumo de productos aut\u00f3ctonos<\/em><\/strong><\/h2>\n<p>Coincidiendo con las fechas navide\u00f1as, y como ya es habitual, ASAJA Soria solicita a los consumidores que apoyen al sector agroganadero provincial, y que soliciten productos aut\u00f3ctonos en sus puntos de compra y de distribuci\u00f3n habituales.<img loading=\"lazy\" decoding=\"async\" class=\" wp-image-6370 alignright\" src=\"https:\/\/www.asajacyl.com\/soria\/wp-content\/uploads\/sites\/9\/2022\/12\/ASAJA-banderola-2022-e1670921927332.jpg\" alt=\"\" width=\"215\" height=\"860\" srcset=\"https:\/\/www.asajacyl.com\/soria\/wp-content\/uploads\/sites\/9\/2022\/12\/ASAJA-banderola-2022-e1670921927332.jpg 333w, https:\/\/www.asajacyl.com\/soria\/wp-content\/uploads\/sites\/9\/2022\/12\/ASAJA-banderola-2022-e1670921927332-75x300.jpg 75w, https:\/\/www.asajacyl.com\/soria\/wp-content\/uploads\/sites\/9\/2022\/12\/ASAJA-banderola-2022-e1670921927332-256x1024.jpg 256w, https:\/\/www.asajacyl.com\/soria\/wp-content\/uploads\/sites\/9\/2022\/12\/ASAJA-banderola-2022-e1670921927332-105x420.jpg 105w\" sizes=\"(max-width: 215px) 100vw, 215px\" \/><\/p>\n<p>\u00a0Esta campa\u00f1a se refuerza con el mensaje\u00a0\u201cEn Navidad regala y consume productos sorianos. No te mereces menos. Ah, y que el cordero no te lo vendan forastero\u201d, que centra la felicitaci\u00f3n en redes sociales y en los medios de comunicaci\u00f3n por parte de la organizaci\u00f3n profesional, con el \u00e1nimo de involucrar\u00a0en estas fechas festivas al mayor n\u00famero posible de consumidores. Todo ello en la defensa del producto local, que re\u00fane las mejores cualidades de calidad y sabor, adem\u00e1s de ser una id\u00f3nea oportunidad de apoyo real al sector agr\u00edcola y ganadero provincial, y a la econom\u00eda en su conjunto.<\/p>\n<p>La organizaci\u00f3n profesional agraria insiste a la vez en la\u00a0importancia de leer el etiquetado\u00a0de los alimentos que se compran, para verificar su origen. Consumir\u00a0productos sorianos\u00a0siempre es y ser\u00e1 una buena decisi\u00f3n. Significa\u00a0degustar excelencia y vivir miles de experiencias gastron\u00f3micas, desde las innovadoras a la de una profunda tradici\u00f3n, enraizadas con la cultura, la forma de ser y de relacionarse, el ocio y el disfrute en general.<\/p>\n<p>Para los bares, restaurantes y toda la hosteler\u00eda en general supone una garant\u00eda de calidad y de profesionalidad en los productos, bienes y servicios que ofrecen al p\u00fablico, adem\u00e1s de un soporte para nuevos proyectos de emprendimiento agrario. Adem\u00e1s, as\u00ed se visibilizan los beneficios de un consumo de productos de calidad a buen precio y con las m\u00e1ximas garant\u00edas, al tiempo que se difunden por todo el mundo y plenamente los atributos cualificados de los productos sorianos.<\/p>\n<p>ASAJA recuerda que adem\u00e1s del ovino, hay infinidad de productos de la m\u00e1xima calidad elaborados en Soria que no pueden faltar en estas fechas navide\u00f1as, como el cochinillo, la miel, los pollos de corral, la ternera, los l\u00e1cteos y quesos, los huevos, el cardo rojo, los panes, las cervezas, los pat\u00e9s, los frutos rojos, lechugas, manzanas, fresas, legumbres, chorizos y otros embutidos, torreznos, mantequilla, vinos y espumosos, dulces y reposter\u00eda de todo tipo, etc\u00e9tera. Alimentos todos ellos que son una excelente opci\u00f3n para las comidas especiales de estas fechas, pero que tambi\u00e9n son por s\u00ed mismos un gran regalo de Reyes, y por supuesto para todo el a\u00f1o, porque se trata de algo \u00fatil, con totales garant\u00edas de calidad y bien recibido.<\/p>\n<p>\u00a0<\/p>\n<p>\u00a0<\/p>\n","protected":false},"excerpt":{"rendered":"<p>Un a\u00f1o m\u00e1s, la organizaci\u00f3n agraria impulsa una campa\u00f1a a favor del consumo de productos aut\u00f3ctonos Coincidiendo con las fechas navide\u00f1as, y como ya es habitual, ASAJA Soria solicita a los consumidores que apoyen al sector agroganadero provincial, y que soliciten productos aut\u00f3ctonos en sus puntos de compra y de distribuci\u00f3n habituales. \u00a0Esta campa\u00f1a se [&hellip;]<\/p>\n","protected":false},"author":12,"featured_media":6376,"comment_status":"open","ping_status":"open","sticky":false,"template":"","format":"standard","meta":{"footnotes":""},"categories":[10,25],"tags":[],"yoast_head":"<!-- This site is optimized with the Yoast SEO plugin v24.5 - https:\/\/yoast.com\/wordpress\/plugins\/seo\/ -->\n<title>ASAJA SORIA INVITA A LOS CONSUMIDORES A APOSTAR EN SUS COMPRAS NAVIDE\u00d1AS POR LOS ALIMENTOS DE NUESTRA PROVINCIA - ASAJA Soria<\/title>\n<meta name=\"description\" content=\"Un a\u00f1o m\u00e1s, la organizaci\u00f3n agraria impulsa una campa\u00f1a a favor del consumo de productos aut\u00f3ctonos Coincidiendo con las fechas navide\u00f1as, y como ya es\" \/>\n<meta name=\"robots\" content=\"index, follow, max-snippet:-1, max-image-preview:large, max-video-preview:-1\" \/>\n<link rel=\"canonical\" href=\"https:\/\/www.asajacyl.com\/soria\/asaja-soria-informa\/asaja-soria-invita-a-los-consumidores-a-apostar-en-sus-compras-navidenas-por-los-alimentos-de-nuestra-provincia\" \/>\n<meta property=\"og:locale\" content=\"es_ES\" \/>\n<meta property=\"og:type\" content=\"article\" \/>\n<meta property=\"og:title\" content=\"ASAJA SORIA INVITA A LOS CONSUMIDORES A APOSTAR EN SUS COMPRAS NAVIDE\u00d1AS POR LOS ALIMENTOS DE NUESTRA PROVINCIA - ASAJA Soria\" \/>\n<meta property=\"og:description\" content=\"Un a\u00f1o m\u00e1s, la organizaci\u00f3n agraria impulsa una campa\u00f1a a favor del consumo de productos aut\u00f3ctonos Coincidiendo con las fechas navide\u00f1as, y como ya es\" \/>\n<meta property=\"og:url\" content=\"https:\/\/www.asajacyl.com\/soria\/asaja-soria-informa\/asaja-soria-invita-a-los-consumidores-a-apostar-en-sus-compras-navidenas-por-los-alimentos-de-nuestra-provincia\" \/>\n<meta property=\"og:site_name\" content=\"ASAJA Soria\" \/>\n<meta property=\"article:published_time\" content=\"2022-12-13T07:26:51+00:00\" \/>\n<meta property=\"article:modified_time\" content=\"2023-01-05T09:45:27+00:00\" \/>\n<meta property=\"og:image\" content=\"https:\/\/www.asajacyl.com\/soria\/wp-content\/uploads\/sites\/9\/2022\/12\/ASAJA-banderola-2022-bv.jpg\" \/>\n\t<meta property=\"og:image:width\" content=\"1088\" \/>\n\t<meta property=\"og:image:height\" content=\"2500\" \/>\n\t<meta property=\"og:image:type\" content=\"image\/jpeg\" \/>\n<meta name=\"author\" content=\"Juan Ignacio Prieto Nieto\" \/>\n<meta name=\"twitter:card\" content=\"summary_large_image\" \/>\n<meta name=\"twitter:label1\" content=\"Escrito por\" \/>\n\t<meta name=\"twitter:data1\" content=\"Juan Ignacio Prieto Nieto\" \/>\n\t<meta name=\"twitter:label2\" content=\"Tiempo de lectura\" \/>\n\t<meta name=\"twitter:data2\" content=\"3 minutos\" \/>\n<script type=\"application\/ld+json\" class=\"yoast-schema-graph\">{\"@context\":\"https:\/\/schema.org\",\"@graph\":[{\"@type\":\"WebPage\",\"@id\":\"https:\/\/www.asajacyl.com\/soria\/asaja-soria-informa\/asaja-soria-invita-a-los-consumidores-a-apostar-en-sus-compras-navidenas-por-los-alimentos-de-nuestra-provincia\",\"url\":\"https:\/\/www.asajacyl.com\/soria\/asaja-soria-informa\/asaja-soria-invita-a-los-consumidores-a-apostar-en-sus-compras-navidenas-por-los-alimentos-de-nuestra-provincia\",\"name\":\"ASAJA SORIA INVITA A LOS CONSUMIDORES A APOSTAR EN SUS COMPRAS NAVIDE\u00d1AS POR LOS ALIMENTOS DE NUESTRA PROVINCIA - ASAJA Soria\",\"isPartOf\":{\"@id\":\"https:\/\/www.asajacyl.com\/soria\/#website\"},\"primaryImageOfPage\":{\"@id\":\"https:\/\/www.asajacyl.com\/soria\/asaja-soria-informa\/asaja-soria-invita-a-los-consumidores-a-apostar-en-sus-compras-navidenas-por-los-alimentos-de-nuestra-provincia#primaryimage\"},\"image\":{\"@id\":\"https:\/\/www.asajacyl.com\/soria\/asaja-soria-informa\/asaja-soria-invita-a-los-consumidores-a-apostar-en-sus-compras-navidenas-por-los-alimentos-de-nuestra-provincia#primaryimage\"},\"thumbnailUrl\":\"https:\/\/www.asajacyl.com\/soria\/wp-content\/uploads\/sites\/9\/2022\/12\/ASAJA-banderola-2022-bv.jpg\",\"datePublished\":\"2022-12-13T07:26:51+00:00\",\"dateModified\":\"2023-01-05T09:45:27+00:00\",\"author\":{\"@id\":\"https:\/\/www.asajacyl.com\/soria\/#\/schema\/person\/fd3081c40255119ce8133b87e6aedfab\"},\"description\":\"Un a\u00f1o m\u00e1s, la organizaci\u00f3n agraria impulsa una campa\u00f1a a favor del consumo de productos aut\u00f3ctonos Coincidiendo con las fechas navide\u00f1as, y como ya es\",\"breadcrumb\":{\"@id\":\"https:\/\/www.asajacyl.com\/soria\/asaja-soria-informa\/asaja-soria-invita-a-los-consumidores-a-apostar-en-sus-compras-navidenas-por-los-alimentos-de-nuestra-provincia#breadcrumb\"},\"inLanguage\":\"es\",\"potentialAction\":[{\"@type\":\"ReadAction\",\"target\":[\"https:\/\/www.asajacyl.com\/soria\/asaja-soria-informa\/asaja-soria-invita-a-los-consumidores-a-apostar-en-sus-compras-navidenas-por-los-alimentos-de-nuestra-provincia\"]}]},{\"@type\":\"ImageObject\",\"inLanguage\":\"es\",\"@id\":\"https:\/\/www.asajacyl.com\/soria\/asaja-soria-informa\/asaja-soria-invita-a-los-consumidores-a-apostar-en-sus-compras-navidenas-por-los-alimentos-de-nuestra-provincia#primaryimage\",\"url\":\"https:\/\/www.asajacyl.com\/soria\/wp-content\/uploads\/sites\/9\/2022\/12\/ASAJA-banderola-2022-bv.jpg\",\"contentUrl\":\"https:\/\/www.asajacyl.com\/soria\/wp-content\/uploads\/sites\/9\/2022\/12\/ASAJA-banderola-2022-bv.jpg\",\"width\":1088,\"height\":2500},{\"@type\":\"BreadcrumbList\",\"@id\":\"https:\/\/www.asajacyl.com\/soria\/asaja-soria-informa\/asaja-soria-invita-a-los-consumidores-a-apostar-en-sus-compras-navidenas-por-los-alimentos-de-nuestra-provincia#breadcrumb\",\"itemListElement\":[{\"@type\":\"ListItem\",\"position\":1,\"name\":\"Portada\",\"item\":\"https:\/\/www.asajacyl.com\/soria\/\"},{\"@type\":\"ListItem\",\"position\":2,\"name\":\"ASAJA SORIA INVITA A LOS CONSUMIDORES A APOSTAR EN SUS COMPRAS NAVIDE\u00d1AS POR LOS ALIMENTOS DE NUESTRA PROVINCIA\"}]},{\"@type\":\"WebSite\",\"@id\":\"https:\/\/www.asajacyl.com\/soria\/#website\",\"url\":\"https:\/\/www.asajacyl.com\/soria\/\",\"name\":\"ASAJA Soria\",\"description\":\"Otro sitio m\u00e1s de Provincias ASAJA Castilla y Le\u00f3n\",\"potentialAction\":[{\"@type\":\"SearchAction\",\"target\":{\"@type\":\"EntryPoint\",\"urlTemplate\":\"https:\/\/www.asajacyl.com\/soria\/?s={search_term_string}\"},\"query-input\":{\"@type\":\"PropertyValueSpecification\",\"valueRequired\":true,\"valueName\":\"search_term_string\"}}],\"inLanguage\":\"es\"},{\"@type\":\"Person\",\"@id\":\"https:\/\/www.asajacyl.com\/soria\/#\/schema\/person\/fd3081c40255119ce8133b87e6aedfab\",\"name\":\"Juan Ignacio Prieto Nieto\",\"image\":{\"@type\":\"ImageObject\",\"inLanguage\":\"es\",\"@id\":\"https:\/\/www.asajacyl.com\/soria\/#\/schema\/person\/image\/\",\"url\":\"https:\/\/secure.gravatar.com\/avatar\/8266b36e4d9001acb4700699a2468dc8?s=96&d=mm&r=g\",\"contentUrl\":\"https:\/\/secure.gravatar.com\/avatar\/8266b36e4d9001acb4700699a2468dc8?s=96&d=mm&r=g\",\"caption\":\"Juan Ignacio Prieto Nieto\"},\"url\":\"https:\/\/www.asajacyl.com\/soria\/author\/juanfranciscoby\"}]}<\/script>\n<!-- \/ Yoast SEO plugin. -->","yoast_head_json":{"title":"ASAJA SORIA INVITA A LOS CONSUMIDORES A APOSTAR EN SUS COMPRAS NAVIDE\u00d1AS POR LOS ALIMENTOS DE NUESTRA PROVINCIA - ASAJA Soria","description":"Un a\u00f1o m\u00e1s, la organizaci\u00f3n agraria impulsa una campa\u00f1a a favor del consumo de productos aut\u00f3ctonos Coincidiendo con las fechas navide\u00f1as, y como ya es","robots":{"index":"index","follow":"follow","max-snippet":"max-snippet:-1","max-image-preview":"max-image-preview:large","max-video-preview":"max-video-preview:-1"},"canonical":"https:\/\/www.asajacyl.com\/soria\/asaja-soria-informa\/asaja-soria-invita-a-los-consumidores-a-apostar-en-sus-compras-navidenas-por-los-alimentos-de-nuestra-provincia","og_locale":"es_ES","og_type":"article","og_title":"ASAJA SORIA INVITA A LOS CONSUMIDORES A APOSTAR EN SUS COMPRAS NAVIDE\u00d1AS POR LOS ALIMENTOS DE NUESTRA PROVINCIA - ASAJA Soria","og_description":"Un a\u00f1o m\u00e1s, la organizaci\u00f3n agraria impulsa una campa\u00f1a a favor del consumo de productos aut\u00f3ctonos Coincidiendo con las fechas navide\u00f1as, y como ya es","og_url":"https:\/\/www.asajacyl.com\/soria\/asaja-soria-informa\/asaja-soria-invita-a-los-consumidores-a-apostar-en-sus-compras-navidenas-por-los-alimentos-de-nuestra-provincia","og_site_name":"ASAJA Soria","article_published_time":"2022-12-13T07:26:51+00:00","article_modified_time":"2023-01-05T09:45:27+00:00","og_image":[{"width":1088,"height":2500,"url":"https:\/\/www.asajacyl.com\/soria\/wp-content\/uploads\/sites\/9\/2022\/12\/ASAJA-banderola-2022-bv.jpg","type":"image\/jpeg"}],"author":"Juan Ignacio Prieto Nieto","twitter_card":"summary_large_image","twitter_misc":{"Escrito por":"Juan Ignacio Prieto Nieto","Tiempo de lectura":"3 minutos"},"schema":{"@context":"https:\/\/schema.org","@graph":[{"@type":"WebPage","@id":"https:\/\/www.asajacyl.com\/soria\/asaja-soria-informa\/asaja-soria-invita-a-los-consumidores-a-apostar-en-sus-compras-navidenas-por-los-alimentos-de-nuestra-provincia","url":"https:\/\/www.asajacyl.com\/soria\/asaja-soria-informa\/asaja-soria-invita-a-los-consumidores-a-apostar-en-sus-compras-navidenas-por-los-alimentos-de-nuestra-provincia","name":"ASAJA SORIA INVITA A LOS CONSUMIDORES A APOSTAR EN SUS COMPRAS NAVIDE\u00d1AS POR LOS ALIMENTOS DE NUESTRA PROVINCIA - ASAJA Soria","isPartOf":{"@id":"https:\/\/www.asajacyl.com\/soria\/#website"},"primaryImageOfPage":{"@id":"https:\/\/www.asajacyl.com\/soria\/asaja-soria-informa\/asaja-soria-invita-a-los-consumidores-a-apostar-en-sus-compras-navidenas-por-los-alimentos-de-nuestra-provincia#primaryimage"},"image":{"@id":"https:\/\/www.asajacyl.com\/soria\/asaja-soria-informa\/asaja-soria-invita-a-los-consumidores-a-apostar-en-sus-compras-navidenas-por-los-alimentos-de-nuestra-provincia#primaryimage"},"thumbnailUrl":"https:\/\/www.asajacyl.com\/soria\/wp-content\/uploads\/sites\/9\/2022\/12\/ASAJA-banderola-2022-bv.jpg","datePublished":"2022-12-13T07:26:51+00:00","dateModified":"2023-01-05T09:45:27+00:00","author":{"@id":"https:\/\/www.asajacyl.com\/soria\/#\/schema\/person\/fd3081c40255119ce8133b87e6aedfab"},"description":"Un a\u00f1o m\u00e1s, la organizaci\u00f3n agraria impulsa una campa\u00f1a a favor del consumo de productos aut\u00f3ctonos Coincidiendo con las fechas navide\u00f1as, y como ya es","breadcrumb":{"@id":"https:\/\/www.asajacyl.com\/soria\/asaja-soria-informa\/asaja-soria-invita-a-los-consumidores-a-apostar-en-sus-compras-navidenas-por-los-alimentos-de-nuestra-provincia#breadcrumb"},"inLanguage":"es","potentialAction":[{"@type":"ReadAction","target":["https:\/\/www.asajacyl.com\/soria\/asaja-soria-informa\/asaja-soria-invita-a-los-consumidores-a-apostar-en-sus-compras-navidenas-por-los-alimentos-de-nuestra-provincia"]}]},{"@type":"ImageObject","inLanguage":"es","@id":"https:\/\/www.asajacyl.com\/soria\/asaja-soria-informa\/asaja-soria-invita-a-los-consumidores-a-apostar-en-sus-compras-navidenas-por-los-alimentos-de-nuestra-provincia#primaryimage","url":"https:\/\/www.asajacyl.com\/soria\/wp-content\/uploads\/sites\/9\/2022\/12\/ASAJA-banderola-2022-bv.jpg","contentUrl":"https:\/\/www.asajacyl.com\/soria\/wp-content\/uploads\/sites\/9\/2022\/12\/ASAJA-banderola-2022-bv.jpg","width":1088,"height":2500},{"@type":"BreadcrumbList","@id":"https:\/\/www.asajacyl.com\/soria\/asaja-soria-informa\/asaja-soria-invita-a-los-consumidores-a-apostar-en-sus-compras-navidenas-por-los-alimentos-de-nuestra-provincia#breadcrumb","itemListElement":[{"@type":"ListItem","position":1,"name":"Portada","item":"https:\/\/www.asajacyl.com\/soria\/"},{"@type":"ListItem","position":2,"name":"ASAJA SORIA INVITA A LOS CONSUMIDORES A APOSTAR EN SUS COMPRAS NAVIDE\u00d1AS POR LOS ALIMENTOS DE NUESTRA PROVINCIA"}]},{"@type":"WebSite","@id":"https:\/\/www.asajacyl.com\/soria\/#website","url":"https:\/\/www.asajacyl.com\/soria\/","name":"ASAJA Soria","description":"Otro sitio m\u00e1s de Provincias ASAJA Castilla y Le\u00f3n","potentialAction":[{"@type":"SearchAction","target":{"@type":"EntryPoint","urlTemplate":"https:\/\/www.asajacyl.com\/soria\/?s={search_term_string}"},"query-input":{"@type":"PropertyValueSpecification","valueRequired":true,"valueName":"search_term_string"}}],"inLanguage":"es"},{"@type":"Person","@id":"https:\/\/www.asajacyl.com\/soria\/#\/schema\/person\/fd3081c40255119ce8133b87e6aedfab","name":"Juan Ignacio Prieto Nieto","image":{"@type":"ImageObject","inLanguage":"es","@id":"https:\/\/www.asajacyl.com\/soria\/#\/schema\/person\/image\/","url":"https:\/\/secure.gravatar.com\/avatar\/8266b36e4d9001acb4700699a2468dc8?s=96&d=mm&r=g","contentUrl":"https:\/\/secure.gravatar.com\/avatar\/8266b36e4d9001acb4700699a2468dc8?s=96&d=mm&r=g","caption":"Juan Ignacio Prieto Nieto"},"url":"https:\/\/www.asajacyl.com\/soria\/author\/juanfranciscoby"}]}},"_links":{"self":[{"href":"https:\/\/www.asajacyl.com\/soria\/wp-json\/wp\/v2\/posts\/6369"}],"collection":[{"href":"https:\/\/www.asajacyl.com\/soria\/wp-json\/wp\/v2\/posts"}],"about":[{"href":"https:\/\/www.asajacyl.com\/soria\/wp-json\/wp\/v2\/types\/post"}],"author":[{"embeddable":true,"href":"https:\/\/www.asajacyl.com\/soria\/wp-json\/wp\/v2\/users\/12"}],"replies":[{"embeddable":true,"href":"https:\/\/www.asajacyl.com\/soria\/wp-json\/wp\/v2\/comments?post=6369"}],"version-history":[{"count":5,"href":"https:\/\/www.asajacyl.com\/soria\/wp-json\/wp\/v2\/posts\/6369\/revisions"}],"predecessor-version":[{"id":6382,"href":"https:\/\/www.asajacyl.com\/soria\/wp-json\/wp\/v2\/posts\/6369\/revisions\/6382"}],"wp:featuredmedia":[{"embeddable":true,"href":"https:\/\/www.asajacyl.com\/soria\/wp-json\/wp\/v2\/media\/6376"}],"wp:attachment":[{"href":"https:\/\/www.asajacyl.com\/soria\/wp-json\/wp\/v2\/media?parent=6369"}],"wp:term":[{"taxonomy":"category","embeddable":true,"href":"https:\/\/www.asajacyl.com\/soria\/wp-json\/wp\/v2\/categories?post=6369"},{"taxonomy":"post_tag","embeddable":true,"href":"https:\/\/www.asajacyl.com\/soria\/wp-json\/wp\/v2\/tags?post=6369"}],"curies":[{"name":"wp","href":"https:\/\/api.w.org\/{rel}","templated":true}]}}