{"id":6392,"date":"2022-12-15T14:06:30","date_gmt":"2022-12-15T13:06:30","guid":{"rendered":"https:\/\/www.asajacyl.com\/soria\/?p=6392"},"modified":"2022-12-15T14:06:32","modified_gmt":"2022-12-15T13:06:32","slug":"el-12-de-febrero-el-campo-de-castilla-y-leon-vota","status":"publish","type":"post","link":"https:\/\/www.asajacyl.com\/soria\/asaja-soria-informa\/el-12-de-febrero-el-campo-de-castilla-y-leon-vota","title":{"rendered":"<strong>EL 12 DE FEBRERO EL CAMPO DE CASTILLA Y LE\u00d3N VOTA<\/strong>"},"content":{"rendered":"\n\n\n<p>El 12 de febrero se decidir\u00e1n cu\u00e1les ser\u00e1n las organizaciones profesionales agrarias m\u00e1s representativas en Castilla y Le\u00f3n en los pr\u00f3ximos cinco a\u00f1os.<\/p>\n<p><strong>Qui\u00e9nes pueden votar<\/strong><\/p>\n<p>La Ley Agraria establece qui\u00e9nes pueden participar como electores en este procedimiento. Ser\u00e1n las personas f\u00edsicas que, como consecuencia de su actividad agraria, est\u00e9n inscritas en el registro de explotaciones agrarias de la Comunidad y afiliadas a la Seguridad Social como trabajadores agrarios por cuenta propia en el r\u00e9gimen especial de trabajadores por cuenta propia o aut\u00f3nomos de acuerdo con los datos de la Seguridad Social.<\/p>\n<p>Tambi\u00e9n son electoras las personas jur\u00eddicas que, conforme a sus estatutos, tengan por objeto exclusivo la actividad agraria y que efectivamente la ejerzan y est\u00e9n inscritas en los registros de explotaciones agrarias, de cooperativas o de sociedades agrarias de transformaci\u00f3n de Castilla y Le\u00f3n.<\/p>\n<p><strong>Comprueba que est\u00e1s en el censo provisional<\/strong><\/p>\n<p>En este momento, el censo provisional de electores recoge 33.545 personas f\u00edsicas y 5.219 personas jur\u00eddicas. Los listados pueden ser consultados en los tablones de anuncios de los servicios territoriales de Agricultura, Ganader\u00eda y Desarrollo Rural, de las secciones agrarias comarcales, unidades de Desarrollo Agrario y unidades Veterinarias, as\u00ed como en los ayuntamientos.<\/p>\n<p>Adem\u00e1s, los interesados pueden comprobar ya su inscripci\u00f3n, introduciendo el NIF del titular de la explotaci\u00f3n en\u00a0<a href=\"https:\/\/consultas.ayg.jcyl.es\/cagr\/CagrElectorV.ayg\">https:\/\/consultas.ayg.jcyl.es\/cagr\/CagrElectorV.ayg<\/a><\/p>\n<p>Las personas f\u00edsicas o jur\u00eddicas pueden solicitar el alta o la baja en dicho listado provisional o la modificaci\u00f3n de los datos que constan en el mismo, utilizando el formulario disponible en sede electr\u00f3nica de la Administraci\u00f3n de la Comunidad de Castilla y Le\u00f3n.<\/p>\n<p>Las personas f\u00edsicas pueden presentar dicho formulario de forma presencial, o de forma telem\u00e1tica. Las personas jur\u00eddicas deber\u00e1n presentar sus solicitudes \u00fanicamente de forma telem\u00e1tica.<\/p>\n<p>Finalizada la exposici\u00f3n p\u00fablica, se establecer\u00e1 el censo definitivo de electores.\u00a0<strong>El PLAZO para constar en el censo concluye el 12 de enero.<\/strong>\u00a0Para cualquier duda, los agricultores y ganaderos pueden acudir a las oficinas de ASAJA, donde les informaremos.<\/p>\n<h3>Cada socio y simpatizante es esencial para ASAJA. Juntos sumamos y somos m\u00e1s fuertes. Ay\u00fadanos a conseguir que se escuche muy fuerte la voz del campo.<\/h3>\n","protected":false},"excerpt":{"rendered":"<p>El 12 de febrero se decidir\u00e1n cu\u00e1les ser\u00e1n las organizaciones profesionales agrarias m\u00e1s representativas en Castilla y Le\u00f3n en los pr\u00f3ximos cinco a\u00f1os. Qui\u00e9nes pueden votar La Ley Agraria establece qui\u00e9nes pueden participar como electores en este procedimiento. Ser\u00e1n las personas f\u00edsicas que, como consecuencia de su actividad agraria, est\u00e9n inscritas en el registro de [&hellip;]<\/p>\n","protected":false},"author":12,"featured_media":6393,"comment_status":"open","ping_status":"open","sticky":false,"template":"","format":"standard","meta":{"footnotes":""},"categories":[10,25],"tags":[],"yoast_head":"<!-- This site is optimized with the Yoast SEO plugin v24.5 - https:\/\/yoast.com\/wordpress\/plugins\/seo\/ -->\n<title>EL 12 DE FEBRERO EL CAMPO DE CASTILLA Y LE\u00d3N VOTA - ASAJA Soria<\/title>\n<meta name=\"description\" content=\"El 12 de febrero se decidir\u00e1n cu\u00e1les ser\u00e1n las organizaciones profesionales agrarias m\u00e1s representativas en Castilla y Le\u00f3n en los pr\u00f3ximos cinco a\u00f1os.\" \/>\n<meta name=\"robots\" content=\"index, follow, max-snippet:-1, max-image-preview:large, max-video-preview:-1\" \/>\n<link rel=\"canonical\" href=\"https:\/\/www.asajacyl.com\/soria\/asaja-soria-informa\/el-12-de-febrero-el-campo-de-castilla-y-leon-vota\" \/>\n<meta property=\"og:locale\" content=\"es_ES\" \/>\n<meta property=\"og:type\" content=\"article\" \/>\n<meta property=\"og:title\" content=\"EL 12 DE FEBRERO EL CAMPO DE CASTILLA Y LE\u00d3N VOTA - ASAJA Soria\" \/>\n<meta property=\"og:description\" content=\"El 12 de febrero se decidir\u00e1n cu\u00e1les ser\u00e1n las organizaciones profesionales agrarias m\u00e1s representativas en Castilla y Le\u00f3n en los pr\u00f3ximos cinco a\u00f1os.\" \/>\n<meta property=\"og:url\" content=\"https:\/\/www.asajacyl.com\/soria\/asaja-soria-informa\/el-12-de-febrero-el-campo-de-castilla-y-leon-vota\" \/>\n<meta property=\"og:site_name\" content=\"ASAJA Soria\" \/>\n<meta property=\"article:published_time\" content=\"2022-12-15T13:06:30+00:00\" \/>\n<meta property=\"article:modified_time\" content=\"2022-12-15T13:06:32+00:00\" \/>\n<meta property=\"og:image\" content=\"https:\/\/www.asajacyl.com\/soria\/wp-content\/uploads\/sites\/9\/2022\/12\/IMG_1964.jpg\" \/>\n\t<meta property=\"og:image:width\" content=\"2500\" \/>\n\t<meta property=\"og:image:height\" content=\"1875\" \/>\n\t<meta property=\"og:image:type\" content=\"image\/jpeg\" \/>\n<meta name=\"author\" content=\"Juan Ignacio Prieto Nieto\" \/>\n<meta name=\"twitter:card\" content=\"summary_large_image\" \/>\n<meta name=\"twitter:label1\" content=\"Escrito por\" \/>\n\t<meta name=\"twitter:data1\" content=\"Juan Ignacio Prieto Nieto\" \/>\n\t<meta name=\"twitter:label2\" content=\"Tiempo de lectura\" \/>\n\t<meta name=\"twitter:data2\" content=\"2 minutos\" \/>\n<script type=\"application\/ld+json\" class=\"yoast-schema-graph\">{\"@context\":\"https:\/\/schema.org\",\"@graph\":[{\"@type\":\"WebPage\",\"@id\":\"https:\/\/www.asajacyl.com\/soria\/asaja-soria-informa\/el-12-de-febrero-el-campo-de-castilla-y-leon-vota\",\"url\":\"https:\/\/www.asajacyl.com\/soria\/asaja-soria-informa\/el-12-de-febrero-el-campo-de-castilla-y-leon-vota\",\"name\":\"EL 12 DE FEBRERO EL CAMPO DE CASTILLA Y LE\u00d3N VOTA - ASAJA Soria\",\"isPartOf\":{\"@id\":\"https:\/\/www.asajacyl.com\/soria\/#website\"},\"primaryImageOfPage\":{\"@id\":\"https:\/\/www.asajacyl.com\/soria\/asaja-soria-informa\/el-12-de-febrero-el-campo-de-castilla-y-leon-vota#primaryimage\"},\"image\":{\"@id\":\"https:\/\/www.asajacyl.com\/soria\/asaja-soria-informa\/el-12-de-febrero-el-campo-de-castilla-y-leon-vota#primaryimage\"},\"thumbnailUrl\":\"https:\/\/www.asajacyl.com\/soria\/wp-content\/uploads\/sites\/9\/2022\/12\/IMG_1964.jpg\",\"datePublished\":\"2022-12-15T13:06:30+00:00\",\"dateModified\":\"2022-12-15T13:06:32+00:00\",\"author\":{\"@id\":\"https:\/\/www.asajacyl.com\/soria\/#\/schema\/person\/fd3081c40255119ce8133b87e6aedfab\"},\"description\":\"El 12 de febrero se decidir\u00e1n cu\u00e1les ser\u00e1n las organizaciones profesionales agrarias m\u00e1s representativas en Castilla y Le\u00f3n en los pr\u00f3ximos cinco a\u00f1os.\",\"breadcrumb\":{\"@id\":\"https:\/\/www.asajacyl.com\/soria\/asaja-soria-informa\/el-12-de-febrero-el-campo-de-castilla-y-leon-vota#breadcrumb\"},\"inLanguage\":\"es\",\"potentialAction\":[{\"@type\":\"ReadAction\",\"target\":[\"https:\/\/www.asajacyl.com\/soria\/asaja-soria-informa\/el-12-de-febrero-el-campo-de-castilla-y-leon-vota\"]}]},{\"@type\":\"ImageObject\",\"inLanguage\":\"es\",\"@id\":\"https:\/\/www.asajacyl.com\/soria\/asaja-soria-informa\/el-12-de-febrero-el-campo-de-castilla-y-leon-vota#primaryimage\",\"url\":\"https:\/\/www.asajacyl.com\/soria\/wp-content\/uploads\/sites\/9\/2022\/12\/IMG_1964.jpg\",\"contentUrl\":\"https:\/\/www.asajacyl.com\/soria\/wp-content\/uploads\/sites\/9\/2022\/12\/IMG_1964.jpg\",\"width\":2500,\"height\":1875},{\"@type\":\"BreadcrumbList\",\"@id\":\"https:\/\/www.asajacyl.com\/soria\/asaja-soria-informa\/el-12-de-febrero-el-campo-de-castilla-y-leon-vota#breadcrumb\",\"itemListElement\":[{\"@type\":\"ListItem\",\"position\":1,\"name\":\"Portada\",\"item\":\"https:\/\/www.asajacyl.com\/soria\/\"},{\"@type\":\"ListItem\",\"position\":2,\"name\":\"EL 12 DE FEBRERO EL CAMPO DE CASTILLA Y LE\u00d3N VOTA\"}]},{\"@type\":\"WebSite\",\"@id\":\"https:\/\/www.asajacyl.com\/soria\/#website\",\"url\":\"https:\/\/www.asajacyl.com\/soria\/\",\"name\":\"ASAJA Soria\",\"description\":\"Otro sitio m\u00e1s de Provincias ASAJA Castilla y Le\u00f3n\",\"potentialAction\":[{\"@type\":\"SearchAction\",\"target\":{\"@type\":\"EntryPoint\",\"urlTemplate\":\"https:\/\/www.asajacyl.com\/soria\/?s={search_term_string}\"},\"query-input\":{\"@type\":\"PropertyValueSpecification\",\"valueRequired\":true,\"valueName\":\"search_term_string\"}}],\"inLanguage\":\"es\"},{\"@type\":\"Person\",\"@id\":\"https:\/\/www.asajacyl.com\/soria\/#\/schema\/person\/fd3081c40255119ce8133b87e6aedfab\",\"name\":\"Juan Ignacio Prieto Nieto\",\"image\":{\"@type\":\"ImageObject\",\"inLanguage\":\"es\",\"@id\":\"https:\/\/www.asajacyl.com\/soria\/#\/schema\/person\/image\/\",\"url\":\"https:\/\/secure.gravatar.com\/avatar\/8266b36e4d9001acb4700699a2468dc8?s=96&d=mm&r=g\",\"contentUrl\":\"https:\/\/secure.gravatar.com\/avatar\/8266b36e4d9001acb4700699a2468dc8?s=96&d=mm&r=g\",\"caption\":\"Juan Ignacio Prieto Nieto\"},\"url\":\"https:\/\/www.asajacyl.com\/soria\/author\/juanfranciscoby\"}]}<\/script>\n<!-- \/ Yoast SEO plugin. -->","yoast_head_json":{"title":"EL 12 DE FEBRERO EL CAMPO DE CASTILLA Y LE\u00d3N VOTA - ASAJA Soria","description":"El 12 de febrero se decidir\u00e1n cu\u00e1les ser\u00e1n las organizaciones profesionales agrarias m\u00e1s representativas en Castilla y Le\u00f3n en los pr\u00f3ximos cinco a\u00f1os.","robots":{"index":"index","follow":"follow","max-snippet":"max-snippet:-1","max-image-preview":"max-image-preview:large","max-video-preview":"max-video-preview:-1"},"canonical":"https:\/\/www.asajacyl.com\/soria\/asaja-soria-informa\/el-12-de-febrero-el-campo-de-castilla-y-leon-vota","og_locale":"es_ES","og_type":"article","og_title":"EL 12 DE FEBRERO EL CAMPO DE CASTILLA Y LE\u00d3N VOTA - ASAJA Soria","og_description":"El 12 de febrero se decidir\u00e1n cu\u00e1les ser\u00e1n las organizaciones profesionales agrarias m\u00e1s representativas en Castilla y Le\u00f3n en los pr\u00f3ximos cinco a\u00f1os.","og_url":"https:\/\/www.asajacyl.com\/soria\/asaja-soria-informa\/el-12-de-febrero-el-campo-de-castilla-y-leon-vota","og_site_name":"ASAJA Soria","article_published_time":"2022-12-15T13:06:30+00:00","article_modified_time":"2022-12-15T13:06:32+00:00","og_image":[{"width":2500,"height":1875,"url":"https:\/\/www.asajacyl.com\/soria\/wp-content\/uploads\/sites\/9\/2022\/12\/IMG_1964.jpg","type":"image\/jpeg"}],"author":"Juan Ignacio Prieto Nieto","twitter_card":"summary_large_image","twitter_misc":{"Escrito por":"Juan Ignacio Prieto Nieto","Tiempo de lectura":"2 minutos"},"schema":{"@context":"https:\/\/schema.org","@graph":[{"@type":"WebPage","@id":"https:\/\/www.asajacyl.com\/soria\/asaja-soria-informa\/el-12-de-febrero-el-campo-de-castilla-y-leon-vota","url":"https:\/\/www.asajacyl.com\/soria\/asaja-soria-informa\/el-12-de-febrero-el-campo-de-castilla-y-leon-vota","name":"EL 12 DE FEBRERO EL CAMPO DE CASTILLA Y LE\u00d3N VOTA - ASAJA Soria","isPartOf":{"@id":"https:\/\/www.asajacyl.com\/soria\/#website"},"primaryImageOfPage":{"@id":"https:\/\/www.asajacyl.com\/soria\/asaja-soria-informa\/el-12-de-febrero-el-campo-de-castilla-y-leon-vota#primaryimage"},"image":{"@id":"https:\/\/www.asajacyl.com\/soria\/asaja-soria-informa\/el-12-de-febrero-el-campo-de-castilla-y-leon-vota#primaryimage"},"thumbnailUrl":"https:\/\/www.asajacyl.com\/soria\/wp-content\/uploads\/sites\/9\/2022\/12\/IMG_1964.jpg","datePublished":"2022-12-15T13:06:30+00:00","dateModified":"2022-12-15T13:06:32+00:00","author":{"@id":"https:\/\/www.asajacyl.com\/soria\/#\/schema\/person\/fd3081c40255119ce8133b87e6aedfab"},"description":"El 12 de febrero se decidir\u00e1n cu\u00e1les ser\u00e1n las organizaciones profesionales agrarias m\u00e1s representativas en Castilla y Le\u00f3n en los pr\u00f3ximos cinco a\u00f1os.","breadcrumb":{"@id":"https:\/\/www.asajacyl.com\/soria\/asaja-soria-informa\/el-12-de-febrero-el-campo-de-castilla-y-leon-vota#breadcrumb"},"inLanguage":"es","potentialAction":[{"@type":"ReadAction","target":["https:\/\/www.asajacyl.com\/soria\/asaja-soria-informa\/el-12-de-febrero-el-campo-de-castilla-y-leon-vota"]}]},{"@type":"ImageObject","inLanguage":"es","@id":"https:\/\/www.asajacyl.com\/soria\/asaja-soria-informa\/el-12-de-febrero-el-campo-de-castilla-y-leon-vota#primaryimage","url":"https:\/\/www.asajacyl.com\/soria\/wp-content\/uploads\/sites\/9\/2022\/12\/IMG_1964.jpg","contentUrl":"https:\/\/www.asajacyl.com\/soria\/wp-content\/uploads\/sites\/9\/2022\/12\/IMG_1964.jpg","width":2500,"height":1875},{"@type":"BreadcrumbList","@id":"https:\/\/www.asajacyl.com\/soria\/asaja-soria-informa\/el-12-de-febrero-el-campo-de-castilla-y-leon-vota#breadcrumb","itemListElement":[{"@type":"ListItem","position":1,"name":"Portada","item":"https:\/\/www.asajacyl.com\/soria\/"},{"@type":"ListItem","position":2,"name":"EL 12 DE FEBRERO EL CAMPO DE CASTILLA Y LE\u00d3N VOTA"}]},{"@type":"WebSite","@id":"https:\/\/www.asajacyl.com\/soria\/#website","url":"https:\/\/www.asajacyl.com\/soria\/","name":"ASAJA Soria","description":"Otro sitio m\u00e1s de Provincias ASAJA Castilla y Le\u00f3n","potentialAction":[{"@type":"SearchAction","target":{"@type":"EntryPoint","urlTemplate":"https:\/\/www.asajacyl.com\/soria\/?s={search_term_string}"},"query-input":{"@type":"PropertyValueSpecification","valueRequired":true,"valueName":"search_term_string"}}],"inLanguage":"es"},{"@type":"Person","@id":"https:\/\/www.asajacyl.com\/soria\/#\/schema\/person\/fd3081c40255119ce8133b87e6aedfab","name":"Juan Ignacio Prieto Nieto","image":{"@type":"ImageObject","inLanguage":"es","@id":"https:\/\/www.asajacyl.com\/soria\/#\/schema\/person\/image\/","url":"https:\/\/secure.gravatar.com\/avatar\/8266b36e4d9001acb4700699a2468dc8?s=96&d=mm&r=g","contentUrl":"https:\/\/secure.gravatar.com\/avatar\/8266b36e4d9001acb4700699a2468dc8?s=96&d=mm&r=g","caption":"Juan Ignacio Prieto Nieto"},"url":"https:\/\/www.asajacyl.com\/soria\/author\/juanfranciscoby"}]}},"_links":{"self":[{"href":"https:\/\/www.asajacyl.com\/soria\/wp-json\/wp\/v2\/posts\/6392"}],"collection":[{"href":"https:\/\/www.asajacyl.com\/soria\/wp-json\/wp\/v2\/posts"}],"about":[{"href":"https:\/\/www.asajacyl.com\/soria\/wp-json\/wp\/v2\/types\/post"}],"author":[{"embeddable":true,"href":"https:\/\/www.asajacyl.com\/soria\/wp-json\/wp\/v2\/users\/12"}],"replies":[{"embeddable":true,"href":"https:\/\/www.asajacyl.com\/soria\/wp-json\/wp\/v2\/comments?post=6392"}],"version-history":[{"count":1,"href":"https:\/\/www.asajacyl.com\/soria\/wp-json\/wp\/v2\/posts\/6392\/revisions"}],"predecessor-version":[{"id":6394,"href":"https:\/\/www.asajacyl.com\/soria\/wp-json\/wp\/v2\/posts\/6392\/revisions\/6394"}],"wp:featuredmedia":[{"embeddable":true,"href":"https:\/\/www.asajacyl.com\/soria\/wp-json\/wp\/v2\/media\/6393"}],"wp:attachment":[{"href":"https:\/\/www.asajacyl.com\/soria\/wp-json\/wp\/v2\/media?parent=6392"}],"wp:term":[{"taxonomy":"category","embeddable":true,"href":"https:\/\/www.asajacyl.com\/soria\/wp-json\/wp\/v2\/categories?post=6392"},{"taxonomy":"post_tag","embeddable":true,"href":"https:\/\/www.asajacyl.com\/soria\/wp-json\/wp\/v2\/tags?post=6392"}],"curies":[{"name":"wp","href":"https:\/\/api.w.org\/{rel}","templated":true}]}}