{"id":6397,"date":"2022-12-22T18:58:47","date_gmt":"2022-12-22T17:58:47","guid":{"rendered":"https:\/\/www.asajacyl.com\/soria\/?p=6397"},"modified":"2023-01-05T10:45:06","modified_gmt":"2023-01-05T09:45:06","slug":"los-espiga-y-tizon-ponen-el-cierre-a-un-ano-muy-complicado-para-el-sector-agrario","status":"publish","type":"post","link":"https:\/\/www.asajacyl.com\/soria\/asaja-soria-informa\/los-espiga-y-tizon-ponen-el-cierre-a-un-ano-muy-complicado-para-el-sector-agrario","title":{"rendered":"<strong>Los Espiga y Tiz\u00f3n ponen el cierre a un a\u00f1o muy complicado para el sector agrario<\/strong>"},"content":{"rendered":"\n\n\n<h2><strong><em>La ceremonia coincidi\u00f3 con la Asamblea Navide\u00f1a, que cont\u00f3 con ponencias clave para el futuro del campo<\/em><\/strong><\/h2>\n<p>El jueves 22 de diciembre tuvo lugar en el Aula Magna Tirso de Molina de Soria la entrega de los premios Espiga y Tiz\u00f3n de 2022 que anualmente concede ASAJA-Soria, coincidiendo con la tradicional Asamblea Navide\u00f1a de la OPA.<\/p>\n<p><img loading=\"lazy\" decoding=\"async\" class=\"aligncenter  wp-image-6398\" src=\"https:\/\/www.asajacyl.com\/soria\/wp-content\/uploads\/sites\/9\/2022\/12\/EBBW7002.jpg\" alt=\"\" width=\"1055\" height=\"791\" srcset=\"https:\/\/www.asajacyl.com\/soria\/wp-content\/uploads\/sites\/9\/2022\/12\/EBBW7002.jpg 1024w, https:\/\/www.asajacyl.com\/soria\/wp-content\/uploads\/sites\/9\/2022\/12\/EBBW7002-300x225.jpg 300w, https:\/\/www.asajacyl.com\/soria\/wp-content\/uploads\/sites\/9\/2022\/12\/EBBW7002-768x576.jpg 768w, https:\/\/www.asajacyl.com\/soria\/wp-content\/uploads\/sites\/9\/2022\/12\/EBBW7002-696x522.jpg 696w, https:\/\/www.asajacyl.com\/soria\/wp-content\/uploads\/sites\/9\/2022\/12\/EBBW7002-560x420.jpg 560w, https:\/\/www.asajacyl.com\/soria\/wp-content\/uploads\/sites\/9\/2022\/12\/EBBW7002-80x60.jpg 80w\" sizes=\"(max-width: 1055px) 100vw, 1055px\" \/>El Espiga este a\u00f1o fue para Jes\u00fas Julio Carnero, consejero de Agricultura, Ganader\u00eda y Desarrollo Rural de la Junta de Castilla y Le\u00f3n de 2019 a 2022. Con ello, desde ASAJA se ha querido reconocer ante toda la sociedad que Carnero siempre ha sido receptivo con las demandas del sector primario y tambi\u00e9n que una de las primeras visitas que hizo a los pocos d\u00edas de recibir el alta en el hospital tras superar el Covid \u201cfuera precisamente a la junta directiva de nuestra organizaci\u00f3n, demostrando su compromiso absoluto con sus responsabilidades, y tambi\u00e9n que la enfermedad no hab\u00eda hecho mella alguna en sus ilusiones respecto a la capacidad de la pol\u00edtica para mejorar las cosas, pese a las dificultades. En todo momento, Jes\u00fas Julio Carnero, ahora consejero de la Presidencia, intent\u00f3 estar disponible y atento a nuestras demandas, para tratar de encontrar soluciones que en ning\u00fan caso eran f\u00e1ciles\u201d.<\/p>\n<p>Finalmente, Jes\u00fas Julio Carnero no pudo acudir a Soria para recoger el Premio Espiga, por obligaciones imprevistas e insoslayables de su cargo de consejero de la Presidencia, pero de manera telem\u00e1tica en directo y en un discurso muy emotivo, se refiri\u00f3 en primer lugar al honor de recibir este premio por parte de ASAJA para despu\u00e9s poner en valor el esfuerzo global de todos los que han luchado por el sector primario. Se sincer\u00f3 ante un auditorio abarrotado y dijo que durante su desempe\u00f1o de consejero de Agricultura y Ganader\u00eda pudo haber hecho cosas mal, pero siempre desde el mayor cari\u00f1o, respeto y voluntad de mejorar porque tiene un profundo afecto por todos los profesionales del campo.<\/p>\n<p><img loading=\"lazy\" decoding=\"async\" class=\"aligncenter size-full wp-image-6401\" src=\"https:\/\/www.asajacyl.com\/soria\/wp-content\/uploads\/sites\/9\/2022\/12\/IMG_7016.jpg\" alt=\"\" width=\"2500\" height=\"1875\" srcset=\"https:\/\/www.asajacyl.com\/soria\/wp-content\/uploads\/sites\/9\/2022\/12\/IMG_7016.jpg 2500w, https:\/\/www.asajacyl.com\/soria\/wp-content\/uploads\/sites\/9\/2022\/12\/IMG_7016-300x225.jpg 300w, https:\/\/www.asajacyl.com\/soria\/wp-content\/uploads\/sites\/9\/2022\/12\/IMG_7016-1024x768.jpg 1024w, https:\/\/www.asajacyl.com\/soria\/wp-content\/uploads\/sites\/9\/2022\/12\/IMG_7016-768x576.jpg 768w, https:\/\/www.asajacyl.com\/soria\/wp-content\/uploads\/sites\/9\/2022\/12\/IMG_7016-1536x1152.jpg 1536w, https:\/\/www.asajacyl.com\/soria\/wp-content\/uploads\/sites\/9\/2022\/12\/IMG_7016-2048x1536.jpg 2048w, https:\/\/www.asajacyl.com\/soria\/wp-content\/uploads\/sites\/9\/2022\/12\/IMG_7016-696x522.jpg 696w, https:\/\/www.asajacyl.com\/soria\/wp-content\/uploads\/sites\/9\/2022\/12\/IMG_7016-1068x801.jpg 1068w, https:\/\/www.asajacyl.com\/soria\/wp-content\/uploads\/sites\/9\/2022\/12\/IMG_7016-1920x1440.jpg 1920w, https:\/\/www.asajacyl.com\/soria\/wp-content\/uploads\/sites\/9\/2022\/12\/IMG_7016-560x420.jpg 560w, https:\/\/www.asajacyl.com\/soria\/wp-content\/uploads\/sites\/9\/2022\/12\/IMG_7016-80x60.jpg 80w\" sizes=\"(max-width: 2500px) 100vw, 2500px\" \/>Por el contrario, el Tiz\u00f3n fue abrumadoramente a parar a la Consejer\u00eda de Medio Ambiente por la resoluci\u00f3n que prohib\u00eda cosechar. Para el presidente de ASAJA Soria, Carmelo G\u00f3mez, \u201ceste a\u00f1o estaba muy claro. Hemos sufrido un ataque muy fuerte. No nos dejaban cosechar, no nos permit\u00edan recoger el fruto de nuestro trabajo y nosotros desde el principio estuvimos oponi\u00e9ndonos a esa medida. Han criminalizado al sector agr\u00edcola\u201d. Desde ASAJA-Soria siempre se rechaz\u00f3 esa restricci\u00f3n y se pidi\u00f3 que no se prohibieran las operaciones vinculadas a la siega. Adem\u00e1s, la junta directiva consider\u00f3 que \u201cse vulneraban derechos fundamentales como el del trabajo y el de libertad de movilidad\u201d. Por todo ello la organizaci\u00f3n profesional agraria interpuso en aquel momento un recurso de alzada y \u201cante la falta de respuesta, en la ma\u00f1ana del 22 de noviembre presentamos la reclamaci\u00f3n contencioso administrativa ante el Tribunal Superior de Justicia de Castilla y Le\u00f3n y seguir, de esta forma, los pasos que marcan las leyes\u201d, enfatiz\u00f3 el presidente provincial de ASAJA.<\/p>\n<p><img loading=\"lazy\" decoding=\"async\" class=\"aligncenter size-full wp-image-6403\" src=\"https:\/\/www.asajacyl.com\/soria\/wp-content\/uploads\/sites\/9\/2022\/12\/IMG_7040.jpg\" alt=\"\" width=\"2500\" height=\"1875\" srcset=\"https:\/\/www.asajacyl.com\/soria\/wp-content\/uploads\/sites\/9\/2022\/12\/IMG_7040.jpg 2500w, https:\/\/www.asajacyl.com\/soria\/wp-content\/uploads\/sites\/9\/2022\/12\/IMG_7040-300x225.jpg 300w, https:\/\/www.asajacyl.com\/soria\/wp-content\/uploads\/sites\/9\/2022\/12\/IMG_7040-1024x768.jpg 1024w, https:\/\/www.asajacyl.com\/soria\/wp-content\/uploads\/sites\/9\/2022\/12\/IMG_7040-768x576.jpg 768w, https:\/\/www.asajacyl.com\/soria\/wp-content\/uploads\/sites\/9\/2022\/12\/IMG_7040-1536x1152.jpg 1536w, https:\/\/www.asajacyl.com\/soria\/wp-content\/uploads\/sites\/9\/2022\/12\/IMG_7040-2048x1536.jpg 2048w, https:\/\/www.asajacyl.com\/soria\/wp-content\/uploads\/sites\/9\/2022\/12\/IMG_7040-696x522.jpg 696w, https:\/\/www.asajacyl.com\/soria\/wp-content\/uploads\/sites\/9\/2022\/12\/IMG_7040-1068x801.jpg 1068w, https:\/\/www.asajacyl.com\/soria\/wp-content\/uploads\/sites\/9\/2022\/12\/IMG_7040-1920x1440.jpg 1920w, https:\/\/www.asajacyl.com\/soria\/wp-content\/uploads\/sites\/9\/2022\/12\/IMG_7040-560x420.jpg 560w, https:\/\/www.asajacyl.com\/soria\/wp-content\/uploads\/sites\/9\/2022\/12\/IMG_7040-80x60.jpg 80w\" sizes=\"(max-width: 2500px) 100vw, 2500px\" \/><\/p>\n<p><img loading=\"lazy\" decoding=\"async\" class=\"aligncenter size-full wp-image-6402\" src=\"https:\/\/www.asajacyl.com\/soria\/wp-content\/uploads\/sites\/9\/2022\/12\/IMG_7037.jpg\" alt=\"\" width=\"2500\" height=\"1875\" srcset=\"https:\/\/www.asajacyl.com\/soria\/wp-content\/uploads\/sites\/9\/2022\/12\/IMG_7037.jpg 2500w, https:\/\/www.asajacyl.com\/soria\/wp-content\/uploads\/sites\/9\/2022\/12\/IMG_7037-300x225.jpg 300w, https:\/\/www.asajacyl.com\/soria\/wp-content\/uploads\/sites\/9\/2022\/12\/IMG_7037-1024x768.jpg 1024w, https:\/\/www.asajacyl.com\/soria\/wp-content\/uploads\/sites\/9\/2022\/12\/IMG_7037-768x576.jpg 768w, https:\/\/www.asajacyl.com\/soria\/wp-content\/uploads\/sites\/9\/2022\/12\/IMG_7037-1536x1152.jpg 1536w, https:\/\/www.asajacyl.com\/soria\/wp-content\/uploads\/sites\/9\/2022\/12\/IMG_7037-2048x1536.jpg 2048w, https:\/\/www.asajacyl.com\/soria\/wp-content\/uploads\/sites\/9\/2022\/12\/IMG_7037-696x522.jpg 696w, https:\/\/www.asajacyl.com\/soria\/wp-content\/uploads\/sites\/9\/2022\/12\/IMG_7037-1068x801.jpg 1068w, https:\/\/www.asajacyl.com\/soria\/wp-content\/uploads\/sites\/9\/2022\/12\/IMG_7037-1920x1440.jpg 1920w, https:\/\/www.asajacyl.com\/soria\/wp-content\/uploads\/sites\/9\/2022\/12\/IMG_7037-560x420.jpg 560w, https:\/\/www.asajacyl.com\/soria\/wp-content\/uploads\/sites\/9\/2022\/12\/IMG_7037-80x60.jpg 80w\" sizes=\"(max-width: 2500px) 100vw, 2500px\" \/>Recogi\u00f3 ambos premios la delegada territorial de la Junta, Yolanda de Gregorio, en una ceremonia que estuvo conducida por el secretario general de ASAJA Soria, Alejandro Aguado.<\/p>\n<p><strong><em>Juan Pedro Medina: \u201cHay que hacer lo mismo o m\u00e1s sin cobrar. Es muy peligrosa la ideolog\u00eda cuando se juega con el futuro del campo\u201d<\/em><\/strong><\/p>\n<p>Adem\u00e1s de la ceremonia de premios, ASAJA-Soria organiz\u00f3 en esta misma jornada una serie de ponencias para abordar la actualidad del sector primario. El primero en intervenir fue el presidente de la Diputaci\u00f3n de Soria, Benito Serrano, quien record\u00f3 que el sector primario ha sido siempre solidario, ha estado proporcionando alimentos en los momentos m\u00e1s dif\u00edciles y sirve para asentar poblaci\u00f3n en una provincia con grav\u00edsimas heridas demogr\u00e1ficas.<\/p>\n<p><img loading=\"lazy\" decoding=\"async\" class=\"aligncenter size-full wp-image-6406\" src=\"https:\/\/www.asajacyl.com\/soria\/wp-content\/uploads\/sites\/9\/2022\/12\/IMG_6937-1.jpg\" alt=\"\" width=\"2500\" height=\"1399\" srcset=\"https:\/\/www.asajacyl.com\/soria\/wp-content\/uploads\/sites\/9\/2022\/12\/IMG_6937-1.jpg 2500w, https:\/\/www.asajacyl.com\/soria\/wp-content\/uploads\/sites\/9\/2022\/12\/IMG_6937-1-300x168.jpg 300w, https:\/\/www.asajacyl.com\/soria\/wp-content\/uploads\/sites\/9\/2022\/12\/IMG_6937-1-1024x573.jpg 1024w, https:\/\/www.asajacyl.com\/soria\/wp-content\/uploads\/sites\/9\/2022\/12\/IMG_6937-1-768x430.jpg 768w, https:\/\/www.asajacyl.com\/soria\/wp-content\/uploads\/sites\/9\/2022\/12\/IMG_6937-1-1536x860.jpg 1536w, https:\/\/www.asajacyl.com\/soria\/wp-content\/uploads\/sites\/9\/2022\/12\/IMG_6937-1-2048x1146.jpg 2048w, https:\/\/www.asajacyl.com\/soria\/wp-content\/uploads\/sites\/9\/2022\/12\/IMG_6937-1-696x389.jpg 696w, https:\/\/www.asajacyl.com\/soria\/wp-content\/uploads\/sites\/9\/2022\/12\/IMG_6937-1-1068x598.jpg 1068w, https:\/\/www.asajacyl.com\/soria\/wp-content\/uploads\/sites\/9\/2022\/12\/IMG_6937-1-1920x1074.jpg 1920w, https:\/\/www.asajacyl.com\/soria\/wp-content\/uploads\/sites\/9\/2022\/12\/IMG_6937-1-751x420.jpg 751w\" sizes=\"(max-width: 2500px) 100vw, 2500px\" \/>A continuaci\u00f3n, tom\u00f3 la palabra el director provincial de la Tesorer\u00eda de la Seguridad Social en Soria, C\u00e9sar Rubio, quien explic\u00f3 las novedades en el sistema de cotizaci\u00f3n de aut\u00f3nomos.<\/p>\n<p><img loading=\"lazy\" decoding=\"async\" class=\"aligncenter size-full wp-image-6416\" src=\"https:\/\/www.asajacyl.com\/soria\/wp-content\/uploads\/sites\/9\/2022\/12\/IMG_6977.jpg\" alt=\"\" width=\"2500\" height=\"1875\" srcset=\"https:\/\/www.asajacyl.com\/soria\/wp-content\/uploads\/sites\/9\/2022\/12\/IMG_6977.jpg 2500w, https:\/\/www.asajacyl.com\/soria\/wp-content\/uploads\/sites\/9\/2022\/12\/IMG_6977-300x225.jpg 300w, https:\/\/www.asajacyl.com\/soria\/wp-content\/uploads\/sites\/9\/2022\/12\/IMG_6977-1024x768.jpg 1024w, https:\/\/www.asajacyl.com\/soria\/wp-content\/uploads\/sites\/9\/2022\/12\/IMG_6977-768x576.jpg 768w, https:\/\/www.asajacyl.com\/soria\/wp-content\/uploads\/sites\/9\/2022\/12\/IMG_6977-1536x1152.jpg 1536w, https:\/\/www.asajacyl.com\/soria\/wp-content\/uploads\/sites\/9\/2022\/12\/IMG_6977-2048x1536.jpg 2048w, https:\/\/www.asajacyl.com\/soria\/wp-content\/uploads\/sites\/9\/2022\/12\/IMG_6977-696x522.jpg 696w, https:\/\/www.asajacyl.com\/soria\/wp-content\/uploads\/sites\/9\/2022\/12\/IMG_6977-1068x801.jpg 1068w, https:\/\/www.asajacyl.com\/soria\/wp-content\/uploads\/sites\/9\/2022\/12\/IMG_6977-1920x1440.jpg 1920w, https:\/\/www.asajacyl.com\/soria\/wp-content\/uploads\/sites\/9\/2022\/12\/IMG_6977-560x420.jpg 560w, https:\/\/www.asajacyl.com\/soria\/wp-content\/uploads\/sites\/9\/2022\/12\/IMG_6977-80x60.jpg 80w\" sizes=\"(max-width: 2500px) 100vw, 2500px\" \/>La ponencia central fue la de Juan Pedro Medina Rebollo, viceconsejero de Pol\u00edtica Agraria Comunitaria y Desarrollo Rural de la Junta. Varios responsables de ASAJA-Soria le agradecieron p\u00fablicamente el esfuerzo de acudir a la asamblea navide\u00f1a y su presencia y participaci\u00f3n siempre que le son requeridas.<\/p>\n<p><img loading=\"lazy\" decoding=\"async\" class=\"aligncenter size-full wp-image-6411\" src=\"https:\/\/www.asajacyl.com\/soria\/wp-content\/uploads\/sites\/9\/2022\/12\/IMG_0331.jpg\" alt=\"\" width=\"1875\" height=\"2500\" srcset=\"https:\/\/www.asajacyl.com\/soria\/wp-content\/uploads\/sites\/9\/2022\/12\/IMG_0331.jpg 1875w, https:\/\/www.asajacyl.com\/soria\/wp-content\/uploads\/sites\/9\/2022\/12\/IMG_0331-225x300.jpg 225w, https:\/\/www.asajacyl.com\/soria\/wp-content\/uploads\/sites\/9\/2022\/12\/IMG_0331-768x1024.jpg 768w, https:\/\/www.asajacyl.com\/soria\/wp-content\/uploads\/sites\/9\/2022\/12\/IMG_0331-1152x1536.jpg 1152w, https:\/\/www.asajacyl.com\/soria\/wp-content\/uploads\/sites\/9\/2022\/12\/IMG_0331-1536x2048.jpg 1536w, https:\/\/www.asajacyl.com\/soria\/wp-content\/uploads\/sites\/9\/2022\/12\/IMG_0331-696x928.jpg 696w, https:\/\/www.asajacyl.com\/soria\/wp-content\/uploads\/sites\/9\/2022\/12\/IMG_0331-1068x1424.jpg 1068w, https:\/\/www.asajacyl.com\/soria\/wp-content\/uploads\/sites\/9\/2022\/12\/IMG_0331-315x420.jpg 315w\" sizes=\"(max-width: 1875px) 100vw, 1875px\" \/>Medina comenz\u00f3 su alocuci\u00f3n hablando de la cadena de suministro, de la que dijo que \u201chay que seguir trabajando en trazabilidad y en otros aspectos, siempre encaminados a tener en cuenta que el trabajo del agricultor le tiene que servir para vivir, es un negocio y no puede estar por debajo de costes\u201d.<\/p>\n<p>Acerca de las claves de la PAC en 2023 y posteriores a\u00f1os, Medina habl\u00f3 de varios retos decisivos que ser\u00e1n, principalmente, \u201cel cambio clim\u00e1tico, la volatilidad de precios y los mecanismos de seguros de rentas\u201d. Respecto a los sistemas de pago, Medina los llam\u00f3 continuistas. Critic\u00f3 el pago redistributivo e ironiz\u00f3 con la idea de que Espa\u00f1a estaba siendo el mejor alumno de toda la UE para seguir dictados de quienes ponen la ideolog\u00eda por delante de un campo profesional. Tambi\u00e9n fue claro al decir que \u201ces muy peligrosa la ideolog\u00eda cuando se juega con dinero. Los agricultores se enfrentan a la realidad de hacer lo mismo o m\u00e1s sin cobrar\u201d.<\/p>\n<p><img loading=\"lazy\" decoding=\"async\" class=\"aligncenter size-full wp-image-6413\" src=\"https:\/\/www.asajacyl.com\/soria\/wp-content\/uploads\/sites\/9\/2022\/12\/IMG_7051.jpg\" alt=\"\" width=\"1875\" height=\"2500\" srcset=\"https:\/\/www.asajacyl.com\/soria\/wp-content\/uploads\/sites\/9\/2022\/12\/IMG_7051.jpg 1875w, https:\/\/www.asajacyl.com\/soria\/wp-content\/uploads\/sites\/9\/2022\/12\/IMG_7051-225x300.jpg 225w, https:\/\/www.asajacyl.com\/soria\/wp-content\/uploads\/sites\/9\/2022\/12\/IMG_7051-768x1024.jpg 768w, https:\/\/www.asajacyl.com\/soria\/wp-content\/uploads\/sites\/9\/2022\/12\/IMG_7051-1152x1536.jpg 1152w, https:\/\/www.asajacyl.com\/soria\/wp-content\/uploads\/sites\/9\/2022\/12\/IMG_7051-1536x2048.jpg 1536w, https:\/\/www.asajacyl.com\/soria\/wp-content\/uploads\/sites\/9\/2022\/12\/IMG_7051-696x928.jpg 696w, https:\/\/www.asajacyl.com\/soria\/wp-content\/uploads\/sites\/9\/2022\/12\/IMG_7051-1068x1424.jpg 1068w, https:\/\/www.asajacyl.com\/soria\/wp-content\/uploads\/sites\/9\/2022\/12\/IMG_7051-315x420.jpg 315w\" sizes=\"(max-width: 1875px) 100vw, 1875px\" \/>Pedro Medina habl\u00f3 tambi\u00e9n de condicionalidad reforzada y record\u00f3 la reuni\u00f3n de finales de noviembre en el MITECO llena de ecologistas en el despacho con la ministra, con ASAJA en la calle pidiendo el control del lobo.<\/p>\n<p>Adem\u00e1s, Medina se refiri\u00f3 al mantenimiento de zonas no productivas, que va a ir a m\u00e1s y fue muy ir\u00f3nico con la b\u00fasqueda de m\u00e1s felicidad para p\u00e1jaros y abejas. Tambi\u00e9n repas\u00f3 c\u00f3mo est\u00e1 la situaci\u00f3n de los ecoesquemas e hizo comparaci\u00f3n de pagos verdes actuales y futuros. Asimismo, mencion\u00f3 la rotaci\u00f3n de cultivos con especies mejorantes y los espacios de diversidad, as\u00ed como ayudas asociadas a la producci\u00f3n, ayudas agroambientales y otras para ganader\u00eda. Hizo hincapi\u00e9 en ese objetivo tan complejo de la UE de alcanzar el 25 por ciento de agricultura ecol\u00f3gica.<\/p>\n<p>Aludi\u00f3 a Frans Timmermans, vicepresidente para el Pacto Verde en Bruselas, y a su \u201cambici\u00f3n verde, a su af\u00e1n de reducir fitosanitarios, y de producir menos adem\u00e1s de potenciar las prote\u00ednas vegetales\u201d.<\/p>\n<p><strong><em>Donaciano Dujo: \u201cUn gran respaldo el 12 de febrero nos legitima y nos da prestigio\u201d<\/em><\/strong><\/p>\n<p>El \u00faltimo en intervenir fue el presidente regional de ASAJA, Donaciano Dujo, que se refiri\u00f3 con mucho respeto y admiraci\u00f3n a Jes\u00fas Julio Carnero, de quien dijo que \u201ces honrado y trabajador, le considero un amigo y creo que el premio es un acierto y totalmente de justicia\u201d.<\/p>\n<p>Para Dujo, \u201cel a\u00f1o 2022 ha sido malo agr\u00edcolamente, con una mala cosecha. La venta ha sido peque\u00f1a y los ingresos escasos, con unos costes de producci\u00f3n desorbitados. Nunca se han visto unos costes como los de este a\u00f1o. Todos los medios de producci\u00f3n est\u00e1n por las nubes. Los ganaderos ya tuvieron que vender muchos de sus ejemplares para tener algo de liquidez y dar de comer al resto de los animales\u201d.<\/p>\n<p><img loading=\"lazy\" decoding=\"async\" class=\"aligncenter size-full wp-image-6415\" src=\"https:\/\/www.asajacyl.com\/soria\/wp-content\/uploads\/sites\/9\/2022\/12\/IMG_7083.jpg\" alt=\"\" width=\"2500\" height=\"1875\" srcset=\"https:\/\/www.asajacyl.com\/soria\/wp-content\/uploads\/sites\/9\/2022\/12\/IMG_7083.jpg 2500w, https:\/\/www.asajacyl.com\/soria\/wp-content\/uploads\/sites\/9\/2022\/12\/IMG_7083-300x225.jpg 300w, https:\/\/www.asajacyl.com\/soria\/wp-content\/uploads\/sites\/9\/2022\/12\/IMG_7083-1024x768.jpg 1024w, https:\/\/www.asajacyl.com\/soria\/wp-content\/uploads\/sites\/9\/2022\/12\/IMG_7083-768x576.jpg 768w, https:\/\/www.asajacyl.com\/soria\/wp-content\/uploads\/sites\/9\/2022\/12\/IMG_7083-1536x1152.jpg 1536w, https:\/\/www.asajacyl.com\/soria\/wp-content\/uploads\/sites\/9\/2022\/12\/IMG_7083-2048x1536.jpg 2048w, https:\/\/www.asajacyl.com\/soria\/wp-content\/uploads\/sites\/9\/2022\/12\/IMG_7083-696x522.jpg 696w, https:\/\/www.asajacyl.com\/soria\/wp-content\/uploads\/sites\/9\/2022\/12\/IMG_7083-1068x801.jpg 1068w, https:\/\/www.asajacyl.com\/soria\/wp-content\/uploads\/sites\/9\/2022\/12\/IMG_7083-1920x1440.jpg 1920w, https:\/\/www.asajacyl.com\/soria\/wp-content\/uploads\/sites\/9\/2022\/12\/IMG_7083-560x420.jpg 560w, https:\/\/www.asajacyl.com\/soria\/wp-content\/uploads\/sites\/9\/2022\/12\/IMG_7083-80x60.jpg 80w\" sizes=\"(max-width: 2500px) 100vw, 2500px\" \/>Dujo fue cr\u00edtico con la PAC, de la que dijo que \u201cse empez\u00f3 a dise\u00f1ar en 2015. El contexto no se parece en nada. La PAC nace muerta. El objetivo es cambiarla\u201d. Para el presidente de ASAJA de Castilla y Le\u00f3n, la PAC est\u00e1 \u201cmal distribuida. Favorece a otras zonas y criminaliza la agricultura profesional. Se castiga a la agricultura de Soria y no es productiva\u201d. Dujo insisti\u00f3 en que la \u201cPAC que viene es muy compleja, as\u00ed que a la hora de solicitar las ayudas no la confi\u00e9is en quien no sabe\u201d.<\/p>\n<p><img loading=\"lazy\" decoding=\"async\" class=\"aligncenter size-full wp-image-6419\" src=\"https:\/\/www.asajacyl.com\/soria\/wp-content\/uploads\/sites\/9\/2022\/12\/IMG_7087.jpg\" alt=\"\" width=\"2500\" height=\"1875\" srcset=\"https:\/\/www.asajacyl.com\/soria\/wp-content\/uploads\/sites\/9\/2022\/12\/IMG_7087.jpg 2500w, https:\/\/www.asajacyl.com\/soria\/wp-content\/uploads\/sites\/9\/2022\/12\/IMG_7087-300x225.jpg 300w, https:\/\/www.asajacyl.com\/soria\/wp-content\/uploads\/sites\/9\/2022\/12\/IMG_7087-1024x768.jpg 1024w, https:\/\/www.asajacyl.com\/soria\/wp-content\/uploads\/sites\/9\/2022\/12\/IMG_7087-768x576.jpg 768w, https:\/\/www.asajacyl.com\/soria\/wp-content\/uploads\/sites\/9\/2022\/12\/IMG_7087-1536x1152.jpg 1536w, https:\/\/www.asajacyl.com\/soria\/wp-content\/uploads\/sites\/9\/2022\/12\/IMG_7087-2048x1536.jpg 2048w, https:\/\/www.asajacyl.com\/soria\/wp-content\/uploads\/sites\/9\/2022\/12\/IMG_7087-696x522.jpg 696w, https:\/\/www.asajacyl.com\/soria\/wp-content\/uploads\/sites\/9\/2022\/12\/IMG_7087-1068x801.jpg 1068w, https:\/\/www.asajacyl.com\/soria\/wp-content\/uploads\/sites\/9\/2022\/12\/IMG_7087-1920x1440.jpg 1920w, https:\/\/www.asajacyl.com\/soria\/wp-content\/uploads\/sites\/9\/2022\/12\/IMG_7087-560x420.jpg 560w, https:\/\/www.asajacyl.com\/soria\/wp-content\/uploads\/sites\/9\/2022\/12\/IMG_7087-80x60.jpg 80w\" sizes=\"(max-width: 2500px) 100vw, 2500px\" \/>Sobre 2023 no ocult\u00f3 su \u201cilusi\u00f3n y optimismo\u201d y confes\u00f3 que \u201cme gustar\u00eda que haya buenos pastos y buena cosecha, que entre de par en par el sentido com\u00fan en muchos despachos y que la PAC sea productiva y justa\u201d.<\/p>\n<p>Dujo concluy\u00f3 con una referencia directa a la cita electoral del 12 de febrero, de la que dijo que \u201ces muy importante y por eso hay que llenar las urnas de papeletas. En realidad, votar a esta organizaci\u00f3n es votarse a s\u00ed mismo, es apoyar en lo que creemos y en lo que nos ayuda a mejorar. Nos da poder, nos legitima y nos da prestigio\u201d.<\/p>\n<p><img loading=\"lazy\" decoding=\"async\" class=\"aligncenter size-full wp-image-6420\" src=\"https:\/\/www.asajacyl.com\/soria\/wp-content\/uploads\/sites\/9\/2022\/12\/IMG_6938.jpg\" alt=\"\" width=\"2500\" height=\"1875\" srcset=\"https:\/\/www.asajacyl.com\/soria\/wp-content\/uploads\/sites\/9\/2022\/12\/IMG_6938.jpg 2500w, https:\/\/www.asajacyl.com\/soria\/wp-content\/uploads\/sites\/9\/2022\/12\/IMG_6938-300x225.jpg 300w, https:\/\/www.asajacyl.com\/soria\/wp-content\/uploads\/sites\/9\/2022\/12\/IMG_6938-1024x768.jpg 1024w, https:\/\/www.asajacyl.com\/soria\/wp-content\/uploads\/sites\/9\/2022\/12\/IMG_6938-768x576.jpg 768w, https:\/\/www.asajacyl.com\/soria\/wp-content\/uploads\/sites\/9\/2022\/12\/IMG_6938-1536x1152.jpg 1536w, https:\/\/www.asajacyl.com\/soria\/wp-content\/uploads\/sites\/9\/2022\/12\/IMG_6938-2048x1536.jpg 2048w, https:\/\/www.asajacyl.com\/soria\/wp-content\/uploads\/sites\/9\/2022\/12\/IMG_6938-696x522.jpg 696w, https:\/\/www.asajacyl.com\/soria\/wp-content\/uploads\/sites\/9\/2022\/12\/IMG_6938-1068x801.jpg 1068w, https:\/\/www.asajacyl.com\/soria\/wp-content\/uploads\/sites\/9\/2022\/12\/IMG_6938-1920x1440.jpg 1920w, https:\/\/www.asajacyl.com\/soria\/wp-content\/uploads\/sites\/9\/2022\/12\/IMG_6938-560x420.jpg 560w, https:\/\/www.asajacyl.com\/soria\/wp-content\/uploads\/sites\/9\/2022\/12\/IMG_6938-80x60.jpg 80w\" sizes=\"(max-width: 2500px) 100vw, 2500px\" \/><\/p>\n<p><img loading=\"lazy\" decoding=\"async\" class=\"aligncenter size-full wp-image-6421\" src=\"https:\/\/www.asajacyl.com\/soria\/wp-content\/uploads\/sites\/9\/2022\/12\/IMG_7084.jpg\" alt=\"\" width=\"2500\" height=\"1875\" srcset=\"https:\/\/www.asajacyl.com\/soria\/wp-content\/uploads\/sites\/9\/2022\/12\/IMG_7084.jpg 2500w, https:\/\/www.asajacyl.com\/soria\/wp-content\/uploads\/sites\/9\/2022\/12\/IMG_7084-300x225.jpg 300w, https:\/\/www.asajacyl.com\/soria\/wp-content\/uploads\/sites\/9\/2022\/12\/IMG_7084-1024x768.jpg 1024w, https:\/\/www.asajacyl.com\/soria\/wp-content\/uploads\/sites\/9\/2022\/12\/IMG_7084-768x576.jpg 768w, https:\/\/www.asajacyl.com\/soria\/wp-content\/uploads\/sites\/9\/2022\/12\/IMG_7084-1536x1152.jpg 1536w, https:\/\/www.asajacyl.com\/soria\/wp-content\/uploads\/sites\/9\/2022\/12\/IMG_7084-2048x1536.jpg 2048w, https:\/\/www.asajacyl.com\/soria\/wp-content\/uploads\/sites\/9\/2022\/12\/IMG_7084-696x522.jpg 696w, https:\/\/www.asajacyl.com\/soria\/wp-content\/uploads\/sites\/9\/2022\/12\/IMG_7084-1068x801.jpg 1068w, https:\/\/www.asajacyl.com\/soria\/wp-content\/uploads\/sites\/9\/2022\/12\/IMG_7084-1920x1440.jpg 1920w, https:\/\/www.asajacyl.com\/soria\/wp-content\/uploads\/sites\/9\/2022\/12\/IMG_7084-560x420.jpg 560w, https:\/\/www.asajacyl.com\/soria\/wp-content\/uploads\/sites\/9\/2022\/12\/IMG_7084-80x60.jpg 80w\" sizes=\"(max-width: 2500px) 100vw, 2500px\" \/><\/p>\n<p>\u00a0<\/p>\n","protected":false},"excerpt":{"rendered":"<p>La ceremonia coincidi\u00f3 con la Asamblea Navide\u00f1a, que cont\u00f3 con ponencias clave para el futuro del campo El jueves 22 de diciembre tuvo lugar en el Aula Magna Tirso de Molina de Soria la entrega de los premios Espiga y Tiz\u00f3n de 2022 que anualmente concede ASAJA-Soria, coincidiendo con la tradicional Asamblea Navide\u00f1a de la [&hellip;]<\/p>\n","protected":false},"author":12,"featured_media":6423,"comment_status":"open","ping_status":"open","sticky":false,"template":"","format":"standard","meta":{"footnotes":""},"categories":[10,25],"tags":[],"yoast_head":"<!-- This site is optimized with the Yoast SEO plugin v24.5 - https:\/\/yoast.com\/wordpress\/plugins\/seo\/ -->\n<title>Los Espiga y Tiz\u00f3n ponen el cierre a un a\u00f1o muy complicado para el sector agrario - ASAJA Soria<\/title>\n<meta name=\"description\" content=\"La ceremonia coincidi\u00f3 con la Asamblea Navide\u00f1a, que cont\u00f3 con ponencias clave para el futuro del campo El jueves 22 de diciembre tuvo lugar en el Aula\" \/>\n<meta name=\"robots\" content=\"index, follow, max-snippet:-1, max-image-preview:large, max-video-preview:-1\" \/>\n<link rel=\"canonical\" href=\"https:\/\/www.asajacyl.com\/soria\/asaja-soria-informa\/los-espiga-y-tizon-ponen-el-cierre-a-un-ano-muy-complicado-para-el-sector-agrario\" \/>\n<meta property=\"og:locale\" content=\"es_ES\" \/>\n<meta property=\"og:type\" content=\"article\" \/>\n<meta property=\"og:title\" content=\"Los Espiga y Tiz\u00f3n ponen el cierre a un a\u00f1o muy complicado para el sector agrario - ASAJA Soria\" \/>\n<meta property=\"og:description\" content=\"La ceremonia coincidi\u00f3 con la Asamblea Navide\u00f1a, que cont\u00f3 con ponencias clave para el futuro del campo El jueves 22 de diciembre tuvo lugar en el Aula\" \/>\n<meta property=\"og:url\" content=\"https:\/\/www.asajacyl.com\/soria\/asaja-soria-informa\/los-espiga-y-tizon-ponen-el-cierre-a-un-ano-muy-complicado-para-el-sector-agrario\" \/>\n<meta property=\"og:site_name\" content=\"ASAJA Soria\" \/>\n<meta property=\"article:published_time\" content=\"2022-12-22T17:58:47+00:00\" \/>\n<meta property=\"article:modified_time\" content=\"2023-01-05T09:45:06+00:00\" \/>\n<meta property=\"og:image\" content=\"https:\/\/www.asajacyl.com\/soria\/wp-content\/uploads\/sites\/9\/2022\/12\/IMG_7017.jpg\" \/>\n\t<meta property=\"og:image:width\" content=\"2500\" \/>\n\t<meta property=\"og:image:height\" content=\"1875\" \/>\n\t<meta property=\"og:image:type\" content=\"image\/jpeg\" \/>\n<meta name=\"author\" content=\"Juan Ignacio Prieto Nieto\" \/>\n<meta name=\"twitter:card\" content=\"summary_large_image\" \/>\n<meta name=\"twitter:label1\" content=\"Escrito por\" \/>\n\t<meta name=\"twitter:data1\" content=\"Juan Ignacio Prieto Nieto\" \/>\n\t<meta name=\"twitter:label2\" content=\"Tiempo de lectura\" \/>\n\t<meta name=\"twitter:data2\" content=\"9 minutos\" \/>\n<script type=\"application\/ld+json\" class=\"yoast-schema-graph\">{\"@context\":\"https:\/\/schema.org\",\"@graph\":[{\"@type\":\"WebPage\",\"@id\":\"https:\/\/www.asajacyl.com\/soria\/asaja-soria-informa\/los-espiga-y-tizon-ponen-el-cierre-a-un-ano-muy-complicado-para-el-sector-agrario\",\"url\":\"https:\/\/www.asajacyl.com\/soria\/asaja-soria-informa\/los-espiga-y-tizon-ponen-el-cierre-a-un-ano-muy-complicado-para-el-sector-agrario\",\"name\":\"Los Espiga y Tiz\u00f3n ponen el cierre a un a\u00f1o muy complicado para el sector agrario - ASAJA Soria\",\"isPartOf\":{\"@id\":\"https:\/\/www.asajacyl.com\/soria\/#website\"},\"primaryImageOfPage\":{\"@id\":\"https:\/\/www.asajacyl.com\/soria\/asaja-soria-informa\/los-espiga-y-tizon-ponen-el-cierre-a-un-ano-muy-complicado-para-el-sector-agrario#primaryimage\"},\"image\":{\"@id\":\"https:\/\/www.asajacyl.com\/soria\/asaja-soria-informa\/los-espiga-y-tizon-ponen-el-cierre-a-un-ano-muy-complicado-para-el-sector-agrario#primaryimage\"},\"thumbnailUrl\":\"https:\/\/www.asajacyl.com\/soria\/wp-content\/uploads\/sites\/9\/2022\/12\/IMG_7017.jpg\",\"datePublished\":\"2022-12-22T17:58:47+00:00\",\"dateModified\":\"2023-01-05T09:45:06+00:00\",\"author\":{\"@id\":\"https:\/\/www.asajacyl.com\/soria\/#\/schema\/person\/fd3081c40255119ce8133b87e6aedfab\"},\"description\":\"La ceremonia coincidi\u00f3 con la Asamblea Navide\u00f1a, que cont\u00f3 con ponencias clave para el futuro del campo El jueves 22 de diciembre tuvo lugar en el Aula\",\"breadcrumb\":{\"@id\":\"https:\/\/www.asajacyl.com\/soria\/asaja-soria-informa\/los-espiga-y-tizon-ponen-el-cierre-a-un-ano-muy-complicado-para-el-sector-agrario#breadcrumb\"},\"inLanguage\":\"es\",\"potentialAction\":[{\"@type\":\"ReadAction\",\"target\":[\"https:\/\/www.asajacyl.com\/soria\/asaja-soria-informa\/los-espiga-y-tizon-ponen-el-cierre-a-un-ano-muy-complicado-para-el-sector-agrario\"]}]},{\"@type\":\"ImageObject\",\"inLanguage\":\"es\",\"@id\":\"https:\/\/www.asajacyl.com\/soria\/asaja-soria-informa\/los-espiga-y-tizon-ponen-el-cierre-a-un-ano-muy-complicado-para-el-sector-agrario#primaryimage\",\"url\":\"https:\/\/www.asajacyl.com\/soria\/wp-content\/uploads\/sites\/9\/2022\/12\/IMG_7017.jpg\",\"contentUrl\":\"https:\/\/www.asajacyl.com\/soria\/wp-content\/uploads\/sites\/9\/2022\/12\/IMG_7017.jpg\",\"width\":2500,\"height\":1875},{\"@type\":\"BreadcrumbList\",\"@id\":\"https:\/\/www.asajacyl.com\/soria\/asaja-soria-informa\/los-espiga-y-tizon-ponen-el-cierre-a-un-ano-muy-complicado-para-el-sector-agrario#breadcrumb\",\"itemListElement\":[{\"@type\":\"ListItem\",\"position\":1,\"name\":\"Portada\",\"item\":\"https:\/\/www.asajacyl.com\/soria\/\"},{\"@type\":\"ListItem\",\"position\":2,\"name\":\"Los Espiga y Tiz\u00f3n ponen el cierre a un a\u00f1o muy complicado para el sector agrario\"}]},{\"@type\":\"WebSite\",\"@id\":\"https:\/\/www.asajacyl.com\/soria\/#website\",\"url\":\"https:\/\/www.asajacyl.com\/soria\/\",\"name\":\"ASAJA Soria\",\"description\":\"Otro sitio m\u00e1s de Provincias ASAJA Castilla y Le\u00f3n\",\"potentialAction\":[{\"@type\":\"SearchAction\",\"target\":{\"@type\":\"EntryPoint\",\"urlTemplate\":\"https:\/\/www.asajacyl.com\/soria\/?s={search_term_string}\"},\"query-input\":{\"@type\":\"PropertyValueSpecification\",\"valueRequired\":true,\"valueName\":\"search_term_string\"}}],\"inLanguage\":\"es\"},{\"@type\":\"Person\",\"@id\":\"https:\/\/www.asajacyl.com\/soria\/#\/schema\/person\/fd3081c40255119ce8133b87e6aedfab\",\"name\":\"Juan Ignacio Prieto Nieto\",\"image\":{\"@type\":\"ImageObject\",\"inLanguage\":\"es\",\"@id\":\"https:\/\/www.asajacyl.com\/soria\/#\/schema\/person\/image\/\",\"url\":\"https:\/\/secure.gravatar.com\/avatar\/8266b36e4d9001acb4700699a2468dc8?s=96&d=mm&r=g\",\"contentUrl\":\"https:\/\/secure.gravatar.com\/avatar\/8266b36e4d9001acb4700699a2468dc8?s=96&d=mm&r=g\",\"caption\":\"Juan Ignacio Prieto Nieto\"},\"url\":\"https:\/\/www.asajacyl.com\/soria\/author\/juanfranciscoby\"}]}<\/script>\n<!-- \/ Yoast SEO plugin. -->","yoast_head_json":{"title":"Los Espiga y Tiz\u00f3n ponen el cierre a un a\u00f1o muy complicado para el sector agrario - ASAJA Soria","description":"La ceremonia coincidi\u00f3 con la Asamblea Navide\u00f1a, que cont\u00f3 con ponencias clave para el futuro del campo El jueves 22 de diciembre tuvo lugar en el Aula","robots":{"index":"index","follow":"follow","max-snippet":"max-snippet:-1","max-image-preview":"max-image-preview:large","max-video-preview":"max-video-preview:-1"},"canonical":"https:\/\/www.asajacyl.com\/soria\/asaja-soria-informa\/los-espiga-y-tizon-ponen-el-cierre-a-un-ano-muy-complicado-para-el-sector-agrario","og_locale":"es_ES","og_type":"article","og_title":"Los Espiga y Tiz\u00f3n ponen el cierre a un a\u00f1o muy complicado para el sector agrario - ASAJA Soria","og_description":"La ceremonia coincidi\u00f3 con la Asamblea Navide\u00f1a, que cont\u00f3 con ponencias clave para el futuro del campo El jueves 22 de diciembre tuvo lugar en el Aula","og_url":"https:\/\/www.asajacyl.com\/soria\/asaja-soria-informa\/los-espiga-y-tizon-ponen-el-cierre-a-un-ano-muy-complicado-para-el-sector-agrario","og_site_name":"ASAJA Soria","article_published_time":"2022-12-22T17:58:47+00:00","article_modified_time":"2023-01-05T09:45:06+00:00","og_image":[{"width":2500,"height":1875,"url":"https:\/\/www.asajacyl.com\/soria\/wp-content\/uploads\/sites\/9\/2022\/12\/IMG_7017.jpg","type":"image\/jpeg"}],"author":"Juan Ignacio Prieto Nieto","twitter_card":"summary_large_image","twitter_misc":{"Escrito por":"Juan Ignacio Prieto Nieto","Tiempo de lectura":"9 minutos"},"schema":{"@context":"https:\/\/schema.org","@graph":[{"@type":"WebPage","@id":"https:\/\/www.asajacyl.com\/soria\/asaja-soria-informa\/los-espiga-y-tizon-ponen-el-cierre-a-un-ano-muy-complicado-para-el-sector-agrario","url":"https:\/\/www.asajacyl.com\/soria\/asaja-soria-informa\/los-espiga-y-tizon-ponen-el-cierre-a-un-ano-muy-complicado-para-el-sector-agrario","name":"Los Espiga y Tiz\u00f3n ponen el cierre a un a\u00f1o muy complicado para el sector agrario - ASAJA Soria","isPartOf":{"@id":"https:\/\/www.asajacyl.com\/soria\/#website"},"primaryImageOfPage":{"@id":"https:\/\/www.asajacyl.com\/soria\/asaja-soria-informa\/los-espiga-y-tizon-ponen-el-cierre-a-un-ano-muy-complicado-para-el-sector-agrario#primaryimage"},"image":{"@id":"https:\/\/www.asajacyl.com\/soria\/asaja-soria-informa\/los-espiga-y-tizon-ponen-el-cierre-a-un-ano-muy-complicado-para-el-sector-agrario#primaryimage"},"thumbnailUrl":"https:\/\/www.asajacyl.com\/soria\/wp-content\/uploads\/sites\/9\/2022\/12\/IMG_7017.jpg","datePublished":"2022-12-22T17:58:47+00:00","dateModified":"2023-01-05T09:45:06+00:00","author":{"@id":"https:\/\/www.asajacyl.com\/soria\/#\/schema\/person\/fd3081c40255119ce8133b87e6aedfab"},"description":"La ceremonia coincidi\u00f3 con la Asamblea Navide\u00f1a, que cont\u00f3 con ponencias clave para el futuro del campo El jueves 22 de diciembre tuvo lugar en el Aula","breadcrumb":{"@id":"https:\/\/www.asajacyl.com\/soria\/asaja-soria-informa\/los-espiga-y-tizon-ponen-el-cierre-a-un-ano-muy-complicado-para-el-sector-agrario#breadcrumb"},"inLanguage":"es","potentialAction":[{"@type":"ReadAction","target":["https:\/\/www.asajacyl.com\/soria\/asaja-soria-informa\/los-espiga-y-tizon-ponen-el-cierre-a-un-ano-muy-complicado-para-el-sector-agrario"]}]},{"@type":"ImageObject","inLanguage":"es","@id":"https:\/\/www.asajacyl.com\/soria\/asaja-soria-informa\/los-espiga-y-tizon-ponen-el-cierre-a-un-ano-muy-complicado-para-el-sector-agrario#primaryimage","url":"https:\/\/www.asajacyl.com\/soria\/wp-content\/uploads\/sites\/9\/2022\/12\/IMG_7017.jpg","contentUrl":"https:\/\/www.asajacyl.com\/soria\/wp-content\/uploads\/sites\/9\/2022\/12\/IMG_7017.jpg","width":2500,"height":1875},{"@type":"BreadcrumbList","@id":"https:\/\/www.asajacyl.com\/soria\/asaja-soria-informa\/los-espiga-y-tizon-ponen-el-cierre-a-un-ano-muy-complicado-para-el-sector-agrario#breadcrumb","itemListElement":[{"@type":"ListItem","position":1,"name":"Portada","item":"https:\/\/www.asajacyl.com\/soria\/"},{"@type":"ListItem","position":2,"name":"Los Espiga y Tiz\u00f3n ponen el cierre a un a\u00f1o muy complicado para el sector agrario"}]},{"@type":"WebSite","@id":"https:\/\/www.asajacyl.com\/soria\/#website","url":"https:\/\/www.asajacyl.com\/soria\/","name":"ASAJA Soria","description":"Otro sitio m\u00e1s de Provincias ASAJA Castilla y Le\u00f3n","potentialAction":[{"@type":"SearchAction","target":{"@type":"EntryPoint","urlTemplate":"https:\/\/www.asajacyl.com\/soria\/?s={search_term_string}"},"query-input":{"@type":"PropertyValueSpecification","valueRequired":true,"valueName":"search_term_string"}}],"inLanguage":"es"},{"@type":"Person","@id":"https:\/\/www.asajacyl.com\/soria\/#\/schema\/person\/fd3081c40255119ce8133b87e6aedfab","name":"Juan Ignacio Prieto Nieto","image":{"@type":"ImageObject","inLanguage":"es","@id":"https:\/\/www.asajacyl.com\/soria\/#\/schema\/person\/image\/","url":"https:\/\/secure.gravatar.com\/avatar\/8266b36e4d9001acb4700699a2468dc8?s=96&d=mm&r=g","contentUrl":"https:\/\/secure.gravatar.com\/avatar\/8266b36e4d9001acb4700699a2468dc8?s=96&d=mm&r=g","caption":"Juan Ignacio Prieto Nieto"},"url":"https:\/\/www.asajacyl.com\/soria\/author\/juanfranciscoby"}]}},"_links":{"self":[{"href":"https:\/\/www.asajacyl.com\/soria\/wp-json\/wp\/v2\/posts\/6397"}],"collection":[{"href":"https:\/\/www.asajacyl.com\/soria\/wp-json\/wp\/v2\/posts"}],"about":[{"href":"https:\/\/www.asajacyl.com\/soria\/wp-json\/wp\/v2\/types\/post"}],"author":[{"embeddable":true,"href":"https:\/\/www.asajacyl.com\/soria\/wp-json\/wp\/v2\/users\/12"}],"replies":[{"embeddable":true,"href":"https:\/\/www.asajacyl.com\/soria\/wp-json\/wp\/v2\/comments?post=6397"}],"version-history":[{"count":3,"href":"https:\/\/www.asajacyl.com\/soria\/wp-json\/wp\/v2\/posts\/6397\/revisions"}],"predecessor-version":[{"id":6425,"href":"https:\/\/www.asajacyl.com\/soria\/wp-json\/wp\/v2\/posts\/6397\/revisions\/6425"}],"wp:featuredmedia":[{"embeddable":true,"href":"https:\/\/www.asajacyl.com\/soria\/wp-json\/wp\/v2\/media\/6423"}],"wp:attachment":[{"href":"https:\/\/www.asajacyl.com\/soria\/wp-json\/wp\/v2\/media?parent=6397"}],"wp:term":[{"taxonomy":"category","embeddable":true,"href":"https:\/\/www.asajacyl.com\/soria\/wp-json\/wp\/v2\/categories?post=6397"},{"taxonomy":"post_tag","embeddable":true,"href":"https:\/\/www.asajacyl.com\/soria\/wp-json\/wp\/v2\/tags?post=6397"}],"curies":[{"name":"wp","href":"https:\/\/api.w.org\/{rel}","templated":true}]}}