{"id":6453,"date":"2023-01-05T10:55:13","date_gmt":"2023-01-05T09:55:13","guid":{"rendered":"https:\/\/www.asajacyl.com\/soria\/?p=6453"},"modified":"2023-01-09T12:59:29","modified_gmt":"2023-01-09T11:59:29","slug":"una-delegacion-de-asaja-defiende-ante-el-papa-francisco-el-consumo-de-carne","status":"publish","type":"post","link":"https:\/\/www.asajacyl.com\/soria\/asaja-soria-informa\/una-delegacion-de-asaja-defiende-ante-el-papa-francisco-el-consumo-de-carne","title":{"rendered":"Una delegaci\u00f3n de ASAJA defiende ante el Papa Francisco el consumo de carne"},"content":{"rendered":"\n\n\n<h3 class=\"subheadline font-1 bold\"><span class=\"priority-content\">En la representaci\u00f3n se encontraba la vicepresidenta de la organizaci\u00f3n profesional agraria en Soria y vocal en el Comit\u00e9 Ejecutivo nacional, Ana Pastor<\/span><\/h3>\n<p>Al hilo de las declaraciones que hizo el Papa Francisco el pasado mes de julio en las que animaba a \u201cconsumir menos carne para contribuir a salvar el medio ambiente\u201d, los representantes de ASAJA le han trasladado personalmente su extra\u00f1eza por esas palabras.<\/p>\n<p><img loading=\"lazy\" decoding=\"async\" class=\"aligncenter  wp-image-6460\" src=\"https:\/\/www.asajacyl.com\/soria\/wp-content\/uploads\/sites\/9\/2023\/01\/ANA-Y-EL-PAPA-FRANCIS.jpg\" alt=\"\" width=\"753\" height=\"1130\" srcset=\"https:\/\/www.asajacyl.com\/soria\/wp-content\/uploads\/sites\/9\/2023\/01\/ANA-Y-EL-PAPA-FRANCIS.jpg 1365w, https:\/\/www.asajacyl.com\/soria\/wp-content\/uploads\/sites\/9\/2023\/01\/ANA-Y-EL-PAPA-FRANCIS-200x300.jpg 200w, https:\/\/www.asajacyl.com\/soria\/wp-content\/uploads\/sites\/9\/2023\/01\/ANA-Y-EL-PAPA-FRANCIS-683x1024.jpg 683w, https:\/\/www.asajacyl.com\/soria\/wp-content\/uploads\/sites\/9\/2023\/01\/ANA-Y-EL-PAPA-FRANCIS-768x1152.jpg 768w, https:\/\/www.asajacyl.com\/soria\/wp-content\/uploads\/sites\/9\/2023\/01\/ANA-Y-EL-PAPA-FRANCIS-1024x1536.jpg 1024w, https:\/\/www.asajacyl.com\/soria\/wp-content\/uploads\/sites\/9\/2023\/01\/ANA-Y-EL-PAPA-FRANCIS-696x1044.jpg 696w, https:\/\/www.asajacyl.com\/soria\/wp-content\/uploads\/sites\/9\/2023\/01\/ANA-Y-EL-PAPA-FRANCIS-1068x1602.jpg 1068w, https:\/\/www.asajacyl.com\/soria\/wp-content\/uploads\/sites\/9\/2023\/01\/ANA-Y-EL-PAPA-FRANCIS-280x420.jpg 280w\" sizes=\"(max-width: 753px) 100vw, 753px\" \/><\/p>\n<p>El Papa Francisco recibi\u00f3, el 3 de enero, en su Audiencia General de los mi\u00e9rcoles en el Vaticano a una delegaci\u00f3n de ASAJA, en la que se encontraba la vicepresidenta de ASAJA Soria, Ana Pastor. Durante el encuentro, el presidente nacional de la OPA, Pedro Barato, ha saludado al pont\u00edfice en nombre de los agricultores y ganadores espa\u00f1oles, adem\u00e1s de hacerle entrega de un regalo muy especial: productos c\u00e1rnicos de Espa\u00f1a. ASAJA le ha hecho saber la importancia que tiene el sector c\u00e1rnico en Espa\u00f1a y los beneficios que tiene su consumo. El obispo de Roma ha reconocido que pudo no estar acertado con aquellas declaraciones y les ha mostrado su apoyo y cercan\u00eda.<\/p>\n<p><img loading=\"lazy\" decoding=\"async\" class=\"aligncenter size-full wp-image-6457\" src=\"https:\/\/www.asajacyl.com\/soria\/wp-content\/uploads\/sites\/9\/2023\/01\/IMG-20230104-WA0013.jpg\" alt=\"\" width=\"768\" height=\"1024\" srcset=\"https:\/\/www.asajacyl.com\/soria\/wp-content\/uploads\/sites\/9\/2023\/01\/IMG-20230104-WA0013.jpg 768w, https:\/\/www.asajacyl.com\/soria\/wp-content\/uploads\/sites\/9\/2023\/01\/IMG-20230104-WA0013-225x300.jpg 225w, https:\/\/www.asajacyl.com\/soria\/wp-content\/uploads\/sites\/9\/2023\/01\/IMG-20230104-WA0013-696x928.jpg 696w, https:\/\/www.asajacyl.com\/soria\/wp-content\/uploads\/sites\/9\/2023\/01\/IMG-20230104-WA0013-315x420.jpg 315w\" sizes=\"(max-width: 768px) 100vw, 768px\" \/><\/p>\n","protected":false},"excerpt":{"rendered":"<p>En la representaci\u00f3n se encontraba la vicepresidenta de la organizaci\u00f3n profesional agraria en Soria y vocal en el Comit\u00e9 Ejecutivo nacional, Ana Pastor Al hilo de las declaraciones que hizo el Papa Francisco el pasado mes de julio en las que animaba a \u201cconsumir menos carne para contribuir a salvar el medio ambiente\u201d, los representantes [&hellip;]<\/p>\n","protected":false},"author":12,"featured_media":6454,"comment_status":"open","ping_status":"open","sticky":false,"template":"","format":"standard","meta":{"footnotes":""},"categories":[10,25],"tags":[],"yoast_head":"<!-- This site is optimized with the Yoast SEO plugin v24.5 - https:\/\/yoast.com\/wordpress\/plugins\/seo\/ -->\n<title>Una delegaci\u00f3n de ASAJA defiende ante el Papa Francisco el consumo de carne - ASAJA Soria<\/title>\n<meta name=\"description\" content=\"En la representaci\u00f3n se encontraba la vicepresidenta de la organizaci\u00f3n profesional agraria en Soria y vocal en el Comit\u00e9 Ejecutivo nacional, Ana Pastor\" \/>\n<meta name=\"robots\" content=\"index, follow, max-snippet:-1, max-image-preview:large, max-video-preview:-1\" \/>\n<link rel=\"canonical\" href=\"https:\/\/www.asajacyl.com\/soria\/asaja-soria-informa\/una-delegacion-de-asaja-defiende-ante-el-papa-francisco-el-consumo-de-carne\" \/>\n<meta property=\"og:locale\" content=\"es_ES\" \/>\n<meta property=\"og:type\" content=\"article\" \/>\n<meta property=\"og:title\" content=\"Una delegaci\u00f3n de ASAJA defiende ante el Papa Francisco el consumo de carne - ASAJA Soria\" \/>\n<meta property=\"og:description\" content=\"En la representaci\u00f3n se encontraba la vicepresidenta de la organizaci\u00f3n profesional agraria en Soria y vocal en el Comit\u00e9 Ejecutivo nacional, Ana Pastor\" \/>\n<meta property=\"og:url\" content=\"https:\/\/www.asajacyl.com\/soria\/asaja-soria-informa\/una-delegacion-de-asaja-defiende-ante-el-papa-francisco-el-consumo-de-carne\" \/>\n<meta property=\"og:site_name\" content=\"ASAJA Soria\" \/>\n<meta property=\"article:published_time\" content=\"2023-01-05T09:55:13+00:00\" \/>\n<meta property=\"article:modified_time\" content=\"2023-01-09T11:59:29+00:00\" \/>\n<meta property=\"og:image\" content=\"https:\/\/www.asajacyl.com\/soria\/wp-content\/uploads\/sites\/9\/2023\/01\/ASAJA-PAPA.jpg\" \/>\n\t<meta property=\"og:image:width\" content=\"1024\" \/>\n\t<meta property=\"og:image:height\" content=\"768\" \/>\n\t<meta property=\"og:image:type\" content=\"image\/jpeg\" \/>\n<meta name=\"author\" content=\"Juan Ignacio Prieto Nieto\" \/>\n<meta name=\"twitter:card\" content=\"summary_large_image\" \/>\n<meta name=\"twitter:label1\" content=\"Escrito por\" \/>\n\t<meta name=\"twitter:data1\" content=\"Juan Ignacio Prieto Nieto\" \/>\n\t<meta name=\"twitter:label2\" content=\"Tiempo de lectura\" \/>\n\t<meta name=\"twitter:data2\" content=\"2 minutos\" \/>\n<script type=\"application\/ld+json\" class=\"yoast-schema-graph\">{\"@context\":\"https:\/\/schema.org\",\"@graph\":[{\"@type\":\"WebPage\",\"@id\":\"https:\/\/www.asajacyl.com\/soria\/asaja-soria-informa\/una-delegacion-de-asaja-defiende-ante-el-papa-francisco-el-consumo-de-carne\",\"url\":\"https:\/\/www.asajacyl.com\/soria\/asaja-soria-informa\/una-delegacion-de-asaja-defiende-ante-el-papa-francisco-el-consumo-de-carne\",\"name\":\"Una delegaci\u00f3n de ASAJA defiende ante el Papa Francisco el consumo de carne - ASAJA Soria\",\"isPartOf\":{\"@id\":\"https:\/\/www.asajacyl.com\/soria\/#website\"},\"primaryImageOfPage\":{\"@id\":\"https:\/\/www.asajacyl.com\/soria\/asaja-soria-informa\/una-delegacion-de-asaja-defiende-ante-el-papa-francisco-el-consumo-de-carne#primaryimage\"},\"image\":{\"@id\":\"https:\/\/www.asajacyl.com\/soria\/asaja-soria-informa\/una-delegacion-de-asaja-defiende-ante-el-papa-francisco-el-consumo-de-carne#primaryimage\"},\"thumbnailUrl\":\"https:\/\/www.asajacyl.com\/soria\/wp-content\/uploads\/sites\/9\/2023\/01\/ASAJA-PAPA.jpg\",\"datePublished\":\"2023-01-05T09:55:13+00:00\",\"dateModified\":\"2023-01-09T11:59:29+00:00\",\"author\":{\"@id\":\"https:\/\/www.asajacyl.com\/soria\/#\/schema\/person\/fd3081c40255119ce8133b87e6aedfab\"},\"description\":\"En la representaci\u00f3n se encontraba la vicepresidenta de la organizaci\u00f3n profesional agraria en Soria y vocal en el Comit\u00e9 Ejecutivo nacional, Ana Pastor\",\"breadcrumb\":{\"@id\":\"https:\/\/www.asajacyl.com\/soria\/asaja-soria-informa\/una-delegacion-de-asaja-defiende-ante-el-papa-francisco-el-consumo-de-carne#breadcrumb\"},\"inLanguage\":\"es\",\"potentialAction\":[{\"@type\":\"ReadAction\",\"target\":[\"https:\/\/www.asajacyl.com\/soria\/asaja-soria-informa\/una-delegacion-de-asaja-defiende-ante-el-papa-francisco-el-consumo-de-carne\"]}]},{\"@type\":\"ImageObject\",\"inLanguage\":\"es\",\"@id\":\"https:\/\/www.asajacyl.com\/soria\/asaja-soria-informa\/una-delegacion-de-asaja-defiende-ante-el-papa-francisco-el-consumo-de-carne#primaryimage\",\"url\":\"https:\/\/www.asajacyl.com\/soria\/wp-content\/uploads\/sites\/9\/2023\/01\/ASAJA-PAPA.jpg\",\"contentUrl\":\"https:\/\/www.asajacyl.com\/soria\/wp-content\/uploads\/sites\/9\/2023\/01\/ASAJA-PAPA.jpg\",\"width\":1024,\"height\":768},{\"@type\":\"BreadcrumbList\",\"@id\":\"https:\/\/www.asajacyl.com\/soria\/asaja-soria-informa\/una-delegacion-de-asaja-defiende-ante-el-papa-francisco-el-consumo-de-carne#breadcrumb\",\"itemListElement\":[{\"@type\":\"ListItem\",\"position\":1,\"name\":\"Portada\",\"item\":\"https:\/\/www.asajacyl.com\/soria\/\"},{\"@type\":\"ListItem\",\"position\":2,\"name\":\"Una delegaci\u00f3n de ASAJA defiende ante el Papa Francisco el consumo de carne\"}]},{\"@type\":\"WebSite\",\"@id\":\"https:\/\/www.asajacyl.com\/soria\/#website\",\"url\":\"https:\/\/www.asajacyl.com\/soria\/\",\"name\":\"ASAJA Soria\",\"description\":\"Otro sitio m\u00e1s de Provincias ASAJA Castilla y Le\u00f3n\",\"potentialAction\":[{\"@type\":\"SearchAction\",\"target\":{\"@type\":\"EntryPoint\",\"urlTemplate\":\"https:\/\/www.asajacyl.com\/soria\/?s={search_term_string}\"},\"query-input\":{\"@type\":\"PropertyValueSpecification\",\"valueRequired\":true,\"valueName\":\"search_term_string\"}}],\"inLanguage\":\"es\"},{\"@type\":\"Person\",\"@id\":\"https:\/\/www.asajacyl.com\/soria\/#\/schema\/person\/fd3081c40255119ce8133b87e6aedfab\",\"name\":\"Juan Ignacio Prieto Nieto\",\"image\":{\"@type\":\"ImageObject\",\"inLanguage\":\"es\",\"@id\":\"https:\/\/www.asajacyl.com\/soria\/#\/schema\/person\/image\/\",\"url\":\"https:\/\/secure.gravatar.com\/avatar\/8266b36e4d9001acb4700699a2468dc8?s=96&d=mm&r=g\",\"contentUrl\":\"https:\/\/secure.gravatar.com\/avatar\/8266b36e4d9001acb4700699a2468dc8?s=96&d=mm&r=g\",\"caption\":\"Juan Ignacio Prieto Nieto\"},\"url\":\"https:\/\/www.asajacyl.com\/soria\/author\/juanfranciscoby\"}]}<\/script>\n<!-- \/ Yoast SEO plugin. -->","yoast_head_json":{"title":"Una delegaci\u00f3n de ASAJA defiende ante el Papa Francisco el consumo de carne - ASAJA Soria","description":"En la representaci\u00f3n se encontraba la vicepresidenta de la organizaci\u00f3n profesional agraria en Soria y vocal en el Comit\u00e9 Ejecutivo nacional, Ana Pastor","robots":{"index":"index","follow":"follow","max-snippet":"max-snippet:-1","max-image-preview":"max-image-preview:large","max-video-preview":"max-video-preview:-1"},"canonical":"https:\/\/www.asajacyl.com\/soria\/asaja-soria-informa\/una-delegacion-de-asaja-defiende-ante-el-papa-francisco-el-consumo-de-carne","og_locale":"es_ES","og_type":"article","og_title":"Una delegaci\u00f3n de ASAJA defiende ante el Papa Francisco el consumo de carne - ASAJA Soria","og_description":"En la representaci\u00f3n se encontraba la vicepresidenta de la organizaci\u00f3n profesional agraria en Soria y vocal en el Comit\u00e9 Ejecutivo nacional, Ana Pastor","og_url":"https:\/\/www.asajacyl.com\/soria\/asaja-soria-informa\/una-delegacion-de-asaja-defiende-ante-el-papa-francisco-el-consumo-de-carne","og_site_name":"ASAJA Soria","article_published_time":"2023-01-05T09:55:13+00:00","article_modified_time":"2023-01-09T11:59:29+00:00","og_image":[{"width":1024,"height":768,"url":"https:\/\/www.asajacyl.com\/soria\/wp-content\/uploads\/sites\/9\/2023\/01\/ASAJA-PAPA.jpg","type":"image\/jpeg"}],"author":"Juan Ignacio Prieto Nieto","twitter_card":"summary_large_image","twitter_misc":{"Escrito por":"Juan Ignacio Prieto Nieto","Tiempo de lectura":"2 minutos"},"schema":{"@context":"https:\/\/schema.org","@graph":[{"@type":"WebPage","@id":"https:\/\/www.asajacyl.com\/soria\/asaja-soria-informa\/una-delegacion-de-asaja-defiende-ante-el-papa-francisco-el-consumo-de-carne","url":"https:\/\/www.asajacyl.com\/soria\/asaja-soria-informa\/una-delegacion-de-asaja-defiende-ante-el-papa-francisco-el-consumo-de-carne","name":"Una delegaci\u00f3n de ASAJA defiende ante el Papa Francisco el consumo de carne - ASAJA Soria","isPartOf":{"@id":"https:\/\/www.asajacyl.com\/soria\/#website"},"primaryImageOfPage":{"@id":"https:\/\/www.asajacyl.com\/soria\/asaja-soria-informa\/una-delegacion-de-asaja-defiende-ante-el-papa-francisco-el-consumo-de-carne#primaryimage"},"image":{"@id":"https:\/\/www.asajacyl.com\/soria\/asaja-soria-informa\/una-delegacion-de-asaja-defiende-ante-el-papa-francisco-el-consumo-de-carne#primaryimage"},"thumbnailUrl":"https:\/\/www.asajacyl.com\/soria\/wp-content\/uploads\/sites\/9\/2023\/01\/ASAJA-PAPA.jpg","datePublished":"2023-01-05T09:55:13+00:00","dateModified":"2023-01-09T11:59:29+00:00","author":{"@id":"https:\/\/www.asajacyl.com\/soria\/#\/schema\/person\/fd3081c40255119ce8133b87e6aedfab"},"description":"En la representaci\u00f3n se encontraba la vicepresidenta de la organizaci\u00f3n profesional agraria en Soria y vocal en el Comit\u00e9 Ejecutivo nacional, Ana Pastor","breadcrumb":{"@id":"https:\/\/www.asajacyl.com\/soria\/asaja-soria-informa\/una-delegacion-de-asaja-defiende-ante-el-papa-francisco-el-consumo-de-carne#breadcrumb"},"inLanguage":"es","potentialAction":[{"@type":"ReadAction","target":["https:\/\/www.asajacyl.com\/soria\/asaja-soria-informa\/una-delegacion-de-asaja-defiende-ante-el-papa-francisco-el-consumo-de-carne"]}]},{"@type":"ImageObject","inLanguage":"es","@id":"https:\/\/www.asajacyl.com\/soria\/asaja-soria-informa\/una-delegacion-de-asaja-defiende-ante-el-papa-francisco-el-consumo-de-carne#primaryimage","url":"https:\/\/www.asajacyl.com\/soria\/wp-content\/uploads\/sites\/9\/2023\/01\/ASAJA-PAPA.jpg","contentUrl":"https:\/\/www.asajacyl.com\/soria\/wp-content\/uploads\/sites\/9\/2023\/01\/ASAJA-PAPA.jpg","width":1024,"height":768},{"@type":"BreadcrumbList","@id":"https:\/\/www.asajacyl.com\/soria\/asaja-soria-informa\/una-delegacion-de-asaja-defiende-ante-el-papa-francisco-el-consumo-de-carne#breadcrumb","itemListElement":[{"@type":"ListItem","position":1,"name":"Portada","item":"https:\/\/www.asajacyl.com\/soria\/"},{"@type":"ListItem","position":2,"name":"Una delegaci\u00f3n de ASAJA defiende ante el Papa Francisco el consumo de carne"}]},{"@type":"WebSite","@id":"https:\/\/www.asajacyl.com\/soria\/#website","url":"https:\/\/www.asajacyl.com\/soria\/","name":"ASAJA Soria","description":"Otro sitio m\u00e1s de Provincias ASAJA Castilla y Le\u00f3n","potentialAction":[{"@type":"SearchAction","target":{"@type":"EntryPoint","urlTemplate":"https:\/\/www.asajacyl.com\/soria\/?s={search_term_string}"},"query-input":{"@type":"PropertyValueSpecification","valueRequired":true,"valueName":"search_term_string"}}],"inLanguage":"es"},{"@type":"Person","@id":"https:\/\/www.asajacyl.com\/soria\/#\/schema\/person\/fd3081c40255119ce8133b87e6aedfab","name":"Juan Ignacio Prieto Nieto","image":{"@type":"ImageObject","inLanguage":"es","@id":"https:\/\/www.asajacyl.com\/soria\/#\/schema\/person\/image\/","url":"https:\/\/secure.gravatar.com\/avatar\/8266b36e4d9001acb4700699a2468dc8?s=96&d=mm&r=g","contentUrl":"https:\/\/secure.gravatar.com\/avatar\/8266b36e4d9001acb4700699a2468dc8?s=96&d=mm&r=g","caption":"Juan Ignacio Prieto Nieto"},"url":"https:\/\/www.asajacyl.com\/soria\/author\/juanfranciscoby"}]}},"_links":{"self":[{"href":"https:\/\/www.asajacyl.com\/soria\/wp-json\/wp\/v2\/posts\/6453"}],"collection":[{"href":"https:\/\/www.asajacyl.com\/soria\/wp-json\/wp\/v2\/posts"}],"about":[{"href":"https:\/\/www.asajacyl.com\/soria\/wp-json\/wp\/v2\/types\/post"}],"author":[{"embeddable":true,"href":"https:\/\/www.asajacyl.com\/soria\/wp-json\/wp\/v2\/users\/12"}],"replies":[{"embeddable":true,"href":"https:\/\/www.asajacyl.com\/soria\/wp-json\/wp\/v2\/comments?post=6453"}],"version-history":[{"count":3,"href":"https:\/\/www.asajacyl.com\/soria\/wp-json\/wp\/v2\/posts\/6453\/revisions"}],"predecessor-version":[{"id":6461,"href":"https:\/\/www.asajacyl.com\/soria\/wp-json\/wp\/v2\/posts\/6453\/revisions\/6461"}],"wp:featuredmedia":[{"embeddable":true,"href":"https:\/\/www.asajacyl.com\/soria\/wp-json\/wp\/v2\/media\/6454"}],"wp:attachment":[{"href":"https:\/\/www.asajacyl.com\/soria\/wp-json\/wp\/v2\/media?parent=6453"}],"wp:term":[{"taxonomy":"category","embeddable":true,"href":"https:\/\/www.asajacyl.com\/soria\/wp-json\/wp\/v2\/categories?post=6453"},{"taxonomy":"post_tag","embeddable":true,"href":"https:\/\/www.asajacyl.com\/soria\/wp-json\/wp\/v2\/tags?post=6453"}],"curies":[{"name":"wp","href":"https:\/\/api.w.org\/{rel}","templated":true}]}}