{"id":6463,"date":"2023-01-10T17:55:46","date_gmt":"2023-01-10T16:55:46","guid":{"rendered":"https:\/\/www.asajacyl.com\/soria\/?p=6463"},"modified":"2023-01-24T08:19:50","modified_gmt":"2023-01-24T07:19:50","slug":"asaja-soria-pide-a-la-administracion-que-agilice-el-pago-de-las-pac-pendientes-de-2022","status":"publish","type":"post","link":"https:\/\/www.asajacyl.com\/soria\/asaja-soria-informa\/asaja-soria-pide-a-la-administracion-que-agilice-el-pago-de-las-pac-pendientes-de-2022","title":{"rendered":"ASAJA Soria pide a la administraci\u00f3n que agilice el pago de las PAC pendientes de 2022"},"content":{"rendered":"\n\n\n<h2><em>La OPA sospecha que es una lamentable repercusi\u00f3n de la sequ\u00eda y el control satelital<\/em><\/h2>\n<p>ASAJA Soria ha solicitado celeridad a la administraci\u00f3n en el pago de la liquidaci\u00f3n pendiente de la PAC 2022 para muchos agricultores de nuestra provincia que no la recibieron en los \u00faltimos d\u00edas del a\u00f1o pasado. Se calcula que m\u00e1s de un 20 por ciento est\u00e1n en esta situaci\u00f3n.<\/p>\n<p>El motivo del retraso parece estar en la ingente cantidad de incidencias detectadas en el control basado en las im\u00e1genes e informaci\u00f3n geoespacial proporcionados por los sat\u00e9lites del nuevo sistema Sentinel con el que se controla el terreno.<\/p>\n<p>Como ya dijo en su momento ASAJA Soria, el control de campo del 100% de todas las superficies declaradas por el 100% de los agricultores (basado en este sistema digital y de inteligencia artificial) adem\u00e1s de ser un gran hermano insoportable en lo moral traer\u00eda graves problemas.<\/p>\n<p>ASAJA sospecha que los algoritmos que parametrizan el control que identifica los distintos cultivos y aprovechamientos este a\u00f1o se han quedado \u201cfuera de rango\u201d por efecto de la sequ\u00eda, ofreciendo multitud de incidencias que no llevan aparejado ning\u00fan tipo de incumplimiento por el agricultor porque el ordenador no sabe discernir que el ciclo vegetativo de los cultivos en la sequ\u00eda no coincide con el ciclo est\u00e1ndar con que ha sido programado el sistema.<\/p>\n<p><img loading=\"lazy\" decoding=\"async\" class=\"wp-image-6464 aligncenter\" src=\"https:\/\/www.asajacyl.com\/soria\/wp-content\/uploads\/sites\/9\/2023\/01\/sentinel-2.jpg\" alt=\"\" width=\"472\" height=\"373\" srcset=\"https:\/\/www.asajacyl.com\/soria\/wp-content\/uploads\/sites\/9\/2023\/01\/sentinel-2.jpg 918w, https:\/\/www.asajacyl.com\/soria\/wp-content\/uploads\/sites\/9\/2023\/01\/sentinel-2-300x237.jpg 300w, https:\/\/www.asajacyl.com\/soria\/wp-content\/uploads\/sites\/9\/2023\/01\/sentinel-2-768x607.jpg 768w, https:\/\/www.asajacyl.com\/soria\/wp-content\/uploads\/sites\/9\/2023\/01\/sentinel-2-696x550.jpg 696w, https:\/\/www.asajacyl.com\/soria\/wp-content\/uploads\/sites\/9\/2023\/01\/sentinel-2-532x420.jpg 532w\" sizes=\"(max-width: 472px) 100vw, 472px\" \/><\/p>\n<p>\u00a0<\/p>\n<p><img loading=\"lazy\" decoding=\"async\" class=\"aligncenter  wp-image-6465\" src=\"https:\/\/www.asajacyl.com\/soria\/wp-content\/uploads\/sites\/9\/2023\/01\/sentinel.jpg\" alt=\"\" width=\"485\" height=\"328\" srcset=\"https:\/\/www.asajacyl.com\/soria\/wp-content\/uploads\/sites\/9\/2023\/01\/sentinel.jpg 1135w, https:\/\/www.asajacyl.com\/soria\/wp-content\/uploads\/sites\/9\/2023\/01\/sentinel-300x203.jpg 300w, https:\/\/www.asajacyl.com\/soria\/wp-content\/uploads\/sites\/9\/2023\/01\/sentinel-1024x692.jpg 1024w, https:\/\/www.asajacyl.com\/soria\/wp-content\/uploads\/sites\/9\/2023\/01\/sentinel-768x519.jpg 768w, https:\/\/www.asajacyl.com\/soria\/wp-content\/uploads\/sites\/9\/2023\/01\/sentinel-696x470.jpg 696w, https:\/\/www.asajacyl.com\/soria\/wp-content\/uploads\/sites\/9\/2023\/01\/sentinel-1068x722.jpg 1068w, https:\/\/www.asajacyl.com\/soria\/wp-content\/uploads\/sites\/9\/2023\/01\/sentinel-622x420.jpg 622w\" sizes=\"(max-width: 485px) 100vw, 485px\" \/><\/p>\n<p>Ahora, para la resoluci\u00f3n de estas incidencias arrojadas como un tsunami por los ordenadores de la administraci\u00f3n, el agricultor debe aportar fotos, no sabemos de qu\u00e9 a estas alturas, y adem\u00e1s un t\u00e9cnico, de raza humana no mec\u00e1nica, debe decidir sobre si la incidencia tiene sentido o no ante una monta\u00f1a de reportes inform\u00e1ticos.<\/p>\n<p>A pesar de ser consciente de la cantidad de trabajo que ha originado el control satelital, ASAJA Soria entiende que el agricultor no puede ser el pagano de estas situaciones y pide que se solventen de inmediato las incidencias y se proceda al pronto pago de las ayudas de aquellos agricultores afectados por el retraso. Esta demora ya va a suponer consecuencias negativas por el mero cambio entre a\u00f1os fiscales. Por tanto, la OPA le pide a la administraci\u00f3n que, al igual que la inteligencia artificial, aprenda tambi\u00e9n de este error y o bien le baje la potencia a los sat\u00e9lites cuando tengamos anomal\u00edas clim\u00e1ticas, por desgracia cada vez m\u00e1s frecuentes, o desconecte al \u201cCentinela\u201d que ser\u00eda lo mejor y menos oneroso para todos.<\/p>\n<p>\u00a0<\/p>\n","protected":false},"excerpt":{"rendered":"<p>La OPA sospecha que es una lamentable repercusi\u00f3n de la sequ\u00eda y el control satelital ASAJA Soria ha solicitado celeridad a la administraci\u00f3n en el pago de la liquidaci\u00f3n pendiente de la PAC 2022 para muchos agricultores de nuestra provincia que no la recibieron en los \u00faltimos d\u00edas del a\u00f1o pasado. Se calcula que m\u00e1s [&hellip;]<\/p>\n","protected":false},"author":12,"featured_media":6466,"comment_status":"open","ping_status":"open","sticky":false,"template":"","format":"standard","meta":{"footnotes":""},"categories":[10,25],"tags":[],"yoast_head":"<!-- This site is optimized with the Yoast SEO plugin v24.5 - https:\/\/yoast.com\/wordpress\/plugins\/seo\/ -->\n<title>ASAJA Soria pide a la administraci\u00f3n que agilice el pago de las PAC pendientes de 2022 - ASAJA Soria<\/title>\n<meta name=\"description\" content=\"La OPA sospecha que es una lamentable repercusi\u00f3n de la sequ\u00eda y el control satelital ASAJA Soria ha solicitado celeridad a la administraci\u00f3n en el pago\" \/>\n<meta name=\"robots\" content=\"index, follow, max-snippet:-1, max-image-preview:large, max-video-preview:-1\" \/>\n<link rel=\"canonical\" href=\"https:\/\/www.asajacyl.com\/soria\/asaja-soria-informa\/asaja-soria-pide-a-la-administracion-que-agilice-el-pago-de-las-pac-pendientes-de-2022\" \/>\n<meta property=\"og:locale\" content=\"es_ES\" \/>\n<meta property=\"og:type\" content=\"article\" \/>\n<meta property=\"og:title\" content=\"ASAJA Soria pide a la administraci\u00f3n que agilice el pago de las PAC pendientes de 2022 - ASAJA Soria\" \/>\n<meta property=\"og:description\" content=\"La OPA sospecha que es una lamentable repercusi\u00f3n de la sequ\u00eda y el control satelital ASAJA Soria ha solicitado celeridad a la administraci\u00f3n en el pago\" \/>\n<meta property=\"og:url\" content=\"https:\/\/www.asajacyl.com\/soria\/asaja-soria-informa\/asaja-soria-pide-a-la-administracion-que-agilice-el-pago-de-las-pac-pendientes-de-2022\" \/>\n<meta property=\"og:site_name\" content=\"ASAJA Soria\" \/>\n<meta property=\"article:published_time\" content=\"2023-01-10T16:55:46+00:00\" \/>\n<meta property=\"article:modified_time\" content=\"2023-01-24T07:19:50+00:00\" \/>\n<meta property=\"og:image\" content=\"https:\/\/www.asajacyl.com\/soria\/wp-content\/uploads\/sites\/9\/2023\/01\/sentinel-3.jpg\" \/>\n\t<meta property=\"og:image:width\" content=\"413\" \/>\n\t<meta property=\"og:image:height\" content=\"298\" \/>\n\t<meta property=\"og:image:type\" content=\"image\/jpeg\" \/>\n<meta name=\"author\" content=\"Juan Ignacio Prieto Nieto\" \/>\n<meta name=\"twitter:card\" content=\"summary_large_image\" \/>\n<meta name=\"twitter:label1\" content=\"Escrito por\" \/>\n\t<meta name=\"twitter:data1\" content=\"Juan Ignacio Prieto Nieto\" \/>\n\t<meta name=\"twitter:label2\" content=\"Tiempo de lectura\" \/>\n\t<meta name=\"twitter:data2\" content=\"3 minutos\" \/>\n<script type=\"application\/ld+json\" class=\"yoast-schema-graph\">{\"@context\":\"https:\/\/schema.org\",\"@graph\":[{\"@type\":\"WebPage\",\"@id\":\"https:\/\/www.asajacyl.com\/soria\/asaja-soria-informa\/asaja-soria-pide-a-la-administracion-que-agilice-el-pago-de-las-pac-pendientes-de-2022\",\"url\":\"https:\/\/www.asajacyl.com\/soria\/asaja-soria-informa\/asaja-soria-pide-a-la-administracion-que-agilice-el-pago-de-las-pac-pendientes-de-2022\",\"name\":\"ASAJA Soria pide a la administraci\u00f3n que agilice el pago de las PAC pendientes de 2022 - ASAJA Soria\",\"isPartOf\":{\"@id\":\"https:\/\/www.asajacyl.com\/soria\/#website\"},\"primaryImageOfPage\":{\"@id\":\"https:\/\/www.asajacyl.com\/soria\/asaja-soria-informa\/asaja-soria-pide-a-la-administracion-que-agilice-el-pago-de-las-pac-pendientes-de-2022#primaryimage\"},\"image\":{\"@id\":\"https:\/\/www.asajacyl.com\/soria\/asaja-soria-informa\/asaja-soria-pide-a-la-administracion-que-agilice-el-pago-de-las-pac-pendientes-de-2022#primaryimage\"},\"thumbnailUrl\":\"https:\/\/www.asajacyl.com\/soria\/wp-content\/uploads\/sites\/9\/2023\/01\/sentinel-3.jpg\",\"datePublished\":\"2023-01-10T16:55:46+00:00\",\"dateModified\":\"2023-01-24T07:19:50+00:00\",\"author\":{\"@id\":\"https:\/\/www.asajacyl.com\/soria\/#\/schema\/person\/fd3081c40255119ce8133b87e6aedfab\"},\"description\":\"La OPA sospecha que es una lamentable repercusi\u00f3n de la sequ\u00eda y el control satelital ASAJA Soria ha solicitado celeridad a la administraci\u00f3n en el pago\",\"breadcrumb\":{\"@id\":\"https:\/\/www.asajacyl.com\/soria\/asaja-soria-informa\/asaja-soria-pide-a-la-administracion-que-agilice-el-pago-de-las-pac-pendientes-de-2022#breadcrumb\"},\"inLanguage\":\"es\",\"potentialAction\":[{\"@type\":\"ReadAction\",\"target\":[\"https:\/\/www.asajacyl.com\/soria\/asaja-soria-informa\/asaja-soria-pide-a-la-administracion-que-agilice-el-pago-de-las-pac-pendientes-de-2022\"]}]},{\"@type\":\"ImageObject\",\"inLanguage\":\"es\",\"@id\":\"https:\/\/www.asajacyl.com\/soria\/asaja-soria-informa\/asaja-soria-pide-a-la-administracion-que-agilice-el-pago-de-las-pac-pendientes-de-2022#primaryimage\",\"url\":\"https:\/\/www.asajacyl.com\/soria\/wp-content\/uploads\/sites\/9\/2023\/01\/sentinel-3.jpg\",\"contentUrl\":\"https:\/\/www.asajacyl.com\/soria\/wp-content\/uploads\/sites\/9\/2023\/01\/sentinel-3.jpg\",\"width\":413,\"height\":298},{\"@type\":\"BreadcrumbList\",\"@id\":\"https:\/\/www.asajacyl.com\/soria\/asaja-soria-informa\/asaja-soria-pide-a-la-administracion-que-agilice-el-pago-de-las-pac-pendientes-de-2022#breadcrumb\",\"itemListElement\":[{\"@type\":\"ListItem\",\"position\":1,\"name\":\"Portada\",\"item\":\"https:\/\/www.asajacyl.com\/soria\/\"},{\"@type\":\"ListItem\",\"position\":2,\"name\":\"ASAJA Soria pide a la administraci\u00f3n que agilice el pago de las PAC pendientes de 2022\"}]},{\"@type\":\"WebSite\",\"@id\":\"https:\/\/www.asajacyl.com\/soria\/#website\",\"url\":\"https:\/\/www.asajacyl.com\/soria\/\",\"name\":\"ASAJA Soria\",\"description\":\"Otro sitio m\u00e1s de Provincias ASAJA Castilla y Le\u00f3n\",\"potentialAction\":[{\"@type\":\"SearchAction\",\"target\":{\"@type\":\"EntryPoint\",\"urlTemplate\":\"https:\/\/www.asajacyl.com\/soria\/?s={search_term_string}\"},\"query-input\":{\"@type\":\"PropertyValueSpecification\",\"valueRequired\":true,\"valueName\":\"search_term_string\"}}],\"inLanguage\":\"es\"},{\"@type\":\"Person\",\"@id\":\"https:\/\/www.asajacyl.com\/soria\/#\/schema\/person\/fd3081c40255119ce8133b87e6aedfab\",\"name\":\"Juan Ignacio Prieto Nieto\",\"image\":{\"@type\":\"ImageObject\",\"inLanguage\":\"es\",\"@id\":\"https:\/\/www.asajacyl.com\/soria\/#\/schema\/person\/image\/\",\"url\":\"https:\/\/secure.gravatar.com\/avatar\/8266b36e4d9001acb4700699a2468dc8?s=96&d=mm&r=g\",\"contentUrl\":\"https:\/\/secure.gravatar.com\/avatar\/8266b36e4d9001acb4700699a2468dc8?s=96&d=mm&r=g\",\"caption\":\"Juan Ignacio Prieto Nieto\"},\"url\":\"https:\/\/www.asajacyl.com\/soria\/author\/juanfranciscoby\"}]}<\/script>\n<!-- \/ Yoast SEO plugin. -->","yoast_head_json":{"title":"ASAJA Soria pide a la administraci\u00f3n que agilice el pago de las PAC pendientes de 2022 - ASAJA Soria","description":"La OPA sospecha que es una lamentable repercusi\u00f3n de la sequ\u00eda y el control satelital ASAJA Soria ha solicitado celeridad a la administraci\u00f3n en el pago","robots":{"index":"index","follow":"follow","max-snippet":"max-snippet:-1","max-image-preview":"max-image-preview:large","max-video-preview":"max-video-preview:-1"},"canonical":"https:\/\/www.asajacyl.com\/soria\/asaja-soria-informa\/asaja-soria-pide-a-la-administracion-que-agilice-el-pago-de-las-pac-pendientes-de-2022","og_locale":"es_ES","og_type":"article","og_title":"ASAJA Soria pide a la administraci\u00f3n que agilice el pago de las PAC pendientes de 2022 - ASAJA Soria","og_description":"La OPA sospecha que es una lamentable repercusi\u00f3n de la sequ\u00eda y el control satelital ASAJA Soria ha solicitado celeridad a la administraci\u00f3n en el pago","og_url":"https:\/\/www.asajacyl.com\/soria\/asaja-soria-informa\/asaja-soria-pide-a-la-administracion-que-agilice-el-pago-de-las-pac-pendientes-de-2022","og_site_name":"ASAJA Soria","article_published_time":"2023-01-10T16:55:46+00:00","article_modified_time":"2023-01-24T07:19:50+00:00","og_image":[{"width":413,"height":298,"url":"https:\/\/www.asajacyl.com\/soria\/wp-content\/uploads\/sites\/9\/2023\/01\/sentinel-3.jpg","type":"image\/jpeg"}],"author":"Juan Ignacio Prieto Nieto","twitter_card":"summary_large_image","twitter_misc":{"Escrito por":"Juan Ignacio Prieto Nieto","Tiempo de lectura":"3 minutos"},"schema":{"@context":"https:\/\/schema.org","@graph":[{"@type":"WebPage","@id":"https:\/\/www.asajacyl.com\/soria\/asaja-soria-informa\/asaja-soria-pide-a-la-administracion-que-agilice-el-pago-de-las-pac-pendientes-de-2022","url":"https:\/\/www.asajacyl.com\/soria\/asaja-soria-informa\/asaja-soria-pide-a-la-administracion-que-agilice-el-pago-de-las-pac-pendientes-de-2022","name":"ASAJA Soria pide a la administraci\u00f3n que agilice el pago de las PAC pendientes de 2022 - ASAJA Soria","isPartOf":{"@id":"https:\/\/www.asajacyl.com\/soria\/#website"},"primaryImageOfPage":{"@id":"https:\/\/www.asajacyl.com\/soria\/asaja-soria-informa\/asaja-soria-pide-a-la-administracion-que-agilice-el-pago-de-las-pac-pendientes-de-2022#primaryimage"},"image":{"@id":"https:\/\/www.asajacyl.com\/soria\/asaja-soria-informa\/asaja-soria-pide-a-la-administracion-que-agilice-el-pago-de-las-pac-pendientes-de-2022#primaryimage"},"thumbnailUrl":"https:\/\/www.asajacyl.com\/soria\/wp-content\/uploads\/sites\/9\/2023\/01\/sentinel-3.jpg","datePublished":"2023-01-10T16:55:46+00:00","dateModified":"2023-01-24T07:19:50+00:00","author":{"@id":"https:\/\/www.asajacyl.com\/soria\/#\/schema\/person\/fd3081c40255119ce8133b87e6aedfab"},"description":"La OPA sospecha que es una lamentable repercusi\u00f3n de la sequ\u00eda y el control satelital ASAJA Soria ha solicitado celeridad a la administraci\u00f3n en el pago","breadcrumb":{"@id":"https:\/\/www.asajacyl.com\/soria\/asaja-soria-informa\/asaja-soria-pide-a-la-administracion-que-agilice-el-pago-de-las-pac-pendientes-de-2022#breadcrumb"},"inLanguage":"es","potentialAction":[{"@type":"ReadAction","target":["https:\/\/www.asajacyl.com\/soria\/asaja-soria-informa\/asaja-soria-pide-a-la-administracion-que-agilice-el-pago-de-las-pac-pendientes-de-2022"]}]},{"@type":"ImageObject","inLanguage":"es","@id":"https:\/\/www.asajacyl.com\/soria\/asaja-soria-informa\/asaja-soria-pide-a-la-administracion-que-agilice-el-pago-de-las-pac-pendientes-de-2022#primaryimage","url":"https:\/\/www.asajacyl.com\/soria\/wp-content\/uploads\/sites\/9\/2023\/01\/sentinel-3.jpg","contentUrl":"https:\/\/www.asajacyl.com\/soria\/wp-content\/uploads\/sites\/9\/2023\/01\/sentinel-3.jpg","width":413,"height":298},{"@type":"BreadcrumbList","@id":"https:\/\/www.asajacyl.com\/soria\/asaja-soria-informa\/asaja-soria-pide-a-la-administracion-que-agilice-el-pago-de-las-pac-pendientes-de-2022#breadcrumb","itemListElement":[{"@type":"ListItem","position":1,"name":"Portada","item":"https:\/\/www.asajacyl.com\/soria\/"},{"@type":"ListItem","position":2,"name":"ASAJA Soria pide a la administraci\u00f3n que agilice el pago de las PAC pendientes de 2022"}]},{"@type":"WebSite","@id":"https:\/\/www.asajacyl.com\/soria\/#website","url":"https:\/\/www.asajacyl.com\/soria\/","name":"ASAJA Soria","description":"Otro sitio m\u00e1s de Provincias ASAJA Castilla y Le\u00f3n","potentialAction":[{"@type":"SearchAction","target":{"@type":"EntryPoint","urlTemplate":"https:\/\/www.asajacyl.com\/soria\/?s={search_term_string}"},"query-input":{"@type":"PropertyValueSpecification","valueRequired":true,"valueName":"search_term_string"}}],"inLanguage":"es"},{"@type":"Person","@id":"https:\/\/www.asajacyl.com\/soria\/#\/schema\/person\/fd3081c40255119ce8133b87e6aedfab","name":"Juan Ignacio Prieto Nieto","image":{"@type":"ImageObject","inLanguage":"es","@id":"https:\/\/www.asajacyl.com\/soria\/#\/schema\/person\/image\/","url":"https:\/\/secure.gravatar.com\/avatar\/8266b36e4d9001acb4700699a2468dc8?s=96&d=mm&r=g","contentUrl":"https:\/\/secure.gravatar.com\/avatar\/8266b36e4d9001acb4700699a2468dc8?s=96&d=mm&r=g","caption":"Juan Ignacio Prieto Nieto"},"url":"https:\/\/www.asajacyl.com\/soria\/author\/juanfranciscoby"}]}},"_links":{"self":[{"href":"https:\/\/www.asajacyl.com\/soria\/wp-json\/wp\/v2\/posts\/6463"}],"collection":[{"href":"https:\/\/www.asajacyl.com\/soria\/wp-json\/wp\/v2\/posts"}],"about":[{"href":"https:\/\/www.asajacyl.com\/soria\/wp-json\/wp\/v2\/types\/post"}],"author":[{"embeddable":true,"href":"https:\/\/www.asajacyl.com\/soria\/wp-json\/wp\/v2\/users\/12"}],"replies":[{"embeddable":true,"href":"https:\/\/www.asajacyl.com\/soria\/wp-json\/wp\/v2\/comments?post=6463"}],"version-history":[{"count":1,"href":"https:\/\/www.asajacyl.com\/soria\/wp-json\/wp\/v2\/posts\/6463\/revisions"}],"predecessor-version":[{"id":6467,"href":"https:\/\/www.asajacyl.com\/soria\/wp-json\/wp\/v2\/posts\/6463\/revisions\/6467"}],"wp:featuredmedia":[{"embeddable":true,"href":"https:\/\/www.asajacyl.com\/soria\/wp-json\/wp\/v2\/media\/6466"}],"wp:attachment":[{"href":"https:\/\/www.asajacyl.com\/soria\/wp-json\/wp\/v2\/media?parent=6463"}],"wp:term":[{"taxonomy":"category","embeddable":true,"href":"https:\/\/www.asajacyl.com\/soria\/wp-json\/wp\/v2\/categories?post=6463"},{"taxonomy":"post_tag","embeddable":true,"href":"https:\/\/www.asajacyl.com\/soria\/wp-json\/wp\/v2\/tags?post=6463"}],"curies":[{"name":"wp","href":"https:\/\/api.w.org\/{rel}","templated":true}]}}