{"id":6488,"date":"2023-01-24T08:38:01","date_gmt":"2023-01-24T07:38:01","guid":{"rendered":"https:\/\/www.asajacyl.com\/soria\/?p=6488"},"modified":"2023-01-26T17:26:26","modified_gmt":"2023-01-26T16:26:26","slug":"arranca-el-periodo-de-voto-anticipado-hasta-el-6-de-febrero","status":"publish","type":"post","link":"https:\/\/www.asajacyl.com\/soria\/asaja-soria-informa\/arranca-el-periodo-de-voto-anticipado-hasta-el-6-de-febrero","title":{"rendered":"Arranca el periodo de voto anticipado. Hasta el 6 de febrero."},"content":{"rendered":"\n\n\n<p>EL 12 DE FEBRERO SON LAS ELECCIONES AGRARIAS.<\/p>\n<p>SI NO VAS A PODER ACUDIR A TU MESA ELECTORAL ESE D\u00cdA&#8230;<\/p>\n<p><strong>RECUERDA QUE TAMBI\u00c9N PUEDES VOTAR ANTICIPADAMENTE HASTA EL D\u00cdA 6 DE FEBRERO POR LA MA\u00d1ANA EN LA DELEGACI\u00d3N TERRITORIAL DE LA JUNTA DE CASTILLA Y LE\u00d3N EN SORIA, DESPACHO 232.<\/strong><\/p>\n<p><strong>TU VOTO ES NUESTRA POTENCIA, NO TE QUEDES CALLADO. VOTA ASAJA SORIA.<\/strong><\/p>\n<p>AGRICULTOR, GANADERO, TUS INTERESES NECESITAN UNIDAD DE VERDAD FRENTE A DIVISI\u00d3N, INDEPENDENCIA FRENTE A SERVILISMO. 40 A\u00d1OS UNIDOS DEFENDIENDO EL CAMPO DE SORIA, EL INTER\u00c9S DE LOS PROFESIONALES ES LO PRIMERO. VOTA ASAJA SORIA.<\/p>\n<p><img loading=\"lazy\" decoding=\"async\" class=\"wp-image-6490 alignnone\" src=\"https:\/\/www.asajacyl.com\/soria\/wp-content\/uploads\/sites\/9\/2023\/01\/IMG_7592.jpg\" alt=\"\" width=\"634\" height=\"845\" srcset=\"https:\/\/www.asajacyl.com\/soria\/wp-content\/uploads\/sites\/9\/2023\/01\/IMG_7592.jpg 1875w, https:\/\/www.asajacyl.com\/soria\/wp-content\/uploads\/sites\/9\/2023\/01\/IMG_7592-225x300.jpg 225w, https:\/\/www.asajacyl.com\/soria\/wp-content\/uploads\/sites\/9\/2023\/01\/IMG_7592-768x1024.jpg 768w, https:\/\/www.asajacyl.com\/soria\/wp-content\/uploads\/sites\/9\/2023\/01\/IMG_7592-1152x1536.jpg 1152w, https:\/\/www.asajacyl.com\/soria\/wp-content\/uploads\/sites\/9\/2023\/01\/IMG_7592-1536x2048.jpg 1536w, https:\/\/www.asajacyl.com\/soria\/wp-content\/uploads\/sites\/9\/2023\/01\/IMG_7592-696x928.jpg 696w, https:\/\/www.asajacyl.com\/soria\/wp-content\/uploads\/sites\/9\/2023\/01\/IMG_7592-1068x1424.jpg 1068w, https:\/\/www.asajacyl.com\/soria\/wp-content\/uploads\/sites\/9\/2023\/01\/IMG_7592-315x420.jpg 315w\" sizes=\"(max-width: 634px) 100vw, 634px\" \/><\/p>\n<p>El presidente de ASAJA Soria, Carmelo G\u00f3mez, vot\u00f3 el lunes 23 en la Delegaci\u00f3n Territorial de la Junta.\u00a0<\/p>\n<p>\u00a0<\/p>\n","protected":false},"excerpt":{"rendered":"<p>EL 12 DE FEBRERO SON LAS ELECCIONES AGRARIAS. SI NO VAS A PODER ACUDIR A TU MESA ELECTORAL ESE D\u00cdA&#8230; RECUERDA QUE TAMBI\u00c9N PUEDES VOTAR ANTICIPADAMENTE HASTA EL D\u00cdA 6 DE FEBRERO POR LA MA\u00d1ANA EN LA DELEGACI\u00d3N TERRITORIAL DE LA JUNTA DE CASTILLA Y LE\u00d3N EN SORIA, DESPACHO 232. TU VOTO ES NUESTRA POTENCIA, [&hellip;]<\/p>\n","protected":false},"author":12,"featured_media":6489,"comment_status":"open","ping_status":"open","sticky":false,"template":"","format":"standard","meta":{"footnotes":""},"categories":[10,25],"tags":[],"yoast_head":"<!-- This site is optimized with the Yoast SEO plugin v24.5 - https:\/\/yoast.com\/wordpress\/plugins\/seo\/ -->\n<title>Arranca el periodo de voto anticipado. Hasta el 6 de febrero. - ASAJA Soria<\/title>\n<meta name=\"description\" content=\"EL 12 DE FEBRERO SON LAS ELECCIONES AGRARIAS. SI NO VAS A PODER ACUDIR A TU MESA ELECTORAL ESE D\u00cdA... RECUERDA QUE TAMBI\u00c9N PUEDES VOTAR ANTICIPADAMENTE\" \/>\n<meta name=\"robots\" content=\"index, follow, max-snippet:-1, max-image-preview:large, max-video-preview:-1\" \/>\n<link rel=\"canonical\" href=\"https:\/\/www.asajacyl.com\/soria\/asaja-soria-informa\/arranca-el-periodo-de-voto-anticipado-hasta-el-6-de-febrero\" \/>\n<meta property=\"og:locale\" content=\"es_ES\" \/>\n<meta property=\"og:type\" content=\"article\" \/>\n<meta property=\"og:title\" content=\"Arranca el periodo de voto anticipado. Hasta el 6 de febrero. - ASAJA Soria\" \/>\n<meta property=\"og:description\" content=\"EL 12 DE FEBRERO SON LAS ELECCIONES AGRARIAS. SI NO VAS A PODER ACUDIR A TU MESA ELECTORAL ESE D\u00cdA... RECUERDA QUE TAMBI\u00c9N PUEDES VOTAR ANTICIPADAMENTE\" \/>\n<meta property=\"og:url\" content=\"https:\/\/www.asajacyl.com\/soria\/asaja-soria-informa\/arranca-el-periodo-de-voto-anticipado-hasta-el-6-de-febrero\" \/>\n<meta property=\"og:site_name\" content=\"ASAJA Soria\" \/>\n<meta property=\"article:published_time\" content=\"2023-01-24T07:38:01+00:00\" \/>\n<meta property=\"article:modified_time\" content=\"2023-01-26T16:26:26+00:00\" \/>\n<meta property=\"og:image\" content=\"https:\/\/www.asajacyl.com\/soria\/wp-content\/uploads\/sites\/9\/2023\/01\/vota-asaja-2.jpg\" \/>\n\t<meta property=\"og:image:width\" content=\"1024\" \/>\n\t<meta property=\"og:image:height\" content=\"1024\" \/>\n\t<meta property=\"og:image:type\" content=\"image\/jpeg\" \/>\n<meta name=\"author\" content=\"Juan Ignacio Prieto Nieto\" \/>\n<meta name=\"twitter:card\" content=\"summary_large_image\" \/>\n<meta name=\"twitter:label1\" content=\"Escrito por\" \/>\n\t<meta name=\"twitter:data1\" content=\"Juan Ignacio Prieto Nieto\" \/>\n\t<meta name=\"twitter:label2\" content=\"Tiempo de lectura\" \/>\n\t<meta name=\"twitter:data2\" content=\"1 minuto\" \/>\n<script type=\"application\/ld+json\" class=\"yoast-schema-graph\">{\"@context\":\"https:\/\/schema.org\",\"@graph\":[{\"@type\":\"WebPage\",\"@id\":\"https:\/\/www.asajacyl.com\/soria\/asaja-soria-informa\/arranca-el-periodo-de-voto-anticipado-hasta-el-6-de-febrero\",\"url\":\"https:\/\/www.asajacyl.com\/soria\/asaja-soria-informa\/arranca-el-periodo-de-voto-anticipado-hasta-el-6-de-febrero\",\"name\":\"Arranca el periodo de voto anticipado. Hasta el 6 de febrero. - ASAJA Soria\",\"isPartOf\":{\"@id\":\"https:\/\/www.asajacyl.com\/soria\/#website\"},\"primaryImageOfPage\":{\"@id\":\"https:\/\/www.asajacyl.com\/soria\/asaja-soria-informa\/arranca-el-periodo-de-voto-anticipado-hasta-el-6-de-febrero#primaryimage\"},\"image\":{\"@id\":\"https:\/\/www.asajacyl.com\/soria\/asaja-soria-informa\/arranca-el-periodo-de-voto-anticipado-hasta-el-6-de-febrero#primaryimage\"},\"thumbnailUrl\":\"https:\/\/www.asajacyl.com\/soria\/wp-content\/uploads\/sites\/9\/2023\/01\/vota-asaja-2.jpg\",\"datePublished\":\"2023-01-24T07:38:01+00:00\",\"dateModified\":\"2023-01-26T16:26:26+00:00\",\"author\":{\"@id\":\"https:\/\/www.asajacyl.com\/soria\/#\/schema\/person\/fd3081c40255119ce8133b87e6aedfab\"},\"description\":\"EL 12 DE FEBRERO SON LAS ELECCIONES AGRARIAS. SI NO VAS A PODER ACUDIR A TU MESA ELECTORAL ESE D\u00cdA... RECUERDA QUE TAMBI\u00c9N PUEDES VOTAR ANTICIPADAMENTE\",\"breadcrumb\":{\"@id\":\"https:\/\/www.asajacyl.com\/soria\/asaja-soria-informa\/arranca-el-periodo-de-voto-anticipado-hasta-el-6-de-febrero#breadcrumb\"},\"inLanguage\":\"es\",\"potentialAction\":[{\"@type\":\"ReadAction\",\"target\":[\"https:\/\/www.asajacyl.com\/soria\/asaja-soria-informa\/arranca-el-periodo-de-voto-anticipado-hasta-el-6-de-febrero\"]}]},{\"@type\":\"ImageObject\",\"inLanguage\":\"es\",\"@id\":\"https:\/\/www.asajacyl.com\/soria\/asaja-soria-informa\/arranca-el-periodo-de-voto-anticipado-hasta-el-6-de-febrero#primaryimage\",\"url\":\"https:\/\/www.asajacyl.com\/soria\/wp-content\/uploads\/sites\/9\/2023\/01\/vota-asaja-2.jpg\",\"contentUrl\":\"https:\/\/www.asajacyl.com\/soria\/wp-content\/uploads\/sites\/9\/2023\/01\/vota-asaja-2.jpg\",\"width\":1024,\"height\":1024},{\"@type\":\"BreadcrumbList\",\"@id\":\"https:\/\/www.asajacyl.com\/soria\/asaja-soria-informa\/arranca-el-periodo-de-voto-anticipado-hasta-el-6-de-febrero#breadcrumb\",\"itemListElement\":[{\"@type\":\"ListItem\",\"position\":1,\"name\":\"Portada\",\"item\":\"https:\/\/www.asajacyl.com\/soria\/\"},{\"@type\":\"ListItem\",\"position\":2,\"name\":\"Arranca el periodo de voto anticipado. Hasta el 6 de febrero.\"}]},{\"@type\":\"WebSite\",\"@id\":\"https:\/\/www.asajacyl.com\/soria\/#website\",\"url\":\"https:\/\/www.asajacyl.com\/soria\/\",\"name\":\"ASAJA Soria\",\"description\":\"Otro sitio m\u00e1s de Provincias ASAJA Castilla y Le\u00f3n\",\"potentialAction\":[{\"@type\":\"SearchAction\",\"target\":{\"@type\":\"EntryPoint\",\"urlTemplate\":\"https:\/\/www.asajacyl.com\/soria\/?s={search_term_string}\"},\"query-input\":{\"@type\":\"PropertyValueSpecification\",\"valueRequired\":true,\"valueName\":\"search_term_string\"}}],\"inLanguage\":\"es\"},{\"@type\":\"Person\",\"@id\":\"https:\/\/www.asajacyl.com\/soria\/#\/schema\/person\/fd3081c40255119ce8133b87e6aedfab\",\"name\":\"Juan Ignacio Prieto Nieto\",\"image\":{\"@type\":\"ImageObject\",\"inLanguage\":\"es\",\"@id\":\"https:\/\/www.asajacyl.com\/soria\/#\/schema\/person\/image\/\",\"url\":\"https:\/\/secure.gravatar.com\/avatar\/8266b36e4d9001acb4700699a2468dc8?s=96&d=mm&r=g\",\"contentUrl\":\"https:\/\/secure.gravatar.com\/avatar\/8266b36e4d9001acb4700699a2468dc8?s=96&d=mm&r=g\",\"caption\":\"Juan Ignacio Prieto Nieto\"},\"url\":\"https:\/\/www.asajacyl.com\/soria\/author\/juanfranciscoby\"}]}<\/script>\n<!-- \/ Yoast SEO plugin. -->","yoast_head_json":{"title":"Arranca el periodo de voto anticipado. Hasta el 6 de febrero. - ASAJA Soria","description":"EL 12 DE FEBRERO SON LAS ELECCIONES AGRARIAS. SI NO VAS A PODER ACUDIR A TU MESA ELECTORAL ESE D\u00cdA... RECUERDA QUE TAMBI\u00c9N PUEDES VOTAR ANTICIPADAMENTE","robots":{"index":"index","follow":"follow","max-snippet":"max-snippet:-1","max-image-preview":"max-image-preview:large","max-video-preview":"max-video-preview:-1"},"canonical":"https:\/\/www.asajacyl.com\/soria\/asaja-soria-informa\/arranca-el-periodo-de-voto-anticipado-hasta-el-6-de-febrero","og_locale":"es_ES","og_type":"article","og_title":"Arranca el periodo de voto anticipado. Hasta el 6 de febrero. - ASAJA Soria","og_description":"EL 12 DE FEBRERO SON LAS ELECCIONES AGRARIAS. SI NO VAS A PODER ACUDIR A TU MESA ELECTORAL ESE D\u00cdA... RECUERDA QUE TAMBI\u00c9N PUEDES VOTAR ANTICIPADAMENTE","og_url":"https:\/\/www.asajacyl.com\/soria\/asaja-soria-informa\/arranca-el-periodo-de-voto-anticipado-hasta-el-6-de-febrero","og_site_name":"ASAJA Soria","article_published_time":"2023-01-24T07:38:01+00:00","article_modified_time":"2023-01-26T16:26:26+00:00","og_image":[{"width":1024,"height":1024,"url":"https:\/\/www.asajacyl.com\/soria\/wp-content\/uploads\/sites\/9\/2023\/01\/vota-asaja-2.jpg","type":"image\/jpeg"}],"author":"Juan Ignacio Prieto Nieto","twitter_card":"summary_large_image","twitter_misc":{"Escrito por":"Juan Ignacio Prieto Nieto","Tiempo de lectura":"1 minuto"},"schema":{"@context":"https:\/\/schema.org","@graph":[{"@type":"WebPage","@id":"https:\/\/www.asajacyl.com\/soria\/asaja-soria-informa\/arranca-el-periodo-de-voto-anticipado-hasta-el-6-de-febrero","url":"https:\/\/www.asajacyl.com\/soria\/asaja-soria-informa\/arranca-el-periodo-de-voto-anticipado-hasta-el-6-de-febrero","name":"Arranca el periodo de voto anticipado. Hasta el 6 de febrero. - ASAJA Soria","isPartOf":{"@id":"https:\/\/www.asajacyl.com\/soria\/#website"},"primaryImageOfPage":{"@id":"https:\/\/www.asajacyl.com\/soria\/asaja-soria-informa\/arranca-el-periodo-de-voto-anticipado-hasta-el-6-de-febrero#primaryimage"},"image":{"@id":"https:\/\/www.asajacyl.com\/soria\/asaja-soria-informa\/arranca-el-periodo-de-voto-anticipado-hasta-el-6-de-febrero#primaryimage"},"thumbnailUrl":"https:\/\/www.asajacyl.com\/soria\/wp-content\/uploads\/sites\/9\/2023\/01\/vota-asaja-2.jpg","datePublished":"2023-01-24T07:38:01+00:00","dateModified":"2023-01-26T16:26:26+00:00","author":{"@id":"https:\/\/www.asajacyl.com\/soria\/#\/schema\/person\/fd3081c40255119ce8133b87e6aedfab"},"description":"EL 12 DE FEBRERO SON LAS ELECCIONES AGRARIAS. SI NO VAS A PODER ACUDIR A TU MESA ELECTORAL ESE D\u00cdA... RECUERDA QUE TAMBI\u00c9N PUEDES VOTAR ANTICIPADAMENTE","breadcrumb":{"@id":"https:\/\/www.asajacyl.com\/soria\/asaja-soria-informa\/arranca-el-periodo-de-voto-anticipado-hasta-el-6-de-febrero#breadcrumb"},"inLanguage":"es","potentialAction":[{"@type":"ReadAction","target":["https:\/\/www.asajacyl.com\/soria\/asaja-soria-informa\/arranca-el-periodo-de-voto-anticipado-hasta-el-6-de-febrero"]}]},{"@type":"ImageObject","inLanguage":"es","@id":"https:\/\/www.asajacyl.com\/soria\/asaja-soria-informa\/arranca-el-periodo-de-voto-anticipado-hasta-el-6-de-febrero#primaryimage","url":"https:\/\/www.asajacyl.com\/soria\/wp-content\/uploads\/sites\/9\/2023\/01\/vota-asaja-2.jpg","contentUrl":"https:\/\/www.asajacyl.com\/soria\/wp-content\/uploads\/sites\/9\/2023\/01\/vota-asaja-2.jpg","width":1024,"height":1024},{"@type":"BreadcrumbList","@id":"https:\/\/www.asajacyl.com\/soria\/asaja-soria-informa\/arranca-el-periodo-de-voto-anticipado-hasta-el-6-de-febrero#breadcrumb","itemListElement":[{"@type":"ListItem","position":1,"name":"Portada","item":"https:\/\/www.asajacyl.com\/soria\/"},{"@type":"ListItem","position":2,"name":"Arranca el periodo de voto anticipado. Hasta el 6 de febrero."}]},{"@type":"WebSite","@id":"https:\/\/www.asajacyl.com\/soria\/#website","url":"https:\/\/www.asajacyl.com\/soria\/","name":"ASAJA Soria","description":"Otro sitio m\u00e1s de Provincias ASAJA Castilla y Le\u00f3n","potentialAction":[{"@type":"SearchAction","target":{"@type":"EntryPoint","urlTemplate":"https:\/\/www.asajacyl.com\/soria\/?s={search_term_string}"},"query-input":{"@type":"PropertyValueSpecification","valueRequired":true,"valueName":"search_term_string"}}],"inLanguage":"es"},{"@type":"Person","@id":"https:\/\/www.asajacyl.com\/soria\/#\/schema\/person\/fd3081c40255119ce8133b87e6aedfab","name":"Juan Ignacio Prieto Nieto","image":{"@type":"ImageObject","inLanguage":"es","@id":"https:\/\/www.asajacyl.com\/soria\/#\/schema\/person\/image\/","url":"https:\/\/secure.gravatar.com\/avatar\/8266b36e4d9001acb4700699a2468dc8?s=96&d=mm&r=g","contentUrl":"https:\/\/secure.gravatar.com\/avatar\/8266b36e4d9001acb4700699a2468dc8?s=96&d=mm&r=g","caption":"Juan Ignacio Prieto Nieto"},"url":"https:\/\/www.asajacyl.com\/soria\/author\/juanfranciscoby"}]}},"_links":{"self":[{"href":"https:\/\/www.asajacyl.com\/soria\/wp-json\/wp\/v2\/posts\/6488"}],"collection":[{"href":"https:\/\/www.asajacyl.com\/soria\/wp-json\/wp\/v2\/posts"}],"about":[{"href":"https:\/\/www.asajacyl.com\/soria\/wp-json\/wp\/v2\/types\/post"}],"author":[{"embeddable":true,"href":"https:\/\/www.asajacyl.com\/soria\/wp-json\/wp\/v2\/users\/12"}],"replies":[{"embeddable":true,"href":"https:\/\/www.asajacyl.com\/soria\/wp-json\/wp\/v2\/comments?post=6488"}],"version-history":[{"count":2,"href":"https:\/\/www.asajacyl.com\/soria\/wp-json\/wp\/v2\/posts\/6488\/revisions"}],"predecessor-version":[{"id":6492,"href":"https:\/\/www.asajacyl.com\/soria\/wp-json\/wp\/v2\/posts\/6488\/revisions\/6492"}],"wp:featuredmedia":[{"embeddable":true,"href":"https:\/\/www.asajacyl.com\/soria\/wp-json\/wp\/v2\/media\/6489"}],"wp:attachment":[{"href":"https:\/\/www.asajacyl.com\/soria\/wp-json\/wp\/v2\/media?parent=6488"}],"wp:term":[{"taxonomy":"category","embeddable":true,"href":"https:\/\/www.asajacyl.com\/soria\/wp-json\/wp\/v2\/categories?post=6488"},{"taxonomy":"post_tag","embeddable":true,"href":"https:\/\/www.asajacyl.com\/soria\/wp-json\/wp\/v2\/tags?post=6488"}],"curies":[{"name":"wp","href":"https:\/\/api.w.org\/{rel}","templated":true}]}}