{"id":6494,"date":"2023-01-24T14:38:26","date_gmt":"2023-01-24T13:38:26","guid":{"rendered":"https:\/\/www.asajacyl.com\/soria\/?p=6494"},"modified":"2023-01-24T14:56:07","modified_gmt":"2023-01-24T13:56:07","slug":"asaja-organiza-una-jornada-en-la-feria-agraria-con-las-voces-mas-influyentes-del-mundo-rural","status":"publish","type":"post","link":"https:\/\/www.asajacyl.com\/soria\/asaja-soria-informa\/asaja-organiza-una-jornada-en-la-feria-agraria-con-las-voces-mas-influyentes-del-mundo-rural","title":{"rendered":"ASAJA organiza una jornada en la Feria Agraria con las voces m\u00e1s influyentes del mundo rural"},"content":{"rendered":"\n\n\n<h2><strong>La Feria de Muestras de Valladolid acoger\u00e1 un debate de<\/strong><strong>\u00a0j\u00f3venes rurales que son una referencia para miles de seguidores en redes sociales. Entre ellos estar\u00e1 Alejandro Aguado, secretario general de la OPA en Soria<\/strong><\/h2>\n<p style=\"text-align: left\">La feria Agraria abre sus puertas y de nuevo ASAJA Castilla y Le\u00f3n contar\u00e1 con un stand para atender a todos los agricultores y ganaderos, socios y simpatizantes de nuestra organizaci\u00f3n, stand que estar\u00e1 atendido por parte de los t\u00e9cnicos de los diferentes equipos provinciales de la organizaci\u00f3n profesional agraria.<\/p>\n<p>Adem\u00e1s, ASAJA organiza ma\u00f1ana 25 de enero a las 13 horas un debate, bajo el t\u00edtulo \u2018El campo y las redes sociales: cuando los agricultores y ganaderos hablan por s\u00ed mismos\u2019. ASAJA ha querido dar un espacio a voces propias e influyentes que est\u00e1n mostrando cada d\u00eda la realidad de la agricultura y ganader\u00eda, a trav\u00e9s de sus perfiles en Instagram, Twitter, Facebook o TikTok. En una sociedad cada vez m\u00e1s urbana, el campo no siempre es conocido, ni comprendido, y es importante destacar la iniciativa de los propios profesionales del sector para contar su realidad en este mundo digital.<\/p>\n<p>Para ello, contaremos con la presencia de:<\/p>\n<p>Alejandro Aguado @alex130493<br \/>Agricultor profesional cien por cien, su explotaci\u00f3n est\u00e1 en la esquina de la provincia de Soria, en Fuentes de Maga\u00f1a, una zona muy despoblada. Comprometido con la defensa del sector, comparte im\u00e1genes de su d\u00eda a d\u00eda, siempre en positivo.<\/p>\n<p>Marta Garc\u00eda @Ganader\u00edaValdelMazo<br \/>Ganadera de extensivo, responsable de La Ganader\u00eda Val del Mazo (Ca\u00f1edo, Cantabria), modelo de producci\u00f3n de alimentos de gran calidad, respetando el medio ambiente y el bienestar animal. E impulsora de numerosos proyectos vinculados al desarrollo rural. Es combativa y con gran eco en redes sociales.<\/p>\n<p>Tomy Rohde @Tomy_Rohde<br \/>Fernando Giraldo, Tomy Rohde en redes, se define como alguien que de la ciudad pas\u00f3 al campo, a la explotaci\u00f3n familiar de C\u00f3rdoba, donde hace de todo, desde plantar un olivo a vender su aceite. Trabaja el campo y es el influencer m\u00e1s conocido de toda Andaluc\u00eda.<\/p>\n<p>Pilar Pascual @AgriPilar<br \/>Pilar Pascual, 20 a\u00f1os, conocida como AgriPilar en redes sociales como TikTok e Instagram, es estudiante de Ingenier\u00eda Agr\u00edcola y aspirante a agricultora y ganadera. Le apasiona el campo y explica con detalle c\u00f3mo es el d\u00eda a d\u00eda en la explotaci\u00f3n familiar, de cultivo de pistacho.<\/p>\n<p>Antonio Torres @Antonio_TorresB<br \/>De arquitecto t\u00e9cnico a agricultor tiene una explotaci\u00f3n de secano de Villarmentero de Esgueva (Valladolid), en la que cultiva trigo, cebada, colza, lentejas, garbanzos y vezas. En redes explica con sencillez las buenas pr\u00e1cticas agr\u00edcolas.<\/p>\n<p>Blanca Mart\u00edn @tractoresytacones<br \/>Ingeniera Agr\u00f3noma, trabaja en una empresa del sector, aunque conoce de primera mano el campo por su familia, agricultores de Palencia. Combina informaci\u00f3n de valor m\u00e1s t\u00e9cnica con la cercan\u00eda de contarlo en primera persona, desmontando t\u00f3picos.<\/p>\n<p>El encargado de moderar el debate ser\u00e1 Rafael Daniel. Delegado de elEconomista. es en Castilla y Le\u00f3n y director de elEconomistaAgro.<\/p>\n<p>Datos de inter\u00e9s:<br \/>*STAND DE ASAJA<br \/>Pabell\u00f3n: 3 (el pabell\u00f3n situado a la derecha de la entrada principal)<br \/>Stand: 328<br \/>*JORNADA \u201cEl Campo y las Redes Sociales: cuando los agricultores y ganaderos hablan por s\u00ed mismos\u201d<br \/>D\u00eda 25 de enero, 13 horas, Auditorio 2<br \/>La entrada es gratuita hasta completar el aforo<\/p>\n<p><img loading=\"lazy\" decoding=\"async\" class=\"wp-image-6495 alignleft\" src=\"https:\/\/www.asajacyl.com\/soria\/wp-content\/uploads\/sites\/9\/2023\/01\/JORNADA_ASAJA_RRSS_VERTICAL.jpg\" alt=\"\" width=\"493\" height=\"876\" srcset=\"https:\/\/www.asajacyl.com\/soria\/wp-content\/uploads\/sites\/9\/2023\/01\/JORNADA_ASAJA_RRSS_VERTICAL.jpg 1407w, https:\/\/www.asajacyl.com\/soria\/wp-content\/uploads\/sites\/9\/2023\/01\/JORNADA_ASAJA_RRSS_VERTICAL-169x300.jpg 169w, https:\/\/www.asajacyl.com\/soria\/wp-content\/uploads\/sites\/9\/2023\/01\/JORNADA_ASAJA_RRSS_VERTICAL-576x1024.jpg 576w, https:\/\/www.asajacyl.com\/soria\/wp-content\/uploads\/sites\/9\/2023\/01\/JORNADA_ASAJA_RRSS_VERTICAL-768x1365.jpg 768w, https:\/\/www.asajacyl.com\/soria\/wp-content\/uploads\/sites\/9\/2023\/01\/JORNADA_ASAJA_RRSS_VERTICAL-864x1536.jpg 864w, https:\/\/www.asajacyl.com\/soria\/wp-content\/uploads\/sites\/9\/2023\/01\/JORNADA_ASAJA_RRSS_VERTICAL-1153x2048.jpg 1153w, https:\/\/www.asajacyl.com\/soria\/wp-content\/uploads\/sites\/9\/2023\/01\/JORNADA_ASAJA_RRSS_VERTICAL-696x1237.jpg 696w, https:\/\/www.asajacyl.com\/soria\/wp-content\/uploads\/sites\/9\/2023\/01\/JORNADA_ASAJA_RRSS_VERTICAL-1068x1898.jpg 1068w, https:\/\/www.asajacyl.com\/soria\/wp-content\/uploads\/sites\/9\/2023\/01\/JORNADA_ASAJA_RRSS_VERTICAL-236x420.jpg 236w\" sizes=\"(max-width: 493px) 100vw, 493px\" \/><\/p>\n","protected":false},"excerpt":{"rendered":"<p>La Feria de Muestras de Valladolid acoger\u00e1 un debate de\u00a0j\u00f3venes rurales que son una referencia para miles de seguidores en redes sociales. Entre ellos estar\u00e1 Alejandro Aguado, secretario general de la OPA en Soria La feria Agraria abre sus puertas y de nuevo ASAJA Castilla y Le\u00f3n contar\u00e1 con un stand para atender a todos [&hellip;]<\/p>\n","protected":false},"author":12,"featured_media":6497,"comment_status":"open","ping_status":"open","sticky":false,"template":"","format":"standard","meta":{"footnotes":""},"categories":[10,25],"tags":[],"yoast_head":"<!-- This site is optimized with the Yoast SEO plugin v24.5 - https:\/\/yoast.com\/wordpress\/plugins\/seo\/ -->\n<title>ASAJA organiza una jornada en la Feria Agraria con las voces m\u00e1s influyentes del mundo rural - ASAJA Soria<\/title>\n<meta name=\"description\" content=\"La Feria de Muestras de Valladolid acoger\u00e1 un debate de\u00a0j\u00f3venes rurales que son una referencia para miles de seguidores en redes sociales. Entre ellos\" \/>\n<meta name=\"robots\" content=\"index, follow, max-snippet:-1, max-image-preview:large, max-video-preview:-1\" \/>\n<link rel=\"canonical\" href=\"https:\/\/www.asajacyl.com\/soria\/asaja-soria-informa\/asaja-organiza-una-jornada-en-la-feria-agraria-con-las-voces-mas-influyentes-del-mundo-rural\" \/>\n<meta property=\"og:locale\" content=\"es_ES\" \/>\n<meta property=\"og:type\" content=\"article\" \/>\n<meta property=\"og:title\" content=\"ASAJA organiza una jornada en la Feria Agraria con las voces m\u00e1s influyentes del mundo rural - ASAJA Soria\" \/>\n<meta property=\"og:description\" content=\"La Feria de Muestras de Valladolid acoger\u00e1 un debate de\u00a0j\u00f3venes rurales que son una referencia para miles de seguidores en redes sociales. Entre ellos\" \/>\n<meta property=\"og:url\" content=\"https:\/\/www.asajacyl.com\/soria\/asaja-soria-informa\/asaja-organiza-una-jornada-en-la-feria-agraria-con-las-voces-mas-influyentes-del-mundo-rural\" \/>\n<meta property=\"og:site_name\" content=\"ASAJA Soria\" \/>\n<meta property=\"article:published_time\" content=\"2023-01-24T13:38:26+00:00\" \/>\n<meta property=\"article:modified_time\" content=\"2023-01-24T13:56:07+00:00\" \/>\n<meta property=\"og:image\" content=\"https:\/\/www.asajacyl.com\/soria\/wp-content\/uploads\/sites\/9\/2023\/01\/PHOTO-2023-01-19-14-35-04.jpg\" \/>\n\t<meta property=\"og:image:width\" content=\"1024\" \/>\n\t<meta property=\"og:image:height\" content=\"1024\" \/>\n\t<meta property=\"og:image:type\" content=\"image\/jpeg\" \/>\n<meta name=\"author\" content=\"Juan Ignacio Prieto Nieto\" \/>\n<meta name=\"twitter:card\" content=\"summary_large_image\" \/>\n<meta name=\"twitter:label1\" content=\"Escrito por\" \/>\n\t<meta name=\"twitter:data1\" content=\"Juan Ignacio Prieto Nieto\" \/>\n\t<meta name=\"twitter:label2\" content=\"Tiempo de lectura\" \/>\n\t<meta name=\"twitter:data2\" content=\"3 minutos\" \/>\n<script type=\"application\/ld+json\" class=\"yoast-schema-graph\">{\"@context\":\"https:\/\/schema.org\",\"@graph\":[{\"@type\":\"WebPage\",\"@id\":\"https:\/\/www.asajacyl.com\/soria\/asaja-soria-informa\/asaja-organiza-una-jornada-en-la-feria-agraria-con-las-voces-mas-influyentes-del-mundo-rural\",\"url\":\"https:\/\/www.asajacyl.com\/soria\/asaja-soria-informa\/asaja-organiza-una-jornada-en-la-feria-agraria-con-las-voces-mas-influyentes-del-mundo-rural\",\"name\":\"ASAJA organiza una jornada en la Feria Agraria con las voces m\u00e1s influyentes del mundo rural - ASAJA Soria\",\"isPartOf\":{\"@id\":\"https:\/\/www.asajacyl.com\/soria\/#website\"},\"primaryImageOfPage\":{\"@id\":\"https:\/\/www.asajacyl.com\/soria\/asaja-soria-informa\/asaja-organiza-una-jornada-en-la-feria-agraria-con-las-voces-mas-influyentes-del-mundo-rural#primaryimage\"},\"image\":{\"@id\":\"https:\/\/www.asajacyl.com\/soria\/asaja-soria-informa\/asaja-organiza-una-jornada-en-la-feria-agraria-con-las-voces-mas-influyentes-del-mundo-rural#primaryimage\"},\"thumbnailUrl\":\"https:\/\/www.asajacyl.com\/soria\/wp-content\/uploads\/sites\/9\/2023\/01\/PHOTO-2023-01-19-14-35-04.jpg\",\"datePublished\":\"2023-01-24T13:38:26+00:00\",\"dateModified\":\"2023-01-24T13:56:07+00:00\",\"author\":{\"@id\":\"https:\/\/www.asajacyl.com\/soria\/#\/schema\/person\/fd3081c40255119ce8133b87e6aedfab\"},\"description\":\"La Feria de Muestras de Valladolid acoger\u00e1 un debate de\u00a0j\u00f3venes rurales que son una referencia para miles de seguidores en redes sociales. Entre ellos\",\"breadcrumb\":{\"@id\":\"https:\/\/www.asajacyl.com\/soria\/asaja-soria-informa\/asaja-organiza-una-jornada-en-la-feria-agraria-con-las-voces-mas-influyentes-del-mundo-rural#breadcrumb\"},\"inLanguage\":\"es\",\"potentialAction\":[{\"@type\":\"ReadAction\",\"target\":[\"https:\/\/www.asajacyl.com\/soria\/asaja-soria-informa\/asaja-organiza-una-jornada-en-la-feria-agraria-con-las-voces-mas-influyentes-del-mundo-rural\"]}]},{\"@type\":\"ImageObject\",\"inLanguage\":\"es\",\"@id\":\"https:\/\/www.asajacyl.com\/soria\/asaja-soria-informa\/asaja-organiza-una-jornada-en-la-feria-agraria-con-las-voces-mas-influyentes-del-mundo-rural#primaryimage\",\"url\":\"https:\/\/www.asajacyl.com\/soria\/wp-content\/uploads\/sites\/9\/2023\/01\/PHOTO-2023-01-19-14-35-04.jpg\",\"contentUrl\":\"https:\/\/www.asajacyl.com\/soria\/wp-content\/uploads\/sites\/9\/2023\/01\/PHOTO-2023-01-19-14-35-04.jpg\",\"width\":1024,\"height\":1024},{\"@type\":\"BreadcrumbList\",\"@id\":\"https:\/\/www.asajacyl.com\/soria\/asaja-soria-informa\/asaja-organiza-una-jornada-en-la-feria-agraria-con-las-voces-mas-influyentes-del-mundo-rural#breadcrumb\",\"itemListElement\":[{\"@type\":\"ListItem\",\"position\":1,\"name\":\"Portada\",\"item\":\"https:\/\/www.asajacyl.com\/soria\/\"},{\"@type\":\"ListItem\",\"position\":2,\"name\":\"ASAJA organiza una jornada en la Feria Agraria con las voces m\u00e1s influyentes del mundo rural\"}]},{\"@type\":\"WebSite\",\"@id\":\"https:\/\/www.asajacyl.com\/soria\/#website\",\"url\":\"https:\/\/www.asajacyl.com\/soria\/\",\"name\":\"ASAJA Soria\",\"description\":\"Otro sitio m\u00e1s de Provincias ASAJA Castilla y Le\u00f3n\",\"potentialAction\":[{\"@type\":\"SearchAction\",\"target\":{\"@type\":\"EntryPoint\",\"urlTemplate\":\"https:\/\/www.asajacyl.com\/soria\/?s={search_term_string}\"},\"query-input\":{\"@type\":\"PropertyValueSpecification\",\"valueRequired\":true,\"valueName\":\"search_term_string\"}}],\"inLanguage\":\"es\"},{\"@type\":\"Person\",\"@id\":\"https:\/\/www.asajacyl.com\/soria\/#\/schema\/person\/fd3081c40255119ce8133b87e6aedfab\",\"name\":\"Juan Ignacio Prieto Nieto\",\"image\":{\"@type\":\"ImageObject\",\"inLanguage\":\"es\",\"@id\":\"https:\/\/www.asajacyl.com\/soria\/#\/schema\/person\/image\/\",\"url\":\"https:\/\/secure.gravatar.com\/avatar\/8266b36e4d9001acb4700699a2468dc8?s=96&d=mm&r=g\",\"contentUrl\":\"https:\/\/secure.gravatar.com\/avatar\/8266b36e4d9001acb4700699a2468dc8?s=96&d=mm&r=g\",\"caption\":\"Juan Ignacio Prieto Nieto\"},\"url\":\"https:\/\/www.asajacyl.com\/soria\/author\/juanfranciscoby\"}]}<\/script>\n<!-- \/ Yoast SEO plugin. -->","yoast_head_json":{"title":"ASAJA organiza una jornada en la Feria Agraria con las voces m\u00e1s influyentes del mundo rural - ASAJA Soria","description":"La Feria de Muestras de Valladolid acoger\u00e1 un debate de\u00a0j\u00f3venes rurales que son una referencia para miles de seguidores en redes sociales. Entre ellos","robots":{"index":"index","follow":"follow","max-snippet":"max-snippet:-1","max-image-preview":"max-image-preview:large","max-video-preview":"max-video-preview:-1"},"canonical":"https:\/\/www.asajacyl.com\/soria\/asaja-soria-informa\/asaja-organiza-una-jornada-en-la-feria-agraria-con-las-voces-mas-influyentes-del-mundo-rural","og_locale":"es_ES","og_type":"article","og_title":"ASAJA organiza una jornada en la Feria Agraria con las voces m\u00e1s influyentes del mundo rural - ASAJA Soria","og_description":"La Feria de Muestras de Valladolid acoger\u00e1 un debate de\u00a0j\u00f3venes rurales que son una referencia para miles de seguidores en redes sociales. Entre ellos","og_url":"https:\/\/www.asajacyl.com\/soria\/asaja-soria-informa\/asaja-organiza-una-jornada-en-la-feria-agraria-con-las-voces-mas-influyentes-del-mundo-rural","og_site_name":"ASAJA Soria","article_published_time":"2023-01-24T13:38:26+00:00","article_modified_time":"2023-01-24T13:56:07+00:00","og_image":[{"width":1024,"height":1024,"url":"https:\/\/www.asajacyl.com\/soria\/wp-content\/uploads\/sites\/9\/2023\/01\/PHOTO-2023-01-19-14-35-04.jpg","type":"image\/jpeg"}],"author":"Juan Ignacio Prieto Nieto","twitter_card":"summary_large_image","twitter_misc":{"Escrito por":"Juan Ignacio Prieto Nieto","Tiempo de lectura":"3 minutos"},"schema":{"@context":"https:\/\/schema.org","@graph":[{"@type":"WebPage","@id":"https:\/\/www.asajacyl.com\/soria\/asaja-soria-informa\/asaja-organiza-una-jornada-en-la-feria-agraria-con-las-voces-mas-influyentes-del-mundo-rural","url":"https:\/\/www.asajacyl.com\/soria\/asaja-soria-informa\/asaja-organiza-una-jornada-en-la-feria-agraria-con-las-voces-mas-influyentes-del-mundo-rural","name":"ASAJA organiza una jornada en la Feria Agraria con las voces m\u00e1s influyentes del mundo rural - ASAJA Soria","isPartOf":{"@id":"https:\/\/www.asajacyl.com\/soria\/#website"},"primaryImageOfPage":{"@id":"https:\/\/www.asajacyl.com\/soria\/asaja-soria-informa\/asaja-organiza-una-jornada-en-la-feria-agraria-con-las-voces-mas-influyentes-del-mundo-rural#primaryimage"},"image":{"@id":"https:\/\/www.asajacyl.com\/soria\/asaja-soria-informa\/asaja-organiza-una-jornada-en-la-feria-agraria-con-las-voces-mas-influyentes-del-mundo-rural#primaryimage"},"thumbnailUrl":"https:\/\/www.asajacyl.com\/soria\/wp-content\/uploads\/sites\/9\/2023\/01\/PHOTO-2023-01-19-14-35-04.jpg","datePublished":"2023-01-24T13:38:26+00:00","dateModified":"2023-01-24T13:56:07+00:00","author":{"@id":"https:\/\/www.asajacyl.com\/soria\/#\/schema\/person\/fd3081c40255119ce8133b87e6aedfab"},"description":"La Feria de Muestras de Valladolid acoger\u00e1 un debate de\u00a0j\u00f3venes rurales que son una referencia para miles de seguidores en redes sociales. Entre ellos","breadcrumb":{"@id":"https:\/\/www.asajacyl.com\/soria\/asaja-soria-informa\/asaja-organiza-una-jornada-en-la-feria-agraria-con-las-voces-mas-influyentes-del-mundo-rural#breadcrumb"},"inLanguage":"es","potentialAction":[{"@type":"ReadAction","target":["https:\/\/www.asajacyl.com\/soria\/asaja-soria-informa\/asaja-organiza-una-jornada-en-la-feria-agraria-con-las-voces-mas-influyentes-del-mundo-rural"]}]},{"@type":"ImageObject","inLanguage":"es","@id":"https:\/\/www.asajacyl.com\/soria\/asaja-soria-informa\/asaja-organiza-una-jornada-en-la-feria-agraria-con-las-voces-mas-influyentes-del-mundo-rural#primaryimage","url":"https:\/\/www.asajacyl.com\/soria\/wp-content\/uploads\/sites\/9\/2023\/01\/PHOTO-2023-01-19-14-35-04.jpg","contentUrl":"https:\/\/www.asajacyl.com\/soria\/wp-content\/uploads\/sites\/9\/2023\/01\/PHOTO-2023-01-19-14-35-04.jpg","width":1024,"height":1024},{"@type":"BreadcrumbList","@id":"https:\/\/www.asajacyl.com\/soria\/asaja-soria-informa\/asaja-organiza-una-jornada-en-la-feria-agraria-con-las-voces-mas-influyentes-del-mundo-rural#breadcrumb","itemListElement":[{"@type":"ListItem","position":1,"name":"Portada","item":"https:\/\/www.asajacyl.com\/soria\/"},{"@type":"ListItem","position":2,"name":"ASAJA organiza una jornada en la Feria Agraria con las voces m\u00e1s influyentes del mundo rural"}]},{"@type":"WebSite","@id":"https:\/\/www.asajacyl.com\/soria\/#website","url":"https:\/\/www.asajacyl.com\/soria\/","name":"ASAJA Soria","description":"Otro sitio m\u00e1s de Provincias ASAJA Castilla y Le\u00f3n","potentialAction":[{"@type":"SearchAction","target":{"@type":"EntryPoint","urlTemplate":"https:\/\/www.asajacyl.com\/soria\/?s={search_term_string}"},"query-input":{"@type":"PropertyValueSpecification","valueRequired":true,"valueName":"search_term_string"}}],"inLanguage":"es"},{"@type":"Person","@id":"https:\/\/www.asajacyl.com\/soria\/#\/schema\/person\/fd3081c40255119ce8133b87e6aedfab","name":"Juan Ignacio Prieto Nieto","image":{"@type":"ImageObject","inLanguage":"es","@id":"https:\/\/www.asajacyl.com\/soria\/#\/schema\/person\/image\/","url":"https:\/\/secure.gravatar.com\/avatar\/8266b36e4d9001acb4700699a2468dc8?s=96&d=mm&r=g","contentUrl":"https:\/\/secure.gravatar.com\/avatar\/8266b36e4d9001acb4700699a2468dc8?s=96&d=mm&r=g","caption":"Juan Ignacio Prieto Nieto"},"url":"https:\/\/www.asajacyl.com\/soria\/author\/juanfranciscoby"}]}},"_links":{"self":[{"href":"https:\/\/www.asajacyl.com\/soria\/wp-json\/wp\/v2\/posts\/6494"}],"collection":[{"href":"https:\/\/www.asajacyl.com\/soria\/wp-json\/wp\/v2\/posts"}],"about":[{"href":"https:\/\/www.asajacyl.com\/soria\/wp-json\/wp\/v2\/types\/post"}],"author":[{"embeddable":true,"href":"https:\/\/www.asajacyl.com\/soria\/wp-json\/wp\/v2\/users\/12"}],"replies":[{"embeddable":true,"href":"https:\/\/www.asajacyl.com\/soria\/wp-json\/wp\/v2\/comments?post=6494"}],"version-history":[{"count":1,"href":"https:\/\/www.asajacyl.com\/soria\/wp-json\/wp\/v2\/posts\/6494\/revisions"}],"predecessor-version":[{"id":6496,"href":"https:\/\/www.asajacyl.com\/soria\/wp-json\/wp\/v2\/posts\/6494\/revisions\/6496"}],"wp:featuredmedia":[{"embeddable":true,"href":"https:\/\/www.asajacyl.com\/soria\/wp-json\/wp\/v2\/media\/6497"}],"wp:attachment":[{"href":"https:\/\/www.asajacyl.com\/soria\/wp-json\/wp\/v2\/media?parent=6494"}],"wp:term":[{"taxonomy":"category","embeddable":true,"href":"https:\/\/www.asajacyl.com\/soria\/wp-json\/wp\/v2\/categories?post=6494"},{"taxonomy":"post_tag","embeddable":true,"href":"https:\/\/www.asajacyl.com\/soria\/wp-json\/wp\/v2\/tags?post=6494"}],"curies":[{"name":"wp","href":"https:\/\/api.w.org\/{rel}","templated":true}]}}