{"id":6499,"date":"2023-01-25T15:16:18","date_gmt":"2023-01-25T14:16:18","guid":{"rendered":"https:\/\/www.asajacyl.com\/soria\/?p=6499"},"modified":"2023-01-25T15:16:22","modified_gmt":"2023-01-25T14:16:22","slug":"el-tribunal-superior-de-justicia-de-castilla-y-leon-admite-a-tramite-el-contencioso-administrativo-presentado-por-asaja-soria","status":"publish","type":"post","link":"https:\/\/www.asajacyl.com\/soria\/asaja-soria-informa\/el-tribunal-superior-de-justicia-de-castilla-y-leon-admite-a-tramite-el-contencioso-administrativo-presentado-por-asaja-soria","title":{"rendered":"El Tribunal Superior de Justicia de Castilla y Le\u00f3n admite a tr\u00e1mite el contencioso administrativo presentado por ASAJA Soria"},"content":{"rendered":"\n\n\n<h2><em>El \u00f3rgano judicial da luz verde a la lucha de la OPA contra las restricciones de la cosecha\u00a0 <\/em><\/h2>\n<p>El Tribunal Superior de Justicia de Castilla y Le\u00f3n, tras analizar la interposici\u00f3n del recurso contencioso administrativo y comprobar el cumplimiento por parte de ASAJA Soria de los requisitos para iniciar el procedimiento, ha remitido a esta organizaci\u00f3n profesional agraria la documentaci\u00f3n obrante en el expediente, aportada por la Consejer\u00eda de Medio Ambiente, y le ha concedido el plazo de 20 d\u00edas para la formalizaci\u00f3n de la demanda.<\/p>\n<p>La Administraci\u00f3n de Justicia ha analizado la legitimaci\u00f3n de ASAJA Soria para iniciar este proceso judicial y ha determinado la validez del recurso, por lo que ahora queda analizar la documentaci\u00f3n aportada por la Junta de Castilla y Le\u00f3n y argumentar jur\u00eddicamente para hacer ver al Tribunal lo improcedente de la Resoluci\u00f3n que prohib\u00eda el cosechado.<\/p>\n<p>\u00a0ASAJA siempre rechaz\u00f3 esa restricci\u00f3n y pidi\u00f3 que no se prohibieran las operaciones vinculadas a la siega. Adem\u00e1s, consideraba que se vulneraban derechos fundamentales como el del trabajo y el de libertad de movilidad, al imponerse una prohibici\u00f3n que no deber\u00eda haber pasado de recomendaci\u00f3n de m\u00e1ximas precauciones; medidas que siempre entran dentro de la rutina habitual de la recolecci\u00f3n en el verano por parte de los agricultores. Por todo ello la organizaci\u00f3n profesional agraria interpuso en julio un recurso de alzada y, ante la falta de respuesta, en noviembre present\u00f3 la reclamaci\u00f3n contencioso administrativa ante el Tribunal Superior de Justicia de Castilla y Le\u00f3n. Con la admisi\u00f3n a tr\u00e1mite contin\u00faa m\u00e1s si cabe la batalla de ASAJA Soria por defender el derecho a recoger el fruto del trabajo de los agricultores de la provincia.<\/p>\n","protected":false},"excerpt":{"rendered":"<p>El \u00f3rgano judicial da luz verde a la lucha de la OPA contra las restricciones de la cosecha\u00a0 El Tribunal Superior de Justicia de Castilla y Le\u00f3n, tras analizar la interposici\u00f3n del recurso contencioso administrativo y comprobar el cumplimiento por parte de ASAJA Soria de los requisitos para iniciar el procedimiento, ha remitido a esta [&hellip;]<\/p>\n","protected":false},"author":12,"featured_media":6500,"comment_status":"open","ping_status":"open","sticky":false,"template":"","format":"standard","meta":{"footnotes":""},"categories":[10,25],"tags":[],"yoast_head":"<!-- This site is optimized with the Yoast SEO plugin v24.5 - https:\/\/yoast.com\/wordpress\/plugins\/seo\/ -->\n<title>El Tribunal Superior de Justicia de Castilla y Le\u00f3n admite a tr\u00e1mite el contencioso administrativo presentado por ASAJA Soria - ASAJA Soria<\/title>\n<meta name=\"description\" content=\"El \u00f3rgano judicial da luz verde a la lucha de la OPA contra las restricciones de la cosecha\u00a0 El Tribunal Superior de Justicia de Castilla y Le\u00f3n, tras\" \/>\n<meta name=\"robots\" content=\"index, follow, max-snippet:-1, max-image-preview:large, max-video-preview:-1\" \/>\n<link rel=\"canonical\" href=\"https:\/\/www.asajacyl.com\/soria\/asaja-soria-informa\/el-tribunal-superior-de-justicia-de-castilla-y-leon-admite-a-tramite-el-contencioso-administrativo-presentado-por-asaja-soria\" \/>\n<meta property=\"og:locale\" content=\"es_ES\" \/>\n<meta property=\"og:type\" content=\"article\" \/>\n<meta property=\"og:title\" content=\"El Tribunal Superior de Justicia de Castilla y Le\u00f3n admite a tr\u00e1mite el contencioso administrativo presentado por ASAJA Soria - ASAJA Soria\" \/>\n<meta property=\"og:description\" content=\"El \u00f3rgano judicial da luz verde a la lucha de la OPA contra las restricciones de la cosecha\u00a0 El Tribunal Superior de Justicia de Castilla y Le\u00f3n, tras\" \/>\n<meta property=\"og:url\" content=\"https:\/\/www.asajacyl.com\/soria\/asaja-soria-informa\/el-tribunal-superior-de-justicia-de-castilla-y-leon-admite-a-tramite-el-contencioso-administrativo-presentado-por-asaja-soria\" \/>\n<meta property=\"og:site_name\" content=\"ASAJA Soria\" \/>\n<meta property=\"article:published_time\" content=\"2023-01-25T14:16:18+00:00\" \/>\n<meta property=\"article:modified_time\" content=\"2023-01-25T14:16:22+00:00\" \/>\n<meta property=\"og:image\" content=\"https:\/\/www.asajacyl.com\/soria\/wp-content\/uploads\/sites\/9\/2023\/01\/Cosechadora_segando_en_secano_de_cebada.jpg\" \/>\n\t<meta property=\"og:image:width\" content=\"2500\" \/>\n\t<meta property=\"og:image:height\" content=\"1879\" \/>\n\t<meta property=\"og:image:type\" content=\"image\/jpeg\" \/>\n<meta name=\"author\" content=\"Juan Ignacio Prieto Nieto\" \/>\n<meta name=\"twitter:card\" content=\"summary_large_image\" \/>\n<meta name=\"twitter:label1\" content=\"Escrito por\" \/>\n\t<meta name=\"twitter:data1\" content=\"Juan Ignacio Prieto Nieto\" \/>\n\t<meta name=\"twitter:label2\" content=\"Tiempo de lectura\" \/>\n\t<meta name=\"twitter:data2\" content=\"2 minutos\" \/>\n<script type=\"application\/ld+json\" class=\"yoast-schema-graph\">{\"@context\":\"https:\/\/schema.org\",\"@graph\":[{\"@type\":\"WebPage\",\"@id\":\"https:\/\/www.asajacyl.com\/soria\/asaja-soria-informa\/el-tribunal-superior-de-justicia-de-castilla-y-leon-admite-a-tramite-el-contencioso-administrativo-presentado-por-asaja-soria\",\"url\":\"https:\/\/www.asajacyl.com\/soria\/asaja-soria-informa\/el-tribunal-superior-de-justicia-de-castilla-y-leon-admite-a-tramite-el-contencioso-administrativo-presentado-por-asaja-soria\",\"name\":\"El Tribunal Superior de Justicia de Castilla y Le\u00f3n admite a tr\u00e1mite el contencioso administrativo presentado por ASAJA Soria - ASAJA Soria\",\"isPartOf\":{\"@id\":\"https:\/\/www.asajacyl.com\/soria\/#website\"},\"primaryImageOfPage\":{\"@id\":\"https:\/\/www.asajacyl.com\/soria\/asaja-soria-informa\/el-tribunal-superior-de-justicia-de-castilla-y-leon-admite-a-tramite-el-contencioso-administrativo-presentado-por-asaja-soria#primaryimage\"},\"image\":{\"@id\":\"https:\/\/www.asajacyl.com\/soria\/asaja-soria-informa\/el-tribunal-superior-de-justicia-de-castilla-y-leon-admite-a-tramite-el-contencioso-administrativo-presentado-por-asaja-soria#primaryimage\"},\"thumbnailUrl\":\"https:\/\/www.asajacyl.com\/soria\/wp-content\/uploads\/sites\/9\/2023\/01\/Cosechadora_segando_en_secano_de_cebada.jpg\",\"datePublished\":\"2023-01-25T14:16:18+00:00\",\"dateModified\":\"2023-01-25T14:16:22+00:00\",\"author\":{\"@id\":\"https:\/\/www.asajacyl.com\/soria\/#\/schema\/person\/fd3081c40255119ce8133b87e6aedfab\"},\"description\":\"El \u00f3rgano judicial da luz verde a la lucha de la OPA contra las restricciones de la cosecha\u00a0 El Tribunal Superior de Justicia de Castilla y Le\u00f3n, tras\",\"breadcrumb\":{\"@id\":\"https:\/\/www.asajacyl.com\/soria\/asaja-soria-informa\/el-tribunal-superior-de-justicia-de-castilla-y-leon-admite-a-tramite-el-contencioso-administrativo-presentado-por-asaja-soria#breadcrumb\"},\"inLanguage\":\"es\",\"potentialAction\":[{\"@type\":\"ReadAction\",\"target\":[\"https:\/\/www.asajacyl.com\/soria\/asaja-soria-informa\/el-tribunal-superior-de-justicia-de-castilla-y-leon-admite-a-tramite-el-contencioso-administrativo-presentado-por-asaja-soria\"]}]},{\"@type\":\"ImageObject\",\"inLanguage\":\"es\",\"@id\":\"https:\/\/www.asajacyl.com\/soria\/asaja-soria-informa\/el-tribunal-superior-de-justicia-de-castilla-y-leon-admite-a-tramite-el-contencioso-administrativo-presentado-por-asaja-soria#primaryimage\",\"url\":\"https:\/\/www.asajacyl.com\/soria\/wp-content\/uploads\/sites\/9\/2023\/01\/Cosechadora_segando_en_secano_de_cebada.jpg\",\"contentUrl\":\"https:\/\/www.asajacyl.com\/soria\/wp-content\/uploads\/sites\/9\/2023\/01\/Cosechadora_segando_en_secano_de_cebada.jpg\",\"width\":2500,\"height\":1879},{\"@type\":\"BreadcrumbList\",\"@id\":\"https:\/\/www.asajacyl.com\/soria\/asaja-soria-informa\/el-tribunal-superior-de-justicia-de-castilla-y-leon-admite-a-tramite-el-contencioso-administrativo-presentado-por-asaja-soria#breadcrumb\",\"itemListElement\":[{\"@type\":\"ListItem\",\"position\":1,\"name\":\"Portada\",\"item\":\"https:\/\/www.asajacyl.com\/soria\/\"},{\"@type\":\"ListItem\",\"position\":2,\"name\":\"El Tribunal Superior de Justicia de Castilla y Le\u00f3n admite a tr\u00e1mite el contencioso administrativo presentado por ASAJA Soria\"}]},{\"@type\":\"WebSite\",\"@id\":\"https:\/\/www.asajacyl.com\/soria\/#website\",\"url\":\"https:\/\/www.asajacyl.com\/soria\/\",\"name\":\"ASAJA Soria\",\"description\":\"Otro sitio m\u00e1s de Provincias ASAJA Castilla y Le\u00f3n\",\"potentialAction\":[{\"@type\":\"SearchAction\",\"target\":{\"@type\":\"EntryPoint\",\"urlTemplate\":\"https:\/\/www.asajacyl.com\/soria\/?s={search_term_string}\"},\"query-input\":{\"@type\":\"PropertyValueSpecification\",\"valueRequired\":true,\"valueName\":\"search_term_string\"}}],\"inLanguage\":\"es\"},{\"@type\":\"Person\",\"@id\":\"https:\/\/www.asajacyl.com\/soria\/#\/schema\/person\/fd3081c40255119ce8133b87e6aedfab\",\"name\":\"Juan Ignacio Prieto Nieto\",\"image\":{\"@type\":\"ImageObject\",\"inLanguage\":\"es\",\"@id\":\"https:\/\/www.asajacyl.com\/soria\/#\/schema\/person\/image\/\",\"url\":\"https:\/\/secure.gravatar.com\/avatar\/8266b36e4d9001acb4700699a2468dc8?s=96&d=mm&r=g\",\"contentUrl\":\"https:\/\/secure.gravatar.com\/avatar\/8266b36e4d9001acb4700699a2468dc8?s=96&d=mm&r=g\",\"caption\":\"Juan Ignacio Prieto Nieto\"},\"url\":\"https:\/\/www.asajacyl.com\/soria\/author\/juanfranciscoby\"}]}<\/script>\n<!-- \/ Yoast SEO plugin. -->","yoast_head_json":{"title":"El Tribunal Superior de Justicia de Castilla y Le\u00f3n admite a tr\u00e1mite el contencioso administrativo presentado por ASAJA Soria - ASAJA Soria","description":"El \u00f3rgano judicial da luz verde a la lucha de la OPA contra las restricciones de la cosecha\u00a0 El Tribunal Superior de Justicia de Castilla y Le\u00f3n, tras","robots":{"index":"index","follow":"follow","max-snippet":"max-snippet:-1","max-image-preview":"max-image-preview:large","max-video-preview":"max-video-preview:-1"},"canonical":"https:\/\/www.asajacyl.com\/soria\/asaja-soria-informa\/el-tribunal-superior-de-justicia-de-castilla-y-leon-admite-a-tramite-el-contencioso-administrativo-presentado-por-asaja-soria","og_locale":"es_ES","og_type":"article","og_title":"El Tribunal Superior de Justicia de Castilla y Le\u00f3n admite a tr\u00e1mite el contencioso administrativo presentado por ASAJA Soria - ASAJA Soria","og_description":"El \u00f3rgano judicial da luz verde a la lucha de la OPA contra las restricciones de la cosecha\u00a0 El Tribunal Superior de Justicia de Castilla y Le\u00f3n, tras","og_url":"https:\/\/www.asajacyl.com\/soria\/asaja-soria-informa\/el-tribunal-superior-de-justicia-de-castilla-y-leon-admite-a-tramite-el-contencioso-administrativo-presentado-por-asaja-soria","og_site_name":"ASAJA Soria","article_published_time":"2023-01-25T14:16:18+00:00","article_modified_time":"2023-01-25T14:16:22+00:00","og_image":[{"width":2500,"height":1879,"url":"https:\/\/www.asajacyl.com\/soria\/wp-content\/uploads\/sites\/9\/2023\/01\/Cosechadora_segando_en_secano_de_cebada.jpg","type":"image\/jpeg"}],"author":"Juan Ignacio Prieto Nieto","twitter_card":"summary_large_image","twitter_misc":{"Escrito por":"Juan Ignacio Prieto Nieto","Tiempo de lectura":"2 minutos"},"schema":{"@context":"https:\/\/schema.org","@graph":[{"@type":"WebPage","@id":"https:\/\/www.asajacyl.com\/soria\/asaja-soria-informa\/el-tribunal-superior-de-justicia-de-castilla-y-leon-admite-a-tramite-el-contencioso-administrativo-presentado-por-asaja-soria","url":"https:\/\/www.asajacyl.com\/soria\/asaja-soria-informa\/el-tribunal-superior-de-justicia-de-castilla-y-leon-admite-a-tramite-el-contencioso-administrativo-presentado-por-asaja-soria","name":"El Tribunal Superior de Justicia de Castilla y Le\u00f3n admite a tr\u00e1mite el contencioso administrativo presentado por ASAJA Soria - ASAJA Soria","isPartOf":{"@id":"https:\/\/www.asajacyl.com\/soria\/#website"},"primaryImageOfPage":{"@id":"https:\/\/www.asajacyl.com\/soria\/asaja-soria-informa\/el-tribunal-superior-de-justicia-de-castilla-y-leon-admite-a-tramite-el-contencioso-administrativo-presentado-por-asaja-soria#primaryimage"},"image":{"@id":"https:\/\/www.asajacyl.com\/soria\/asaja-soria-informa\/el-tribunal-superior-de-justicia-de-castilla-y-leon-admite-a-tramite-el-contencioso-administrativo-presentado-por-asaja-soria#primaryimage"},"thumbnailUrl":"https:\/\/www.asajacyl.com\/soria\/wp-content\/uploads\/sites\/9\/2023\/01\/Cosechadora_segando_en_secano_de_cebada.jpg","datePublished":"2023-01-25T14:16:18+00:00","dateModified":"2023-01-25T14:16:22+00:00","author":{"@id":"https:\/\/www.asajacyl.com\/soria\/#\/schema\/person\/fd3081c40255119ce8133b87e6aedfab"},"description":"El \u00f3rgano judicial da luz verde a la lucha de la OPA contra las restricciones de la cosecha\u00a0 El Tribunal Superior de Justicia de Castilla y Le\u00f3n, tras","breadcrumb":{"@id":"https:\/\/www.asajacyl.com\/soria\/asaja-soria-informa\/el-tribunal-superior-de-justicia-de-castilla-y-leon-admite-a-tramite-el-contencioso-administrativo-presentado-por-asaja-soria#breadcrumb"},"inLanguage":"es","potentialAction":[{"@type":"ReadAction","target":["https:\/\/www.asajacyl.com\/soria\/asaja-soria-informa\/el-tribunal-superior-de-justicia-de-castilla-y-leon-admite-a-tramite-el-contencioso-administrativo-presentado-por-asaja-soria"]}]},{"@type":"ImageObject","inLanguage":"es","@id":"https:\/\/www.asajacyl.com\/soria\/asaja-soria-informa\/el-tribunal-superior-de-justicia-de-castilla-y-leon-admite-a-tramite-el-contencioso-administrativo-presentado-por-asaja-soria#primaryimage","url":"https:\/\/www.asajacyl.com\/soria\/wp-content\/uploads\/sites\/9\/2023\/01\/Cosechadora_segando_en_secano_de_cebada.jpg","contentUrl":"https:\/\/www.asajacyl.com\/soria\/wp-content\/uploads\/sites\/9\/2023\/01\/Cosechadora_segando_en_secano_de_cebada.jpg","width":2500,"height":1879},{"@type":"BreadcrumbList","@id":"https:\/\/www.asajacyl.com\/soria\/asaja-soria-informa\/el-tribunal-superior-de-justicia-de-castilla-y-leon-admite-a-tramite-el-contencioso-administrativo-presentado-por-asaja-soria#breadcrumb","itemListElement":[{"@type":"ListItem","position":1,"name":"Portada","item":"https:\/\/www.asajacyl.com\/soria\/"},{"@type":"ListItem","position":2,"name":"El Tribunal Superior de Justicia de Castilla y Le\u00f3n admite a tr\u00e1mite el contencioso administrativo presentado por ASAJA Soria"}]},{"@type":"WebSite","@id":"https:\/\/www.asajacyl.com\/soria\/#website","url":"https:\/\/www.asajacyl.com\/soria\/","name":"ASAJA Soria","description":"Otro sitio m\u00e1s de Provincias ASAJA Castilla y Le\u00f3n","potentialAction":[{"@type":"SearchAction","target":{"@type":"EntryPoint","urlTemplate":"https:\/\/www.asajacyl.com\/soria\/?s={search_term_string}"},"query-input":{"@type":"PropertyValueSpecification","valueRequired":true,"valueName":"search_term_string"}}],"inLanguage":"es"},{"@type":"Person","@id":"https:\/\/www.asajacyl.com\/soria\/#\/schema\/person\/fd3081c40255119ce8133b87e6aedfab","name":"Juan Ignacio Prieto Nieto","image":{"@type":"ImageObject","inLanguage":"es","@id":"https:\/\/www.asajacyl.com\/soria\/#\/schema\/person\/image\/","url":"https:\/\/secure.gravatar.com\/avatar\/8266b36e4d9001acb4700699a2468dc8?s=96&d=mm&r=g","contentUrl":"https:\/\/secure.gravatar.com\/avatar\/8266b36e4d9001acb4700699a2468dc8?s=96&d=mm&r=g","caption":"Juan Ignacio Prieto Nieto"},"url":"https:\/\/www.asajacyl.com\/soria\/author\/juanfranciscoby"}]}},"_links":{"self":[{"href":"https:\/\/www.asajacyl.com\/soria\/wp-json\/wp\/v2\/posts\/6499"}],"collection":[{"href":"https:\/\/www.asajacyl.com\/soria\/wp-json\/wp\/v2\/posts"}],"about":[{"href":"https:\/\/www.asajacyl.com\/soria\/wp-json\/wp\/v2\/types\/post"}],"author":[{"embeddable":true,"href":"https:\/\/www.asajacyl.com\/soria\/wp-json\/wp\/v2\/users\/12"}],"replies":[{"embeddable":true,"href":"https:\/\/www.asajacyl.com\/soria\/wp-json\/wp\/v2\/comments?post=6499"}],"version-history":[{"count":1,"href":"https:\/\/www.asajacyl.com\/soria\/wp-json\/wp\/v2\/posts\/6499\/revisions"}],"predecessor-version":[{"id":6501,"href":"https:\/\/www.asajacyl.com\/soria\/wp-json\/wp\/v2\/posts\/6499\/revisions\/6501"}],"wp:featuredmedia":[{"embeddable":true,"href":"https:\/\/www.asajacyl.com\/soria\/wp-json\/wp\/v2\/media\/6500"}],"wp:attachment":[{"href":"https:\/\/www.asajacyl.com\/soria\/wp-json\/wp\/v2\/media?parent=6499"}],"wp:term":[{"taxonomy":"category","embeddable":true,"href":"https:\/\/www.asajacyl.com\/soria\/wp-json\/wp\/v2\/categories?post=6499"},{"taxonomy":"post_tag","embeddable":true,"href":"https:\/\/www.asajacyl.com\/soria\/wp-json\/wp\/v2\/tags?post=6499"}],"curies":[{"name":"wp","href":"https:\/\/api.w.org\/{rel}","templated":true}]}}