{"id":6503,"date":"2023-01-26T17:18:56","date_gmt":"2023-01-26T16:18:56","guid":{"rendered":"https:\/\/www.asajacyl.com\/soria\/?p=6503"},"modified":"2023-02-07T16:45:20","modified_gmt":"2023-02-07T15:45:20","slug":"asaja-soria-celebro-una-jornada-enmarcada-dentro-del-40-aniversario-de-la-que-es-la-organizacion-profesional-agraria-lider-en-la-provincia","status":"publish","type":"post","link":"https:\/\/www.asajacyl.com\/soria\/asaja-soria-informa\/asaja-soria-celebro-una-jornada-enmarcada-dentro-del-40-aniversario-de-la-que-es-la-organizacion-profesional-agraria-lider-en-la-provincia","title":{"rendered":"ASAJA Soria celebr\u00f3 una jornada enmarcada dentro del 40 aniversario de la que es la organizaci\u00f3n profesional agraria l\u00edder en la provincia"},"content":{"rendered":"\n\n\n<h2><strong><em>La OPA sigue con su irrenunciable unidad de acci\u00f3n reivindicativa ante un futuro de complejos retos con los precios, la nueva PAC, el pago redistributivo y el contencioso por la prohibici\u00f3n de cosechar como protagonistas, en un c\u00f3nclave que congreg\u00f3 a centenares de ganaderos y agricultores en el sal\u00f3n de actos de la Delegaci\u00f3n Territorial de la Junta<\/em><\/strong><\/h2>\n<p>La Asociaci\u00f3n Agraria de J\u00f3venes Agricultores de Soria (ASAJA Soria) celebr\u00f3 el 26 de enero una jornada para conmemorar su cuadrag\u00e9simo aniversario esta ma\u00f1ana en el sal\u00f3n de actos de la Delegaci\u00f3n Territorial de la Junta de Castilla y Le\u00f3n en Soria.<\/p>\n<p>En la reuni\u00f3n qued\u00f3 patente que ASAJA Soria sigue siendo una organizaci\u00f3n l\u00edder. \u2018Defendemos la realidad de Soria\u2019 es el lema que m\u00e1s se repiti\u00f3, por ser el que se tiene siempre muy presente en todas las acciones reivindicativas y m\u00e1s ahora que el 12 de febrero son las elecciones del campo. A la vez, la junta directiva confes\u00f3 que seguir\u00e1 velando para que los asociados tengan la mejor defensa y los m\u00e1ximos respaldos posibles para continuar su labor diaria en el campo; todo ello con una nueva exhibici\u00f3n de unidad entre los cerca de 300 asistentes. El presidente nacional de ASAJA, Pedro Barato, y el m\u00e1ximo responsable de ASAJA de Castilla y Le\u00f3n, Donaciano Dujo, asistieron al acto, que estuvo encabezado por el presidente provincial, Carmelo G\u00f3mez.<\/p>\n<p><img loading=\"lazy\" decoding=\"async\" class=\"aligncenter size-full wp-image-6507\" src=\"https:\/\/www.asajacyl.com\/soria\/wp-content\/uploads\/sites\/9\/2023\/01\/IMG_7712.jpg\" alt=\"\" width=\"2500\" height=\"1875\" srcset=\"https:\/\/www.asajacyl.com\/soria\/wp-content\/uploads\/sites\/9\/2023\/01\/IMG_7712.jpg 2500w, https:\/\/www.asajacyl.com\/soria\/wp-content\/uploads\/sites\/9\/2023\/01\/IMG_7712-300x225.jpg 300w, https:\/\/www.asajacyl.com\/soria\/wp-content\/uploads\/sites\/9\/2023\/01\/IMG_7712-1024x768.jpg 1024w, https:\/\/www.asajacyl.com\/soria\/wp-content\/uploads\/sites\/9\/2023\/01\/IMG_7712-768x576.jpg 768w, https:\/\/www.asajacyl.com\/soria\/wp-content\/uploads\/sites\/9\/2023\/01\/IMG_7712-1536x1152.jpg 1536w, https:\/\/www.asajacyl.com\/soria\/wp-content\/uploads\/sites\/9\/2023\/01\/IMG_7712-2048x1536.jpg 2048w, https:\/\/www.asajacyl.com\/soria\/wp-content\/uploads\/sites\/9\/2023\/01\/IMG_7712-696x522.jpg 696w, https:\/\/www.asajacyl.com\/soria\/wp-content\/uploads\/sites\/9\/2023\/01\/IMG_7712-1068x801.jpg 1068w, https:\/\/www.asajacyl.com\/soria\/wp-content\/uploads\/sites\/9\/2023\/01\/IMG_7712-1920x1440.jpg 1920w, https:\/\/www.asajacyl.com\/soria\/wp-content\/uploads\/sites\/9\/2023\/01\/IMG_7712-560x420.jpg 560w, https:\/\/www.asajacyl.com\/soria\/wp-content\/uploads\/sites\/9\/2023\/01\/IMG_7712-80x60.jpg 80w\" sizes=\"(max-width: 2500px) 100vw, 2500px\" \/><\/p>\n<p><strong>Reconocimiento a los que estuvieron antes<\/strong><\/p>\n<p>En su intervenci\u00f3n inicial, G\u00f3mez destac\u00f3 que llegar a los 40 a\u00f1os con m\u00e1s de un millar de afiliados es algo muy relevante. G\u00f3mez agradeci\u00f3 el esfuerzo y el compromiso de todos quienes pusieron a andar la m\u00e1quina del sindicalismo agrario provincial y a los que han seguido despu\u00e9s apoyando las acciones combativas para lograr acuerdos y soluciones para ganaderos y agricultores. Record\u00f3 a Eulogio Morales, que en aquellos inicios estaba al frente UFADE (Uni\u00f3n de Federaciones Agrarias de Espa\u00f1a), y especialmente a quien fue el primer presidente de lo que ya se conoci\u00f3 como ASAJA, Jos\u00e9 Antonio de Miguel, y los que le siguieron despu\u00e9s, Gregorio Taranc\u00f3n y Leoncio Asensio. Todos ellos \u00abdecidieron llevarle la contraria a las administraciones que apuestan por el divide y vencer\u00e1s, y aqu\u00ed fue al rev\u00e9s, siempre con la convicci\u00f3n de que la uni\u00f3n hace la fuerza\u00bb, argument\u00f3 el actual presidente. Tambi\u00e9n alab\u00f3 la confianza de todos aquellos que se decantan por los t\u00e9cnicos de ASAJA a la hora de acometer sus gestiones relacionadas con el mundo agroganadero.<\/p>\n<p><img loading=\"lazy\" decoding=\"async\" class=\"aligncenter size-full wp-image-6505\" src=\"https:\/\/www.asajacyl.com\/soria\/wp-content\/uploads\/sites\/9\/2023\/01\/IMG_7641.jpg\" alt=\"\" width=\"2500\" height=\"1875\" srcset=\"https:\/\/www.asajacyl.com\/soria\/wp-content\/uploads\/sites\/9\/2023\/01\/IMG_7641.jpg 2500w, https:\/\/www.asajacyl.com\/soria\/wp-content\/uploads\/sites\/9\/2023\/01\/IMG_7641-300x225.jpg 300w, https:\/\/www.asajacyl.com\/soria\/wp-content\/uploads\/sites\/9\/2023\/01\/IMG_7641-1024x768.jpg 1024w, https:\/\/www.asajacyl.com\/soria\/wp-content\/uploads\/sites\/9\/2023\/01\/IMG_7641-768x576.jpg 768w, https:\/\/www.asajacyl.com\/soria\/wp-content\/uploads\/sites\/9\/2023\/01\/IMG_7641-1536x1152.jpg 1536w, https:\/\/www.asajacyl.com\/soria\/wp-content\/uploads\/sites\/9\/2023\/01\/IMG_7641-2048x1536.jpg 2048w, https:\/\/www.asajacyl.com\/soria\/wp-content\/uploads\/sites\/9\/2023\/01\/IMG_7641-696x522.jpg 696w, https:\/\/www.asajacyl.com\/soria\/wp-content\/uploads\/sites\/9\/2023\/01\/IMG_7641-1068x801.jpg 1068w, https:\/\/www.asajacyl.com\/soria\/wp-content\/uploads\/sites\/9\/2023\/01\/IMG_7641-1920x1440.jpg 1920w, https:\/\/www.asajacyl.com\/soria\/wp-content\/uploads\/sites\/9\/2023\/01\/IMG_7641-560x420.jpg 560w, https:\/\/www.asajacyl.com\/soria\/wp-content\/uploads\/sites\/9\/2023\/01\/IMG_7641-80x60.jpg 80w\" sizes=\"(max-width: 2500px) 100vw, 2500px\" \/><\/p>\n<p><strong>Pago redistributivo<\/strong><\/p>\n<p>Carmelo G\u00f3mez se refiri\u00f3 tambi\u00e9n a la PAC y asegur\u00f3 que ASAJA Soria va a seguir trabajando para que se reconozca la realidad del campo provincial y en ese esfuerzo est\u00e1 especialmente el de tumbar el mecanismo del pago redistributivo, que es muy lesivo para la estructura de explotaciones de Soria como ya fue en su momento la modulaci\u00f3n. Es un compromiso firme pelearlo, algo que tocar\u00e1 hacer en solitario. ASAJA Soria ya lo plante\u00f3 como una de las preocupaciones m\u00e1s importantes y mayor amenaza para nuestra provincia y, aunque que se han mejorado los proyectos iniciales del Ministerio, por desgracia la normativa publicada confirma que no ser\u00e1n menos de 30 millones de euros las p\u00e9rdidas en el periodo de la nueva PAC\u201d.<\/p>\n<p>Para G\u00f3mez, a esto hay que a\u00f1adir que \u201clo peor es que eso lo perder\u00e1n los profesionales. Quiz\u00e1 ahora otras opas expliquen en las charlas que den por los pueblos por qu\u00e9 se va a meter as\u00ed la mano en el bolsillo a los agricultores, como m\u00ednimo el montante de una PAC entera entre 2023 y 2027\u201d. Adem\u00e1s, el presidente provincial de ASAJA afirm\u00f3 que \u201calgunos dir\u00e1n que siempre se puede hacer m\u00e1s, pero lo que no se puede discutir es que somos los que m\u00e1s hemos hecho, peleado, convocado y reivindicado ante todos y en toda clase de foros y gobernando cualquier partido pol\u00edtico, adem\u00e1s de litigado con todos los poderes p\u00fablicos; o especialmente en solitario con la opini\u00f3n p\u00fablica, sobre todo con sectores, asociaciones o grupos ambientalistas, animalistas, etc\u00e9tera\u201d.<\/p>\n<p>Por \u00faltimo, G\u00f3mez quiso dejar bien claro que \u201cotros de una organizaci\u00f3n han hecho tres o cuatro o ni se sabe&#8230;En nuestro caso fue al rev\u00e9s, llevamos muchas d\u00e9cadas siendo una asociaci\u00f3n unida. Por otra parte, no se puede defender nuestra verdad si la organizaci\u00f3n profesional no es nuestra y ASAJA Soria lo es. Lo es de sus socios y de su esfuerzo. No debemos nada a nadie; podemos estar orgullosos de ello\u201d.<\/p>\n<p><strong>Dujo: \u00abEl voto es una herramienta que se mete en una urna para luego trabajar en libertad\u00bb<\/strong><\/p>\n<p>Por su parte, el presidente de ASAJA de Castilla y Le\u00f3n, Donaciano Dujo, abord\u00f3 muchos asuntos de gran inter\u00e9s para la actualidad del campo y dijo que la PAC es \u201cmucho ruido pero cada vez menos dinero. Nada profesional, nada productiva. Castiga a las mejores explotaciones\u201d. Tambi\u00e9n dio un dato muy significativo: \u201cSoria no se merece tener solamente un 5 por ciento de regad\u00edo. Si se cumpliera la media de Espa\u00f1a habr\u00eda 90.000 y no 15.000 hect\u00e1reas de regad\u00edo en esta provincia, y eso ser\u00edan puestos de trabajo y m\u00e1s poblaci\u00f3n\u201d.<\/p>\n<p>Posteriormente se centr\u00f3 en el proceso electoral que culmina el 12 de febrero con las votaciones presenciales. \u201cEs un orgullo venir a Soria, da gusto hablar con los profesionales del sector y las votaciones son vitales para seguir teniendo voz y poder de representaci\u00f3n ante las administraciones. Y ya no solamente es votar por uno mismo, es que es una herramienta que se mete en una urna para luego trabajar en libertad en este sector, para que nuestros hijos se sientan tan orgullosos como nosotros lo estamos de nuestros padres y de los que fundaron esta organizaci\u00f3n en defensa del campo\u201d, asegur\u00f3 el presidente regional de ASAJA.<\/p>\n<p><img loading=\"lazy\" decoding=\"async\" class=\"aligncenter size-full wp-image-6506\" src=\"https:\/\/www.asajacyl.com\/soria\/wp-content\/uploads\/sites\/9\/2023\/01\/IMG_7674.jpg\" alt=\"\" width=\"2500\" height=\"1875\" srcset=\"https:\/\/www.asajacyl.com\/soria\/wp-content\/uploads\/sites\/9\/2023\/01\/IMG_7674.jpg 2500w, https:\/\/www.asajacyl.com\/soria\/wp-content\/uploads\/sites\/9\/2023\/01\/IMG_7674-300x225.jpg 300w, https:\/\/www.asajacyl.com\/soria\/wp-content\/uploads\/sites\/9\/2023\/01\/IMG_7674-1024x768.jpg 1024w, https:\/\/www.asajacyl.com\/soria\/wp-content\/uploads\/sites\/9\/2023\/01\/IMG_7674-768x576.jpg 768w, https:\/\/www.asajacyl.com\/soria\/wp-content\/uploads\/sites\/9\/2023\/01\/IMG_7674-1536x1152.jpg 1536w, https:\/\/www.asajacyl.com\/soria\/wp-content\/uploads\/sites\/9\/2023\/01\/IMG_7674-2048x1536.jpg 2048w, https:\/\/www.asajacyl.com\/soria\/wp-content\/uploads\/sites\/9\/2023\/01\/IMG_7674-696x522.jpg 696w, https:\/\/www.asajacyl.com\/soria\/wp-content\/uploads\/sites\/9\/2023\/01\/IMG_7674-1068x801.jpg 1068w, https:\/\/www.asajacyl.com\/soria\/wp-content\/uploads\/sites\/9\/2023\/01\/IMG_7674-1920x1440.jpg 1920w, https:\/\/www.asajacyl.com\/soria\/wp-content\/uploads\/sites\/9\/2023\/01\/IMG_7674-560x420.jpg 560w, https:\/\/www.asajacyl.com\/soria\/wp-content\/uploads\/sites\/9\/2023\/01\/IMG_7674-80x60.jpg 80w\" sizes=\"(max-width: 2500px) 100vw, 2500px\" \/><\/p>\n<p><strong>Barato: \u00abEsta PAC no es la que necesita Soria\u00bb<\/strong><\/p>\n<p>La clausura corri\u00f3 a cargo del presidente nacional de ASAJA, Pedro Barato, quien manifest\u00f3 que estar en Soria para \u00e9l es como estar en casa, por muchos motivos y por tener muchas an\u00e9cdotas de su vida que guardan relaci\u00f3n con esta tierra, y confes\u00f3 que \u201chay que reconocer a nuestra gente, a los presidentes y a todos los responsables de las juntas directivas, que han conformado esta organizaci\u00f3n desde hace cuatro d\u00e9cadas, y a los t\u00e9cnicos, desde el gerente hasta el \u00faltimo chico joven que ha entrado a trabajar ayer\u201d. A continuaci\u00f3n habl\u00f3 de las diferencias con otros y dijo: \u201cNosotros hemos llegado a acuerdos con todos, nunca hemos pedido un carn\u00e9 pol\u00edtico para entrar en ASAJA. Somos los \u00fanicos que tenemos oficina permanente en Bruselas desde el principio. Y pagada por los socios. Somos los que de verdad nos oponemos al pago redistributivo, los que hemos estado a las puertas de la Comisi\u00f3n Europea para decir no a esta PAC\u201d.<\/p>\n<p><img loading=\"lazy\" decoding=\"async\" class=\"aligncenter size-full wp-image-6508\" src=\"https:\/\/www.asajacyl.com\/soria\/wp-content\/uploads\/sites\/9\/2023\/01\/IMG_S7706.jpg\" alt=\"\" width=\"2500\" height=\"1877\" srcset=\"https:\/\/www.asajacyl.com\/soria\/wp-content\/uploads\/sites\/9\/2023\/01\/IMG_S7706.jpg 2500w, https:\/\/www.asajacyl.com\/soria\/wp-content\/uploads\/sites\/9\/2023\/01\/IMG_S7706-300x225.jpg 300w, https:\/\/www.asajacyl.com\/soria\/wp-content\/uploads\/sites\/9\/2023\/01\/IMG_S7706-1024x769.jpg 1024w, https:\/\/www.asajacyl.com\/soria\/wp-content\/uploads\/sites\/9\/2023\/01\/IMG_S7706-768x577.jpg 768w, https:\/\/www.asajacyl.com\/soria\/wp-content\/uploads\/sites\/9\/2023\/01\/IMG_S7706-1536x1153.jpg 1536w, https:\/\/www.asajacyl.com\/soria\/wp-content\/uploads\/sites\/9\/2023\/01\/IMG_S7706-2048x1538.jpg 2048w, https:\/\/www.asajacyl.com\/soria\/wp-content\/uploads\/sites\/9\/2023\/01\/IMG_S7706-696x523.jpg 696w, https:\/\/www.asajacyl.com\/soria\/wp-content\/uploads\/sites\/9\/2023\/01\/IMG_S7706-1068x802.jpg 1068w, https:\/\/www.asajacyl.com\/soria\/wp-content\/uploads\/sites\/9\/2023\/01\/IMG_S7706-1920x1442.jpg 1920w, https:\/\/www.asajacyl.com\/soria\/wp-content\/uploads\/sites\/9\/2023\/01\/IMG_S7706-559x420.jpg 559w, https:\/\/www.asajacyl.com\/soria\/wp-content\/uploads\/sites\/9\/2023\/01\/IMG_S7706-80x60.jpg 80w\" sizes=\"(max-width: 2500px) 100vw, 2500px\" \/><\/p>\n<p>A la vez, asever\u00f3 que \u201chay que votar porque vale para mucho. La representatividad est\u00e1 en las urnas, para poder luchar libremente por nuestras explotaciones y no depender de nadie, como les pasa a otros\u201d.<\/p>\n<p>Barato repas\u00f3 la situaci\u00f3n de precios y del mercado y sobre la PAC dijo que \u201c no es la que necesita Soria. Es mala. No hay que ir contra nadie pero tiene que haber discriminaci\u00f3n positiva para los verdaderos profesionales. No puede ser adem\u00e1s que nos pidan hacer mucho m\u00e1s para cobrar menos\u201d. El presidente nacional insisti\u00f3 en que la PAC trae mucho enredo y record\u00f3 que hasta el comisario de Agricultura ha dicho que \u201chace falta m\u00e1s dinero y menos trabas\u201d.<\/p>\n<p>Tambi\u00e9n tuvo palabras muy afectuosas y de reconocimiento personal a Carmelo G\u00f3mez. Del presidente de ASAJA Soria apunt\u00f3 que \u201cle tengo un cari\u00f1o y un respeto m\u00e1s all\u00e1 de lo profesional. Siempre con \u00e9l ha habido una relaci\u00f3n sincera y Carmelo es muy de decirte: esto es lo que quiero y as\u00ed lo quiero. Sin palmaditas en la espalda y con la verdad por delante siempre\u201d.<\/p>\n<p>Barato concluy\u00f3 su alocuci\u00f3n con unas palabras acerca de la defensa del campo que levantaron una gran ovaci\u00f3n: \u201cSed razonables y pedid lo imposible. Porque si no no conseguir\u00e9is nada o ser\u00e1 poco\u201d.<\/p>\n<p><img loading=\"lazy\" decoding=\"async\" class=\"aligncenter size-full wp-image-6504\" src=\"https:\/\/www.asajacyl.com\/soria\/wp-content\/uploads\/sites\/9\/2023\/01\/IMG_7629.jpg\" alt=\"\" width=\"2500\" height=\"1875\" srcset=\"https:\/\/www.asajacyl.com\/soria\/wp-content\/uploads\/sites\/9\/2023\/01\/IMG_7629.jpg 2500w, https:\/\/www.asajacyl.com\/soria\/wp-content\/uploads\/sites\/9\/2023\/01\/IMG_7629-300x225.jpg 300w, https:\/\/www.asajacyl.com\/soria\/wp-content\/uploads\/sites\/9\/2023\/01\/IMG_7629-1024x768.jpg 1024w, https:\/\/www.asajacyl.com\/soria\/wp-content\/uploads\/sites\/9\/2023\/01\/IMG_7629-768x576.jpg 768w, https:\/\/www.asajacyl.com\/soria\/wp-content\/uploads\/sites\/9\/2023\/01\/IMG_7629-1536x1152.jpg 1536w, https:\/\/www.asajacyl.com\/soria\/wp-content\/uploads\/sites\/9\/2023\/01\/IMG_7629-2048x1536.jpg 2048w, https:\/\/www.asajacyl.com\/soria\/wp-content\/uploads\/sites\/9\/2023\/01\/IMG_7629-696x522.jpg 696w, https:\/\/www.asajacyl.com\/soria\/wp-content\/uploads\/sites\/9\/2023\/01\/IMG_7629-1068x801.jpg 1068w, https:\/\/www.asajacyl.com\/soria\/wp-content\/uploads\/sites\/9\/2023\/01\/IMG_7629-1920x1440.jpg 1920w, https:\/\/www.asajacyl.com\/soria\/wp-content\/uploads\/sites\/9\/2023\/01\/IMG_7629-560x420.jpg 560w, https:\/\/www.asajacyl.com\/soria\/wp-content\/uploads\/sites\/9\/2023\/01\/IMG_7629-80x60.jpg 80w\" sizes=\"(max-width: 2500px) 100vw, 2500px\" \/><\/p>\n","protected":false},"excerpt":{"rendered":"<p>La OPA sigue con su irrenunciable unidad de acci\u00f3n reivindicativa ante un futuro de complejos retos con los precios, la nueva PAC, el pago redistributivo y el contencioso por la prohibici\u00f3n de cosechar como protagonistas, en un c\u00f3nclave que congreg\u00f3 a centenares de ganaderos y agricultores en el sal\u00f3n de actos de la Delegaci\u00f3n Territorial [&hellip;]<\/p>\n","protected":false},"author":12,"featured_media":6513,"comment_status":"open","ping_status":"open","sticky":false,"template":"","format":"standard","meta":{"footnotes":""},"categories":[10,25],"tags":[],"yoast_head":"<!-- This site is optimized with the Yoast SEO plugin v24.5 - https:\/\/yoast.com\/wordpress\/plugins\/seo\/ -->\n<title>ASAJA Soria celebr\u00f3 una jornada enmarcada dentro del 40 aniversario de la que es la organizaci\u00f3n profesional agraria l\u00edder en la provincia - ASAJA Soria<\/title>\n<meta name=\"description\" content=\"La OPA sigue con su irrenunciable unidad de acci\u00f3n reivindicativa ante un futuro de complejos retos con los precios, la nueva PAC, el pago redistributivo\" \/>\n<meta name=\"robots\" content=\"index, follow, max-snippet:-1, max-image-preview:large, max-video-preview:-1\" \/>\n<link rel=\"canonical\" href=\"https:\/\/www.asajacyl.com\/soria\/asaja-soria-informa\/asaja-soria-celebro-una-jornada-enmarcada-dentro-del-40-aniversario-de-la-que-es-la-organizacion-profesional-agraria-lider-en-la-provincia\" \/>\n<meta property=\"og:locale\" content=\"es_ES\" \/>\n<meta property=\"og:type\" content=\"article\" \/>\n<meta property=\"og:title\" content=\"ASAJA Soria celebr\u00f3 una jornada enmarcada dentro del 40 aniversario de la que es la organizaci\u00f3n profesional agraria l\u00edder en la provincia - ASAJA Soria\" \/>\n<meta property=\"og:description\" content=\"La OPA sigue con su irrenunciable unidad de acci\u00f3n reivindicativa ante un futuro de complejos retos con los precios, la nueva PAC, el pago redistributivo\" \/>\n<meta property=\"og:url\" content=\"https:\/\/www.asajacyl.com\/soria\/asaja-soria-informa\/asaja-soria-celebro-una-jornada-enmarcada-dentro-del-40-aniversario-de-la-que-es-la-organizacion-profesional-agraria-lider-en-la-provincia\" \/>\n<meta property=\"og:site_name\" content=\"ASAJA Soria\" \/>\n<meta property=\"article:published_time\" content=\"2023-01-26T16:18:56+00:00\" \/>\n<meta property=\"article:modified_time\" content=\"2023-02-07T15:45:20+00:00\" \/>\n<meta property=\"og:image\" content=\"https:\/\/www.asajacyl.com\/soria\/wp-content\/uploads\/sites\/9\/2023\/01\/IMG_7650.jpg\" \/>\n\t<meta property=\"og:image:width\" content=\"2500\" \/>\n\t<meta property=\"og:image:height\" content=\"1875\" \/>\n\t<meta property=\"og:image:type\" content=\"image\/jpeg\" \/>\n<meta name=\"author\" content=\"Juan Ignacio Prieto Nieto\" \/>\n<meta name=\"twitter:card\" content=\"summary_large_image\" \/>\n<meta name=\"twitter:label1\" content=\"Escrito por\" \/>\n\t<meta name=\"twitter:data1\" content=\"Juan Ignacio Prieto Nieto\" \/>\n\t<meta name=\"twitter:label2\" content=\"Tiempo de lectura\" \/>\n\t<meta name=\"twitter:data2\" content=\"8 minutos\" \/>\n<script type=\"application\/ld+json\" class=\"yoast-schema-graph\">{\"@context\":\"https:\/\/schema.org\",\"@graph\":[{\"@type\":\"WebPage\",\"@id\":\"https:\/\/www.asajacyl.com\/soria\/asaja-soria-informa\/asaja-soria-celebro-una-jornada-enmarcada-dentro-del-40-aniversario-de-la-que-es-la-organizacion-profesional-agraria-lider-en-la-provincia\",\"url\":\"https:\/\/www.asajacyl.com\/soria\/asaja-soria-informa\/asaja-soria-celebro-una-jornada-enmarcada-dentro-del-40-aniversario-de-la-que-es-la-organizacion-profesional-agraria-lider-en-la-provincia\",\"name\":\"ASAJA Soria celebr\u00f3 una jornada enmarcada dentro del 40 aniversario de la que es la organizaci\u00f3n profesional agraria l\u00edder en la provincia - ASAJA Soria\",\"isPartOf\":{\"@id\":\"https:\/\/www.asajacyl.com\/soria\/#website\"},\"primaryImageOfPage\":{\"@id\":\"https:\/\/www.asajacyl.com\/soria\/asaja-soria-informa\/asaja-soria-celebro-una-jornada-enmarcada-dentro-del-40-aniversario-de-la-que-es-la-organizacion-profesional-agraria-lider-en-la-provincia#primaryimage\"},\"image\":{\"@id\":\"https:\/\/www.asajacyl.com\/soria\/asaja-soria-informa\/asaja-soria-celebro-una-jornada-enmarcada-dentro-del-40-aniversario-de-la-que-es-la-organizacion-profesional-agraria-lider-en-la-provincia#primaryimage\"},\"thumbnailUrl\":\"https:\/\/www.asajacyl.com\/soria\/wp-content\/uploads\/sites\/9\/2023\/01\/IMG_7650.jpg\",\"datePublished\":\"2023-01-26T16:18:56+00:00\",\"dateModified\":\"2023-02-07T15:45:20+00:00\",\"author\":{\"@id\":\"https:\/\/www.asajacyl.com\/soria\/#\/schema\/person\/fd3081c40255119ce8133b87e6aedfab\"},\"description\":\"La OPA sigue con su irrenunciable unidad de acci\u00f3n reivindicativa ante un futuro de complejos retos con los precios, la nueva PAC, el pago redistributivo\",\"breadcrumb\":{\"@id\":\"https:\/\/www.asajacyl.com\/soria\/asaja-soria-informa\/asaja-soria-celebro-una-jornada-enmarcada-dentro-del-40-aniversario-de-la-que-es-la-organizacion-profesional-agraria-lider-en-la-provincia#breadcrumb\"},\"inLanguage\":\"es\",\"potentialAction\":[{\"@type\":\"ReadAction\",\"target\":[\"https:\/\/www.asajacyl.com\/soria\/asaja-soria-informa\/asaja-soria-celebro-una-jornada-enmarcada-dentro-del-40-aniversario-de-la-que-es-la-organizacion-profesional-agraria-lider-en-la-provincia\"]}]},{\"@type\":\"ImageObject\",\"inLanguage\":\"es\",\"@id\":\"https:\/\/www.asajacyl.com\/soria\/asaja-soria-informa\/asaja-soria-celebro-una-jornada-enmarcada-dentro-del-40-aniversario-de-la-que-es-la-organizacion-profesional-agraria-lider-en-la-provincia#primaryimage\",\"url\":\"https:\/\/www.asajacyl.com\/soria\/wp-content\/uploads\/sites\/9\/2023\/01\/IMG_7650.jpg\",\"contentUrl\":\"https:\/\/www.asajacyl.com\/soria\/wp-content\/uploads\/sites\/9\/2023\/01\/IMG_7650.jpg\",\"width\":2500,\"height\":1875},{\"@type\":\"BreadcrumbList\",\"@id\":\"https:\/\/www.asajacyl.com\/soria\/asaja-soria-informa\/asaja-soria-celebro-una-jornada-enmarcada-dentro-del-40-aniversario-de-la-que-es-la-organizacion-profesional-agraria-lider-en-la-provincia#breadcrumb\",\"itemListElement\":[{\"@type\":\"ListItem\",\"position\":1,\"name\":\"Portada\",\"item\":\"https:\/\/www.asajacyl.com\/soria\/\"},{\"@type\":\"ListItem\",\"position\":2,\"name\":\"ASAJA Soria celebr\u00f3 una jornada enmarcada dentro del 40 aniversario de la que es la organizaci\u00f3n profesional agraria l\u00edder en la provincia\"}]},{\"@type\":\"WebSite\",\"@id\":\"https:\/\/www.asajacyl.com\/soria\/#website\",\"url\":\"https:\/\/www.asajacyl.com\/soria\/\",\"name\":\"ASAJA Soria\",\"description\":\"Otro sitio m\u00e1s de Provincias ASAJA Castilla y Le\u00f3n\",\"potentialAction\":[{\"@type\":\"SearchAction\",\"target\":{\"@type\":\"EntryPoint\",\"urlTemplate\":\"https:\/\/www.asajacyl.com\/soria\/?s={search_term_string}\"},\"query-input\":{\"@type\":\"PropertyValueSpecification\",\"valueRequired\":true,\"valueName\":\"search_term_string\"}}],\"inLanguage\":\"es\"},{\"@type\":\"Person\",\"@id\":\"https:\/\/www.asajacyl.com\/soria\/#\/schema\/person\/fd3081c40255119ce8133b87e6aedfab\",\"name\":\"Juan Ignacio Prieto Nieto\",\"image\":{\"@type\":\"ImageObject\",\"inLanguage\":\"es\",\"@id\":\"https:\/\/www.asajacyl.com\/soria\/#\/schema\/person\/image\/\",\"url\":\"https:\/\/secure.gravatar.com\/avatar\/8266b36e4d9001acb4700699a2468dc8?s=96&d=mm&r=g\",\"contentUrl\":\"https:\/\/secure.gravatar.com\/avatar\/8266b36e4d9001acb4700699a2468dc8?s=96&d=mm&r=g\",\"caption\":\"Juan Ignacio Prieto Nieto\"},\"url\":\"https:\/\/www.asajacyl.com\/soria\/author\/juanfranciscoby\"}]}<\/script>\n<!-- \/ Yoast SEO plugin. -->","yoast_head_json":{"title":"ASAJA Soria celebr\u00f3 una jornada enmarcada dentro del 40 aniversario de la que es la organizaci\u00f3n profesional agraria l\u00edder en la provincia - ASAJA Soria","description":"La OPA sigue con su irrenunciable unidad de acci\u00f3n reivindicativa ante un futuro de complejos retos con los precios, la nueva PAC, el pago redistributivo","robots":{"index":"index","follow":"follow","max-snippet":"max-snippet:-1","max-image-preview":"max-image-preview:large","max-video-preview":"max-video-preview:-1"},"canonical":"https:\/\/www.asajacyl.com\/soria\/asaja-soria-informa\/asaja-soria-celebro-una-jornada-enmarcada-dentro-del-40-aniversario-de-la-que-es-la-organizacion-profesional-agraria-lider-en-la-provincia","og_locale":"es_ES","og_type":"article","og_title":"ASAJA Soria celebr\u00f3 una jornada enmarcada dentro del 40 aniversario de la que es la organizaci\u00f3n profesional agraria l\u00edder en la provincia - ASAJA Soria","og_description":"La OPA sigue con su irrenunciable unidad de acci\u00f3n reivindicativa ante un futuro de complejos retos con los precios, la nueva PAC, el pago redistributivo","og_url":"https:\/\/www.asajacyl.com\/soria\/asaja-soria-informa\/asaja-soria-celebro-una-jornada-enmarcada-dentro-del-40-aniversario-de-la-que-es-la-organizacion-profesional-agraria-lider-en-la-provincia","og_site_name":"ASAJA Soria","article_published_time":"2023-01-26T16:18:56+00:00","article_modified_time":"2023-02-07T15:45:20+00:00","og_image":[{"width":2500,"height":1875,"url":"https:\/\/www.asajacyl.com\/soria\/wp-content\/uploads\/sites\/9\/2023\/01\/IMG_7650.jpg","type":"image\/jpeg"}],"author":"Juan Ignacio Prieto Nieto","twitter_card":"summary_large_image","twitter_misc":{"Escrito por":"Juan Ignacio Prieto Nieto","Tiempo de lectura":"8 minutos"},"schema":{"@context":"https:\/\/schema.org","@graph":[{"@type":"WebPage","@id":"https:\/\/www.asajacyl.com\/soria\/asaja-soria-informa\/asaja-soria-celebro-una-jornada-enmarcada-dentro-del-40-aniversario-de-la-que-es-la-organizacion-profesional-agraria-lider-en-la-provincia","url":"https:\/\/www.asajacyl.com\/soria\/asaja-soria-informa\/asaja-soria-celebro-una-jornada-enmarcada-dentro-del-40-aniversario-de-la-que-es-la-organizacion-profesional-agraria-lider-en-la-provincia","name":"ASAJA Soria celebr\u00f3 una jornada enmarcada dentro del 40 aniversario de la que es la organizaci\u00f3n profesional agraria l\u00edder en la provincia - ASAJA Soria","isPartOf":{"@id":"https:\/\/www.asajacyl.com\/soria\/#website"},"primaryImageOfPage":{"@id":"https:\/\/www.asajacyl.com\/soria\/asaja-soria-informa\/asaja-soria-celebro-una-jornada-enmarcada-dentro-del-40-aniversario-de-la-que-es-la-organizacion-profesional-agraria-lider-en-la-provincia#primaryimage"},"image":{"@id":"https:\/\/www.asajacyl.com\/soria\/asaja-soria-informa\/asaja-soria-celebro-una-jornada-enmarcada-dentro-del-40-aniversario-de-la-que-es-la-organizacion-profesional-agraria-lider-en-la-provincia#primaryimage"},"thumbnailUrl":"https:\/\/www.asajacyl.com\/soria\/wp-content\/uploads\/sites\/9\/2023\/01\/IMG_7650.jpg","datePublished":"2023-01-26T16:18:56+00:00","dateModified":"2023-02-07T15:45:20+00:00","author":{"@id":"https:\/\/www.asajacyl.com\/soria\/#\/schema\/person\/fd3081c40255119ce8133b87e6aedfab"},"description":"La OPA sigue con su irrenunciable unidad de acci\u00f3n reivindicativa ante un futuro de complejos retos con los precios, la nueva PAC, el pago redistributivo","breadcrumb":{"@id":"https:\/\/www.asajacyl.com\/soria\/asaja-soria-informa\/asaja-soria-celebro-una-jornada-enmarcada-dentro-del-40-aniversario-de-la-que-es-la-organizacion-profesional-agraria-lider-en-la-provincia#breadcrumb"},"inLanguage":"es","potentialAction":[{"@type":"ReadAction","target":["https:\/\/www.asajacyl.com\/soria\/asaja-soria-informa\/asaja-soria-celebro-una-jornada-enmarcada-dentro-del-40-aniversario-de-la-que-es-la-organizacion-profesional-agraria-lider-en-la-provincia"]}]},{"@type":"ImageObject","inLanguage":"es","@id":"https:\/\/www.asajacyl.com\/soria\/asaja-soria-informa\/asaja-soria-celebro-una-jornada-enmarcada-dentro-del-40-aniversario-de-la-que-es-la-organizacion-profesional-agraria-lider-en-la-provincia#primaryimage","url":"https:\/\/www.asajacyl.com\/soria\/wp-content\/uploads\/sites\/9\/2023\/01\/IMG_7650.jpg","contentUrl":"https:\/\/www.asajacyl.com\/soria\/wp-content\/uploads\/sites\/9\/2023\/01\/IMG_7650.jpg","width":2500,"height":1875},{"@type":"BreadcrumbList","@id":"https:\/\/www.asajacyl.com\/soria\/asaja-soria-informa\/asaja-soria-celebro-una-jornada-enmarcada-dentro-del-40-aniversario-de-la-que-es-la-organizacion-profesional-agraria-lider-en-la-provincia#breadcrumb","itemListElement":[{"@type":"ListItem","position":1,"name":"Portada","item":"https:\/\/www.asajacyl.com\/soria\/"},{"@type":"ListItem","position":2,"name":"ASAJA Soria celebr\u00f3 una jornada enmarcada dentro del 40 aniversario de la que es la organizaci\u00f3n profesional agraria l\u00edder en la provincia"}]},{"@type":"WebSite","@id":"https:\/\/www.asajacyl.com\/soria\/#website","url":"https:\/\/www.asajacyl.com\/soria\/","name":"ASAJA Soria","description":"Otro sitio m\u00e1s de Provincias ASAJA Castilla y Le\u00f3n","potentialAction":[{"@type":"SearchAction","target":{"@type":"EntryPoint","urlTemplate":"https:\/\/www.asajacyl.com\/soria\/?s={search_term_string}"},"query-input":{"@type":"PropertyValueSpecification","valueRequired":true,"valueName":"search_term_string"}}],"inLanguage":"es"},{"@type":"Person","@id":"https:\/\/www.asajacyl.com\/soria\/#\/schema\/person\/fd3081c40255119ce8133b87e6aedfab","name":"Juan Ignacio Prieto Nieto","image":{"@type":"ImageObject","inLanguage":"es","@id":"https:\/\/www.asajacyl.com\/soria\/#\/schema\/person\/image\/","url":"https:\/\/secure.gravatar.com\/avatar\/8266b36e4d9001acb4700699a2468dc8?s=96&d=mm&r=g","contentUrl":"https:\/\/secure.gravatar.com\/avatar\/8266b36e4d9001acb4700699a2468dc8?s=96&d=mm&r=g","caption":"Juan Ignacio Prieto Nieto"},"url":"https:\/\/www.asajacyl.com\/soria\/author\/juanfranciscoby"}]}},"_links":{"self":[{"href":"https:\/\/www.asajacyl.com\/soria\/wp-json\/wp\/v2\/posts\/6503"}],"collection":[{"href":"https:\/\/www.asajacyl.com\/soria\/wp-json\/wp\/v2\/posts"}],"about":[{"href":"https:\/\/www.asajacyl.com\/soria\/wp-json\/wp\/v2\/types\/post"}],"author":[{"embeddable":true,"href":"https:\/\/www.asajacyl.com\/soria\/wp-json\/wp\/v2\/users\/12"}],"replies":[{"embeddable":true,"href":"https:\/\/www.asajacyl.com\/soria\/wp-json\/wp\/v2\/comments?post=6503"}],"version-history":[{"count":3,"href":"https:\/\/www.asajacyl.com\/soria\/wp-json\/wp\/v2\/posts\/6503\/revisions"}],"predecessor-version":[{"id":6516,"href":"https:\/\/www.asajacyl.com\/soria\/wp-json\/wp\/v2\/posts\/6503\/revisions\/6516"}],"wp:featuredmedia":[{"embeddable":true,"href":"https:\/\/www.asajacyl.com\/soria\/wp-json\/wp\/v2\/media\/6513"}],"wp:attachment":[{"href":"https:\/\/www.asajacyl.com\/soria\/wp-json\/wp\/v2\/media?parent=6503"}],"wp:term":[{"taxonomy":"category","embeddable":true,"href":"https:\/\/www.asajacyl.com\/soria\/wp-json\/wp\/v2\/categories?post=6503"},{"taxonomy":"post_tag","embeddable":true,"href":"https:\/\/www.asajacyl.com\/soria\/wp-json\/wp\/v2\/tags?post=6503"}],"curies":[{"name":"wp","href":"https:\/\/api.w.org\/{rel}","templated":true}]}}