{"id":6525,"date":"2023-02-02T10:34:06","date_gmt":"2023-02-02T09:34:06","guid":{"rendered":"https:\/\/www.asajacyl.com\/soria\/?p=6525"},"modified":"2023-02-12T19:28:37","modified_gmt":"2023-02-12T18:28:37","slug":"el-fega-pone-en-marcha-el-sigpac-para-la-nueva-pac","status":"publish","type":"post","link":"https:\/\/www.asajacyl.com\/soria\/asaja-soria-informa\/el-fega-pone-en-marcha-el-sigpac-para-la-nueva-pac","title":{"rendered":"<strong>EL FEGA PONE EN MARCHA EL SIGPAC PARA LA NUEVA PAC<\/strong>"},"content":{"rendered":"\n\n\n<h2><strong><em>ASAJA Soria, contraria a las zonas de protecci\u00f3n<\/em><\/strong><\/h2>\n<p>Desde este momento ya se puede consultar, a trav\u00e9s del Visor y del servicio WMS del SIGPAC nacional, la cach\u00e9 de la campa\u00f1a 2023\u00a0en base a la cual se deber\u00e1n declarar las superficies en el contexto de la Solicitud \u00danica de Ayudas de la Pol\u00edtica Agr\u00edcola Com\u00fan, cuyo periodo de captura comienza este a\u00f1o un mes m\u00e1s tarde por la entrada de la nueva PAC, el 1 de marzo.<\/p>\n<p>El Sistema de Informaci\u00f3n Geogr\u00e1fica de Parcelas Agr\u00edcolas,\u00a0SIGPAC, que arranc\u00f3 su puesta en marcha en el a\u00f1o 2000, con la publicaci\u00f3n del Reglamento (CE) 1593\/2000, permite identificar geogr\u00e1ficamente las parcelas declaradas por los agricultores y ganaderos, en cualquier r\u00e9gimen de ayudas relacionado con la superficie cultivada o aprovechada por el ganado.<\/p>\n<p><img loading=\"lazy\" decoding=\"async\" class=\"aligncenter size-full wp-image-6527\" src=\"https:\/\/www.asajacyl.com\/soria\/wp-content\/uploads\/sites\/9\/2023\/02\/foto137.jpg\" alt=\"\" width=\"1722\" height=\"759\" srcset=\"https:\/\/www.asajacyl.com\/soria\/wp-content\/uploads\/sites\/9\/2023\/02\/foto137.jpg 1722w, https:\/\/www.asajacyl.com\/soria\/wp-content\/uploads\/sites\/9\/2023\/02\/foto137-300x132.jpg 300w, https:\/\/www.asajacyl.com\/soria\/wp-content\/uploads\/sites\/9\/2023\/02\/foto137-1024x451.jpg 1024w, https:\/\/www.asajacyl.com\/soria\/wp-content\/uploads\/sites\/9\/2023\/02\/foto137-768x339.jpg 768w, https:\/\/www.asajacyl.com\/soria\/wp-content\/uploads\/sites\/9\/2023\/02\/foto137-1536x677.jpg 1536w, https:\/\/www.asajacyl.com\/soria\/wp-content\/uploads\/sites\/9\/2023\/02\/foto137-696x307.jpg 696w, https:\/\/www.asajacyl.com\/soria\/wp-content\/uploads\/sites\/9\/2023\/02\/foto137-1068x471.jpg 1068w, https:\/\/www.asajacyl.com\/soria\/wp-content\/uploads\/sites\/9\/2023\/02\/foto137-953x420.jpg 953w\" sizes=\"(max-width: 1722px) 100vw, 1722px\" \/><\/p>\n<p><strong><em>Manifestaci\u00f3n en el a\u00f1o de la puesta en marcha del SIGPAC, que trajo muchos problemas derivados de errores en el parcelario.<\/em><\/strong><\/p>\n<p>Concebido inicialmente por las administraciones con el prop\u00f3sito de facilitar a los agricultores la presentaci\u00f3n de solicitudes, con soporte gr\u00e1fico, as\u00ed como para facilitar los controles administrativos y sobre el terreno, el SIGPAC se ha convertido en la herramienta primordial para la gesti\u00f3n y el control de la PAC de agricultores y ganaderos.<\/p>\n<p>A lo largo de estos a\u00f1os este sistema se ha venido complicando, seg\u00fan ASAJA Soria, con la creaci\u00f3n y carga de nuevas capas de informaci\u00f3n seg\u00fan los diferentes aspectos de la PAC que nuestras administraciones quieren controlar.<\/p>\n<p>Una de estas capas, y que es novedad para la nueva PAC de 2023, es la que define las franjas de protecci\u00f3n relacionadas con los cauces y que desde la OPA provincial se ve\u00eda con mucha preocupaci\u00f3n, lo que origin\u00f3 que ante las versiones preliminares la organizaci\u00f3n se dirigiera a los \u00f3rganos competentes de las diferentes administraciones para tratar de poner raz\u00f3n en la confecci\u00f3n de esta capa.<\/p>\n<p>Aunque la publicaci\u00f3n del FEGA reconoce textualmente a trav\u00e9s de una nota en la ficha correspondiente que \u201cEsta capa 2023 representa una primera versi\u00f3n de la misma y su publicaci\u00f3n permitir\u00e1 adem\u00e1s ir depurando y consolidando su informaci\u00f3n, actualmente provisional\u201d, ASAJA Soria, aunque ya se ha manifestado contraria a la BCAM 4 y al desarrollo de esta capa, reconoce que de momento la versi\u00f3n inicial, aunque no hemos podido comprobar con detalle todas y cada una de las parcelas, parece que es de momento la menos lesiva para el sector provincial.<\/p>\n<p>ASAJA Soria permanecer\u00e1 vigilante en sucesivas campa\u00f1as y versiones del SIGPAC en defensa de los derechos de agricultores y ganaderos.<\/p>\n<p>Para concluir, ASAJA Soria invita a los agricultores y ganaderos a empezar a consultar el nuevo SIGPAC pues trae novedades, algunas ya cargadas hace unos meses como las nuevas regiones, y otras incorporadas ahora mismo como el nuevo coeficiente de subvencionabilidad de pastos que sustituye al anterior CAP.<\/p>\n<p>**Escrito de ASAJA Soria el 28-10-2022 a las administraciones sobre la BCAM 4. <a href=\"https:\/\/www.asajacyl.com\/soria\/wp-content\/uploads\/sites\/9\/2023\/02\/BCAM4-1-1.pdf\">BCAM4<\/a>\u00a0<\/p>\n<p>**PUBLICACI\u00d3N DE LA CACH\u00c9 DE CAMPA\u00d1A 2023 DEL SISTEMA DE INFORMACI\u00d3N GEOGR\u00c1FICA DE PARCELAS AGR\u00cdCOLAS DE ESPA\u00d1A (SIGPAC) <a href=\"https:\/\/www.asajacyl.com\/soria\/wp-content\/uploads\/sites\/9\/2023\/02\/Nota_publicacion-cache_2023.pdf\">Nota_publicacion-cache_2023 <\/a><\/p>\n<p>\u00a0<\/p>\n<p>\u00a0<\/p>\n<p>\u00a0<\/p>\n<p>\u00a0<\/p>\n","protected":false},"excerpt":{"rendered":"<p>ASAJA Soria, contraria a las zonas de protecci\u00f3n Desde este momento ya se puede consultar, a trav\u00e9s del Visor y del servicio WMS del SIGPAC nacional, la cach\u00e9 de la campa\u00f1a 2023\u00a0en base a la cual se deber\u00e1n declarar las superficies en el contexto de la Solicitud \u00danica de Ayudas de la Pol\u00edtica Agr\u00edcola Com\u00fan, [&hellip;]<\/p>\n","protected":false},"author":12,"featured_media":6526,"comment_status":"open","ping_status":"open","sticky":false,"template":"","format":"standard","meta":{"footnotes":""},"categories":[10,25],"tags":[],"yoast_head":"<!-- This site is optimized with the Yoast SEO plugin v24.5 - https:\/\/yoast.com\/wordpress\/plugins\/seo\/ -->\n<title>EL FEGA PONE EN MARCHA EL SIGPAC PARA LA NUEVA PAC - ASAJA Soria<\/title>\n<meta name=\"description\" content=\"ASAJA Soria, contraria a las zonas de protecci\u00f3n Desde este momento ya se puede consultar, a trav\u00e9s del Visor y del servicio WMS del SIGPAC nacional, la\" \/>\n<meta name=\"robots\" content=\"index, follow, max-snippet:-1, max-image-preview:large, max-video-preview:-1\" \/>\n<link rel=\"canonical\" href=\"https:\/\/www.asajacyl.com\/soria\/asaja-soria-informa\/el-fega-pone-en-marcha-el-sigpac-para-la-nueva-pac\" \/>\n<meta property=\"og:locale\" content=\"es_ES\" \/>\n<meta property=\"og:type\" content=\"article\" \/>\n<meta property=\"og:title\" content=\"EL FEGA PONE EN MARCHA EL SIGPAC PARA LA NUEVA PAC - ASAJA Soria\" \/>\n<meta property=\"og:description\" content=\"ASAJA Soria, contraria a las zonas de protecci\u00f3n Desde este momento ya se puede consultar, a trav\u00e9s del Visor y del servicio WMS del SIGPAC nacional, la\" \/>\n<meta property=\"og:url\" content=\"https:\/\/www.asajacyl.com\/soria\/asaja-soria-informa\/el-fega-pone-en-marcha-el-sigpac-para-la-nueva-pac\" \/>\n<meta property=\"og:site_name\" content=\"ASAJA Soria\" \/>\n<meta property=\"article:published_time\" content=\"2023-02-02T09:34:06+00:00\" \/>\n<meta property=\"article:modified_time\" content=\"2023-02-12T18:28:37+00:00\" \/>\n<meta property=\"og:image\" content=\"https:\/\/www.asajacyl.com\/soria\/wp-content\/uploads\/sites\/9\/2023\/02\/Captura.jpg\" \/>\n\t<meta property=\"og:image:width\" content=\"1883\" \/>\n\t<meta property=\"og:image:height\" content=\"869\" \/>\n\t<meta property=\"og:image:type\" content=\"image\/jpeg\" \/>\n<meta name=\"author\" content=\"Juan Ignacio Prieto Nieto\" \/>\n<meta name=\"twitter:card\" content=\"summary_large_image\" \/>\n<meta name=\"twitter:label1\" content=\"Escrito por\" \/>\n\t<meta name=\"twitter:data1\" content=\"Juan Ignacio Prieto Nieto\" \/>\n\t<meta name=\"twitter:label2\" content=\"Tiempo de lectura\" \/>\n\t<meta name=\"twitter:data2\" content=\"3 minutos\" \/>\n<script type=\"application\/ld+json\" class=\"yoast-schema-graph\">{\"@context\":\"https:\/\/schema.org\",\"@graph\":[{\"@type\":\"WebPage\",\"@id\":\"https:\/\/www.asajacyl.com\/soria\/asaja-soria-informa\/el-fega-pone-en-marcha-el-sigpac-para-la-nueva-pac\",\"url\":\"https:\/\/www.asajacyl.com\/soria\/asaja-soria-informa\/el-fega-pone-en-marcha-el-sigpac-para-la-nueva-pac\",\"name\":\"EL FEGA PONE EN MARCHA EL SIGPAC PARA LA NUEVA PAC - ASAJA Soria\",\"isPartOf\":{\"@id\":\"https:\/\/www.asajacyl.com\/soria\/#website\"},\"primaryImageOfPage\":{\"@id\":\"https:\/\/www.asajacyl.com\/soria\/asaja-soria-informa\/el-fega-pone-en-marcha-el-sigpac-para-la-nueva-pac#primaryimage\"},\"image\":{\"@id\":\"https:\/\/www.asajacyl.com\/soria\/asaja-soria-informa\/el-fega-pone-en-marcha-el-sigpac-para-la-nueva-pac#primaryimage\"},\"thumbnailUrl\":\"https:\/\/www.asajacyl.com\/soria\/wp-content\/uploads\/sites\/9\/2023\/02\/Captura.jpg\",\"datePublished\":\"2023-02-02T09:34:06+00:00\",\"dateModified\":\"2023-02-12T18:28:37+00:00\",\"author\":{\"@id\":\"https:\/\/www.asajacyl.com\/soria\/#\/schema\/person\/fd3081c40255119ce8133b87e6aedfab\"},\"description\":\"ASAJA Soria, contraria a las zonas de protecci\u00f3n Desde este momento ya se puede consultar, a trav\u00e9s del Visor y del servicio WMS del SIGPAC nacional, la\",\"breadcrumb\":{\"@id\":\"https:\/\/www.asajacyl.com\/soria\/asaja-soria-informa\/el-fega-pone-en-marcha-el-sigpac-para-la-nueva-pac#breadcrumb\"},\"inLanguage\":\"es\",\"potentialAction\":[{\"@type\":\"ReadAction\",\"target\":[\"https:\/\/www.asajacyl.com\/soria\/asaja-soria-informa\/el-fega-pone-en-marcha-el-sigpac-para-la-nueva-pac\"]}]},{\"@type\":\"ImageObject\",\"inLanguage\":\"es\",\"@id\":\"https:\/\/www.asajacyl.com\/soria\/asaja-soria-informa\/el-fega-pone-en-marcha-el-sigpac-para-la-nueva-pac#primaryimage\",\"url\":\"https:\/\/www.asajacyl.com\/soria\/wp-content\/uploads\/sites\/9\/2023\/02\/Captura.jpg\",\"contentUrl\":\"https:\/\/www.asajacyl.com\/soria\/wp-content\/uploads\/sites\/9\/2023\/02\/Captura.jpg\",\"width\":1883,\"height\":869},{\"@type\":\"BreadcrumbList\",\"@id\":\"https:\/\/www.asajacyl.com\/soria\/asaja-soria-informa\/el-fega-pone-en-marcha-el-sigpac-para-la-nueva-pac#breadcrumb\",\"itemListElement\":[{\"@type\":\"ListItem\",\"position\":1,\"name\":\"Portada\",\"item\":\"https:\/\/www.asajacyl.com\/soria\/\"},{\"@type\":\"ListItem\",\"position\":2,\"name\":\"EL FEGA PONE EN MARCHA EL SIGPAC PARA LA NUEVA PAC\"}]},{\"@type\":\"WebSite\",\"@id\":\"https:\/\/www.asajacyl.com\/soria\/#website\",\"url\":\"https:\/\/www.asajacyl.com\/soria\/\",\"name\":\"ASAJA Soria\",\"description\":\"Otro sitio m\u00e1s de Provincias ASAJA Castilla y Le\u00f3n\",\"potentialAction\":[{\"@type\":\"SearchAction\",\"target\":{\"@type\":\"EntryPoint\",\"urlTemplate\":\"https:\/\/www.asajacyl.com\/soria\/?s={search_term_string}\"},\"query-input\":{\"@type\":\"PropertyValueSpecification\",\"valueRequired\":true,\"valueName\":\"search_term_string\"}}],\"inLanguage\":\"es\"},{\"@type\":\"Person\",\"@id\":\"https:\/\/www.asajacyl.com\/soria\/#\/schema\/person\/fd3081c40255119ce8133b87e6aedfab\",\"name\":\"Juan Ignacio Prieto Nieto\",\"image\":{\"@type\":\"ImageObject\",\"inLanguage\":\"es\",\"@id\":\"https:\/\/www.asajacyl.com\/soria\/#\/schema\/person\/image\/\",\"url\":\"https:\/\/secure.gravatar.com\/avatar\/8266b36e4d9001acb4700699a2468dc8?s=96&d=mm&r=g\",\"contentUrl\":\"https:\/\/secure.gravatar.com\/avatar\/8266b36e4d9001acb4700699a2468dc8?s=96&d=mm&r=g\",\"caption\":\"Juan Ignacio Prieto Nieto\"},\"url\":\"https:\/\/www.asajacyl.com\/soria\/author\/juanfranciscoby\"}]}<\/script>\n<!-- \/ Yoast SEO plugin. -->","yoast_head_json":{"title":"EL FEGA PONE EN MARCHA EL SIGPAC PARA LA NUEVA PAC - ASAJA Soria","description":"ASAJA Soria, contraria a las zonas de protecci\u00f3n Desde este momento ya se puede consultar, a trav\u00e9s del Visor y del servicio WMS del SIGPAC nacional, la","robots":{"index":"index","follow":"follow","max-snippet":"max-snippet:-1","max-image-preview":"max-image-preview:large","max-video-preview":"max-video-preview:-1"},"canonical":"https:\/\/www.asajacyl.com\/soria\/asaja-soria-informa\/el-fega-pone-en-marcha-el-sigpac-para-la-nueva-pac","og_locale":"es_ES","og_type":"article","og_title":"EL FEGA PONE EN MARCHA EL SIGPAC PARA LA NUEVA PAC - ASAJA Soria","og_description":"ASAJA Soria, contraria a las zonas de protecci\u00f3n Desde este momento ya se puede consultar, a trav\u00e9s del Visor y del servicio WMS del SIGPAC nacional, la","og_url":"https:\/\/www.asajacyl.com\/soria\/asaja-soria-informa\/el-fega-pone-en-marcha-el-sigpac-para-la-nueva-pac","og_site_name":"ASAJA Soria","article_published_time":"2023-02-02T09:34:06+00:00","article_modified_time":"2023-02-12T18:28:37+00:00","og_image":[{"width":1883,"height":869,"url":"https:\/\/www.asajacyl.com\/soria\/wp-content\/uploads\/sites\/9\/2023\/02\/Captura.jpg","type":"image\/jpeg"}],"author":"Juan Ignacio Prieto Nieto","twitter_card":"summary_large_image","twitter_misc":{"Escrito por":"Juan Ignacio Prieto Nieto","Tiempo de lectura":"3 minutos"},"schema":{"@context":"https:\/\/schema.org","@graph":[{"@type":"WebPage","@id":"https:\/\/www.asajacyl.com\/soria\/asaja-soria-informa\/el-fega-pone-en-marcha-el-sigpac-para-la-nueva-pac","url":"https:\/\/www.asajacyl.com\/soria\/asaja-soria-informa\/el-fega-pone-en-marcha-el-sigpac-para-la-nueva-pac","name":"EL FEGA PONE EN MARCHA EL SIGPAC PARA LA NUEVA PAC - ASAJA Soria","isPartOf":{"@id":"https:\/\/www.asajacyl.com\/soria\/#website"},"primaryImageOfPage":{"@id":"https:\/\/www.asajacyl.com\/soria\/asaja-soria-informa\/el-fega-pone-en-marcha-el-sigpac-para-la-nueva-pac#primaryimage"},"image":{"@id":"https:\/\/www.asajacyl.com\/soria\/asaja-soria-informa\/el-fega-pone-en-marcha-el-sigpac-para-la-nueva-pac#primaryimage"},"thumbnailUrl":"https:\/\/www.asajacyl.com\/soria\/wp-content\/uploads\/sites\/9\/2023\/02\/Captura.jpg","datePublished":"2023-02-02T09:34:06+00:00","dateModified":"2023-02-12T18:28:37+00:00","author":{"@id":"https:\/\/www.asajacyl.com\/soria\/#\/schema\/person\/fd3081c40255119ce8133b87e6aedfab"},"description":"ASAJA Soria, contraria a las zonas de protecci\u00f3n Desde este momento ya se puede consultar, a trav\u00e9s del Visor y del servicio WMS del SIGPAC nacional, la","breadcrumb":{"@id":"https:\/\/www.asajacyl.com\/soria\/asaja-soria-informa\/el-fega-pone-en-marcha-el-sigpac-para-la-nueva-pac#breadcrumb"},"inLanguage":"es","potentialAction":[{"@type":"ReadAction","target":["https:\/\/www.asajacyl.com\/soria\/asaja-soria-informa\/el-fega-pone-en-marcha-el-sigpac-para-la-nueva-pac"]}]},{"@type":"ImageObject","inLanguage":"es","@id":"https:\/\/www.asajacyl.com\/soria\/asaja-soria-informa\/el-fega-pone-en-marcha-el-sigpac-para-la-nueva-pac#primaryimage","url":"https:\/\/www.asajacyl.com\/soria\/wp-content\/uploads\/sites\/9\/2023\/02\/Captura.jpg","contentUrl":"https:\/\/www.asajacyl.com\/soria\/wp-content\/uploads\/sites\/9\/2023\/02\/Captura.jpg","width":1883,"height":869},{"@type":"BreadcrumbList","@id":"https:\/\/www.asajacyl.com\/soria\/asaja-soria-informa\/el-fega-pone-en-marcha-el-sigpac-para-la-nueva-pac#breadcrumb","itemListElement":[{"@type":"ListItem","position":1,"name":"Portada","item":"https:\/\/www.asajacyl.com\/soria\/"},{"@type":"ListItem","position":2,"name":"EL FEGA PONE EN MARCHA EL SIGPAC PARA LA NUEVA PAC"}]},{"@type":"WebSite","@id":"https:\/\/www.asajacyl.com\/soria\/#website","url":"https:\/\/www.asajacyl.com\/soria\/","name":"ASAJA Soria","description":"Otro sitio m\u00e1s de Provincias ASAJA Castilla y Le\u00f3n","potentialAction":[{"@type":"SearchAction","target":{"@type":"EntryPoint","urlTemplate":"https:\/\/www.asajacyl.com\/soria\/?s={search_term_string}"},"query-input":{"@type":"PropertyValueSpecification","valueRequired":true,"valueName":"search_term_string"}}],"inLanguage":"es"},{"@type":"Person","@id":"https:\/\/www.asajacyl.com\/soria\/#\/schema\/person\/fd3081c40255119ce8133b87e6aedfab","name":"Juan Ignacio Prieto Nieto","image":{"@type":"ImageObject","inLanguage":"es","@id":"https:\/\/www.asajacyl.com\/soria\/#\/schema\/person\/image\/","url":"https:\/\/secure.gravatar.com\/avatar\/8266b36e4d9001acb4700699a2468dc8?s=96&d=mm&r=g","contentUrl":"https:\/\/secure.gravatar.com\/avatar\/8266b36e4d9001acb4700699a2468dc8?s=96&d=mm&r=g","caption":"Juan Ignacio Prieto Nieto"},"url":"https:\/\/www.asajacyl.com\/soria\/author\/juanfranciscoby"}]}},"_links":{"self":[{"href":"https:\/\/www.asajacyl.com\/soria\/wp-json\/wp\/v2\/posts\/6525"}],"collection":[{"href":"https:\/\/www.asajacyl.com\/soria\/wp-json\/wp\/v2\/posts"}],"about":[{"href":"https:\/\/www.asajacyl.com\/soria\/wp-json\/wp\/v2\/types\/post"}],"author":[{"embeddable":true,"href":"https:\/\/www.asajacyl.com\/soria\/wp-json\/wp\/v2\/users\/12"}],"replies":[{"embeddable":true,"href":"https:\/\/www.asajacyl.com\/soria\/wp-json\/wp\/v2\/comments?post=6525"}],"version-history":[{"count":2,"href":"https:\/\/www.asajacyl.com\/soria\/wp-json\/wp\/v2\/posts\/6525\/revisions"}],"predecessor-version":[{"id":6533,"href":"https:\/\/www.asajacyl.com\/soria\/wp-json\/wp\/v2\/posts\/6525\/revisions\/6533"}],"wp:featuredmedia":[{"embeddable":true,"href":"https:\/\/www.asajacyl.com\/soria\/wp-json\/wp\/v2\/media\/6526"}],"wp:attachment":[{"href":"https:\/\/www.asajacyl.com\/soria\/wp-json\/wp\/v2\/media?parent=6525"}],"wp:term":[{"taxonomy":"category","embeddable":true,"href":"https:\/\/www.asajacyl.com\/soria\/wp-json\/wp\/v2\/categories?post=6525"},{"taxonomy":"post_tag","embeddable":true,"href":"https:\/\/www.asajacyl.com\/soria\/wp-json\/wp\/v2\/tags?post=6525"}],"curies":[{"name":"wp","href":"https:\/\/api.w.org\/{rel}","templated":true}]}}