{"id":6580,"date":"2023-02-15T12:59:32","date_gmt":"2023-02-15T11:59:32","guid":{"rendered":"https:\/\/www.asajacyl.com\/soria\/?p=6580"},"modified":"2023-03-21T10:01:58","modified_gmt":"2023-03-21T09:01:58","slug":"asaja-soria-pide-una-reduccion-de-los-modulos-fiscales-teniendose-en-cuenta-las-incidencias-de-2022","status":"publish","type":"post","link":"https:\/\/www.asajacyl.com\/soria\/sin-categoria\/asaja-soria-pide-una-reduccion-de-los-modulos-fiscales-teniendose-en-cuenta-las-incidencias-de-2022","title":{"rendered":"ASAJA Soria pide una reducci\u00f3n de los m\u00f3dulos fiscales, teni\u00e9ndose en cuenta las incidencias de 2022"},"content":{"rendered":"\n<p><strong><em>La OPA ha enviado una carta al subdelegado del Gobierno para que el Ministerio de Agricultura, que elabora en estas fechas el informe que respalda la coyuntural rebaja, reconozca estas situaciones adversas.<\/em><\/strong><\/p>\n<p>\u00a0\u00a0\u00a0\u00a0\u00a0\u00a0\u00a0\u00a0\u00a0\u00a0\u00a0 La Asociaci\u00f3n Agraria de J\u00f3venes Agricultores de Soria (ASAJA) se ha dirigido a trav\u00e9s de una carta al subdelegado del Gobierno, Miguel Latorre Zubiri, para en primer lugar agradecer a la Subdelegaci\u00f3n la trayectoria de reconocimiento de las rebajas de los m\u00f3dulos en estos a\u00f1os anteriores en nuestra provincia por situaciones adversas de mercado u otras incidencias clim\u00e1ticas.<\/p>\n<p>Para ASAJA Soria, consciente de que esa trayectoria impulsada desde la propia organizaci\u00f3n profesional agraria hace pensar con fundamento que ya la Subdelegaci\u00f3n estar\u00e1 inmersa en los trabajos para la confecci\u00f3n de un informe elaborado tambi\u00e9n por el Ministerio de Agricultura, un a\u00f1o m\u00e1s no quiere dejar pasar la oportunidad de insistir en la necesidad de aplicar una rebaja coyuntural de los m\u00f3dulos para determinadas actividades agr\u00edcolas, ganaderas y forestales, para ajustar el esfuerzo fiscal que deber\u00e1n afrontar en la campa\u00f1a de la renta los profesionales afectados por desarrollar su actividad productora en aquellos subsectores o zonas da\u00f1adas.<\/p>\n<p>ASAJA destaca que el a\u00f1o pasado sufrimos una de las peores sequ\u00edas persistentes en la provincia, que merm\u00f3 la cosecha rebaj\u00e1ndola a m\u00ednimos hist\u00f3ricos. Seg\u00fan la asociaci\u00f3n, la sequ\u00eda y el elevado n\u00famero de animales salvajes tambi\u00e9n llev\u00f3 a que el impacto en el sector agrario saldara con uno de los registros r\u00e9cord de da\u00f1os agr\u00edcolas, destac\u00e1ndose los producidos en el girasol, \u00fanico cultivo verde en verano en nuestros secanos.<\/p>\n<p>Por otra parte, la OPA llama la atenci\u00f3n al respecto de que, como consecuencia de guerra en Ucrania, ha estado el alza de los precios. Esta escalada de los precios gener\u00f3 una enorme diferencia entre el precio contratado previamente al estallido de la guerra en los seguros agrarios y los precios reales finales de las producciones agrarias, obtenidas con un mercado de la energ\u00eda y de los insumos disparado por la invasi\u00f3n. Este motivo hace que el perjuicio recibido en las explotaciones provinciales, aun con id\u00e9ntico grado de siniestralidad, sea mucho mayor al de a\u00f1os anteriores pues las indemnizaciones recibidas distan mucho por la diferencia de precios.<\/p>\n<p>En este sentido, como ya ha sido reconocido por la OPA, ASAJA valora el esfuerzo realizado por el Ministerio de Agricultura, Pesca y Alimentaci\u00f3n, para reforzar con el mayor presupuesto de la historia estos seguros agrarios y el aumento de los precios asegurables para esta nueva campa\u00f1a 2023 (plan 2022).<\/p>\n<p>Retomando el ejercicio 2022, ASAJA quiere poner tambi\u00e9n el acento en que adem\u00e1s de los cultivos, todo el sector ganadero: extensivo, por la sequ\u00eda y falta de pastos, e intensivo, por el aumento de los precios de las materias primas y energ\u00eda, han sufrido un fuerte impacto que tambi\u00e9n requiere de su consideraci\u00f3n.<\/p>\n<p>Por las particularidades del sistema de tributaci\u00f3n de la mayor\u00eda de agricultores y ganaderos, de no corregirse este m\u00f3dulo, estar\u00edan obligados a tributar por unas producciones, y por un valor, que no obtuvieron, por lo que no solamente es de justicia sino necesario.<\/p>\n<p>Aunque la petici\u00f3n de ASAJA Soria es de tipo general para toda la provincia, a medida que vaya avanzando el informe y puesto que la reducci\u00f3n de los m\u00f3dulos suele realizarse por parte del Ministerio de Hacienda por t\u00e9rminos municipales, recordamos que los ayuntamientos tambi\u00e9n pueden promover o interesarse por la situaci\u00f3n particular y concreta de sus t\u00e9rminos municipales dirigi\u00e9ndose a la Subdelegaci\u00f3n.<\/p>\n<p>ASAJA Soria espera que estas peticiones se tengan en cuenta en la posterior modificaci\u00f3n de la Orden de m\u00f3dulos antes de la declaraci\u00f3n de la Renta y se ha ofrecido, como siempre, a colaborar con la Subdelegaci\u00f3n del Gobierno.<\/p>\n","protected":false},"excerpt":{"rendered":"<p>La OPA ha enviado una carta al subdelegado del Gobierno para que el Ministerio de Agricultura, que elabora en estas fechas el informe que respalda la coyuntural rebaja, reconozca estas situaciones adversas. \u00a0\u00a0\u00a0\u00a0\u00a0\u00a0\u00a0\u00a0\u00a0\u00a0\u00a0 La Asociaci\u00f3n Agraria de J\u00f3venes Agricultores de Soria (ASAJA) se ha dirigido a trav\u00e9s de una carta al subdelegado del Gobierno, Miguel [&hellip;]<\/p>\n","protected":false},"author":12,"featured_media":6582,"comment_status":"open","ping_status":"open","sticky":true,"template":"","format":"standard","meta":{"footnotes":""},"categories":[10,25,1],"tags":[],"yoast_head":"<!-- This site is optimized with the Yoast SEO plugin v24.5 - https:\/\/yoast.com\/wordpress\/plugins\/seo\/ -->\n<title>ASAJA Soria pide una reducci\u00f3n de los m\u00f3dulos fiscales, teni\u00e9ndose en cuenta las incidencias de 2022 - ASAJA Soria<\/title>\n<meta name=\"description\" content=\"La OPA ha enviado una carta al subdelegado del Gobierno para que el Ministerio de Agricultura, que elabora en estas fechas el informe que respalda la\" \/>\n<meta name=\"robots\" content=\"index, follow, max-snippet:-1, max-image-preview:large, max-video-preview:-1\" \/>\n<link rel=\"canonical\" href=\"https:\/\/www.asajacyl.com\/soria\/sin-categoria\/asaja-soria-pide-una-reduccion-de-los-modulos-fiscales-teniendose-en-cuenta-las-incidencias-de-2022\" \/>\n<meta property=\"og:locale\" content=\"es_ES\" \/>\n<meta property=\"og:type\" content=\"article\" \/>\n<meta property=\"og:title\" content=\"ASAJA Soria pide una reducci\u00f3n de los m\u00f3dulos fiscales, teni\u00e9ndose en cuenta las incidencias de 2022 - ASAJA Soria\" \/>\n<meta property=\"og:description\" content=\"La OPA ha enviado una carta al subdelegado del Gobierno para que el Ministerio de Agricultura, que elabora en estas fechas el informe que respalda la\" \/>\n<meta property=\"og:url\" content=\"https:\/\/www.asajacyl.com\/soria\/sin-categoria\/asaja-soria-pide-una-reduccion-de-los-modulos-fiscales-teniendose-en-cuenta-las-incidencias-de-2022\" \/>\n<meta property=\"og:site_name\" content=\"ASAJA Soria\" \/>\n<meta property=\"article:published_time\" content=\"2023-02-15T11:59:32+00:00\" \/>\n<meta property=\"article:modified_time\" content=\"2023-03-21T09:01:58+00:00\" \/>\n<meta property=\"og:image\" content=\"https:\/\/www.asajacyl.com\/soria\/wp-content\/uploads\/sites\/9\/2023\/02\/agencia-tributaria-2023.jpg\" \/>\n\t<meta property=\"og:image:width\" content=\"300\" \/>\n\t<meta property=\"og:image:height\" content=\"168\" \/>\n\t<meta property=\"og:image:type\" content=\"image\/jpeg\" \/>\n<meta name=\"author\" content=\"Juan Ignacio Prieto Nieto\" \/>\n<meta name=\"twitter:card\" content=\"summary_large_image\" \/>\n<meta name=\"twitter:label1\" content=\"Escrito por\" \/>\n\t<meta name=\"twitter:data1\" content=\"Juan Ignacio Prieto Nieto\" \/>\n\t<meta name=\"twitter:label2\" content=\"Tiempo de lectura\" \/>\n\t<meta name=\"twitter:data2\" content=\"3 minutos\" \/>\n<script type=\"application\/ld+json\" class=\"yoast-schema-graph\">{\"@context\":\"https:\/\/schema.org\",\"@graph\":[{\"@type\":\"WebPage\",\"@id\":\"https:\/\/www.asajacyl.com\/soria\/sin-categoria\/asaja-soria-pide-una-reduccion-de-los-modulos-fiscales-teniendose-en-cuenta-las-incidencias-de-2022\",\"url\":\"https:\/\/www.asajacyl.com\/soria\/sin-categoria\/asaja-soria-pide-una-reduccion-de-los-modulos-fiscales-teniendose-en-cuenta-las-incidencias-de-2022\",\"name\":\"ASAJA Soria pide una reducci\u00f3n de los m\u00f3dulos fiscales, teni\u00e9ndose en cuenta las incidencias de 2022 - ASAJA Soria\",\"isPartOf\":{\"@id\":\"https:\/\/www.asajacyl.com\/soria\/#website\"},\"primaryImageOfPage\":{\"@id\":\"https:\/\/www.asajacyl.com\/soria\/sin-categoria\/asaja-soria-pide-una-reduccion-de-los-modulos-fiscales-teniendose-en-cuenta-las-incidencias-de-2022#primaryimage\"},\"image\":{\"@id\":\"https:\/\/www.asajacyl.com\/soria\/sin-categoria\/asaja-soria-pide-una-reduccion-de-los-modulos-fiscales-teniendose-en-cuenta-las-incidencias-de-2022#primaryimage\"},\"thumbnailUrl\":\"https:\/\/www.asajacyl.com\/soria\/wp-content\/uploads\/sites\/9\/2023\/02\/agencia-tributaria-2023.jpg\",\"datePublished\":\"2023-02-15T11:59:32+00:00\",\"dateModified\":\"2023-03-21T09:01:58+00:00\",\"author\":{\"@id\":\"https:\/\/www.asajacyl.com\/soria\/#\/schema\/person\/fd3081c40255119ce8133b87e6aedfab\"},\"description\":\"La OPA ha enviado una carta al subdelegado del Gobierno para que el Ministerio de Agricultura, que elabora en estas fechas el informe que respalda la\",\"breadcrumb\":{\"@id\":\"https:\/\/www.asajacyl.com\/soria\/sin-categoria\/asaja-soria-pide-una-reduccion-de-los-modulos-fiscales-teniendose-en-cuenta-las-incidencias-de-2022#breadcrumb\"},\"inLanguage\":\"es\",\"potentialAction\":[{\"@type\":\"ReadAction\",\"target\":[\"https:\/\/www.asajacyl.com\/soria\/sin-categoria\/asaja-soria-pide-una-reduccion-de-los-modulos-fiscales-teniendose-en-cuenta-las-incidencias-de-2022\"]}]},{\"@type\":\"ImageObject\",\"inLanguage\":\"es\",\"@id\":\"https:\/\/www.asajacyl.com\/soria\/sin-categoria\/asaja-soria-pide-una-reduccion-de-los-modulos-fiscales-teniendose-en-cuenta-las-incidencias-de-2022#primaryimage\",\"url\":\"https:\/\/www.asajacyl.com\/soria\/wp-content\/uploads\/sites\/9\/2023\/02\/agencia-tributaria-2023.jpg\",\"contentUrl\":\"https:\/\/www.asajacyl.com\/soria\/wp-content\/uploads\/sites\/9\/2023\/02\/agencia-tributaria-2023.jpg\",\"width\":300,\"height\":168},{\"@type\":\"BreadcrumbList\",\"@id\":\"https:\/\/www.asajacyl.com\/soria\/sin-categoria\/asaja-soria-pide-una-reduccion-de-los-modulos-fiscales-teniendose-en-cuenta-las-incidencias-de-2022#breadcrumb\",\"itemListElement\":[{\"@type\":\"ListItem\",\"position\":1,\"name\":\"Portada\",\"item\":\"https:\/\/www.asajacyl.com\/soria\/\"},{\"@type\":\"ListItem\",\"position\":2,\"name\":\"ASAJA Soria pide una reducci\u00f3n de los m\u00f3dulos fiscales, teni\u00e9ndose en cuenta las incidencias de 2022\"}]},{\"@type\":\"WebSite\",\"@id\":\"https:\/\/www.asajacyl.com\/soria\/#website\",\"url\":\"https:\/\/www.asajacyl.com\/soria\/\",\"name\":\"ASAJA Soria\",\"description\":\"Otro sitio m\u00e1s de Provincias ASAJA Castilla y Le\u00f3n\",\"potentialAction\":[{\"@type\":\"SearchAction\",\"target\":{\"@type\":\"EntryPoint\",\"urlTemplate\":\"https:\/\/www.asajacyl.com\/soria\/?s={search_term_string}\"},\"query-input\":{\"@type\":\"PropertyValueSpecification\",\"valueRequired\":true,\"valueName\":\"search_term_string\"}}],\"inLanguage\":\"es\"},{\"@type\":\"Person\",\"@id\":\"https:\/\/www.asajacyl.com\/soria\/#\/schema\/person\/fd3081c40255119ce8133b87e6aedfab\",\"name\":\"Juan Ignacio Prieto Nieto\",\"image\":{\"@type\":\"ImageObject\",\"inLanguage\":\"es\",\"@id\":\"https:\/\/www.asajacyl.com\/soria\/#\/schema\/person\/image\/\",\"url\":\"https:\/\/secure.gravatar.com\/avatar\/8266b36e4d9001acb4700699a2468dc8?s=96&d=mm&r=g\",\"contentUrl\":\"https:\/\/secure.gravatar.com\/avatar\/8266b36e4d9001acb4700699a2468dc8?s=96&d=mm&r=g\",\"caption\":\"Juan Ignacio Prieto Nieto\"},\"url\":\"https:\/\/www.asajacyl.com\/soria\/author\/juanfranciscoby\"}]}<\/script>\n<!-- \/ Yoast SEO plugin. -->","yoast_head_json":{"title":"ASAJA Soria pide una reducci\u00f3n de los m\u00f3dulos fiscales, teni\u00e9ndose en cuenta las incidencias de 2022 - ASAJA Soria","description":"La OPA ha enviado una carta al subdelegado del Gobierno para que el Ministerio de Agricultura, que elabora en estas fechas el informe que respalda la","robots":{"index":"index","follow":"follow","max-snippet":"max-snippet:-1","max-image-preview":"max-image-preview:large","max-video-preview":"max-video-preview:-1"},"canonical":"https:\/\/www.asajacyl.com\/soria\/sin-categoria\/asaja-soria-pide-una-reduccion-de-los-modulos-fiscales-teniendose-en-cuenta-las-incidencias-de-2022","og_locale":"es_ES","og_type":"article","og_title":"ASAJA Soria pide una reducci\u00f3n de los m\u00f3dulos fiscales, teni\u00e9ndose en cuenta las incidencias de 2022 - ASAJA Soria","og_description":"La OPA ha enviado una carta al subdelegado del Gobierno para que el Ministerio de Agricultura, que elabora en estas fechas el informe que respalda la","og_url":"https:\/\/www.asajacyl.com\/soria\/sin-categoria\/asaja-soria-pide-una-reduccion-de-los-modulos-fiscales-teniendose-en-cuenta-las-incidencias-de-2022","og_site_name":"ASAJA Soria","article_published_time":"2023-02-15T11:59:32+00:00","article_modified_time":"2023-03-21T09:01:58+00:00","og_image":[{"width":300,"height":168,"url":"https:\/\/www.asajacyl.com\/soria\/wp-content\/uploads\/sites\/9\/2023\/02\/agencia-tributaria-2023.jpg","type":"image\/jpeg"}],"author":"Juan Ignacio Prieto Nieto","twitter_card":"summary_large_image","twitter_misc":{"Escrito por":"Juan Ignacio Prieto Nieto","Tiempo de lectura":"3 minutos"},"schema":{"@context":"https:\/\/schema.org","@graph":[{"@type":"WebPage","@id":"https:\/\/www.asajacyl.com\/soria\/sin-categoria\/asaja-soria-pide-una-reduccion-de-los-modulos-fiscales-teniendose-en-cuenta-las-incidencias-de-2022","url":"https:\/\/www.asajacyl.com\/soria\/sin-categoria\/asaja-soria-pide-una-reduccion-de-los-modulos-fiscales-teniendose-en-cuenta-las-incidencias-de-2022","name":"ASAJA Soria pide una reducci\u00f3n de los m\u00f3dulos fiscales, teni\u00e9ndose en cuenta las incidencias de 2022 - ASAJA Soria","isPartOf":{"@id":"https:\/\/www.asajacyl.com\/soria\/#website"},"primaryImageOfPage":{"@id":"https:\/\/www.asajacyl.com\/soria\/sin-categoria\/asaja-soria-pide-una-reduccion-de-los-modulos-fiscales-teniendose-en-cuenta-las-incidencias-de-2022#primaryimage"},"image":{"@id":"https:\/\/www.asajacyl.com\/soria\/sin-categoria\/asaja-soria-pide-una-reduccion-de-los-modulos-fiscales-teniendose-en-cuenta-las-incidencias-de-2022#primaryimage"},"thumbnailUrl":"https:\/\/www.asajacyl.com\/soria\/wp-content\/uploads\/sites\/9\/2023\/02\/agencia-tributaria-2023.jpg","datePublished":"2023-02-15T11:59:32+00:00","dateModified":"2023-03-21T09:01:58+00:00","author":{"@id":"https:\/\/www.asajacyl.com\/soria\/#\/schema\/person\/fd3081c40255119ce8133b87e6aedfab"},"description":"La OPA ha enviado una carta al subdelegado del Gobierno para que el Ministerio de Agricultura, que elabora en estas fechas el informe que respalda la","breadcrumb":{"@id":"https:\/\/www.asajacyl.com\/soria\/sin-categoria\/asaja-soria-pide-una-reduccion-de-los-modulos-fiscales-teniendose-en-cuenta-las-incidencias-de-2022#breadcrumb"},"inLanguage":"es","potentialAction":[{"@type":"ReadAction","target":["https:\/\/www.asajacyl.com\/soria\/sin-categoria\/asaja-soria-pide-una-reduccion-de-los-modulos-fiscales-teniendose-en-cuenta-las-incidencias-de-2022"]}]},{"@type":"ImageObject","inLanguage":"es","@id":"https:\/\/www.asajacyl.com\/soria\/sin-categoria\/asaja-soria-pide-una-reduccion-de-los-modulos-fiscales-teniendose-en-cuenta-las-incidencias-de-2022#primaryimage","url":"https:\/\/www.asajacyl.com\/soria\/wp-content\/uploads\/sites\/9\/2023\/02\/agencia-tributaria-2023.jpg","contentUrl":"https:\/\/www.asajacyl.com\/soria\/wp-content\/uploads\/sites\/9\/2023\/02\/agencia-tributaria-2023.jpg","width":300,"height":168},{"@type":"BreadcrumbList","@id":"https:\/\/www.asajacyl.com\/soria\/sin-categoria\/asaja-soria-pide-una-reduccion-de-los-modulos-fiscales-teniendose-en-cuenta-las-incidencias-de-2022#breadcrumb","itemListElement":[{"@type":"ListItem","position":1,"name":"Portada","item":"https:\/\/www.asajacyl.com\/soria\/"},{"@type":"ListItem","position":2,"name":"ASAJA Soria pide una reducci\u00f3n de los m\u00f3dulos fiscales, teni\u00e9ndose en cuenta las incidencias de 2022"}]},{"@type":"WebSite","@id":"https:\/\/www.asajacyl.com\/soria\/#website","url":"https:\/\/www.asajacyl.com\/soria\/","name":"ASAJA Soria","description":"Otro sitio m\u00e1s de Provincias ASAJA Castilla y Le\u00f3n","potentialAction":[{"@type":"SearchAction","target":{"@type":"EntryPoint","urlTemplate":"https:\/\/www.asajacyl.com\/soria\/?s={search_term_string}"},"query-input":{"@type":"PropertyValueSpecification","valueRequired":true,"valueName":"search_term_string"}}],"inLanguage":"es"},{"@type":"Person","@id":"https:\/\/www.asajacyl.com\/soria\/#\/schema\/person\/fd3081c40255119ce8133b87e6aedfab","name":"Juan Ignacio Prieto Nieto","image":{"@type":"ImageObject","inLanguage":"es","@id":"https:\/\/www.asajacyl.com\/soria\/#\/schema\/person\/image\/","url":"https:\/\/secure.gravatar.com\/avatar\/8266b36e4d9001acb4700699a2468dc8?s=96&d=mm&r=g","contentUrl":"https:\/\/secure.gravatar.com\/avatar\/8266b36e4d9001acb4700699a2468dc8?s=96&d=mm&r=g","caption":"Juan Ignacio Prieto Nieto"},"url":"https:\/\/www.asajacyl.com\/soria\/author\/juanfranciscoby"}]}},"_links":{"self":[{"href":"https:\/\/www.asajacyl.com\/soria\/wp-json\/wp\/v2\/posts\/6580"}],"collection":[{"href":"https:\/\/www.asajacyl.com\/soria\/wp-json\/wp\/v2\/posts"}],"about":[{"href":"https:\/\/www.asajacyl.com\/soria\/wp-json\/wp\/v2\/types\/post"}],"author":[{"embeddable":true,"href":"https:\/\/www.asajacyl.com\/soria\/wp-json\/wp\/v2\/users\/12"}],"replies":[{"embeddable":true,"href":"https:\/\/www.asajacyl.com\/soria\/wp-json\/wp\/v2\/comments?post=6580"}],"version-history":[{"count":1,"href":"https:\/\/www.asajacyl.com\/soria\/wp-json\/wp\/v2\/posts\/6580\/revisions"}],"predecessor-version":[{"id":6581,"href":"https:\/\/www.asajacyl.com\/soria\/wp-json\/wp\/v2\/posts\/6580\/revisions\/6581"}],"wp:featuredmedia":[{"embeddable":true,"href":"https:\/\/www.asajacyl.com\/soria\/wp-json\/wp\/v2\/media\/6582"}],"wp:attachment":[{"href":"https:\/\/www.asajacyl.com\/soria\/wp-json\/wp\/v2\/media?parent=6580"}],"wp:term":[{"taxonomy":"category","embeddable":true,"href":"https:\/\/www.asajacyl.com\/soria\/wp-json\/wp\/v2\/categories?post=6580"},{"taxonomy":"post_tag","embeddable":true,"href":"https:\/\/www.asajacyl.com\/soria\/wp-json\/wp\/v2\/tags?post=6580"}],"curies":[{"name":"wp","href":"https:\/\/api.w.org\/{rel}","templated":true}]}}