{"id":6584,"date":"2023-02-23T16:14:08","date_gmt":"2023-02-23T15:14:08","guid":{"rendered":"https:\/\/www.asajacyl.com\/soria\/?p=6584"},"modified":"2023-02-28T09:15:32","modified_gmt":"2023-02-28T08:15:32","slug":"asaja-soria-pide-intensificar-seriamente-el-control-sobre-la-fauna-salvaje-en-la-provincia","status":"publish","type":"post","link":"https:\/\/www.asajacyl.com\/soria\/asaja-soria-informa\/noticias\/asaja-soria-pide-intensificar-seriamente-el-control-sobre-la-fauna-salvaje-en-la-provincia","title":{"rendered":"ASAJA Soria pide intensificar seriamente el control sobre la fauna salvaje en la provincia"},"content":{"rendered":"\n<p><strong><em>La OPA dice que ni el sector agr\u00edcola, ni la sociedad soriana, pueden mantener el volumen actual de animales silvestres.<\/em><\/strong><\/p>\n<p>\u00a0<\/p>\n<p>La Asociaci\u00f3n Agraria de J\u00f3venes Agricultores de Soria (ASAJA) se ha reunido esta ma\u00f1ana con la Delegada Territorial de la Junta de Castilla y Le\u00f3n en Soria, Yolanda de Gregorio, acompa\u00f1ada de los Jefes de Servicio de Medio Ambiente y de Agricultura y Ganader\u00eda, y a la que ha asistido tambi\u00e9n el Jefe de la Secci\u00f3n de Caza.<\/p>\n<p>Al encuentro, solicitado por la OPA, ha acudido por parte de su presidente, Carmelo G\u00f3mez, acompa\u00f1ado del secretario general, Alejandro Aguado, y de la vicepresidenta, Ana Pastor.<\/p>\n<p>En la reuni\u00f3n, ASAJA, ha manifestado la situaci\u00f3n insostenible generada por la desequilibrada carga cineg\u00e9tica que soporta desde hace unos a\u00f1os la provincia y que sigue siendo creciente. Ello se traduce en insoportables da\u00f1os en el terreno agr\u00edcola y ganadero y un riesgo para la seguridad vial de toda la ciudadan\u00eda que circulan por las carreteras de nuestra provincia. Baste el dato de que el a\u00f1o pasado fueron casi 1.500 lo accidentes causados en nuestras carreteras por choques con este tipo de animales. ASAJA lamenta en cierto modo el estupor de la sociedad soriana, a la que hace algo m\u00e1s de una d\u00e9cada el volumen de 400 accidentes anuales remov\u00eda su conciencia y escandalizaba<\/p>\n<p>La OPA ya avis\u00f3, antes de la campa\u00f1a de caza de 2022, que el par\u00f3n de la actividad cineg\u00e9tica: tanto por los problemas por la suspensi\u00f3n en los tribunales de normativa de caza anterior, impulsada por grupos ecologistas, como por las restricciones del covid, traer\u00eda un pico poblacional de animales salvajes que ser\u00eda preciso controlar.<\/p>\n<p>La organizaci\u00f3n atestigua que es un clamor en el sector la cantidad de da\u00f1os y perjuicios que esta sobrecarga padecen agricultores y ganaderos, por lo que ha reclamado medidas eficaces para recuperar un volumen poblacional sostenible.<\/p>\n<p>Por parte de la Delegaci\u00f3n Territorial se ha informado a ASAJA que adem\u00e1s de que se tienen abiertas para los cotos todas aquellas posibilidades de la nueva Ley de Caza de Castilla y Le\u00f3n, que no son pocas, incluida la autorizaci\u00f3n extraordinaria e casi inmediata, de mayor n\u00famero de animales en las zonas con da\u00f1os y en la \u00e9poca de caza, ha informado a ASAJA de que ya ha realizado la inversi\u00f3n precisa en la adquisici\u00f3n de equipos digitales de \u00faltima generaci\u00f3n para la monitorizaci\u00f3n de las poblaciones reales de animales en los cotos y el conteo exacto de su carga cineg\u00e9tica. A este respecto ha anunciado que, en cuanto termine el proceso de formaci\u00f3n de los t\u00e9cnicos para el uso de estas nuevas herramientas con las que se ha dotado a los servicios territoriales, realizar itinerarios aleatorios para comenzar a testar la exactitud de los planes cineg\u00e9ticos presentados por los cotos, de tal modo que en el caso de no ser exacta la carga declarada o insuficientes las practicas cineg\u00e9ticas y de control poblacional planificadas, tomar medidas coercitivas, como la retirada temporal de precintos para la caza de machos u otras, con el fin de obligar a los cotos a mantener una carga razonable y revertir la situaci\u00f3n de desequilibrio en la que nos encontramos.<\/p>\n<p>ASAJA pide y anima al Servicio Territorial a recuperar un nivel sostenible en la carga de animales silvestres en nuestra provincia y agradece el pronto recibimiento por parte de la Delegada Territorial de la Junta de Castilla y Le\u00f3n en Soria y su disposici\u00f3n para buscar soluciones.<\/p>\n<p>En la reuni\u00f3n tambi\u00e9n se ha tenido la oportunidad de hablar de otros asuntos, como el tema del lobo, o la preocupaci\u00f3n por los da\u00f1os de conejos en algunas zonas de \u00c1greda y Monteagudo de la Vicarias, sobre las que se ha pedido vigilancia y control para prevenir situaciones lamentables como las que afectan a los agricultores de otros territorios. <img loading=\"lazy\" decoding=\"async\" class=\"aligncenter size-full wp-image-6588\" src=\"https:\/\/www.asajacyl.com\/soria\/wp-content\/uploads\/sites\/9\/2023\/02\/WhatsApp-Image-2023-02-23-at-16.04.09-2.jpeg\" alt=\"\" width=\"2000\" height=\"1500\" srcset=\"https:\/\/www.asajacyl.com\/soria\/wp-content\/uploads\/sites\/9\/2023\/02\/WhatsApp-Image-2023-02-23-at-16.04.09-2.jpeg 2000w, https:\/\/www.asajacyl.com\/soria\/wp-content\/uploads\/sites\/9\/2023\/02\/WhatsApp-Image-2023-02-23-at-16.04.09-2-300x225.jpeg 300w, https:\/\/www.asajacyl.com\/soria\/wp-content\/uploads\/sites\/9\/2023\/02\/WhatsApp-Image-2023-02-23-at-16.04.09-2-1024x768.jpeg 1024w, https:\/\/www.asajacyl.com\/soria\/wp-content\/uploads\/sites\/9\/2023\/02\/WhatsApp-Image-2023-02-23-at-16.04.09-2-768x576.jpeg 768w, https:\/\/www.asajacyl.com\/soria\/wp-content\/uploads\/sites\/9\/2023\/02\/WhatsApp-Image-2023-02-23-at-16.04.09-2-1536x1152.jpeg 1536w, https:\/\/www.asajacyl.com\/soria\/wp-content\/uploads\/sites\/9\/2023\/02\/WhatsApp-Image-2023-02-23-at-16.04.09-2-696x522.jpeg 696w, https:\/\/www.asajacyl.com\/soria\/wp-content\/uploads\/sites\/9\/2023\/02\/WhatsApp-Image-2023-02-23-at-16.04.09-2-1068x801.jpeg 1068w, https:\/\/www.asajacyl.com\/soria\/wp-content\/uploads\/sites\/9\/2023\/02\/WhatsApp-Image-2023-02-23-at-16.04.09-2-1920x1440.jpeg 1920w, https:\/\/www.asajacyl.com\/soria\/wp-content\/uploads\/sites\/9\/2023\/02\/WhatsApp-Image-2023-02-23-at-16.04.09-2-560x420.jpeg 560w, https:\/\/www.asajacyl.com\/soria\/wp-content\/uploads\/sites\/9\/2023\/02\/WhatsApp-Image-2023-02-23-at-16.04.09-2-80x60.jpeg 80w\" sizes=\"(max-width: 2000px) 100vw, 2000px\" \/><\/p>\n","protected":false},"excerpt":{"rendered":"<p>La OPA dice que ni el sector agr\u00edcola, ni la sociedad soriana, pueden mantener el volumen actual de animales silvestres. \u00a0 La Asociaci\u00f3n Agraria de J\u00f3venes Agricultores de Soria (ASAJA) se ha reunido esta ma\u00f1ana con la Delegada Territorial de la Junta de Castilla y Le\u00f3n en Soria, Yolanda de Gregorio, acompa\u00f1ada de los Jefes [&hellip;]<\/p>\n","protected":false},"author":12,"featured_media":6585,"comment_status":"open","ping_status":"open","sticky":false,"template":"","format":"standard","meta":{"footnotes":""},"categories":[10,25],"tags":[],"yoast_head":"<!-- This site is optimized with the Yoast SEO plugin v24.5 - https:\/\/yoast.com\/wordpress\/plugins\/seo\/ -->\n<title>ASAJA Soria pide intensificar seriamente el control sobre la fauna salvaje en la provincia - ASAJA Soria<\/title>\n<meta name=\"description\" content=\"La OPA dice que ni el sector agr\u00edcola, ni la sociedad soriana, pueden mantener el volumen actual de animales silvestres. \u00a0 La Asociaci\u00f3n Agraria de\" \/>\n<meta name=\"robots\" content=\"index, follow, max-snippet:-1, max-image-preview:large, max-video-preview:-1\" \/>\n<link rel=\"canonical\" href=\"https:\/\/www.asajacyl.com\/soria\/asaja-soria-informa\/noticias\/asaja-soria-pide-intensificar-seriamente-el-control-sobre-la-fauna-salvaje-en-la-provincia\" \/>\n<meta property=\"og:locale\" content=\"es_ES\" \/>\n<meta property=\"og:type\" content=\"article\" \/>\n<meta property=\"og:title\" content=\"ASAJA Soria pide intensificar seriamente el control sobre la fauna salvaje en la provincia - ASAJA Soria\" \/>\n<meta property=\"og:description\" content=\"La OPA dice que ni el sector agr\u00edcola, ni la sociedad soriana, pueden mantener el volumen actual de animales silvestres. \u00a0 La Asociaci\u00f3n Agraria de\" \/>\n<meta property=\"og:url\" content=\"https:\/\/www.asajacyl.com\/soria\/asaja-soria-informa\/noticias\/asaja-soria-pide-intensificar-seriamente-el-control-sobre-la-fauna-salvaje-en-la-provincia\" \/>\n<meta property=\"og:site_name\" content=\"ASAJA Soria\" \/>\n<meta property=\"article:published_time\" content=\"2023-02-23T15:14:08+00:00\" \/>\n<meta property=\"article:modified_time\" content=\"2023-02-28T08:15:32+00:00\" \/>\n<meta property=\"og:image\" content=\"https:\/\/www.asajacyl.com\/soria\/wp-content\/uploads\/sites\/9\/2023\/02\/foto-caza.jpeg\" \/>\n\t<meta property=\"og:image:width\" content=\"2016\" \/>\n\t<meta property=\"og:image:height\" content=\"1443\" \/>\n\t<meta property=\"og:image:type\" content=\"image\/jpeg\" \/>\n<meta name=\"author\" content=\"Juan Ignacio Prieto Nieto\" \/>\n<meta name=\"twitter:card\" content=\"summary_large_image\" \/>\n<meta name=\"twitter:label1\" content=\"Escrito por\" \/>\n\t<meta name=\"twitter:data1\" content=\"Juan Ignacio Prieto Nieto\" \/>\n\t<meta name=\"twitter:label2\" content=\"Tiempo de lectura\" \/>\n\t<meta name=\"twitter:data2\" content=\"4 minutos\" \/>\n<script type=\"application\/ld+json\" class=\"yoast-schema-graph\">{\"@context\":\"https:\/\/schema.org\",\"@graph\":[{\"@type\":\"WebPage\",\"@id\":\"https:\/\/www.asajacyl.com\/soria\/asaja-soria-informa\/noticias\/asaja-soria-pide-intensificar-seriamente-el-control-sobre-la-fauna-salvaje-en-la-provincia\",\"url\":\"https:\/\/www.asajacyl.com\/soria\/asaja-soria-informa\/noticias\/asaja-soria-pide-intensificar-seriamente-el-control-sobre-la-fauna-salvaje-en-la-provincia\",\"name\":\"ASAJA Soria pide intensificar seriamente el control sobre la fauna salvaje en la provincia - ASAJA Soria\",\"isPartOf\":{\"@id\":\"https:\/\/www.asajacyl.com\/soria\/#website\"},\"primaryImageOfPage\":{\"@id\":\"https:\/\/www.asajacyl.com\/soria\/asaja-soria-informa\/noticias\/asaja-soria-pide-intensificar-seriamente-el-control-sobre-la-fauna-salvaje-en-la-provincia#primaryimage\"},\"image\":{\"@id\":\"https:\/\/www.asajacyl.com\/soria\/asaja-soria-informa\/noticias\/asaja-soria-pide-intensificar-seriamente-el-control-sobre-la-fauna-salvaje-en-la-provincia#primaryimage\"},\"thumbnailUrl\":\"https:\/\/www.asajacyl.com\/soria\/wp-content\/uploads\/sites\/9\/2023\/02\/foto-caza.jpeg\",\"datePublished\":\"2023-02-23T15:14:08+00:00\",\"dateModified\":\"2023-02-28T08:15:32+00:00\",\"author\":{\"@id\":\"https:\/\/www.asajacyl.com\/soria\/#\/schema\/person\/fd3081c40255119ce8133b87e6aedfab\"},\"description\":\"La OPA dice que ni el sector agr\u00edcola, ni la sociedad soriana, pueden mantener el volumen actual de animales silvestres. \u00a0 La Asociaci\u00f3n Agraria de\",\"breadcrumb\":{\"@id\":\"https:\/\/www.asajacyl.com\/soria\/asaja-soria-informa\/noticias\/asaja-soria-pide-intensificar-seriamente-el-control-sobre-la-fauna-salvaje-en-la-provincia#breadcrumb\"},\"inLanguage\":\"es\",\"potentialAction\":[{\"@type\":\"ReadAction\",\"target\":[\"https:\/\/www.asajacyl.com\/soria\/asaja-soria-informa\/noticias\/asaja-soria-pide-intensificar-seriamente-el-control-sobre-la-fauna-salvaje-en-la-provincia\"]}]},{\"@type\":\"ImageObject\",\"inLanguage\":\"es\",\"@id\":\"https:\/\/www.asajacyl.com\/soria\/asaja-soria-informa\/noticias\/asaja-soria-pide-intensificar-seriamente-el-control-sobre-la-fauna-salvaje-en-la-provincia#primaryimage\",\"url\":\"https:\/\/www.asajacyl.com\/soria\/wp-content\/uploads\/sites\/9\/2023\/02\/foto-caza.jpeg\",\"contentUrl\":\"https:\/\/www.asajacyl.com\/soria\/wp-content\/uploads\/sites\/9\/2023\/02\/foto-caza.jpeg\",\"width\":2016,\"height\":1443},{\"@type\":\"BreadcrumbList\",\"@id\":\"https:\/\/www.asajacyl.com\/soria\/asaja-soria-informa\/noticias\/asaja-soria-pide-intensificar-seriamente-el-control-sobre-la-fauna-salvaje-en-la-provincia#breadcrumb\",\"itemListElement\":[{\"@type\":\"ListItem\",\"position\":1,\"name\":\"Portada\",\"item\":\"https:\/\/www.asajacyl.com\/soria\/\"},{\"@type\":\"ListItem\",\"position\":2,\"name\":\"ASAJA Soria pide intensificar seriamente el control sobre la fauna salvaje en la provincia\"}]},{\"@type\":\"WebSite\",\"@id\":\"https:\/\/www.asajacyl.com\/soria\/#website\",\"url\":\"https:\/\/www.asajacyl.com\/soria\/\",\"name\":\"ASAJA Soria\",\"description\":\"Otro sitio m\u00e1s de Provincias ASAJA Castilla y Le\u00f3n\",\"potentialAction\":[{\"@type\":\"SearchAction\",\"target\":{\"@type\":\"EntryPoint\",\"urlTemplate\":\"https:\/\/www.asajacyl.com\/soria\/?s={search_term_string}\"},\"query-input\":{\"@type\":\"PropertyValueSpecification\",\"valueRequired\":true,\"valueName\":\"search_term_string\"}}],\"inLanguage\":\"es\"},{\"@type\":\"Person\",\"@id\":\"https:\/\/www.asajacyl.com\/soria\/#\/schema\/person\/fd3081c40255119ce8133b87e6aedfab\",\"name\":\"Juan Ignacio Prieto Nieto\",\"image\":{\"@type\":\"ImageObject\",\"inLanguage\":\"es\",\"@id\":\"https:\/\/www.asajacyl.com\/soria\/#\/schema\/person\/image\/\",\"url\":\"https:\/\/secure.gravatar.com\/avatar\/8266b36e4d9001acb4700699a2468dc8?s=96&d=mm&r=g\",\"contentUrl\":\"https:\/\/secure.gravatar.com\/avatar\/8266b36e4d9001acb4700699a2468dc8?s=96&d=mm&r=g\",\"caption\":\"Juan Ignacio Prieto Nieto\"},\"url\":\"https:\/\/www.asajacyl.com\/soria\/author\/juanfranciscoby\"}]}<\/script>\n<!-- \/ Yoast SEO plugin. -->","yoast_head_json":{"title":"ASAJA Soria pide intensificar seriamente el control sobre la fauna salvaje en la provincia - ASAJA Soria","description":"La OPA dice que ni el sector agr\u00edcola, ni la sociedad soriana, pueden mantener el volumen actual de animales silvestres. \u00a0 La Asociaci\u00f3n Agraria de","robots":{"index":"index","follow":"follow","max-snippet":"max-snippet:-1","max-image-preview":"max-image-preview:large","max-video-preview":"max-video-preview:-1"},"canonical":"https:\/\/www.asajacyl.com\/soria\/asaja-soria-informa\/noticias\/asaja-soria-pide-intensificar-seriamente-el-control-sobre-la-fauna-salvaje-en-la-provincia","og_locale":"es_ES","og_type":"article","og_title":"ASAJA Soria pide intensificar seriamente el control sobre la fauna salvaje en la provincia - ASAJA Soria","og_description":"La OPA dice que ni el sector agr\u00edcola, ni la sociedad soriana, pueden mantener el volumen actual de animales silvestres. \u00a0 La Asociaci\u00f3n Agraria de","og_url":"https:\/\/www.asajacyl.com\/soria\/asaja-soria-informa\/noticias\/asaja-soria-pide-intensificar-seriamente-el-control-sobre-la-fauna-salvaje-en-la-provincia","og_site_name":"ASAJA Soria","article_published_time":"2023-02-23T15:14:08+00:00","article_modified_time":"2023-02-28T08:15:32+00:00","og_image":[{"width":2016,"height":1443,"url":"https:\/\/www.asajacyl.com\/soria\/wp-content\/uploads\/sites\/9\/2023\/02\/foto-caza.jpeg","type":"image\/jpeg"}],"author":"Juan Ignacio Prieto Nieto","twitter_card":"summary_large_image","twitter_misc":{"Escrito por":"Juan Ignacio Prieto Nieto","Tiempo de lectura":"4 minutos"},"schema":{"@context":"https:\/\/schema.org","@graph":[{"@type":"WebPage","@id":"https:\/\/www.asajacyl.com\/soria\/asaja-soria-informa\/noticias\/asaja-soria-pide-intensificar-seriamente-el-control-sobre-la-fauna-salvaje-en-la-provincia","url":"https:\/\/www.asajacyl.com\/soria\/asaja-soria-informa\/noticias\/asaja-soria-pide-intensificar-seriamente-el-control-sobre-la-fauna-salvaje-en-la-provincia","name":"ASAJA Soria pide intensificar seriamente el control sobre la fauna salvaje en la provincia - ASAJA Soria","isPartOf":{"@id":"https:\/\/www.asajacyl.com\/soria\/#website"},"primaryImageOfPage":{"@id":"https:\/\/www.asajacyl.com\/soria\/asaja-soria-informa\/noticias\/asaja-soria-pide-intensificar-seriamente-el-control-sobre-la-fauna-salvaje-en-la-provincia#primaryimage"},"image":{"@id":"https:\/\/www.asajacyl.com\/soria\/asaja-soria-informa\/noticias\/asaja-soria-pide-intensificar-seriamente-el-control-sobre-la-fauna-salvaje-en-la-provincia#primaryimage"},"thumbnailUrl":"https:\/\/www.asajacyl.com\/soria\/wp-content\/uploads\/sites\/9\/2023\/02\/foto-caza.jpeg","datePublished":"2023-02-23T15:14:08+00:00","dateModified":"2023-02-28T08:15:32+00:00","author":{"@id":"https:\/\/www.asajacyl.com\/soria\/#\/schema\/person\/fd3081c40255119ce8133b87e6aedfab"},"description":"La OPA dice que ni el sector agr\u00edcola, ni la sociedad soriana, pueden mantener el volumen actual de animales silvestres. \u00a0 La Asociaci\u00f3n Agraria de","breadcrumb":{"@id":"https:\/\/www.asajacyl.com\/soria\/asaja-soria-informa\/noticias\/asaja-soria-pide-intensificar-seriamente-el-control-sobre-la-fauna-salvaje-en-la-provincia#breadcrumb"},"inLanguage":"es","potentialAction":[{"@type":"ReadAction","target":["https:\/\/www.asajacyl.com\/soria\/asaja-soria-informa\/noticias\/asaja-soria-pide-intensificar-seriamente-el-control-sobre-la-fauna-salvaje-en-la-provincia"]}]},{"@type":"ImageObject","inLanguage":"es","@id":"https:\/\/www.asajacyl.com\/soria\/asaja-soria-informa\/noticias\/asaja-soria-pide-intensificar-seriamente-el-control-sobre-la-fauna-salvaje-en-la-provincia#primaryimage","url":"https:\/\/www.asajacyl.com\/soria\/wp-content\/uploads\/sites\/9\/2023\/02\/foto-caza.jpeg","contentUrl":"https:\/\/www.asajacyl.com\/soria\/wp-content\/uploads\/sites\/9\/2023\/02\/foto-caza.jpeg","width":2016,"height":1443},{"@type":"BreadcrumbList","@id":"https:\/\/www.asajacyl.com\/soria\/asaja-soria-informa\/noticias\/asaja-soria-pide-intensificar-seriamente-el-control-sobre-la-fauna-salvaje-en-la-provincia#breadcrumb","itemListElement":[{"@type":"ListItem","position":1,"name":"Portada","item":"https:\/\/www.asajacyl.com\/soria\/"},{"@type":"ListItem","position":2,"name":"ASAJA Soria pide intensificar seriamente el control sobre la fauna salvaje en la provincia"}]},{"@type":"WebSite","@id":"https:\/\/www.asajacyl.com\/soria\/#website","url":"https:\/\/www.asajacyl.com\/soria\/","name":"ASAJA Soria","description":"Otro sitio m\u00e1s de Provincias ASAJA Castilla y Le\u00f3n","potentialAction":[{"@type":"SearchAction","target":{"@type":"EntryPoint","urlTemplate":"https:\/\/www.asajacyl.com\/soria\/?s={search_term_string}"},"query-input":{"@type":"PropertyValueSpecification","valueRequired":true,"valueName":"search_term_string"}}],"inLanguage":"es"},{"@type":"Person","@id":"https:\/\/www.asajacyl.com\/soria\/#\/schema\/person\/fd3081c40255119ce8133b87e6aedfab","name":"Juan Ignacio Prieto Nieto","image":{"@type":"ImageObject","inLanguage":"es","@id":"https:\/\/www.asajacyl.com\/soria\/#\/schema\/person\/image\/","url":"https:\/\/secure.gravatar.com\/avatar\/8266b36e4d9001acb4700699a2468dc8?s=96&d=mm&r=g","contentUrl":"https:\/\/secure.gravatar.com\/avatar\/8266b36e4d9001acb4700699a2468dc8?s=96&d=mm&r=g","caption":"Juan Ignacio Prieto Nieto"},"url":"https:\/\/www.asajacyl.com\/soria\/author\/juanfranciscoby"}]}},"_links":{"self":[{"href":"https:\/\/www.asajacyl.com\/soria\/wp-json\/wp\/v2\/posts\/6584"}],"collection":[{"href":"https:\/\/www.asajacyl.com\/soria\/wp-json\/wp\/v2\/posts"}],"about":[{"href":"https:\/\/www.asajacyl.com\/soria\/wp-json\/wp\/v2\/types\/post"}],"author":[{"embeddable":true,"href":"https:\/\/www.asajacyl.com\/soria\/wp-json\/wp\/v2\/users\/12"}],"replies":[{"embeddable":true,"href":"https:\/\/www.asajacyl.com\/soria\/wp-json\/wp\/v2\/comments?post=6584"}],"version-history":[{"count":3,"href":"https:\/\/www.asajacyl.com\/soria\/wp-json\/wp\/v2\/posts\/6584\/revisions"}],"predecessor-version":[{"id":6592,"href":"https:\/\/www.asajacyl.com\/soria\/wp-json\/wp\/v2\/posts\/6584\/revisions\/6592"}],"wp:featuredmedia":[{"embeddable":true,"href":"https:\/\/www.asajacyl.com\/soria\/wp-json\/wp\/v2\/media\/6585"}],"wp:attachment":[{"href":"https:\/\/www.asajacyl.com\/soria\/wp-json\/wp\/v2\/media?parent=6584"}],"wp:term":[{"taxonomy":"category","embeddable":true,"href":"https:\/\/www.asajacyl.com\/soria\/wp-json\/wp\/v2\/categories?post=6584"},{"taxonomy":"post_tag","embeddable":true,"href":"https:\/\/www.asajacyl.com\/soria\/wp-json\/wp\/v2\/tags?post=6584"}],"curies":[{"name":"wp","href":"https:\/\/api.w.org\/{rel}","templated":true}]}}