{"id":6682,"date":"2023-04-11T10:54:04","date_gmt":"2023-04-11T08:54:04","guid":{"rendered":"https:\/\/www.asajacyl.com\/soria\/?p=6682"},"modified":"2023-04-19T08:03:07","modified_gmt":"2023-04-19T06:03:07","slug":"luis-planas-el-sector-agroalimentario-de-espana-esta-bien-posicionado-para-abordar-la-transformacion-ecologica-y-digital","status":"publish","type":"post","link":"https:\/\/www.asajacyl.com\/soria\/asaja-soria-informa\/luis-planas-el-sector-agroalimentario-de-espana-esta-bien-posicionado-para-abordar-la-transformacion-ecologica-y-digital","title":{"rendered":"Luis Planas: \u00abEl sector agroalimentario de Espa\u00f1a est\u00e1 bien posicionado para abordar la transformaci\u00f3n ecol\u00f3gica y digital\u00bb"},"content":{"rendered":"\n\n\n<div class=\"row row-news\">\n<div class=\"container\">\n<div class=\"row-sumary\">\n<div id=\"ctl00_PlaceHolderMain_DisplayMode_noticia_divSummary\" class=\"banner-top-content slider-content\">\n<p>El ministro de Agricultura, Pesca y Alimentaci\u00f3n, Luis Planas, se\u00f1ala que el sector dispone de unas ayudas p\u00fablicas sin precedentes para afrontar el reto de producir de manera m\u00e1s eficiente, sostenible y competitiva.<\/p>\n<\/div>\n<\/div>\n<\/div>\n<\/div>\n<div id=\"ContentDetail\" class=\"row row-wrapper-content\">\n<div class=\"container\">\n<div id=\"MainContent\" class=\"column-content colum-content-news two-colum\">\n<p>El ministro de Agricultura, Pesca y Alimentaci\u00f3n, Luis Planas, ha subrayado que el sector agroalimentario tiene a su disposici\u00f3n un conjunto de ayudas p\u00fablicas sin precedentes para emprender la necesaria transformaci\u00f3n energ\u00e9tica, ecol\u00f3gica y digital, que le permita ser m\u00e1s eficiente, sostenible y competitivo.<\/p>\n<p>El ministro ha se\u00f1alado que estamos en una \u00e9poca de cambios para la agricultura \u00aby el esfuerzo que se est\u00e1 haciendo para alcanzar la digitalizaci\u00f3n, unido a la capacidad de competir que tiene el sector y el factor humano, me hace ser optimista de cara al futuro\u00bb.<\/p>\n<p>Luis Planas intervino hace unos d\u00edas en el III Simposio \u00abWake up Spain\u00bb, organizado por el diario El Espa\u00f1ol, donde ofreci\u00f3 algunas reflexiones sobre la situaci\u00f3n del sector agroalimentario y las transformaciones que se est\u00e1n llevando a cabo para hacer frente a los retos de futuro.<\/p>\n<p>En su intervenci\u00f3n, el ministro ha puesto de relieve el creciente protagonismo del sector agroalimentario en la agenda internacional, por su importancia estrat\u00e9gica a la hora de proporcionar alimentos sanos y en cantidad suficiente a la poblaci\u00f3n, por su vinculaci\u00f3n a la protecci\u00f3n del medio ambiente y como elemento vertebrador de los territorios rurales.<\/p>\n<p>En este contexto, ha se\u00f1alado que el sector agroalimentario espa\u00f1ol \u00abest\u00e1 muy bien posicionado\u00bb como motor econ\u00f3mico, muy diversificado y con producciones destacadas a nivel europeo y mundial. En total, el conjunto del sistema agroalimentario y pesquero aporta m\u00e1s del 10 % del PIB y da empleo a 2,8 millones de personas.<\/p>\n<p>Tambi\u00e9n ha valorado que, en la complicada coyuntura actual, las empresas espa\u00f1olas han sido capaces de incrementar las exportaciones agroalimentarias, que en el \u00faltimo a\u00f1o m\u00f3vil han alcanzado los 68.500 millones de euros, con una balanza neta de 14.000 millones de euros.<\/p>\n<h2>Mejor reparto de valor en la cadena alimentaria<\/h2>\n<p>Asimismo ha asegurado que, gracias a la modificaci\u00f3n de la ley de la cadena alimentaria, hay una mayor transparencia y un mejor equilibrio entre todos los eslabones, y los productores primarios disponen de contratos que cubren al menos los costes de producci\u00f3n.<\/p>\n<p>En este contexto, ha recalcado que el Gobierno ha puesto en marcha medidas extraordinarias de apoyo al sector, por un importe de m\u00e1s de 1.800 millones de euros, para ayudar al sector a superar las actuales dificultades derivadas de la pandemia, el incremento de costes o los efectos clim\u00e1ticos adversos.<\/p>\n<p>De cara al futuro, ha apuntado que el mayor reto para el sector agroalimentario consiste en lograr la sostenibilidad ambiental, social y econ\u00f3mica, es decir, producir de forma m\u00e1s eficiente y respetuosa con los recursos naturales y el bienestar animal aprovechando las ventajas de la econom\u00eda circular. Para el ministro, \u00abestas cuestiones tienen soluci\u00f3n si se tiene empe\u00f1o y voluntad de lograrlo\u00bb.<\/p>\n<p>A este respecto, ha afirmado que la digitalizaci\u00f3n es uno de los elementos fundamentales de crecimiento del sector agrario. \u00abLa agricultura del futuro es una agricultura de datos\u00bb, para gestionar el agua, la aplicaci\u00f3n de productos fitosanitarios y, en definitiva, todos los instrumentos productivos.<\/p>\n<p>Entre los instrumentos de apoyo con los que cuenta el sector, Planas ha citado la Pol\u00edtica Agraria Com\u00fan, como elemento estructural que proporciona una red de seguridad e importantes incentivos para mejorar la competitividad y la sostenibilidad, y que suponen 4.800 millones anuales en ayudas.<\/p>\n<\/div>\n<\/div>\n<\/div>\n","protected":false},"excerpt":{"rendered":"<p>El ministro de Agricultura, Pesca y Alimentaci\u00f3n, Luis Planas, se\u00f1ala que el sector dispone de unas ayudas p\u00fablicas sin precedentes para afrontar el reto de producir de manera m\u00e1s eficiente, sostenible y competitiva. El ministro de Agricultura, Pesca y Alimentaci\u00f3n, Luis Planas, ha subrayado que el sector agroalimentario tiene a su disposici\u00f3n un conjunto de [&hellip;]<\/p>\n","protected":false},"author":12,"featured_media":6017,"comment_status":"open","ping_status":"open","sticky":false,"template":"","format":"standard","meta":{"footnotes":""},"categories":[10,25],"tags":[],"yoast_head":"<!-- This site is optimized with the Yoast SEO plugin v24.5 - https:\/\/yoast.com\/wordpress\/plugins\/seo\/ -->\n<title>Luis Planas: &quot;El sector agroalimentario de Espa\u00f1a est\u00e1 bien posicionado para abordar la transformaci\u00f3n ecol\u00f3gica y digital&quot; - ASAJA Soria<\/title>\n<meta name=\"description\" content=\"El ministro de Agricultura, Pesca y Alimentaci\u00f3n, Luis Planas, se\u00f1ala que el sector dispone de unas ayudas p\u00fablicas sin precedentes para afrontar el reto\" \/>\n<meta name=\"robots\" content=\"index, follow, max-snippet:-1, max-image-preview:large, max-video-preview:-1\" \/>\n<link rel=\"canonical\" href=\"https:\/\/www.asajacyl.com\/soria\/asaja-soria-informa\/luis-planas-el-sector-agroalimentario-de-espana-esta-bien-posicionado-para-abordar-la-transformacion-ecologica-y-digital\" \/>\n<meta property=\"og:locale\" content=\"es_ES\" \/>\n<meta property=\"og:type\" content=\"article\" \/>\n<meta property=\"og:title\" content=\"Luis Planas: &quot;El sector agroalimentario de Espa\u00f1a est\u00e1 bien posicionado para abordar la transformaci\u00f3n ecol\u00f3gica y digital&quot; - ASAJA Soria\" \/>\n<meta property=\"og:description\" content=\"El ministro de Agricultura, Pesca y Alimentaci\u00f3n, Luis Planas, se\u00f1ala que el sector dispone de unas ayudas p\u00fablicas sin precedentes para afrontar el reto\" \/>\n<meta property=\"og:url\" content=\"https:\/\/www.asajacyl.com\/soria\/asaja-soria-informa\/luis-planas-el-sector-agroalimentario-de-espana-esta-bien-posicionado-para-abordar-la-transformacion-ecologica-y-digital\" \/>\n<meta property=\"og:site_name\" content=\"ASAJA Soria\" \/>\n<meta property=\"article:published_time\" content=\"2023-04-11T08:54:04+00:00\" \/>\n<meta property=\"article:modified_time\" content=\"2023-04-19T06:03:07+00:00\" \/>\n<meta property=\"og:image\" content=\"https:\/\/www.asajacyl.com\/soria\/wp-content\/uploads\/sites\/9\/2022\/08\/140120-Planas.jpg\" \/>\n\t<meta property=\"og:image:width\" content=\"720\" \/>\n\t<meta property=\"og:image:height\" content=\"480\" \/>\n\t<meta property=\"og:image:type\" content=\"image\/jpeg\" \/>\n<meta name=\"author\" content=\"Juan Ignacio Prieto Nieto\" \/>\n<meta name=\"twitter:card\" content=\"summary_large_image\" \/>\n<meta name=\"twitter:label1\" content=\"Escrito por\" \/>\n\t<meta name=\"twitter:data1\" content=\"Juan Ignacio Prieto Nieto\" \/>\n\t<meta name=\"twitter:label2\" content=\"Tiempo de lectura\" \/>\n\t<meta name=\"twitter:data2\" content=\"3 minutos\" \/>\n<script type=\"application\/ld+json\" class=\"yoast-schema-graph\">{\"@context\":\"https:\/\/schema.org\",\"@graph\":[{\"@type\":\"WebPage\",\"@id\":\"https:\/\/www.asajacyl.com\/soria\/asaja-soria-informa\/luis-planas-el-sector-agroalimentario-de-espana-esta-bien-posicionado-para-abordar-la-transformacion-ecologica-y-digital\",\"url\":\"https:\/\/www.asajacyl.com\/soria\/asaja-soria-informa\/luis-planas-el-sector-agroalimentario-de-espana-esta-bien-posicionado-para-abordar-la-transformacion-ecologica-y-digital\",\"name\":\"Luis Planas: \\\"El sector agroalimentario de Espa\u00f1a est\u00e1 bien posicionado para abordar la transformaci\u00f3n ecol\u00f3gica y digital\\\" - ASAJA Soria\",\"isPartOf\":{\"@id\":\"https:\/\/www.asajacyl.com\/soria\/#website\"},\"primaryImageOfPage\":{\"@id\":\"https:\/\/www.asajacyl.com\/soria\/asaja-soria-informa\/luis-planas-el-sector-agroalimentario-de-espana-esta-bien-posicionado-para-abordar-la-transformacion-ecologica-y-digital#primaryimage\"},\"image\":{\"@id\":\"https:\/\/www.asajacyl.com\/soria\/asaja-soria-informa\/luis-planas-el-sector-agroalimentario-de-espana-esta-bien-posicionado-para-abordar-la-transformacion-ecologica-y-digital#primaryimage\"},\"thumbnailUrl\":\"https:\/\/www.asajacyl.com\/soria\/wp-content\/uploads\/sites\/9\/2022\/08\/140120-Planas.jpg\",\"datePublished\":\"2023-04-11T08:54:04+00:00\",\"dateModified\":\"2023-04-19T06:03:07+00:00\",\"author\":{\"@id\":\"https:\/\/www.asajacyl.com\/soria\/#\/schema\/person\/fd3081c40255119ce8133b87e6aedfab\"},\"description\":\"El ministro de Agricultura, Pesca y Alimentaci\u00f3n, Luis Planas, se\u00f1ala que el sector dispone de unas ayudas p\u00fablicas sin precedentes para afrontar el reto\",\"breadcrumb\":{\"@id\":\"https:\/\/www.asajacyl.com\/soria\/asaja-soria-informa\/luis-planas-el-sector-agroalimentario-de-espana-esta-bien-posicionado-para-abordar-la-transformacion-ecologica-y-digital#breadcrumb\"},\"inLanguage\":\"es\",\"potentialAction\":[{\"@type\":\"ReadAction\",\"target\":[\"https:\/\/www.asajacyl.com\/soria\/asaja-soria-informa\/luis-planas-el-sector-agroalimentario-de-espana-esta-bien-posicionado-para-abordar-la-transformacion-ecologica-y-digital\"]}]},{\"@type\":\"ImageObject\",\"inLanguage\":\"es\",\"@id\":\"https:\/\/www.asajacyl.com\/soria\/asaja-soria-informa\/luis-planas-el-sector-agroalimentario-de-espana-esta-bien-posicionado-para-abordar-la-transformacion-ecologica-y-digital#primaryimage\",\"url\":\"https:\/\/www.asajacyl.com\/soria\/wp-content\/uploads\/sites\/9\/2022\/08\/140120-Planas.jpg\",\"contentUrl\":\"https:\/\/www.asajacyl.com\/soria\/wp-content\/uploads\/sites\/9\/2022\/08\/140120-Planas.jpg\",\"width\":720,\"height\":480},{\"@type\":\"BreadcrumbList\",\"@id\":\"https:\/\/www.asajacyl.com\/soria\/asaja-soria-informa\/luis-planas-el-sector-agroalimentario-de-espana-esta-bien-posicionado-para-abordar-la-transformacion-ecologica-y-digital#breadcrumb\",\"itemListElement\":[{\"@type\":\"ListItem\",\"position\":1,\"name\":\"Portada\",\"item\":\"https:\/\/www.asajacyl.com\/soria\/\"},{\"@type\":\"ListItem\",\"position\":2,\"name\":\"Luis Planas: \u00abEl sector agroalimentario de Espa\u00f1a est\u00e1 bien posicionado para abordar la transformaci\u00f3n ecol\u00f3gica y digital\u00bb\"}]},{\"@type\":\"WebSite\",\"@id\":\"https:\/\/www.asajacyl.com\/soria\/#website\",\"url\":\"https:\/\/www.asajacyl.com\/soria\/\",\"name\":\"ASAJA Soria\",\"description\":\"Otro sitio m\u00e1s de Provincias ASAJA Castilla y Le\u00f3n\",\"potentialAction\":[{\"@type\":\"SearchAction\",\"target\":{\"@type\":\"EntryPoint\",\"urlTemplate\":\"https:\/\/www.asajacyl.com\/soria\/?s={search_term_string}\"},\"query-input\":{\"@type\":\"PropertyValueSpecification\",\"valueRequired\":true,\"valueName\":\"search_term_string\"}}],\"inLanguage\":\"es\"},{\"@type\":\"Person\",\"@id\":\"https:\/\/www.asajacyl.com\/soria\/#\/schema\/person\/fd3081c40255119ce8133b87e6aedfab\",\"name\":\"Juan Ignacio Prieto Nieto\",\"image\":{\"@type\":\"ImageObject\",\"inLanguage\":\"es\",\"@id\":\"https:\/\/www.asajacyl.com\/soria\/#\/schema\/person\/image\/\",\"url\":\"https:\/\/secure.gravatar.com\/avatar\/8266b36e4d9001acb4700699a2468dc8?s=96&d=mm&r=g\",\"contentUrl\":\"https:\/\/secure.gravatar.com\/avatar\/8266b36e4d9001acb4700699a2468dc8?s=96&d=mm&r=g\",\"caption\":\"Juan Ignacio Prieto Nieto\"},\"url\":\"https:\/\/www.asajacyl.com\/soria\/author\/juanfranciscoby\"}]}<\/script>\n<!-- \/ Yoast SEO plugin. -->","yoast_head_json":{"title":"Luis Planas: \"El sector agroalimentario de Espa\u00f1a est\u00e1 bien posicionado para abordar la transformaci\u00f3n ecol\u00f3gica y digital\" - ASAJA Soria","description":"El ministro de Agricultura, Pesca y Alimentaci\u00f3n, Luis Planas, se\u00f1ala que el sector dispone de unas ayudas p\u00fablicas sin precedentes para afrontar el reto","robots":{"index":"index","follow":"follow","max-snippet":"max-snippet:-1","max-image-preview":"max-image-preview:large","max-video-preview":"max-video-preview:-1"},"canonical":"https:\/\/www.asajacyl.com\/soria\/asaja-soria-informa\/luis-planas-el-sector-agroalimentario-de-espana-esta-bien-posicionado-para-abordar-la-transformacion-ecologica-y-digital","og_locale":"es_ES","og_type":"article","og_title":"Luis Planas: \"El sector agroalimentario de Espa\u00f1a est\u00e1 bien posicionado para abordar la transformaci\u00f3n ecol\u00f3gica y digital\" - ASAJA Soria","og_description":"El ministro de Agricultura, Pesca y Alimentaci\u00f3n, Luis Planas, se\u00f1ala que el sector dispone de unas ayudas p\u00fablicas sin precedentes para afrontar el reto","og_url":"https:\/\/www.asajacyl.com\/soria\/asaja-soria-informa\/luis-planas-el-sector-agroalimentario-de-espana-esta-bien-posicionado-para-abordar-la-transformacion-ecologica-y-digital","og_site_name":"ASAJA Soria","article_published_time":"2023-04-11T08:54:04+00:00","article_modified_time":"2023-04-19T06:03:07+00:00","og_image":[{"width":720,"height":480,"url":"https:\/\/www.asajacyl.com\/soria\/wp-content\/uploads\/sites\/9\/2022\/08\/140120-Planas.jpg","type":"image\/jpeg"}],"author":"Juan Ignacio Prieto Nieto","twitter_card":"summary_large_image","twitter_misc":{"Escrito por":"Juan Ignacio Prieto Nieto","Tiempo de lectura":"3 minutos"},"schema":{"@context":"https:\/\/schema.org","@graph":[{"@type":"WebPage","@id":"https:\/\/www.asajacyl.com\/soria\/asaja-soria-informa\/luis-planas-el-sector-agroalimentario-de-espana-esta-bien-posicionado-para-abordar-la-transformacion-ecologica-y-digital","url":"https:\/\/www.asajacyl.com\/soria\/asaja-soria-informa\/luis-planas-el-sector-agroalimentario-de-espana-esta-bien-posicionado-para-abordar-la-transformacion-ecologica-y-digital","name":"Luis Planas: \"El sector agroalimentario de Espa\u00f1a est\u00e1 bien posicionado para abordar la transformaci\u00f3n ecol\u00f3gica y digital\" - ASAJA Soria","isPartOf":{"@id":"https:\/\/www.asajacyl.com\/soria\/#website"},"primaryImageOfPage":{"@id":"https:\/\/www.asajacyl.com\/soria\/asaja-soria-informa\/luis-planas-el-sector-agroalimentario-de-espana-esta-bien-posicionado-para-abordar-la-transformacion-ecologica-y-digital#primaryimage"},"image":{"@id":"https:\/\/www.asajacyl.com\/soria\/asaja-soria-informa\/luis-planas-el-sector-agroalimentario-de-espana-esta-bien-posicionado-para-abordar-la-transformacion-ecologica-y-digital#primaryimage"},"thumbnailUrl":"https:\/\/www.asajacyl.com\/soria\/wp-content\/uploads\/sites\/9\/2022\/08\/140120-Planas.jpg","datePublished":"2023-04-11T08:54:04+00:00","dateModified":"2023-04-19T06:03:07+00:00","author":{"@id":"https:\/\/www.asajacyl.com\/soria\/#\/schema\/person\/fd3081c40255119ce8133b87e6aedfab"},"description":"El ministro de Agricultura, Pesca y Alimentaci\u00f3n, Luis Planas, se\u00f1ala que el sector dispone de unas ayudas p\u00fablicas sin precedentes para afrontar el reto","breadcrumb":{"@id":"https:\/\/www.asajacyl.com\/soria\/asaja-soria-informa\/luis-planas-el-sector-agroalimentario-de-espana-esta-bien-posicionado-para-abordar-la-transformacion-ecologica-y-digital#breadcrumb"},"inLanguage":"es","potentialAction":[{"@type":"ReadAction","target":["https:\/\/www.asajacyl.com\/soria\/asaja-soria-informa\/luis-planas-el-sector-agroalimentario-de-espana-esta-bien-posicionado-para-abordar-la-transformacion-ecologica-y-digital"]}]},{"@type":"ImageObject","inLanguage":"es","@id":"https:\/\/www.asajacyl.com\/soria\/asaja-soria-informa\/luis-planas-el-sector-agroalimentario-de-espana-esta-bien-posicionado-para-abordar-la-transformacion-ecologica-y-digital#primaryimage","url":"https:\/\/www.asajacyl.com\/soria\/wp-content\/uploads\/sites\/9\/2022\/08\/140120-Planas.jpg","contentUrl":"https:\/\/www.asajacyl.com\/soria\/wp-content\/uploads\/sites\/9\/2022\/08\/140120-Planas.jpg","width":720,"height":480},{"@type":"BreadcrumbList","@id":"https:\/\/www.asajacyl.com\/soria\/asaja-soria-informa\/luis-planas-el-sector-agroalimentario-de-espana-esta-bien-posicionado-para-abordar-la-transformacion-ecologica-y-digital#breadcrumb","itemListElement":[{"@type":"ListItem","position":1,"name":"Portada","item":"https:\/\/www.asajacyl.com\/soria\/"},{"@type":"ListItem","position":2,"name":"Luis Planas: \u00abEl sector agroalimentario de Espa\u00f1a est\u00e1 bien posicionado para abordar la transformaci\u00f3n ecol\u00f3gica y digital\u00bb"}]},{"@type":"WebSite","@id":"https:\/\/www.asajacyl.com\/soria\/#website","url":"https:\/\/www.asajacyl.com\/soria\/","name":"ASAJA Soria","description":"Otro sitio m\u00e1s de Provincias ASAJA Castilla y Le\u00f3n","potentialAction":[{"@type":"SearchAction","target":{"@type":"EntryPoint","urlTemplate":"https:\/\/www.asajacyl.com\/soria\/?s={search_term_string}"},"query-input":{"@type":"PropertyValueSpecification","valueRequired":true,"valueName":"search_term_string"}}],"inLanguage":"es"},{"@type":"Person","@id":"https:\/\/www.asajacyl.com\/soria\/#\/schema\/person\/fd3081c40255119ce8133b87e6aedfab","name":"Juan Ignacio Prieto Nieto","image":{"@type":"ImageObject","inLanguage":"es","@id":"https:\/\/www.asajacyl.com\/soria\/#\/schema\/person\/image\/","url":"https:\/\/secure.gravatar.com\/avatar\/8266b36e4d9001acb4700699a2468dc8?s=96&d=mm&r=g","contentUrl":"https:\/\/secure.gravatar.com\/avatar\/8266b36e4d9001acb4700699a2468dc8?s=96&d=mm&r=g","caption":"Juan Ignacio Prieto Nieto"},"url":"https:\/\/www.asajacyl.com\/soria\/author\/juanfranciscoby"}]}},"_links":{"self":[{"href":"https:\/\/www.asajacyl.com\/soria\/wp-json\/wp\/v2\/posts\/6682"}],"collection":[{"href":"https:\/\/www.asajacyl.com\/soria\/wp-json\/wp\/v2\/posts"}],"about":[{"href":"https:\/\/www.asajacyl.com\/soria\/wp-json\/wp\/v2\/types\/post"}],"author":[{"embeddable":true,"href":"https:\/\/www.asajacyl.com\/soria\/wp-json\/wp\/v2\/users\/12"}],"replies":[{"embeddable":true,"href":"https:\/\/www.asajacyl.com\/soria\/wp-json\/wp\/v2\/comments?post=6682"}],"version-history":[{"count":1,"href":"https:\/\/www.asajacyl.com\/soria\/wp-json\/wp\/v2\/posts\/6682\/revisions"}],"predecessor-version":[{"id":6683,"href":"https:\/\/www.asajacyl.com\/soria\/wp-json\/wp\/v2\/posts\/6682\/revisions\/6683"}],"wp:featuredmedia":[{"embeddable":true,"href":"https:\/\/www.asajacyl.com\/soria\/wp-json\/wp\/v2\/media\/6017"}],"wp:attachment":[{"href":"https:\/\/www.asajacyl.com\/soria\/wp-json\/wp\/v2\/media?parent=6682"}],"wp:term":[{"taxonomy":"category","embeddable":true,"href":"https:\/\/www.asajacyl.com\/soria\/wp-json\/wp\/v2\/categories?post=6682"},{"taxonomy":"post_tag","embeddable":true,"href":"https:\/\/www.asajacyl.com\/soria\/wp-json\/wp\/v2\/tags?post=6682"}],"curies":[{"name":"wp","href":"https:\/\/api.w.org\/{rel}","templated":true}]}}