{"id":6723,"date":"2023-04-19T08:01:24","date_gmt":"2023-04-19T06:01:24","guid":{"rendered":"https:\/\/www.asajacyl.com\/soria\/?p=6723"},"modified":"2023-06-19T14:06:51","modified_gmt":"2023-06-19T12:06:51","slug":"asaja-exige-que-las-consecuencias-de-la-guerra-de-ucrania-no-las-paguen-solo-los-agricultores","status":"publish","type":"post","link":"https:\/\/www.asajacyl.com\/soria\/asaja-soria-informa\/asaja-exige-que-las-consecuencias-de-la-guerra-de-ucrania-no-las-paguen-solo-los-agricultores","title":{"rendered":"<strong>ASAJA exige que las consecuencias de la guerra de Ucrania no las paguen solo los agricultores<\/strong>"},"content":{"rendered":"\n<p>Las alarmas se han encendido en el sector cerealista nacional ante la permisividad de Bruselas ante la entrada de grano ucranio, sin los l\u00edmites y aranceles obligatorios para las importaciones que llegan a la Uni\u00f3n Europea procedentes de pa\u00edses terceros. Esta situaci\u00f3n irregular est\u00e1 presionando los mercados y ya hoy el trigo cotiza a valores un 30 por ciento inferiores a los de abril de 2022. Estas cotizaciones est\u00e1n por debajo de los costes que soportan los cerealistas de nuestro pa\u00eds y no obedecen a ninguna l\u00f3gica de mercado en un pa\u00eds como Espa\u00f1a, que importa cantidades notables de cereal y oleaginosas, y que adem\u00e1s afronta con total incertidumbre la pr\u00f3xima cosecha.\u00a0<\/p>\n<p>Actualmente toda Espa\u00f1a est\u00e1 inmersa en una situaci\u00f3n de sequ\u00eda muy grave, que tambi\u00e9n alcanza a Castilla y Le\u00f3n. Las expectativas de cosecha merman semana a semana y ya son desastrosas en amplias superficies. Los baj\u00edsimos rendimientos esperados, junto a los desorbitados costes de producci\u00f3n que han implicado las siembras, supondr\u00e1n p\u00e9rdidas muy grandes para las explotaciones agrarias. De mantenerse las bajas cotizaciones, en un mercado \u201cdopado\u201d por la inundaci\u00f3n de grano ucranio a infra precio, la ruina ser\u00eda m\u00e1s que segura para miles de explotaciones de nuestro pa\u00eds.<\/p>\n<p>Hay que tener en cuenta que Espa\u00f1a es el primer receptor de cereales (trigo, cebada y ma\u00edz) de Ucrania, ya que nuestro pa\u00eds es deficitario en estas producciones. \u201cPor supuesto que seguiremos importando cereal ucranio, y adem\u00e1s de modo preferente sobre otros pa\u00edses terceros, para apoyar su econom\u00eda. Pero tiene que ser en las condiciones establecidas en la UE, con los l\u00edmites y aranceles correspondientes\u201d.<\/p>\n<p>Desde ASAJA hemos compartido y apoyado todas las medidas que ha tomado Europa y el resto del mundo para ayudar al pueblo ucraniano y tambi\u00e9n a sus agricultores para dar salida a sus cereales y oleaginosas, pero no podemos estar de acuerdo con que inunde nuestros mercados sin limitaciones ni aranceles siendo un pa\u00eds tercero\u201d.<\/p>\n<p>Por ello, ASAJA pide al Gobierno de Espa\u00f1a, con Pedro S\u00e1nchez a la cabeza, que, en la l\u00ednea con otros pa\u00edses europeos, marque un posicionamiento claro en defensa de los intereses del sector cerealista espa\u00f1ol. \u201cLos agricultores no pueden asumir ellos solos un sacrificio que implica la ruina de sus explotaciones. Deseamos por supuesto ser solidarios con el pueblo ucranio, pero ese apoyo tiene que realizarse con el dinero, trabajo y esfuerzo de todos, no solo con el de los agricultores\u201d, concluye ASAJA.<\/p>\n<p>\u00a0<\/p>\n","protected":false},"excerpt":{"rendered":"<p>Las alarmas se han encendido en el sector cerealista nacional ante la permisividad de Bruselas ante la entrada de grano ucranio, sin los l\u00edmites y aranceles obligatorios para las importaciones que llegan a la Uni\u00f3n Europea procedentes de pa\u00edses terceros. Esta situaci\u00f3n irregular est\u00e1 presionando los mercados y ya hoy el trigo cotiza a valores [&hellip;]<\/p>\n","protected":false},"author":12,"featured_media":3448,"comment_status":"open","ping_status":"open","sticky":false,"template":"","format":"standard","meta":{"footnotes":""},"categories":[10,25],"tags":[],"yoast_head":"<!-- This site is optimized with the Yoast SEO plugin v24.5 - https:\/\/yoast.com\/wordpress\/plugins\/seo\/ -->\n<title>ASAJA exige que las consecuencias de la guerra de Ucrania no las paguen solo los agricultores - ASAJA Soria<\/title>\n<meta name=\"description\" content=\"Las alarmas se han encendido en el sector cerealista nacional ante la permisividad de Bruselas ante la entrada de grano ucranio, sin los l\u00edmites y\" \/>\n<meta name=\"robots\" content=\"index, follow, max-snippet:-1, max-image-preview:large, max-video-preview:-1\" \/>\n<link rel=\"canonical\" href=\"https:\/\/www.asajacyl.com\/soria\/asaja-soria-informa\/asaja-exige-que-las-consecuencias-de-la-guerra-de-ucrania-no-las-paguen-solo-los-agricultores\" \/>\n<meta property=\"og:locale\" content=\"es_ES\" \/>\n<meta property=\"og:type\" content=\"article\" \/>\n<meta property=\"og:title\" content=\"ASAJA exige que las consecuencias de la guerra de Ucrania no las paguen solo los agricultores - ASAJA Soria\" \/>\n<meta property=\"og:description\" content=\"Las alarmas se han encendido en el sector cerealista nacional ante la permisividad de Bruselas ante la entrada de grano ucranio, sin los l\u00edmites y\" \/>\n<meta property=\"og:url\" content=\"https:\/\/www.asajacyl.com\/soria\/asaja-soria-informa\/asaja-exige-que-las-consecuencias-de-la-guerra-de-ucrania-no-las-paguen-solo-los-agricultores\" \/>\n<meta property=\"og:site_name\" content=\"ASAJA Soria\" \/>\n<meta property=\"article:published_time\" content=\"2023-04-19T06:01:24+00:00\" \/>\n<meta property=\"article:modified_time\" content=\"2023-06-19T12:06:51+00:00\" \/>\n<meta property=\"og:image\" content=\"https:\/\/www.asajacyl.com\/soria\/wp-content\/uploads\/sites\/9\/2020\/07\/IMG_4785.jpg\" \/>\n\t<meta property=\"og:image:width\" content=\"2500\" \/>\n\t<meta property=\"og:image:height\" content=\"1875\" \/>\n\t<meta property=\"og:image:type\" content=\"image\/jpeg\" \/>\n<meta name=\"author\" content=\"Juan Ignacio Prieto Nieto\" \/>\n<meta name=\"twitter:card\" content=\"summary_large_image\" \/>\n<meta name=\"twitter:label1\" content=\"Escrito por\" \/>\n\t<meta name=\"twitter:data1\" content=\"Juan Ignacio Prieto Nieto\" \/>\n\t<meta name=\"twitter:label2\" content=\"Tiempo de lectura\" \/>\n\t<meta name=\"twitter:data2\" content=\"2 minutos\" \/>\n<script type=\"application\/ld+json\" class=\"yoast-schema-graph\">{\"@context\":\"https:\/\/schema.org\",\"@graph\":[{\"@type\":\"WebPage\",\"@id\":\"https:\/\/www.asajacyl.com\/soria\/asaja-soria-informa\/asaja-exige-que-las-consecuencias-de-la-guerra-de-ucrania-no-las-paguen-solo-los-agricultores\",\"url\":\"https:\/\/www.asajacyl.com\/soria\/asaja-soria-informa\/asaja-exige-que-las-consecuencias-de-la-guerra-de-ucrania-no-las-paguen-solo-los-agricultores\",\"name\":\"ASAJA exige que las consecuencias de la guerra de Ucrania no las paguen solo los agricultores - ASAJA Soria\",\"isPartOf\":{\"@id\":\"https:\/\/www.asajacyl.com\/soria\/#website\"},\"primaryImageOfPage\":{\"@id\":\"https:\/\/www.asajacyl.com\/soria\/asaja-soria-informa\/asaja-exige-que-las-consecuencias-de-la-guerra-de-ucrania-no-las-paguen-solo-los-agricultores#primaryimage\"},\"image\":{\"@id\":\"https:\/\/www.asajacyl.com\/soria\/asaja-soria-informa\/asaja-exige-que-las-consecuencias-de-la-guerra-de-ucrania-no-las-paguen-solo-los-agricultores#primaryimage\"},\"thumbnailUrl\":\"https:\/\/www.asajacyl.com\/soria\/wp-content\/uploads\/sites\/9\/2020\/07\/IMG_4785.jpg\",\"datePublished\":\"2023-04-19T06:01:24+00:00\",\"dateModified\":\"2023-06-19T12:06:51+00:00\",\"author\":{\"@id\":\"https:\/\/www.asajacyl.com\/soria\/#\/schema\/person\/fd3081c40255119ce8133b87e6aedfab\"},\"description\":\"Las alarmas se han encendido en el sector cerealista nacional ante la permisividad de Bruselas ante la entrada de grano ucranio, sin los l\u00edmites y\",\"breadcrumb\":{\"@id\":\"https:\/\/www.asajacyl.com\/soria\/asaja-soria-informa\/asaja-exige-que-las-consecuencias-de-la-guerra-de-ucrania-no-las-paguen-solo-los-agricultores#breadcrumb\"},\"inLanguage\":\"es\",\"potentialAction\":[{\"@type\":\"ReadAction\",\"target\":[\"https:\/\/www.asajacyl.com\/soria\/asaja-soria-informa\/asaja-exige-que-las-consecuencias-de-la-guerra-de-ucrania-no-las-paguen-solo-los-agricultores\"]}]},{\"@type\":\"ImageObject\",\"inLanguage\":\"es\",\"@id\":\"https:\/\/www.asajacyl.com\/soria\/asaja-soria-informa\/asaja-exige-que-las-consecuencias-de-la-guerra-de-ucrania-no-las-paguen-solo-los-agricultores#primaryimage\",\"url\":\"https:\/\/www.asajacyl.com\/soria\/wp-content\/uploads\/sites\/9\/2020\/07\/IMG_4785.jpg\",\"contentUrl\":\"https:\/\/www.asajacyl.com\/soria\/wp-content\/uploads\/sites\/9\/2020\/07\/IMG_4785.jpg\",\"width\":2500,\"height\":1875},{\"@type\":\"BreadcrumbList\",\"@id\":\"https:\/\/www.asajacyl.com\/soria\/asaja-soria-informa\/asaja-exige-que-las-consecuencias-de-la-guerra-de-ucrania-no-las-paguen-solo-los-agricultores#breadcrumb\",\"itemListElement\":[{\"@type\":\"ListItem\",\"position\":1,\"name\":\"Portada\",\"item\":\"https:\/\/www.asajacyl.com\/soria\/\"},{\"@type\":\"ListItem\",\"position\":2,\"name\":\"ASAJA exige que las consecuencias de la guerra de Ucrania no las paguen solo los agricultores\"}]},{\"@type\":\"WebSite\",\"@id\":\"https:\/\/www.asajacyl.com\/soria\/#website\",\"url\":\"https:\/\/www.asajacyl.com\/soria\/\",\"name\":\"ASAJA Soria\",\"description\":\"Otro sitio m\u00e1s de Provincias ASAJA Castilla y Le\u00f3n\",\"potentialAction\":[{\"@type\":\"SearchAction\",\"target\":{\"@type\":\"EntryPoint\",\"urlTemplate\":\"https:\/\/www.asajacyl.com\/soria\/?s={search_term_string}\"},\"query-input\":{\"@type\":\"PropertyValueSpecification\",\"valueRequired\":true,\"valueName\":\"search_term_string\"}}],\"inLanguage\":\"es\"},{\"@type\":\"Person\",\"@id\":\"https:\/\/www.asajacyl.com\/soria\/#\/schema\/person\/fd3081c40255119ce8133b87e6aedfab\",\"name\":\"Juan Ignacio Prieto Nieto\",\"image\":{\"@type\":\"ImageObject\",\"inLanguage\":\"es\",\"@id\":\"https:\/\/www.asajacyl.com\/soria\/#\/schema\/person\/image\/\",\"url\":\"https:\/\/secure.gravatar.com\/avatar\/8266b36e4d9001acb4700699a2468dc8?s=96&d=mm&r=g\",\"contentUrl\":\"https:\/\/secure.gravatar.com\/avatar\/8266b36e4d9001acb4700699a2468dc8?s=96&d=mm&r=g\",\"caption\":\"Juan Ignacio Prieto Nieto\"},\"url\":\"https:\/\/www.asajacyl.com\/soria\/author\/juanfranciscoby\"}]}<\/script>\n<!-- \/ Yoast SEO plugin. -->","yoast_head_json":{"title":"ASAJA exige que las consecuencias de la guerra de Ucrania no las paguen solo los agricultores - ASAJA Soria","description":"Las alarmas se han encendido en el sector cerealista nacional ante la permisividad de Bruselas ante la entrada de grano ucranio, sin los l\u00edmites y","robots":{"index":"index","follow":"follow","max-snippet":"max-snippet:-1","max-image-preview":"max-image-preview:large","max-video-preview":"max-video-preview:-1"},"canonical":"https:\/\/www.asajacyl.com\/soria\/asaja-soria-informa\/asaja-exige-que-las-consecuencias-de-la-guerra-de-ucrania-no-las-paguen-solo-los-agricultores","og_locale":"es_ES","og_type":"article","og_title":"ASAJA exige que las consecuencias de la guerra de Ucrania no las paguen solo los agricultores - ASAJA Soria","og_description":"Las alarmas se han encendido en el sector cerealista nacional ante la permisividad de Bruselas ante la entrada de grano ucranio, sin los l\u00edmites y","og_url":"https:\/\/www.asajacyl.com\/soria\/asaja-soria-informa\/asaja-exige-que-las-consecuencias-de-la-guerra-de-ucrania-no-las-paguen-solo-los-agricultores","og_site_name":"ASAJA Soria","article_published_time":"2023-04-19T06:01:24+00:00","article_modified_time":"2023-06-19T12:06:51+00:00","og_image":[{"width":2500,"height":1875,"url":"https:\/\/www.asajacyl.com\/soria\/wp-content\/uploads\/sites\/9\/2020\/07\/IMG_4785.jpg","type":"image\/jpeg"}],"author":"Juan Ignacio Prieto Nieto","twitter_card":"summary_large_image","twitter_misc":{"Escrito por":"Juan Ignacio Prieto Nieto","Tiempo de lectura":"2 minutos"},"schema":{"@context":"https:\/\/schema.org","@graph":[{"@type":"WebPage","@id":"https:\/\/www.asajacyl.com\/soria\/asaja-soria-informa\/asaja-exige-que-las-consecuencias-de-la-guerra-de-ucrania-no-las-paguen-solo-los-agricultores","url":"https:\/\/www.asajacyl.com\/soria\/asaja-soria-informa\/asaja-exige-que-las-consecuencias-de-la-guerra-de-ucrania-no-las-paguen-solo-los-agricultores","name":"ASAJA exige que las consecuencias de la guerra de Ucrania no las paguen solo los agricultores - ASAJA Soria","isPartOf":{"@id":"https:\/\/www.asajacyl.com\/soria\/#website"},"primaryImageOfPage":{"@id":"https:\/\/www.asajacyl.com\/soria\/asaja-soria-informa\/asaja-exige-que-las-consecuencias-de-la-guerra-de-ucrania-no-las-paguen-solo-los-agricultores#primaryimage"},"image":{"@id":"https:\/\/www.asajacyl.com\/soria\/asaja-soria-informa\/asaja-exige-que-las-consecuencias-de-la-guerra-de-ucrania-no-las-paguen-solo-los-agricultores#primaryimage"},"thumbnailUrl":"https:\/\/www.asajacyl.com\/soria\/wp-content\/uploads\/sites\/9\/2020\/07\/IMG_4785.jpg","datePublished":"2023-04-19T06:01:24+00:00","dateModified":"2023-06-19T12:06:51+00:00","author":{"@id":"https:\/\/www.asajacyl.com\/soria\/#\/schema\/person\/fd3081c40255119ce8133b87e6aedfab"},"description":"Las alarmas se han encendido en el sector cerealista nacional ante la permisividad de Bruselas ante la entrada de grano ucranio, sin los l\u00edmites y","breadcrumb":{"@id":"https:\/\/www.asajacyl.com\/soria\/asaja-soria-informa\/asaja-exige-que-las-consecuencias-de-la-guerra-de-ucrania-no-las-paguen-solo-los-agricultores#breadcrumb"},"inLanguage":"es","potentialAction":[{"@type":"ReadAction","target":["https:\/\/www.asajacyl.com\/soria\/asaja-soria-informa\/asaja-exige-que-las-consecuencias-de-la-guerra-de-ucrania-no-las-paguen-solo-los-agricultores"]}]},{"@type":"ImageObject","inLanguage":"es","@id":"https:\/\/www.asajacyl.com\/soria\/asaja-soria-informa\/asaja-exige-que-las-consecuencias-de-la-guerra-de-ucrania-no-las-paguen-solo-los-agricultores#primaryimage","url":"https:\/\/www.asajacyl.com\/soria\/wp-content\/uploads\/sites\/9\/2020\/07\/IMG_4785.jpg","contentUrl":"https:\/\/www.asajacyl.com\/soria\/wp-content\/uploads\/sites\/9\/2020\/07\/IMG_4785.jpg","width":2500,"height":1875},{"@type":"BreadcrumbList","@id":"https:\/\/www.asajacyl.com\/soria\/asaja-soria-informa\/asaja-exige-que-las-consecuencias-de-la-guerra-de-ucrania-no-las-paguen-solo-los-agricultores#breadcrumb","itemListElement":[{"@type":"ListItem","position":1,"name":"Portada","item":"https:\/\/www.asajacyl.com\/soria\/"},{"@type":"ListItem","position":2,"name":"ASAJA exige que las consecuencias de la guerra de Ucrania no las paguen solo los agricultores"}]},{"@type":"WebSite","@id":"https:\/\/www.asajacyl.com\/soria\/#website","url":"https:\/\/www.asajacyl.com\/soria\/","name":"ASAJA Soria","description":"Otro sitio m\u00e1s de Provincias ASAJA Castilla y Le\u00f3n","potentialAction":[{"@type":"SearchAction","target":{"@type":"EntryPoint","urlTemplate":"https:\/\/www.asajacyl.com\/soria\/?s={search_term_string}"},"query-input":{"@type":"PropertyValueSpecification","valueRequired":true,"valueName":"search_term_string"}}],"inLanguage":"es"},{"@type":"Person","@id":"https:\/\/www.asajacyl.com\/soria\/#\/schema\/person\/fd3081c40255119ce8133b87e6aedfab","name":"Juan Ignacio Prieto Nieto","image":{"@type":"ImageObject","inLanguage":"es","@id":"https:\/\/www.asajacyl.com\/soria\/#\/schema\/person\/image\/","url":"https:\/\/secure.gravatar.com\/avatar\/8266b36e4d9001acb4700699a2468dc8?s=96&d=mm&r=g","contentUrl":"https:\/\/secure.gravatar.com\/avatar\/8266b36e4d9001acb4700699a2468dc8?s=96&d=mm&r=g","caption":"Juan Ignacio Prieto Nieto"},"url":"https:\/\/www.asajacyl.com\/soria\/author\/juanfranciscoby"}]}},"_links":{"self":[{"href":"https:\/\/www.asajacyl.com\/soria\/wp-json\/wp\/v2\/posts\/6723"}],"collection":[{"href":"https:\/\/www.asajacyl.com\/soria\/wp-json\/wp\/v2\/posts"}],"about":[{"href":"https:\/\/www.asajacyl.com\/soria\/wp-json\/wp\/v2\/types\/post"}],"author":[{"embeddable":true,"href":"https:\/\/www.asajacyl.com\/soria\/wp-json\/wp\/v2\/users\/12"}],"replies":[{"embeddable":true,"href":"https:\/\/www.asajacyl.com\/soria\/wp-json\/wp\/v2\/comments?post=6723"}],"version-history":[{"count":1,"href":"https:\/\/www.asajacyl.com\/soria\/wp-json\/wp\/v2\/posts\/6723\/revisions"}],"predecessor-version":[{"id":6724,"href":"https:\/\/www.asajacyl.com\/soria\/wp-json\/wp\/v2\/posts\/6723\/revisions\/6724"}],"wp:featuredmedia":[{"embeddable":true,"href":"https:\/\/www.asajacyl.com\/soria\/wp-json\/wp\/v2\/media\/3448"}],"wp:attachment":[{"href":"https:\/\/www.asajacyl.com\/soria\/wp-json\/wp\/v2\/media?parent=6723"}],"wp:term":[{"taxonomy":"category","embeddable":true,"href":"https:\/\/www.asajacyl.com\/soria\/wp-json\/wp\/v2\/categories?post=6723"},{"taxonomy":"post_tag","embeddable":true,"href":"https:\/\/www.asajacyl.com\/soria\/wp-json\/wp\/v2\/tags?post=6723"}],"curies":[{"name":"wp","href":"https:\/\/api.w.org\/{rel}","templated":true}]}}