{"id":6734,"date":"2023-04-24T10:39:22","date_gmt":"2023-04-24T08:39:22","guid":{"rendered":"https:\/\/www.asajacyl.com\/soria\/?p=6734"},"modified":"2023-04-24T10:47:51","modified_gmt":"2023-04-24T08:47:51","slug":"cambios-importantes-en-los-pagos-compensatorios-por-danos-producidos-por-el-lobo-en-explotaciones-ganaderas-de-castilla-y-leon","status":"publish","type":"post","link":"https:\/\/www.asajacyl.com\/soria\/asaja-soria-informa\/cambios-importantes-en-los-pagos-compensatorios-por-danos-producidos-por-el-lobo-en-explotaciones-ganaderas-de-castilla-y-leon","title":{"rendered":"Cambios importantes en los pagos compensatorios por da\u00f1os producidos por el lobo en explotaciones ganaderas de Castilla y Le\u00f3n"},"content":{"rendered":"\n\n\n<div class=\"td-full-screen-header-image-wrap\">\n<div class=\"td-container td-post-header\">\n<div class=\"td-post-header-holder\"><header class=\"td-post-title\">\n<p>La Consejer\u00eda de Medio Ambiente, vivienda y Ordenaci\u00f3n del Territorio public\u00f3 el 14 de abril de 2023, en el Bolet\u00edn Oficial de Castilla y Le\u00f3n <a href=\"https:\/\/bocyl.jcyl.es\/boletines\/2023\/04\/14\/pdf\/BOCYL-D-14042023-1.pdf\" target=\"_blank\" rel=\"noopener\">la orden por la que se regulan los pagos compensatorios derivados de los da\u00f1os producidos por el lobo<\/a>\u00a0en las explotaciones ganaderas. La normativa contiene cambios importantes, y\u00a0<strong>atiende al menos una parte de las reivindicaciones de ASAJA<\/strong>, ya que aumenta las compensaciones y las ampl\u00eda a toda la comunidad aut\u00f3noma, tanto al norte como al sur del Duero. Adem\u00e1s, tendr\u00e1n car\u00e1cter retroactivo desde septiembre de 2021 en el norte del Duero, que hasta ahora estaba excluido de este tratamiento.<\/p>\n<p>Este cambio normativo obedece a la constataci\u00f3n del incremento constante de la poblaci\u00f3n de lobo en Castilla y Le\u00f3n, punto repetidamente denunciado por ASAJA. Por ello, nuestra organizaci\u00f3n valora las mejoras en las compensaciones, pero sigue reclamando el control de las poblaciones del c\u00e1nido, porque si no la ganader\u00eda extensiva seguir\u00e1 desapareciendo de nuestro territorio.<\/p>\n<p>A continuaci\u00f3n, ofrecemos un peque\u00f1o resumen de las principales novedades, informaci\u00f3n que puede ser ampliada en nuestras oficinas provinciales.<\/p>\n<p><strong>Principales cambios<\/strong><\/p>\n<p>Entre los cambios introducidos sobre la normativa anterior hay que destacar la unificaci\u00f3n de los da\u00f1os producidos tanto al norte como al sur del Duero, extendiendo de este modo los criterios a toda la comunidad, y la inclusi\u00f3n en los pagos compensatorios de los da\u00f1os producidos por el oso pardo. Tambi\u00e9n hay una actualizaci\u00f3n notable de los importes a percibir por cabeza, as\u00ed como algunos cambios en el tipo de ganado y su clasificaci\u00f3n.<\/p>\n<p>Las indemnizaciones en relaci\u00f3n con el da\u00f1o emergente se completar\u00e1n con otros pagos como el lucro cesante, los costes asociados a la explotaci\u00f3n derivados del da\u00f1o y los gastos veterinarios producidos en animales heridos. Tambi\u00e9n se incluir\u00e1 una bonificaci\u00f3n si la explotaci\u00f3n establece medidas preventivas frente a los ataques.<\/p>\n<p><strong>Da\u00f1os excluidos<\/strong><\/p>\n<p>La orden determina que se excluyen como da\u00f1os aquellos producidos dentro de los l\u00edmites de montes de utilidad p\u00fablica, los producidos dentro de naves cerradas, los ocasionados por perros asilvestrados o que no sea posible determinar la especie atacante, as\u00ed como los acaecidos en las explotaciones ganaderas de titulares que incumplan los RLG de la condicionalidad reforzada y social de la PAC.<\/p>\n<p><strong>Comunicaci\u00f3n del ataque<\/strong><\/p>\n<p>Los ataques identificados se comunicar\u00e1n en las 48 horas siguientes al Servicio Territorial de Medio Ambiente. Si no supone un riesgo, los animales deber\u00e1n permanecer en el lugar del incidente y no sufrir manipulaci\u00f3n alguna. En caso de animales heridos, podr\u00e1n ser atendidos por un veterinario con manipulaciones m\u00ednimas. En las 48 horas siguientes, el personal de la administraci\u00f3n regional se personar\u00e1 en el lugar de los hechos para peritar los da\u00f1os ocasionados. A las 72 horas, emitir\u00e1n un informe con la cuant\u00eda de pago asociada al da\u00f1o inspeccionado. Posteriormente, deber\u00e1 realizarse la solicitud de ayuda a trav\u00e9s de la sede electr\u00f3nica de la Junta de Castilla y Le\u00f3n, registr\u00e1ndose una por cada ataque comunicado.<\/p>\n<\/header><\/div>\n<\/div>\n<\/div>\n<div class=\"td-container\">\n<div class=\"td-pb-row\">\n<div class=\"td-pb-span12 td-main-content\" role=\"main\">\n<div class=\"td-ss-main-content\"><footer>\n<div class=\"td-post-source-tags\">\u00a0<\/div>\n<div class=\"td-post-sharing-bottom\">\n<div class=\"td-post-sharing-classic\">\u00a0<\/div>\n<div id=\"td_social_sharing_article_bottom\" class=\"td-post-sharing td-ps-bg td-ps-notext td-post-sharing-style1 \">\n<div class=\"td-post-sharing-visible\">\n<div class=\"td-social-but-icon\">\u00a0<\/div>\n<div class=\"td-social-but-icon\">\u00a0<\/div>\n<div class=\"td-social-but-icon\">\u00a0<\/div>\n<div class=\"td-social-but-icon\">\u00a0<\/div>\n<\/div>\n<\/div>\n<\/div>\n<\/footer><\/div>\n<\/div>\n<\/div>\n<\/div>\n","protected":false},"excerpt":{"rendered":"<p>La Consejer\u00eda de Medio Ambiente, vivienda y Ordenaci\u00f3n del Territorio public\u00f3 el 14 de abril de 2023, en el Bolet\u00edn Oficial de Castilla y Le\u00f3n la orden por la que se regulan los pagos compensatorios derivados de los da\u00f1os producidos por el lobo\u00a0en las explotaciones ganaderas. La normativa contiene cambios importantes, y\u00a0atiende al menos una [&hellip;]<\/p>\n","protected":false},"author":12,"featured_media":6738,"comment_status":"open","ping_status":"open","sticky":false,"template":"","format":"standard","meta":{"footnotes":""},"categories":[10,25],"tags":[],"yoast_head":"<!-- This site is optimized with the Yoast SEO plugin v24.5 - https:\/\/yoast.com\/wordpress\/plugins\/seo\/ -->\n<title>Cambios importantes en los pagos compensatorios por da\u00f1os producidos por el lobo en explotaciones ganaderas de Castilla y Le\u00f3n - ASAJA Soria<\/title>\n<meta name=\"description\" content=\"La Consejer\u00eda de Medio Ambiente, vivienda y Ordenaci\u00f3n del Territorio public\u00f3 el 14 de abril de 2023, en el Bolet\u00edn Oficial de Castilla y Le\u00f3n la orden\" \/>\n<meta name=\"robots\" content=\"index, follow, max-snippet:-1, max-image-preview:large, max-video-preview:-1\" \/>\n<link rel=\"canonical\" href=\"https:\/\/www.asajacyl.com\/soria\/asaja-soria-informa\/cambios-importantes-en-los-pagos-compensatorios-por-danos-producidos-por-el-lobo-en-explotaciones-ganaderas-de-castilla-y-leon\" \/>\n<meta property=\"og:locale\" content=\"es_ES\" \/>\n<meta property=\"og:type\" content=\"article\" \/>\n<meta property=\"og:title\" content=\"Cambios importantes en los pagos compensatorios por da\u00f1os producidos por el lobo en explotaciones ganaderas de Castilla y Le\u00f3n - ASAJA Soria\" \/>\n<meta property=\"og:description\" content=\"La Consejer\u00eda de Medio Ambiente, vivienda y Ordenaci\u00f3n del Territorio public\u00f3 el 14 de abril de 2023, en el Bolet\u00edn Oficial de Castilla y Le\u00f3n la orden\" \/>\n<meta property=\"og:url\" content=\"https:\/\/www.asajacyl.com\/soria\/asaja-soria-informa\/cambios-importantes-en-los-pagos-compensatorios-por-danos-producidos-por-el-lobo-en-explotaciones-ganaderas-de-castilla-y-leon\" \/>\n<meta property=\"og:site_name\" content=\"ASAJA Soria\" \/>\n<meta property=\"article:published_time\" content=\"2023-04-24T08:39:22+00:00\" \/>\n<meta property=\"article:modified_time\" content=\"2023-04-24T08:47:51+00:00\" \/>\n<meta property=\"og:image\" content=\"https:\/\/www.asajacyl.com\/soria\/wp-content\/uploads\/sites\/9\/2023\/04\/ataquelobopiedrahita.jpg\" \/>\n\t<meta property=\"og:image:width\" content=\"1600\" \/>\n\t<meta property=\"og:image:height\" content=\"1200\" \/>\n\t<meta property=\"og:image:type\" content=\"image\/jpeg\" \/>\n<meta name=\"author\" content=\"Juan Ignacio Prieto Nieto\" \/>\n<meta name=\"twitter:card\" content=\"summary_large_image\" \/>\n<meta name=\"twitter:label1\" content=\"Escrito por\" \/>\n\t<meta name=\"twitter:data1\" content=\"Juan Ignacio Prieto Nieto\" \/>\n\t<meta name=\"twitter:label2\" content=\"Tiempo de lectura\" \/>\n\t<meta name=\"twitter:data2\" content=\"3 minutos\" \/>\n<script type=\"application\/ld+json\" class=\"yoast-schema-graph\">{\"@context\":\"https:\/\/schema.org\",\"@graph\":[{\"@type\":\"WebPage\",\"@id\":\"https:\/\/www.asajacyl.com\/soria\/asaja-soria-informa\/cambios-importantes-en-los-pagos-compensatorios-por-danos-producidos-por-el-lobo-en-explotaciones-ganaderas-de-castilla-y-leon\",\"url\":\"https:\/\/www.asajacyl.com\/soria\/asaja-soria-informa\/cambios-importantes-en-los-pagos-compensatorios-por-danos-producidos-por-el-lobo-en-explotaciones-ganaderas-de-castilla-y-leon\",\"name\":\"Cambios importantes en los pagos compensatorios por da\u00f1os producidos por el lobo en explotaciones ganaderas de Castilla y Le\u00f3n - ASAJA Soria\",\"isPartOf\":{\"@id\":\"https:\/\/www.asajacyl.com\/soria\/#website\"},\"primaryImageOfPage\":{\"@id\":\"https:\/\/www.asajacyl.com\/soria\/asaja-soria-informa\/cambios-importantes-en-los-pagos-compensatorios-por-danos-producidos-por-el-lobo-en-explotaciones-ganaderas-de-castilla-y-leon#primaryimage\"},\"image\":{\"@id\":\"https:\/\/www.asajacyl.com\/soria\/asaja-soria-informa\/cambios-importantes-en-los-pagos-compensatorios-por-danos-producidos-por-el-lobo-en-explotaciones-ganaderas-de-castilla-y-leon#primaryimage\"},\"thumbnailUrl\":\"https:\/\/www.asajacyl.com\/soria\/wp-content\/uploads\/sites\/9\/2023\/04\/ataquelobopiedrahita.jpg\",\"datePublished\":\"2023-04-24T08:39:22+00:00\",\"dateModified\":\"2023-04-24T08:47:51+00:00\",\"author\":{\"@id\":\"https:\/\/www.asajacyl.com\/soria\/#\/schema\/person\/fd3081c40255119ce8133b87e6aedfab\"},\"description\":\"La Consejer\u00eda de Medio Ambiente, vivienda y Ordenaci\u00f3n del Territorio public\u00f3 el 14 de abril de 2023, en el Bolet\u00edn Oficial de Castilla y Le\u00f3n la orden\",\"breadcrumb\":{\"@id\":\"https:\/\/www.asajacyl.com\/soria\/asaja-soria-informa\/cambios-importantes-en-los-pagos-compensatorios-por-danos-producidos-por-el-lobo-en-explotaciones-ganaderas-de-castilla-y-leon#breadcrumb\"},\"inLanguage\":\"es\",\"potentialAction\":[{\"@type\":\"ReadAction\",\"target\":[\"https:\/\/www.asajacyl.com\/soria\/asaja-soria-informa\/cambios-importantes-en-los-pagos-compensatorios-por-danos-producidos-por-el-lobo-en-explotaciones-ganaderas-de-castilla-y-leon\"]}]},{\"@type\":\"ImageObject\",\"inLanguage\":\"es\",\"@id\":\"https:\/\/www.asajacyl.com\/soria\/asaja-soria-informa\/cambios-importantes-en-los-pagos-compensatorios-por-danos-producidos-por-el-lobo-en-explotaciones-ganaderas-de-castilla-y-leon#primaryimage\",\"url\":\"https:\/\/www.asajacyl.com\/soria\/wp-content\/uploads\/sites\/9\/2023\/04\/ataquelobopiedrahita.jpg\",\"contentUrl\":\"https:\/\/www.asajacyl.com\/soria\/wp-content\/uploads\/sites\/9\/2023\/04\/ataquelobopiedrahita.jpg\",\"width\":1600,\"height\":1200},{\"@type\":\"BreadcrumbList\",\"@id\":\"https:\/\/www.asajacyl.com\/soria\/asaja-soria-informa\/cambios-importantes-en-los-pagos-compensatorios-por-danos-producidos-por-el-lobo-en-explotaciones-ganaderas-de-castilla-y-leon#breadcrumb\",\"itemListElement\":[{\"@type\":\"ListItem\",\"position\":1,\"name\":\"Portada\",\"item\":\"https:\/\/www.asajacyl.com\/soria\/\"},{\"@type\":\"ListItem\",\"position\":2,\"name\":\"Cambios importantes en los pagos compensatorios por da\u00f1os producidos por el lobo en explotaciones ganaderas de Castilla y Le\u00f3n\"}]},{\"@type\":\"WebSite\",\"@id\":\"https:\/\/www.asajacyl.com\/soria\/#website\",\"url\":\"https:\/\/www.asajacyl.com\/soria\/\",\"name\":\"ASAJA Soria\",\"description\":\"Otro sitio m\u00e1s de Provincias ASAJA Castilla y Le\u00f3n\",\"potentialAction\":[{\"@type\":\"SearchAction\",\"target\":{\"@type\":\"EntryPoint\",\"urlTemplate\":\"https:\/\/www.asajacyl.com\/soria\/?s={search_term_string}\"},\"query-input\":{\"@type\":\"PropertyValueSpecification\",\"valueRequired\":true,\"valueName\":\"search_term_string\"}}],\"inLanguage\":\"es\"},{\"@type\":\"Person\",\"@id\":\"https:\/\/www.asajacyl.com\/soria\/#\/schema\/person\/fd3081c40255119ce8133b87e6aedfab\",\"name\":\"Juan Ignacio Prieto Nieto\",\"image\":{\"@type\":\"ImageObject\",\"inLanguage\":\"es\",\"@id\":\"https:\/\/www.asajacyl.com\/soria\/#\/schema\/person\/image\/\",\"url\":\"https:\/\/secure.gravatar.com\/avatar\/8266b36e4d9001acb4700699a2468dc8?s=96&d=mm&r=g\",\"contentUrl\":\"https:\/\/secure.gravatar.com\/avatar\/8266b36e4d9001acb4700699a2468dc8?s=96&d=mm&r=g\",\"caption\":\"Juan Ignacio Prieto Nieto\"},\"url\":\"https:\/\/www.asajacyl.com\/soria\/author\/juanfranciscoby\"}]}<\/script>\n<!-- \/ Yoast SEO plugin. -->","yoast_head_json":{"title":"Cambios importantes en los pagos compensatorios por da\u00f1os producidos por el lobo en explotaciones ganaderas de Castilla y Le\u00f3n - ASAJA Soria","description":"La Consejer\u00eda de Medio Ambiente, vivienda y Ordenaci\u00f3n del Territorio public\u00f3 el 14 de abril de 2023, en el Bolet\u00edn Oficial de Castilla y Le\u00f3n la orden","robots":{"index":"index","follow":"follow","max-snippet":"max-snippet:-1","max-image-preview":"max-image-preview:large","max-video-preview":"max-video-preview:-1"},"canonical":"https:\/\/www.asajacyl.com\/soria\/asaja-soria-informa\/cambios-importantes-en-los-pagos-compensatorios-por-danos-producidos-por-el-lobo-en-explotaciones-ganaderas-de-castilla-y-leon","og_locale":"es_ES","og_type":"article","og_title":"Cambios importantes en los pagos compensatorios por da\u00f1os producidos por el lobo en explotaciones ganaderas de Castilla y Le\u00f3n - ASAJA Soria","og_description":"La Consejer\u00eda de Medio Ambiente, vivienda y Ordenaci\u00f3n del Territorio public\u00f3 el 14 de abril de 2023, en el Bolet\u00edn Oficial de Castilla y Le\u00f3n la orden","og_url":"https:\/\/www.asajacyl.com\/soria\/asaja-soria-informa\/cambios-importantes-en-los-pagos-compensatorios-por-danos-producidos-por-el-lobo-en-explotaciones-ganaderas-de-castilla-y-leon","og_site_name":"ASAJA Soria","article_published_time":"2023-04-24T08:39:22+00:00","article_modified_time":"2023-04-24T08:47:51+00:00","og_image":[{"width":1600,"height":1200,"url":"https:\/\/www.asajacyl.com\/soria\/wp-content\/uploads\/sites\/9\/2023\/04\/ataquelobopiedrahita.jpg","type":"image\/jpeg"}],"author":"Juan Ignacio Prieto Nieto","twitter_card":"summary_large_image","twitter_misc":{"Escrito por":"Juan Ignacio Prieto Nieto","Tiempo de lectura":"3 minutos"},"schema":{"@context":"https:\/\/schema.org","@graph":[{"@type":"WebPage","@id":"https:\/\/www.asajacyl.com\/soria\/asaja-soria-informa\/cambios-importantes-en-los-pagos-compensatorios-por-danos-producidos-por-el-lobo-en-explotaciones-ganaderas-de-castilla-y-leon","url":"https:\/\/www.asajacyl.com\/soria\/asaja-soria-informa\/cambios-importantes-en-los-pagos-compensatorios-por-danos-producidos-por-el-lobo-en-explotaciones-ganaderas-de-castilla-y-leon","name":"Cambios importantes en los pagos compensatorios por da\u00f1os producidos por el lobo en explotaciones ganaderas de Castilla y Le\u00f3n - ASAJA Soria","isPartOf":{"@id":"https:\/\/www.asajacyl.com\/soria\/#website"},"primaryImageOfPage":{"@id":"https:\/\/www.asajacyl.com\/soria\/asaja-soria-informa\/cambios-importantes-en-los-pagos-compensatorios-por-danos-producidos-por-el-lobo-en-explotaciones-ganaderas-de-castilla-y-leon#primaryimage"},"image":{"@id":"https:\/\/www.asajacyl.com\/soria\/asaja-soria-informa\/cambios-importantes-en-los-pagos-compensatorios-por-danos-producidos-por-el-lobo-en-explotaciones-ganaderas-de-castilla-y-leon#primaryimage"},"thumbnailUrl":"https:\/\/www.asajacyl.com\/soria\/wp-content\/uploads\/sites\/9\/2023\/04\/ataquelobopiedrahita.jpg","datePublished":"2023-04-24T08:39:22+00:00","dateModified":"2023-04-24T08:47:51+00:00","author":{"@id":"https:\/\/www.asajacyl.com\/soria\/#\/schema\/person\/fd3081c40255119ce8133b87e6aedfab"},"description":"La Consejer\u00eda de Medio Ambiente, vivienda y Ordenaci\u00f3n del Territorio public\u00f3 el 14 de abril de 2023, en el Bolet\u00edn Oficial de Castilla y Le\u00f3n la orden","breadcrumb":{"@id":"https:\/\/www.asajacyl.com\/soria\/asaja-soria-informa\/cambios-importantes-en-los-pagos-compensatorios-por-danos-producidos-por-el-lobo-en-explotaciones-ganaderas-de-castilla-y-leon#breadcrumb"},"inLanguage":"es","potentialAction":[{"@type":"ReadAction","target":["https:\/\/www.asajacyl.com\/soria\/asaja-soria-informa\/cambios-importantes-en-los-pagos-compensatorios-por-danos-producidos-por-el-lobo-en-explotaciones-ganaderas-de-castilla-y-leon"]}]},{"@type":"ImageObject","inLanguage":"es","@id":"https:\/\/www.asajacyl.com\/soria\/asaja-soria-informa\/cambios-importantes-en-los-pagos-compensatorios-por-danos-producidos-por-el-lobo-en-explotaciones-ganaderas-de-castilla-y-leon#primaryimage","url":"https:\/\/www.asajacyl.com\/soria\/wp-content\/uploads\/sites\/9\/2023\/04\/ataquelobopiedrahita.jpg","contentUrl":"https:\/\/www.asajacyl.com\/soria\/wp-content\/uploads\/sites\/9\/2023\/04\/ataquelobopiedrahita.jpg","width":1600,"height":1200},{"@type":"BreadcrumbList","@id":"https:\/\/www.asajacyl.com\/soria\/asaja-soria-informa\/cambios-importantes-en-los-pagos-compensatorios-por-danos-producidos-por-el-lobo-en-explotaciones-ganaderas-de-castilla-y-leon#breadcrumb","itemListElement":[{"@type":"ListItem","position":1,"name":"Portada","item":"https:\/\/www.asajacyl.com\/soria\/"},{"@type":"ListItem","position":2,"name":"Cambios importantes en los pagos compensatorios por da\u00f1os producidos por el lobo en explotaciones ganaderas de Castilla y Le\u00f3n"}]},{"@type":"WebSite","@id":"https:\/\/www.asajacyl.com\/soria\/#website","url":"https:\/\/www.asajacyl.com\/soria\/","name":"ASAJA Soria","description":"Otro sitio m\u00e1s de Provincias ASAJA Castilla y Le\u00f3n","potentialAction":[{"@type":"SearchAction","target":{"@type":"EntryPoint","urlTemplate":"https:\/\/www.asajacyl.com\/soria\/?s={search_term_string}"},"query-input":{"@type":"PropertyValueSpecification","valueRequired":true,"valueName":"search_term_string"}}],"inLanguage":"es"},{"@type":"Person","@id":"https:\/\/www.asajacyl.com\/soria\/#\/schema\/person\/fd3081c40255119ce8133b87e6aedfab","name":"Juan Ignacio Prieto Nieto","image":{"@type":"ImageObject","inLanguage":"es","@id":"https:\/\/www.asajacyl.com\/soria\/#\/schema\/person\/image\/","url":"https:\/\/secure.gravatar.com\/avatar\/8266b36e4d9001acb4700699a2468dc8?s=96&d=mm&r=g","contentUrl":"https:\/\/secure.gravatar.com\/avatar\/8266b36e4d9001acb4700699a2468dc8?s=96&d=mm&r=g","caption":"Juan Ignacio Prieto Nieto"},"url":"https:\/\/www.asajacyl.com\/soria\/author\/juanfranciscoby"}]}},"_links":{"self":[{"href":"https:\/\/www.asajacyl.com\/soria\/wp-json\/wp\/v2\/posts\/6734"}],"collection":[{"href":"https:\/\/www.asajacyl.com\/soria\/wp-json\/wp\/v2\/posts"}],"about":[{"href":"https:\/\/www.asajacyl.com\/soria\/wp-json\/wp\/v2\/types\/post"}],"author":[{"embeddable":true,"href":"https:\/\/www.asajacyl.com\/soria\/wp-json\/wp\/v2\/users\/12"}],"replies":[{"embeddable":true,"href":"https:\/\/www.asajacyl.com\/soria\/wp-json\/wp\/v2\/comments?post=6734"}],"version-history":[{"count":5,"href":"https:\/\/www.asajacyl.com\/soria\/wp-json\/wp\/v2\/posts\/6734\/revisions"}],"predecessor-version":[{"id":6744,"href":"https:\/\/www.asajacyl.com\/soria\/wp-json\/wp\/v2\/posts\/6734\/revisions\/6744"}],"wp:featuredmedia":[{"embeddable":true,"href":"https:\/\/www.asajacyl.com\/soria\/wp-json\/wp\/v2\/media\/6738"}],"wp:attachment":[{"href":"https:\/\/www.asajacyl.com\/soria\/wp-json\/wp\/v2\/media?parent=6734"}],"wp:term":[{"taxonomy":"category","embeddable":true,"href":"https:\/\/www.asajacyl.com\/soria\/wp-json\/wp\/v2\/categories?post=6734"},{"taxonomy":"post_tag","embeddable":true,"href":"https:\/\/www.asajacyl.com\/soria\/wp-json\/wp\/v2\/tags?post=6734"}],"curies":[{"name":"wp","href":"https:\/\/api.w.org\/{rel}","templated":true}]}}