{"id":6745,"date":"2023-05-05T12:38:15","date_gmt":"2023-05-05T10:38:15","guid":{"rendered":"https:\/\/www.asajacyl.com\/soria\/?p=6745"},"modified":"2023-05-05T12:38:52","modified_gmt":"2023-05-05T10:38:52","slug":"asaja-soria-da-la-bienvenida-a-la-reduccion-de-modulos-fiscales-para-el-campo-provincial-2","status":"publish","type":"post","link":"https:\/\/www.asajacyl.com\/soria\/asaja-soria-informa\/asaja-soria-da-la-bienvenida-a-la-reduccion-de-modulos-fiscales-para-el-campo-provincial-2","title":{"rendered":"<strong>ASAJA Soria da la bienvenida a la reducci\u00f3n de m\u00f3dulos fiscales para el campo provincial<\/strong>"},"content":{"rendered":"\n\n\n<h2><em>La OPA<\/em><em> agradece a la Subdelegaci\u00f3n del Gobierno las gestiones realizadas para la consecuci\u00f3n de estas rebajas, as\u00ed como las de a\u00f1os anteriores en nuestra provincia por diversas incidencias climatol\u00f3gicas o situaciones adversas de mercado<\/em><\/h2>\n<p>El Bolet\u00edn Oficial del Estado de hoy recoge la reducci\u00f3n de los \u00edndices de rendimiento neto, aplicables en 2022, por las actividades agr\u00edcolas y ganaderas afectadas por circunstancias excepcionales, as\u00ed como la reducci\u00f3n en 2022 del rendimiento neto calculado por el m\u00e9todo de estimaci\u00f3n objetiva para las actividades agr\u00edcolas, ganaderas y forestales.<\/p>\n<p>La normativa recoge una reducci\u00f3n de los m\u00f3dulos en las siguientes producciones para toda la provincia: apicultura, avicultura, bovino de carne, bovino de cr\u00eda, bovino de leche, cunicultura, equino, porcino de carne, porcino de cr\u00eda, ovino y caprino de carne y de leche.<\/p>\n<p>Asimismo, el Ministerio de Hacienda se\u00f1ala que todos los t\u00e9rminos municipales contar\u00e1n con un \u00edndice de rendimiento neto del 0,09 en avena, 0,13 en centeno y triticale, 0,05 en almendra y lentejas; 0,13 en garbanzos y 0,16 en colza y girasol.<\/p>\n<p>Tambi\u00e9n recoge un listado de t\u00e9rminos municipales en los que el m\u00f3dulo de cereales queda en el 0,13:\u00a0Adradas, Alconaba, Alcubilla de Avellaneda, Aldealafuente, Aldealpozo, Aldealse\u00f1or, Alentisque, Aliud, Almajano, Almarza, Almazul, Almenar de Soria, Aranc\u00f3n, Arcos de Jal\u00f3n, Ar\u00e9valo de la Sierra, Ausejo de la Sierra, Baraona, Barca, Barcones, Bayubas de Abajo, Bayubas de Arriba, Berat\u00f3n, Berlanga de Duero, Blacos, Bliecos, Borjabad, Borobia, Buberos, Buitrago, Burgo de Osma-Ciudad de Osma, Cabrejas del Campo, Calata\u00f1azor, Candilichera, Carabantes, Caracena, Carrascosa de Abajo, Castilruiz, Ca\u00f1amaque, Centenera de Andaluz, Cihuela, Coscurita, Cubo de la Solana, Cueva de \u00c1greda, Deza, Escobosa de Almaz\u00e1n, Espeja de San Marcelino, Frechilla de Almaz\u00e1n, Fuentearmegil, Fuentecambr\u00f3n, Fuentecantos, Fuentelsaz de Soria, Fuentepinilla, Garray, Golmayo, Gormaz, G\u00f3mara, Langa de Duero, Liceras, Maga\u00f1a, Maj\u00e1n, Matalebreras, Mi\u00f1o de Medinaceli, Montejo de Tiermes, Mor\u00f3n de Almaz\u00e1n, Nafr\u00eda de Ucero, Nepas, Nolay, Noviercas, Portillo de Soria, Pozalmuro, Quintana Redonda, Quintanas de Gormaz, Qui\u00f1oner\u00eda, Recuerda, Rello, Renieblas, Reznos, La Riba de Escalote , Rioseco de Soria, Los R\u00e1banos, San Pedro Manrique, Santa Mar\u00eda de Huerta, Santa Mar\u00eda de las Hoyas, Soliedra, Soria, Tajahuerce, Tardelcuende, Taroda, Tejado, Torlengua, Valdemaluque, Valdenebro, Valderrodilla, Velamaz\u00e1n, Velilla de la Sierra, Velilla de los Ajos, Viana de Duero, Villaciervos, Villanueva de Gormaz, Villar del Campo, Villaseca de Arciel, Yelo, \u00c1greda y \u00d3lvega.<\/p>\n<p>En Alcubilla de las Pe\u00f1as, Almaluez, Almaz\u00e1n, Alpanseque, Arenillas, Caltojar, Ciria, Cubilla, Fresno de Caracena, Hinojosa del Campo, Matamala de Almaz\u00e1n, Medinaceli, Momblona, Monteagudo de las Vicar\u00edas, Pinilla del Campo, Retortillo de Soria, Ser\u00f3n de N\u00e1gima, Suellacabras, Tajueco, Torrubia de Soria, Tr\u00e9vago y Villasayas queda en el 0,09.<\/p>\n<p>Adem\u00e1s, en el t\u00e9rmino de Castillejo de Robledo se a\u00f1ade un 0,22 para uva de vino con denominaci\u00f3n de origen, que en en Langa de Duero es del 0,16.<\/p>\n<p>En Fuentelmonge y Fuestestr\u00fan, el \u00edndice de rendimiento neto para el cereal queda fijado en el 0,05. Por \u00faltimo, en San Esteban de Gormaz, a la reducci\u00f3n del cereal en el 0,13 se unen los frutos secos, al 0,18 y la uva para vino con D.O. en el 0,22.<\/p>\n<p>ASAJA Soria agradece a la Subdelegaci\u00f3n del Gobierno, con Miguel Latorre Zubiri a la cabeza, las gestiones realizadas para la consecuci\u00f3n de estas rebajas de m\u00f3dulos y la trayectoria de reconocimiento de reducciones en estos a\u00f1os anteriores en nuestra provincia por diversas incidencias climatol\u00f3gicas o situaciones adversas.<\/p>\n<p>Es preciso tener en cuenta que siempre es posible que exista alguna injusticia de tipo puntual con alg\u00fan t\u00e9rmino municipal o con alguna producci\u00f3n, por lo que se pueden dirigir a la Subdelegaci\u00f3n del Gobierno para hacer constar su posible reclamaci\u00f3n. Sea como fuere, es justo reconocer a la vez que esta medida de rebajar el esfuerzo tributario a aquellos agricultores que no pueden hacerlo de otro modo que no sea a trav\u00e9s de la necesaria rebaja de los m\u00f3dulos, como as\u00ed hemos venido solicitando, es muy bien recibida desde ASAJA Soria.<\/p>\n<p>Aqu\u00ed puedes consultar la Orden completa, que se public\u00f3 en el BOE el 25 de abril:<\/p>\n<p><a href=\"https:\/\/www.boe.es\/boe\/dias\/2023\/04\/25\/pdfs\/BOE-A-2023-9955.pdf\">https:\/\/www.boe.es\/boe\/dias\/2023\/04\/25\/pdfs\/BOE-A-2023-9955.pdf<\/a><\/p>\n<p><em>*** ASAJA Soria quiere aclarar que estas medidas recogidas en el BOE hacen referencia exclusivamente a la correcci\u00f3n fiscal derivada de la sequ\u00eda de 2022. Como es conocido, lamentablemente, en 2023 el campo est\u00e1 padeciendo una incipiente sequ\u00eda que requiere medidas que se han reclamado por parte de la OPA en la Mesa Nacional de la Sequ\u00eda que se reuni\u00f3 el pasado d\u00eda 19 de abril y de la que todav\u00eda no hay noticias ni concreci\u00f3n de ayudas.<\/em><\/p>\n","protected":false},"excerpt":{"rendered":"<p>La OPA agradece a la Subdelegaci\u00f3n del Gobierno las gestiones realizadas para la consecuci\u00f3n de estas rebajas, as\u00ed como las de a\u00f1os anteriores en nuestra provincia por diversas incidencias climatol\u00f3gicas o situaciones adversas de mercado El Bolet\u00edn Oficial del Estado de hoy recoge la reducci\u00f3n de los \u00edndices de rendimiento neto, aplicables en 2022, por [&hellip;]<\/p>\n","protected":false},"author":12,"featured_media":1232,"comment_status":"open","ping_status":"open","sticky":false,"template":"","format":"standard","meta":{"footnotes":""},"categories":[10,25],"tags":[],"yoast_head":"<!-- This site is optimized with the Yoast SEO plugin v24.5 - https:\/\/yoast.com\/wordpress\/plugins\/seo\/ -->\n<title>ASAJA Soria da la bienvenida a la reducci\u00f3n de m\u00f3dulos fiscales para el campo provincial - ASAJA Soria<\/title>\n<meta name=\"description\" content=\"La OPA agradece a la Subdelegaci\u00f3n del Gobierno las gestiones realizadas para la consecuci\u00f3n de estas rebajas, as\u00ed como las de a\u00f1os anteriores en nuestra\" \/>\n<meta name=\"robots\" content=\"index, follow, max-snippet:-1, max-image-preview:large, max-video-preview:-1\" \/>\n<link rel=\"canonical\" href=\"https:\/\/www.asajacyl.com\/soria\/asaja-soria-informa\/asaja-soria-da-la-bienvenida-a-la-reduccion-de-modulos-fiscales-para-el-campo-provincial-2\" \/>\n<meta property=\"og:locale\" content=\"es_ES\" \/>\n<meta property=\"og:type\" content=\"article\" \/>\n<meta property=\"og:title\" content=\"ASAJA Soria da la bienvenida a la reducci\u00f3n de m\u00f3dulos fiscales para el campo provincial - ASAJA Soria\" \/>\n<meta property=\"og:description\" content=\"La OPA agradece a la Subdelegaci\u00f3n del Gobierno las gestiones realizadas para la consecuci\u00f3n de estas rebajas, as\u00ed como las de a\u00f1os anteriores en nuestra\" \/>\n<meta property=\"og:url\" content=\"https:\/\/www.asajacyl.com\/soria\/asaja-soria-informa\/asaja-soria-da-la-bienvenida-a-la-reduccion-de-modulos-fiscales-para-el-campo-provincial-2\" \/>\n<meta property=\"og:site_name\" content=\"ASAJA Soria\" \/>\n<meta property=\"article:published_time\" content=\"2023-05-05T10:38:15+00:00\" \/>\n<meta property=\"article:modified_time\" content=\"2023-05-05T10:38:52+00:00\" \/>\n<meta property=\"og:image\" content=\"https:\/\/www.asajacyl.com\/soria\/wp-content\/uploads\/sites\/9\/2018\/05\/008.jpg\" \/>\n\t<meta property=\"og:image:width\" content=\"2500\" \/>\n\t<meta property=\"og:image:height\" content=\"1406\" \/>\n\t<meta property=\"og:image:type\" content=\"image\/jpeg\" \/>\n<meta name=\"author\" content=\"Juan Ignacio Prieto Nieto\" \/>\n<meta name=\"twitter:card\" content=\"summary_large_image\" \/>\n<meta name=\"twitter:label1\" content=\"Escrito por\" \/>\n\t<meta name=\"twitter:data1\" content=\"Juan Ignacio Prieto Nieto\" \/>\n\t<meta name=\"twitter:label2\" content=\"Tiempo de lectura\" \/>\n\t<meta name=\"twitter:data2\" content=\"4 minutos\" \/>\n<script type=\"application\/ld+json\" class=\"yoast-schema-graph\">{\"@context\":\"https:\/\/schema.org\",\"@graph\":[{\"@type\":\"WebPage\",\"@id\":\"https:\/\/www.asajacyl.com\/soria\/asaja-soria-informa\/asaja-soria-da-la-bienvenida-a-la-reduccion-de-modulos-fiscales-para-el-campo-provincial-2\",\"url\":\"https:\/\/www.asajacyl.com\/soria\/asaja-soria-informa\/asaja-soria-da-la-bienvenida-a-la-reduccion-de-modulos-fiscales-para-el-campo-provincial-2\",\"name\":\"ASAJA Soria da la bienvenida a la reducci\u00f3n de m\u00f3dulos fiscales para el campo provincial - ASAJA Soria\",\"isPartOf\":{\"@id\":\"https:\/\/www.asajacyl.com\/soria\/#website\"},\"primaryImageOfPage\":{\"@id\":\"https:\/\/www.asajacyl.com\/soria\/asaja-soria-informa\/asaja-soria-da-la-bienvenida-a-la-reduccion-de-modulos-fiscales-para-el-campo-provincial-2#primaryimage\"},\"image\":{\"@id\":\"https:\/\/www.asajacyl.com\/soria\/asaja-soria-informa\/asaja-soria-da-la-bienvenida-a-la-reduccion-de-modulos-fiscales-para-el-campo-provincial-2#primaryimage\"},\"thumbnailUrl\":\"https:\/\/www.asajacyl.com\/soria\/wp-content\/uploads\/sites\/9\/2018\/05\/008.jpg\",\"datePublished\":\"2023-05-05T10:38:15+00:00\",\"dateModified\":\"2023-05-05T10:38:52+00:00\",\"author\":{\"@id\":\"https:\/\/www.asajacyl.com\/soria\/#\/schema\/person\/fd3081c40255119ce8133b87e6aedfab\"},\"description\":\"La OPA agradece a la Subdelegaci\u00f3n del Gobierno las gestiones realizadas para la consecuci\u00f3n de estas rebajas, as\u00ed como las de a\u00f1os anteriores en nuestra\",\"breadcrumb\":{\"@id\":\"https:\/\/www.asajacyl.com\/soria\/asaja-soria-informa\/asaja-soria-da-la-bienvenida-a-la-reduccion-de-modulos-fiscales-para-el-campo-provincial-2#breadcrumb\"},\"inLanguage\":\"es\",\"potentialAction\":[{\"@type\":\"ReadAction\",\"target\":[\"https:\/\/www.asajacyl.com\/soria\/asaja-soria-informa\/asaja-soria-da-la-bienvenida-a-la-reduccion-de-modulos-fiscales-para-el-campo-provincial-2\"]}]},{\"@type\":\"ImageObject\",\"inLanguage\":\"es\",\"@id\":\"https:\/\/www.asajacyl.com\/soria\/asaja-soria-informa\/asaja-soria-da-la-bienvenida-a-la-reduccion-de-modulos-fiscales-para-el-campo-provincial-2#primaryimage\",\"url\":\"https:\/\/www.asajacyl.com\/soria\/wp-content\/uploads\/sites\/9\/2018\/05\/008.jpg\",\"contentUrl\":\"https:\/\/www.asajacyl.com\/soria\/wp-content\/uploads\/sites\/9\/2018\/05\/008.jpg\",\"width\":2500,\"height\":1406},{\"@type\":\"BreadcrumbList\",\"@id\":\"https:\/\/www.asajacyl.com\/soria\/asaja-soria-informa\/asaja-soria-da-la-bienvenida-a-la-reduccion-de-modulos-fiscales-para-el-campo-provincial-2#breadcrumb\",\"itemListElement\":[{\"@type\":\"ListItem\",\"position\":1,\"name\":\"Portada\",\"item\":\"https:\/\/www.asajacyl.com\/soria\/\"},{\"@type\":\"ListItem\",\"position\":2,\"name\":\"ASAJA Soria da la bienvenida a la reducci\u00f3n de m\u00f3dulos fiscales para el campo provincial\"}]},{\"@type\":\"WebSite\",\"@id\":\"https:\/\/www.asajacyl.com\/soria\/#website\",\"url\":\"https:\/\/www.asajacyl.com\/soria\/\",\"name\":\"ASAJA Soria\",\"description\":\"Otro sitio m\u00e1s de Provincias ASAJA Castilla y Le\u00f3n\",\"potentialAction\":[{\"@type\":\"SearchAction\",\"target\":{\"@type\":\"EntryPoint\",\"urlTemplate\":\"https:\/\/www.asajacyl.com\/soria\/?s={search_term_string}\"},\"query-input\":{\"@type\":\"PropertyValueSpecification\",\"valueRequired\":true,\"valueName\":\"search_term_string\"}}],\"inLanguage\":\"es\"},{\"@type\":\"Person\",\"@id\":\"https:\/\/www.asajacyl.com\/soria\/#\/schema\/person\/fd3081c40255119ce8133b87e6aedfab\",\"name\":\"Juan Ignacio Prieto Nieto\",\"image\":{\"@type\":\"ImageObject\",\"inLanguage\":\"es\",\"@id\":\"https:\/\/www.asajacyl.com\/soria\/#\/schema\/person\/image\/\",\"url\":\"https:\/\/secure.gravatar.com\/avatar\/8266b36e4d9001acb4700699a2468dc8?s=96&d=mm&r=g\",\"contentUrl\":\"https:\/\/secure.gravatar.com\/avatar\/8266b36e4d9001acb4700699a2468dc8?s=96&d=mm&r=g\",\"caption\":\"Juan Ignacio Prieto Nieto\"},\"url\":\"https:\/\/www.asajacyl.com\/soria\/author\/juanfranciscoby\"}]}<\/script>\n<!-- \/ Yoast SEO plugin. -->","yoast_head_json":{"title":"ASAJA Soria da la bienvenida a la reducci\u00f3n de m\u00f3dulos fiscales para el campo provincial - ASAJA Soria","description":"La OPA agradece a la Subdelegaci\u00f3n del Gobierno las gestiones realizadas para la consecuci\u00f3n de estas rebajas, as\u00ed como las de a\u00f1os anteriores en nuestra","robots":{"index":"index","follow":"follow","max-snippet":"max-snippet:-1","max-image-preview":"max-image-preview:large","max-video-preview":"max-video-preview:-1"},"canonical":"https:\/\/www.asajacyl.com\/soria\/asaja-soria-informa\/asaja-soria-da-la-bienvenida-a-la-reduccion-de-modulos-fiscales-para-el-campo-provincial-2","og_locale":"es_ES","og_type":"article","og_title":"ASAJA Soria da la bienvenida a la reducci\u00f3n de m\u00f3dulos fiscales para el campo provincial - ASAJA Soria","og_description":"La OPA agradece a la Subdelegaci\u00f3n del Gobierno las gestiones realizadas para la consecuci\u00f3n de estas rebajas, as\u00ed como las de a\u00f1os anteriores en nuestra","og_url":"https:\/\/www.asajacyl.com\/soria\/asaja-soria-informa\/asaja-soria-da-la-bienvenida-a-la-reduccion-de-modulos-fiscales-para-el-campo-provincial-2","og_site_name":"ASAJA Soria","article_published_time":"2023-05-05T10:38:15+00:00","article_modified_time":"2023-05-05T10:38:52+00:00","og_image":[{"width":2500,"height":1406,"url":"https:\/\/www.asajacyl.com\/soria\/wp-content\/uploads\/sites\/9\/2018\/05\/008.jpg","type":"image\/jpeg"}],"author":"Juan Ignacio Prieto Nieto","twitter_card":"summary_large_image","twitter_misc":{"Escrito por":"Juan Ignacio Prieto Nieto","Tiempo de lectura":"4 minutos"},"schema":{"@context":"https:\/\/schema.org","@graph":[{"@type":"WebPage","@id":"https:\/\/www.asajacyl.com\/soria\/asaja-soria-informa\/asaja-soria-da-la-bienvenida-a-la-reduccion-de-modulos-fiscales-para-el-campo-provincial-2","url":"https:\/\/www.asajacyl.com\/soria\/asaja-soria-informa\/asaja-soria-da-la-bienvenida-a-la-reduccion-de-modulos-fiscales-para-el-campo-provincial-2","name":"ASAJA Soria da la bienvenida a la reducci\u00f3n de m\u00f3dulos fiscales para el campo provincial - ASAJA Soria","isPartOf":{"@id":"https:\/\/www.asajacyl.com\/soria\/#website"},"primaryImageOfPage":{"@id":"https:\/\/www.asajacyl.com\/soria\/asaja-soria-informa\/asaja-soria-da-la-bienvenida-a-la-reduccion-de-modulos-fiscales-para-el-campo-provincial-2#primaryimage"},"image":{"@id":"https:\/\/www.asajacyl.com\/soria\/asaja-soria-informa\/asaja-soria-da-la-bienvenida-a-la-reduccion-de-modulos-fiscales-para-el-campo-provincial-2#primaryimage"},"thumbnailUrl":"https:\/\/www.asajacyl.com\/soria\/wp-content\/uploads\/sites\/9\/2018\/05\/008.jpg","datePublished":"2023-05-05T10:38:15+00:00","dateModified":"2023-05-05T10:38:52+00:00","author":{"@id":"https:\/\/www.asajacyl.com\/soria\/#\/schema\/person\/fd3081c40255119ce8133b87e6aedfab"},"description":"La OPA agradece a la Subdelegaci\u00f3n del Gobierno las gestiones realizadas para la consecuci\u00f3n de estas rebajas, as\u00ed como las de a\u00f1os anteriores en nuestra","breadcrumb":{"@id":"https:\/\/www.asajacyl.com\/soria\/asaja-soria-informa\/asaja-soria-da-la-bienvenida-a-la-reduccion-de-modulos-fiscales-para-el-campo-provincial-2#breadcrumb"},"inLanguage":"es","potentialAction":[{"@type":"ReadAction","target":["https:\/\/www.asajacyl.com\/soria\/asaja-soria-informa\/asaja-soria-da-la-bienvenida-a-la-reduccion-de-modulos-fiscales-para-el-campo-provincial-2"]}]},{"@type":"ImageObject","inLanguage":"es","@id":"https:\/\/www.asajacyl.com\/soria\/asaja-soria-informa\/asaja-soria-da-la-bienvenida-a-la-reduccion-de-modulos-fiscales-para-el-campo-provincial-2#primaryimage","url":"https:\/\/www.asajacyl.com\/soria\/wp-content\/uploads\/sites\/9\/2018\/05\/008.jpg","contentUrl":"https:\/\/www.asajacyl.com\/soria\/wp-content\/uploads\/sites\/9\/2018\/05\/008.jpg","width":2500,"height":1406},{"@type":"BreadcrumbList","@id":"https:\/\/www.asajacyl.com\/soria\/asaja-soria-informa\/asaja-soria-da-la-bienvenida-a-la-reduccion-de-modulos-fiscales-para-el-campo-provincial-2#breadcrumb","itemListElement":[{"@type":"ListItem","position":1,"name":"Portada","item":"https:\/\/www.asajacyl.com\/soria\/"},{"@type":"ListItem","position":2,"name":"ASAJA Soria da la bienvenida a la reducci\u00f3n de m\u00f3dulos fiscales para el campo provincial"}]},{"@type":"WebSite","@id":"https:\/\/www.asajacyl.com\/soria\/#website","url":"https:\/\/www.asajacyl.com\/soria\/","name":"ASAJA Soria","description":"Otro sitio m\u00e1s de Provincias ASAJA Castilla y Le\u00f3n","potentialAction":[{"@type":"SearchAction","target":{"@type":"EntryPoint","urlTemplate":"https:\/\/www.asajacyl.com\/soria\/?s={search_term_string}"},"query-input":{"@type":"PropertyValueSpecification","valueRequired":true,"valueName":"search_term_string"}}],"inLanguage":"es"},{"@type":"Person","@id":"https:\/\/www.asajacyl.com\/soria\/#\/schema\/person\/fd3081c40255119ce8133b87e6aedfab","name":"Juan Ignacio Prieto Nieto","image":{"@type":"ImageObject","inLanguage":"es","@id":"https:\/\/www.asajacyl.com\/soria\/#\/schema\/person\/image\/","url":"https:\/\/secure.gravatar.com\/avatar\/8266b36e4d9001acb4700699a2468dc8?s=96&d=mm&r=g","contentUrl":"https:\/\/secure.gravatar.com\/avatar\/8266b36e4d9001acb4700699a2468dc8?s=96&d=mm&r=g","caption":"Juan Ignacio Prieto Nieto"},"url":"https:\/\/www.asajacyl.com\/soria\/author\/juanfranciscoby"}]}},"_links":{"self":[{"href":"https:\/\/www.asajacyl.com\/soria\/wp-json\/wp\/v2\/posts\/6745"}],"collection":[{"href":"https:\/\/www.asajacyl.com\/soria\/wp-json\/wp\/v2\/posts"}],"about":[{"href":"https:\/\/www.asajacyl.com\/soria\/wp-json\/wp\/v2\/types\/post"}],"author":[{"embeddable":true,"href":"https:\/\/www.asajacyl.com\/soria\/wp-json\/wp\/v2\/users\/12"}],"replies":[{"embeddable":true,"href":"https:\/\/www.asajacyl.com\/soria\/wp-json\/wp\/v2\/comments?post=6745"}],"version-history":[{"count":4,"href":"https:\/\/www.asajacyl.com\/soria\/wp-json\/wp\/v2\/posts\/6745\/revisions"}],"predecessor-version":[{"id":6805,"href":"https:\/\/www.asajacyl.com\/soria\/wp-json\/wp\/v2\/posts\/6745\/revisions\/6805"}],"wp:featuredmedia":[{"embeddable":true,"href":"https:\/\/www.asajacyl.com\/soria\/wp-json\/wp\/v2\/media\/1232"}],"wp:attachment":[{"href":"https:\/\/www.asajacyl.com\/soria\/wp-json\/wp\/v2\/media?parent=6745"}],"wp:term":[{"taxonomy":"category","embeddable":true,"href":"https:\/\/www.asajacyl.com\/soria\/wp-json\/wp\/v2\/categories?post=6745"},{"taxonomy":"post_tag","embeddable":true,"href":"https:\/\/www.asajacyl.com\/soria\/wp-json\/wp\/v2\/tags?post=6745"}],"curies":[{"name":"wp","href":"https:\/\/api.w.org\/{rel}","templated":true}]}}